{"id":10755,"date":"2022-09-30T14:33:27","date_gmt":"2022-09-30T11:33:27","guid":{"rendered":"http:\/\/www.france.fi\/culture\/jeanne-macaigne-changer-dair-2021\/"},"modified":"2023-07-19T09:38:33","modified_gmt":"2023-07-19T06:38:33","slug":"jeanne-macaigne-changer-dair-2021","status":"publish","type":"post","link":"https:\/\/www.france.fi\/en\/media-library\/jeanne-macaigne-changer-dair-2021\/","title":{"rendered":"Jeanne Macaigne : Changer d\u2019air (2021)"},"content":{"rendered":"<p>La BD Changer d\u2019air (\u00c9ditions Les Fourmis Rouges 2021) de Jeanne Macaigne raconte l\u2019histoire d\u2019une maison qui adore son quartier et ses habitants. Un jour, ses habitants commencent \u00e0 se comporter d\u2019une mani\u00e8re qui la rend triste. Le temps passe et la maison en a assez. Les autres maisons du quartier lui conseillent de changer d\u2019air. La nuit suivante, quand les habitants qui ne se doutent de rien dorment, elle part vers l\u2019inconnu. Enfin le matin, la maison s\u2019installe dans un endroit qui ressemble au paradis. Le changement d\u2019air ram\u00e8ne l\u2019harmonie dans la maison\u2026 pour un petit moment. Comment est-ce que la maison va r\u00e9agir, quand malgr\u00e9 tout les disputes recommencent\u00a0?<\/p>\n<p>La BD Changer d\u2019air peut \u00eatre lue \u00e0 partir de 6 ans, mais son graphisme fascine m\u00eame les personnes plus \u00e2g\u00e9es. Le style des illustrations est unique et la palette des couleurs pla\u00eet \u00e0 l\u2019\u0153il. L\u2019histoire a aussi un sens plus profond\u00a0; la maison et ses habitants sont une r\u00e9f\u00e9rence \u00e0 notre terre et \u00e0 nous.<\/p>\n<p>Jeanne Macaigne (n\u00e9e en 1989) est dipl\u00f4m\u00e9e des Arts d\u00e9coratifs de Paris. Elle travaille et vit \u00e0 Marseille.<\/p>\n","protected":false},"excerpt":{"rendered":"<p>Inessa, 15 ans, a effectu\u00e9 son stage TET \u00e0 l\u2019Institut fran\u00e7ais la semaine derni\u00e8re. Voici sa recommandation de lecture :\u2060<\/p>\n","protected":false},"author":2,"featured_media":10752,"comment_status":"closed","ping_status":"closed","sticky":false,"template":"","format":"standard","meta":{"footnotes":""},"categories":[50],"tags":[],"class_list":["post-10755","post","type-post","status-publish","format-standard","has-post-thumbnail","hentry","category-media-library"],"yoast_head":"<!-- This site is optimized with the Yoast SEO plugin v27.4 - https:\/\/yoast.com\/product\/yoast-seo-wordpress\/ -->\n<title>Jeanne Macaigne : Changer d\u2019air (2021) - Institut fran\u00e7ais<\/title>\n<meta name=\"robots\" content=\"index, follow, max-snippet:-1, max-image-preview:large, max-video-preview:-1\" \/>\n<link rel=\"canonical\" href=\"https:\/\/www.france.fi\/en\/media-library\/jeanne-macaigne-changer-dair-2021\/\" \/>\n<meta property=\"og:locale\" content=\"en_US\" \/>\n<meta property=\"og:type\" content=\"article\" \/>\n<meta property=\"og:title\" content=\"Jeanne Macaigne : Changer d\u2019air (2021) - Institut fran\u00e7ais\" \/>\n<meta property=\"og:description\" content=\"Inessa, 15 ans, a effectu\u00e9 son stage TET \u00e0 l\u2019Institut fran\u00e7ais la semaine derni\u00e8re. Voici sa recommandation de lecture :\u2060\" \/>\n<meta property=\"og:url\" content=\"https:\/\/www.france.fi\/en\/media-library\/jeanne-macaigne-changer-dair-2021\/\" \/>\n<meta property=\"og:site_name\" content=\"Institut fran\u00e7ais\" \/>\n<meta property=\"article:publisher\" content=\"https:\/\/www.facebook.com\/institutfrancaisfi\" \/>\n<meta property=\"article:published_time\" content=\"2022-09-30T11:33:27+00:00\" \/>\n<meta property=\"article:modified_time\" content=\"2023-07-19T06:38:33+00:00\" \/>\n<meta property=\"og:image\" content=\"https:\/\/www.france.fi\/wp-content\/uploads\/2022\/09\/Changer-dair-1098x617.jpg\" \/>\n\t<meta property=\"og:image:width\" content=\"1280\" \/>\n\t<meta property=\"og:image:height\" content=\"720\" \/>\n\t<meta property=\"og:image:type\" content=\"image\/jpeg\" \/>\n<meta name=\"author\" content=\"Equipe IFF\" \/>\n<meta name=\"twitter:card\" content=\"summary_large_image\" \/>\n<meta name=\"twitter:creator\" content=\"@IFFinlande\" \/>\n<meta name=\"twitter:site\" content=\"@IFFinlande\" \/>\n<meta name=\"twitter:label1\" content=\"Written by\" \/>\n\t<meta name=\"twitter:data1\" content=\"Equipe IFF\" \/>\n\t<meta name=\"twitter:label2\" content=\"Est. reading time\" \/>\n\t<meta name=\"twitter:data2\" content=\"1 minute\" \/>\n<script type=\"application\/ld+json\" class=\"yoast-schema-graph\">{\"@context\":\"https:\\\/\\\/schema.org\",\"@graph\":[{\"@type\":\"Article\",\"@id\":\"https:\\\/\\\/www.france.fi\\\/en\\\/media-library\\\/jeanne-macaigne-changer-dair-2021\\\/#article\",\"isPartOf\":{\"@id\":\"https:\\\/\\\/www.france.fi\\\/en\\\/media-library\\\/jeanne-macaigne-changer-dair-2021\\\/\"},\"author\":{\"name\":\"Equipe IFF\",\"@id\":\"https:\\\/\\\/www.france.fi\\\/#\\\/schema\\\/person\\\/ed873f29db1d0af6a3600d15d3b65bfd\"},\"headline\":\"Jeanne Macaigne : Changer d\u2019air (2021)\",\"datePublished\":\"2022-09-30T11:33:27+00:00\",\"dateModified\":\"2023-07-19T06:38:33+00:00\",\"mainEntityOfPage\":{\"@id\":\"https:\\\/\\\/www.france.fi\\\/en\\\/media-library\\\/jeanne-macaigne-changer-dair-2021\\\/\"},\"wordCount\":205,\"publisher\":{\"@id\":\"https:\\\/\\\/www.france.fi\\\/#organization\"},\"image\":{\"@id\":\"https:\\\/\\\/www.france.fi\\\/en\\\/media-library\\\/jeanne-macaigne-changer-dair-2021\\\/#primaryimage\"},\"thumbnailUrl\":\"https:\\\/\\\/www.france.fi\\\/wp-content\\\/uploads\\\/2022\\\/09\\\/Changer-dair-1098x617.jpg\",\"articleSection\":[\"Media Library\"],\"inLanguage\":\"en-US\"},{\"@type\":\"WebPage\",\"@id\":\"https:\\\/\\\/www.france.fi\\\/en\\\/media-library\\\/jeanne-macaigne-changer-dair-2021\\\/\",\"url\":\"https:\\\/\\\/www.france.fi\\\/en\\\/media-library\\\/jeanne-macaigne-changer-dair-2021\\\/\",\"name\":\"Jeanne Macaigne : Changer d\u2019air (2021) - Institut fran\u00e7ais\",\"isPartOf\":{\"@id\":\"https:\\\/\\\/www.france.fi\\\/#website\"},\"primaryImageOfPage\":{\"@id\":\"https:\\\/\\\/www.france.fi\\\/en\\\/media-library\\\/jeanne-macaigne-changer-dair-2021\\\/#primaryimage\"},\"image\":{\"@id\":\"https:\\\/\\\/www.france.fi\\\/en\\\/media-library\\\/jeanne-macaigne-changer-dair-2021\\\/#primaryimage\"},\"thumbnailUrl\":\"https:\\\/\\\/www.france.fi\\\/wp-content\\\/uploads\\\/2022\\\/09\\\/Changer-dair-1098x617.jpg\",\"datePublished\":\"2022-09-30T11:33:27+00:00\",\"dateModified\":\"2023-07-19T06:38:33+00:00\",\"breadcrumb\":{\"@id\":\"https:\\\/\\\/www.france.fi\\\/en\\\/media-library\\\/jeanne-macaigne-changer-dair-2021\\\/#breadcrumb\"},\"inLanguage\":\"en-US\",\"potentialAction\":[{\"@type\":\"ReadAction\",\"target\":[\"https:\\\/\\\/www.france.fi\\\/en\\\/media-library\\\/jeanne-macaigne-changer-dair-2021\\\/\"]}]},{\"@type\":\"ImageObject\",\"inLanguage\":\"en-US\",\"@id\":\"https:\\\/\\\/www.france.fi\\\/en\\\/media-library\\\/jeanne-macaigne-changer-dair-2021\\\/#primaryimage\",\"url\":\"https:\\\/\\\/www.france.fi\\\/wp-content\\\/uploads\\\/2022\\\/09\\\/Changer-dair-1098x617.jpg\",\"contentUrl\":\"https:\\\/\\\/www.france.fi\\\/wp-content\\\/uploads\\\/2022\\\/09\\\/Changer-dair-1098x617.jpg\",\"width\":1280,\"height\":720},{\"@type\":\"BreadcrumbList\",\"@id\":\"https:\\\/\\\/www.france.fi\\\/en\\\/media-library\\\/jeanne-macaigne-changer-dair-2021\\\/#breadcrumb\",\"itemListElement\":[{\"@type\":\"ListItem\",\"position\":1,\"name\":\"Home\",\"item\":\"https:\\\/\\\/www.france.fi\\\/en\\\/\"},{\"@type\":\"ListItem\",\"position\":2,\"name\":\"M\u00e9diath\u00e8que\",\"item\":\"https:\\\/\\\/www.france.fi\\\/fr\\\/category\\\/mediatheque\\\/\"},{\"@type\":\"ListItem\",\"position\":3,\"name\":\"Jeanne Macaigne : Changer d\u2019air (2021)\"}]},{\"@type\":\"WebSite\",\"@id\":\"https:\\\/\\\/www.france.fi\\\/#website\",\"url\":\"https:\\\/\\\/www.france.fi\\\/\",\"name\":\"Institut fran\u00e7ais de Finlande\",\"description\":\"\",\"publisher\":{\"@id\":\"https:\\\/\\\/www.france.fi\\\/#organization\"},\"potentialAction\":[{\"@type\":\"SearchAction\",\"target\":{\"@type\":\"EntryPoint\",\"urlTemplate\":\"https:\\\/\\\/www.france.fi\\\/?s={search_term_string}\"},\"query-input\":{\"@type\":\"PropertyValueSpecification\",\"valueRequired\":true,\"valueName\":\"search_term_string\"}}],\"inLanguage\":\"en-US\"},{\"@type\":\"Organization\",\"@id\":\"https:\\\/\\\/www.france.fi\\\/#organization\",\"name\":\"Institut fran\u00e7ais de Finlande\",\"url\":\"https:\\\/\\\/www.france.fi\\\/\",\"logo\":{\"@type\":\"ImageObject\",\"inLanguage\":\"en-US\",\"@id\":\"https:\\\/\\\/www.france.fi\\\/#\\\/schema\\\/logo\\\/image\\\/\",\"url\":\"https:\\\/\\\/www.france.fi\\\/wp-content\\\/uploads\\\/2024\\\/02\\\/if-logo-1.png\",\"contentUrl\":\"https:\\\/\\\/www.france.fi\\\/wp-content\\\/uploads\\\/2024\\\/02\\\/if-logo-1.png\",\"width\":687,\"height\":459,\"caption\":\"Institut fran\u00e7ais de Finlande\"},\"image\":{\"@id\":\"https:\\\/\\\/www.france.fi\\\/#\\\/schema\\\/logo\\\/image\\\/\"},\"sameAs\":[\"https:\\\/\\\/www.facebook.com\\\/institutfrancaisfi\",\"https:\\\/\\\/x.com\\\/IFFinlande\",\"https:\\\/\\\/www.instagram.com\\\/iffinlande\\\/\",\"https:\\\/\\\/fr.linkedin.com\\\/organization-guest\\\/company\\\/institut-fran-ais-de-finlande\",\"https:\\\/\\\/www.youtube.com\\\/channel\\\/UCHAitdpmSbeP78eL49XMotA\"]},{\"@type\":\"Person\",\"@id\":\"https:\\\/\\\/www.france.fi\\\/#\\\/schema\\\/person\\\/ed873f29db1d0af6a3600d15d3b65bfd\",\"name\":\"Equipe IFF\",\"image\":{\"@type\":\"ImageObject\",\"inLanguage\":\"en-US\",\"@id\":\"https:\\\/\\\/secure.gravatar.com\\\/avatar\\\/3c4ba80228d01014b25e45e90abb28ce315a02c6572751a7fb2298e4274989fc?s=96&d=mm&r=g\",\"url\":\"https:\\\/\\\/secure.gravatar.com\\\/avatar\\\/3c4ba80228d01014b25e45e90abb28ce315a02c6572751a7fb2298e4274989fc?s=96&d=mm&r=g\",\"contentUrl\":\"https:\\\/\\\/secure.gravatar.com\\\/avatar\\\/3c4ba80228d01014b25e45e90abb28ce315a02c6572751a7fb2298e4274989fc?s=96&d=mm&r=g\",\"caption\":\"Equipe IFF\"},\"url\":\"https:\\\/\\\/www.france.fi\\\/en\\\/author\\\/iffadmin\\\/\"}]}<\/script>\n<!-- \/ Yoast SEO plugin. -->","yoast_head_json":{"title":"Jeanne Macaigne : Changer d\u2019air (2021) - Institut fran\u00e7ais","robots":{"index":"index","follow":"follow","max-snippet":"max-snippet:-1","max-image-preview":"max-image-preview:large","max-video-preview":"max-video-preview:-1"},"canonical":"https:\/\/www.france.fi\/en\/media-library\/jeanne-macaigne-changer-dair-2021\/","og_locale":"en_US","og_type":"article","og_title":"Jeanne Macaigne : Changer d\u2019air (2021) - Institut fran\u00e7ais","og_description":"Inessa, 15 ans, a effectu\u00e9 son stage TET \u00e0 l\u2019Institut fran\u00e7ais la semaine derni\u00e8re. Voici sa recommandation de lecture :\u2060","og_url":"https:\/\/www.france.fi\/en\/media-library\/jeanne-macaigne-changer-dair-2021\/","og_site_name":"Institut fran\u00e7ais","article_publisher":"https:\/\/www.facebook.com\/institutfrancaisfi","article_published_time":"2022-09-30T11:33:27+00:00","article_modified_time":"2023-07-19T06:38:33+00:00","og_image":[{"width":1280,"height":720,"url":"https:\/\/www.france.fi\/wp-content\/uploads\/2022\/09\/Changer-dair-1098x617.jpg","type":"image\/jpeg"}],"author":"Equipe IFF","twitter_card":"summary_large_image","twitter_creator":"@IFFinlande","twitter_site":"@IFFinlande","twitter_misc":{"Written by":"Equipe IFF","Est. reading time":"1 minute"},"schema":{"@context":"https:\/\/schema.org","@graph":[{"@type":"Article","@id":"https:\/\/www.france.fi\/en\/media-library\/jeanne-macaigne-changer-dair-2021\/#article","isPartOf":{"@id":"https:\/\/www.france.fi\/en\/media-library\/jeanne-macaigne-changer-dair-2021\/"},"author":{"name":"Equipe IFF","@id":"https:\/\/www.france.fi\/#\/schema\/person\/ed873f29db1d0af6a3600d15d3b65bfd"},"headline":"Jeanne Macaigne : Changer d\u2019air (2021)","datePublished":"2022-09-30T11:33:27+00:00","dateModified":"2023-07-19T06:38:33+00:00","mainEntityOfPage":{"@id":"https:\/\/www.france.fi\/en\/media-library\/jeanne-macaigne-changer-dair-2021\/"},"wordCount":205,"publisher":{"@id":"https:\/\/www.france.fi\/#organization"},"image":{"@id":"https:\/\/www.france.fi\/en\/media-library\/jeanne-macaigne-changer-dair-2021\/#primaryimage"},"thumbnailUrl":"https:\/\/www.france.fi\/wp-content\/uploads\/2022\/09\/Changer-dair-1098x617.jpg","articleSection":["Media Library"],"inLanguage":"en-US"},{"@type":"WebPage","@id":"https:\/\/www.france.fi\/en\/media-library\/jeanne-macaigne-changer-dair-2021\/","url":"https:\/\/www.france.fi\/en\/media-library\/jeanne-macaigne-changer-dair-2021\/","name":"Jeanne Macaigne : Changer d\u2019air (2021) - Institut fran\u00e7ais","isPartOf":{"@id":"https:\/\/www.france.fi\/#website"},"primaryImageOfPage":{"@id":"https:\/\/www.france.fi\/en\/media-library\/jeanne-macaigne-changer-dair-2021\/#primaryimage"},"image":{"@id":"https:\/\/www.france.fi\/en\/media-library\/jeanne-macaigne-changer-dair-2021\/#primaryimage"},"thumbnailUrl":"https:\/\/www.france.fi\/wp-content\/uploads\/2022\/09\/Changer-dair-1098x617.jpg","datePublished":"2022-09-30T11:33:27+00:00","dateModified":"2023-07-19T06:38:33+00:00","breadcrumb":{"@id":"https:\/\/www.france.fi\/en\/media-library\/jeanne-macaigne-changer-dair-2021\/#breadcrumb"},"inLanguage":"en-US","potentialAction":[{"@type":"ReadAction","target":["https:\/\/www.france.fi\/en\/media-library\/jeanne-macaigne-changer-dair-2021\/"]}]},{"@type":"ImageObject","inLanguage":"en-US","@id":"https:\/\/www.france.fi\/en\/media-library\/jeanne-macaigne-changer-dair-2021\/#primaryimage","url":"https:\/\/www.france.fi\/wp-content\/uploads\/2022\/09\/Changer-dair-1098x617.jpg","contentUrl":"https:\/\/www.france.fi\/wp-content\/uploads\/2022\/09\/Changer-dair-1098x617.jpg","width":1280,"height":720},{"@type":"BreadcrumbList","@id":"https:\/\/www.france.fi\/en\/media-library\/jeanne-macaigne-changer-dair-2021\/#breadcrumb","itemListElement":[{"@type":"ListItem","position":1,"name":"Home","item":"https:\/\/www.france.fi\/en\/"},{"@type":"ListItem","position":2,"name":"M\u00e9diath\u00e8que","item":"https:\/\/www.france.fi\/fr\/category\/mediatheque\/"},{"@type":"ListItem","position":3,"name":"Jeanne Macaigne : Changer d\u2019air (2021)"}]},{"@type":"WebSite","@id":"https:\/\/www.france.fi\/#website","url":"https:\/\/www.france.fi\/","name":"Institut fran\u00e7ais de Finlande","description":"","publisher":{"@id":"https:\/\/www.france.fi\/#organization"},"potentialAction":[{"@type":"SearchAction","target":{"@type":"EntryPoint","urlTemplate":"https:\/\/www.france.fi\/?s={search_term_string}"},"query-input":{"@type":"PropertyValueSpecification","valueRequired":true,"valueName":"search_term_string"}}],"inLanguage":"en-US"},{"@type":"Organization","@id":"https:\/\/www.france.fi\/#organization","name":"Institut fran\u00e7ais de Finlande","url":"https:\/\/www.france.fi\/","logo":{"@type":"ImageObject","inLanguage":"en-US","@id":"https:\/\/www.france.fi\/#\/schema\/logo\/image\/","url":"https:\/\/www.france.fi\/wp-content\/uploads\/2024\/02\/if-logo-1.png","contentUrl":"https:\/\/www.france.fi\/wp-content\/uploads\/2024\/02\/if-logo-1.png","width":687,"height":459,"caption":"Institut fran\u00e7ais de Finlande"},"image":{"@id":"https:\/\/www.france.fi\/#\/schema\/logo\/image\/"},"sameAs":["https:\/\/www.facebook.com\/institutfrancaisfi","https:\/\/x.com\/IFFinlande","https:\/\/www.instagram.com\/iffinlande\/","https:\/\/fr.linkedin.com\/organization-guest\/company\/institut-fran-ais-de-finlande","https:\/\/www.youtube.com\/channel\/UCHAitdpmSbeP78eL49XMotA"]},{"@type":"Person","@id":"https:\/\/www.france.fi\/#\/schema\/person\/ed873f29db1d0af6a3600d15d3b65bfd","name":"Equipe IFF","image":{"@type":"ImageObject","inLanguage":"en-US","@id":"https:\/\/secure.gravatar.com\/avatar\/3c4ba80228d01014b25e45e90abb28ce315a02c6572751a7fb2298e4274989fc?s=96&d=mm&r=g","url":"https:\/\/secure.gravatar.com\/avatar\/3c4ba80228d01014b25e45e90abb28ce315a02c6572751a7fb2298e4274989fc?s=96&d=mm&r=g","contentUrl":"https:\/\/secure.gravatar.com\/avatar\/3c4ba80228d01014b25e45e90abb28ce315a02c6572751a7fb2298e4274989fc?s=96&d=mm&r=g","caption":"Equipe IFF"},"url":"https:\/\/www.france.fi\/en\/author\/iffadmin\/"}]}},"_links":{"self":[{"href":"https:\/\/www.france.fi\/en\/wp-json\/wp\/v2\/posts\/10755","targetHints":{"allow":["GET"]}}],"collection":[{"href":"https:\/\/www.france.fi\/en\/wp-json\/wp\/v2\/posts"}],"about":[{"href":"https:\/\/www.france.fi\/en\/wp-json\/wp\/v2\/types\/post"}],"author":[{"embeddable":true,"href":"https:\/\/www.france.fi\/en\/wp-json\/wp\/v2\/users\/2"}],"replies":[{"embeddable":true,"href":"https:\/\/www.france.fi\/en\/wp-json\/wp\/v2\/comments?post=10755"}],"version-history":[{"count":0,"href":"https:\/\/www.france.fi\/en\/wp-json\/wp\/v2\/posts\/10755\/revisions"}],"wp:featuredmedia":[{"embeddable":true,"href":"https:\/\/www.france.fi\/en\/wp-json\/wp\/v2\/media\/10752"}],"wp:attachment":[{"href":"https:\/\/www.france.fi\/en\/wp-json\/wp\/v2\/media?parent=10755"}],"wp:term":[{"taxonomy":"category","embeddable":true,"href":"https:\/\/www.france.fi\/en\/wp-json\/wp\/v2\/categories?post=10755"},{"taxonomy":"post_tag","embeddable":true,"href":"https:\/\/www.france.fi\/en\/wp-json\/wp\/v2\/tags?post=10755"}],"curies":[{"name":"wp","href":"https:\/\/api.w.org\/{rel}","templated":true}]}}