{"id":11673,"date":"2023-01-11T15:06:43","date_gmt":"2023-01-11T13:06:43","guid":{"rendered":"https:\/\/www.france.fi\/culture\/elysee-60-melodies-de-france-et-dallemagne\/"},"modified":"2023-01-30T10:10:10","modified_gmt":"2023-01-30T08:10:10","slug":"elysee-60-melodies-for-cello-from-france-and-germany","status":"publish","type":"post","link":"https:\/\/www.france.fi\/en\/culture\/elysee-60-melodies-for-cello-from-france-and-germany\/","title":{"rendered":"Elys\u00e9e 60 \u2013 Cello works from France and Germany"},"content":{"rendered":"<h5><span data-contrast=\"auto\">Elys\u00e9e concert<\/span><br \/>\nCello works from France and Germany<\/h5>\n<p><span data-contrast=\"auto\">With <\/span><br \/>\n<span data-contrast=\"auto\">Laura Martin, soloist, Helsinki Chamber Orchestra<\/span><br \/>\n<span data-contrast=\"auto\">Oliver Erlich, soloist Kymisinfonietta<\/span><span data-ccp-props=\"{&quot;201341983&quot;:0,&quot;335559739&quot;:160,&quot;335559740&quot;:259}\">\u00a0<\/span><\/p>\n<p><span data-contrast=\"auto\">Sunday the 22<\/span><span data-contrast=\"auto\">nd<\/span><span data-contrast=\"auto\"> of January at 2 pm<\/span><br \/>\n<span data-contrast=\"auto\">Maijan Sali \u2013 Helsinki Central Library Oodi<\/span><br \/>\n<span data-contrast=\"auto\">T\u00f6\u00f6l\u00f6nlahdenkatu 4, 00100 Helsinki<\/span><span data-ccp-props=\"{&quot;201341983&quot;:0,&quot;335559739&quot;:160,&quot;335559740&quot;:259}\">\u00a0<\/span><\/p>\n<p><span data-contrast=\"auto\">Free entrance<\/span> under registration<\/p>\n","protected":false},"excerpt":{"rendered":"<p>To celebrate the 60th anniversary of the \u00c9lys\u00e9e Treaty, the French institute in Finland and the Embassy of Germany in Finland present:<\/p>\n","protected":false},"author":2,"featured_media":11670,"comment_status":"closed","ping_status":"closed","sticky":false,"template":"","format":"standard","meta":{"footnotes":""},"categories":[25],"tags":[],"class_list":["post-11673","post","type-post","status-publish","format-standard","has-post-thumbnail","hentry","category-culture"],"yoast_head":"<!-- This site is optimized with the Yoast SEO plugin v27.4 - https:\/\/yoast.com\/product\/yoast-seo-wordpress\/ -->\n<title>Elys\u00e9e 60 \u2013 Cello works from France and Germany - Institut fran\u00e7ais<\/title>\n<meta name=\"robots\" content=\"index, follow, max-snippet:-1, max-image-preview:large, max-video-preview:-1\" \/>\n<link rel=\"canonical\" href=\"https:\/\/www.france.fi\/en\/culture\/elysee-60-melodies-for-cello-from-france-and-germany\/\" \/>\n<meta property=\"og:locale\" content=\"en_US\" \/>\n<meta property=\"og:type\" content=\"article\" \/>\n<meta property=\"og:title\" content=\"Elys\u00e9e 60 \u2013 Cello works from France and Germany - Institut fran\u00e7ais\" \/>\n<meta property=\"og:description\" content=\"To celebrate the 60th anniversary of the \u00c9lys\u00e9e Treaty, the French institute in Finland and the Embassy of Germany in Finland present:\" \/>\n<meta property=\"og:url\" content=\"https:\/\/www.france.fi\/en\/culture\/elysee-60-melodies-for-cello-from-france-and-germany\/\" \/>\n<meta property=\"og:site_name\" content=\"Institut fran\u00e7ais\" \/>\n<meta property=\"article:publisher\" content=\"https:\/\/www.facebook.com\/institutfrancaisfi\" \/>\n<meta property=\"article:published_time\" content=\"2023-01-11T13:06:43+00:00\" \/>\n<meta property=\"article:modified_time\" content=\"2023-01-30T08:10:10+00:00\" \/>\n<meta property=\"og:image\" content=\"https:\/\/www.france.fi\/wp-content\/uploads\/2023\/01\/visuel-Amitie-france-allemagne-violoncelle-1098x617.jpg\" \/>\n\t<meta property=\"og:image:width\" content=\"1920\" \/>\n\t<meta property=\"og:image:height\" content=\"1080\" \/>\n\t<meta property=\"og:image:type\" content=\"image\/jpeg\" \/>\n<meta name=\"author\" content=\"Equipe IFF\" \/>\n<meta name=\"twitter:card\" content=\"summary_large_image\" \/>\n<meta name=\"twitter:creator\" content=\"@IFFinlande\" \/>\n<meta name=\"twitter:site\" content=\"@IFFinlande\" \/>\n<meta name=\"twitter:label1\" content=\"Written by\" \/>\n\t<meta name=\"twitter:data1\" content=\"Equipe IFF\" \/>\n\t<meta name=\"twitter:label2\" content=\"Est. reading time\" \/>\n\t<meta name=\"twitter:data2\" content=\"1 minute\" \/>\n<script type=\"application\/ld+json\" class=\"yoast-schema-graph\">{\"@context\":\"https:\\\/\\\/schema.org\",\"@graph\":[{\"@type\":\"Article\",\"@id\":\"https:\\\/\\\/www.france.fi\\\/en\\\/culture\\\/elysee-60-melodies-for-cello-from-france-and-germany\\\/#article\",\"isPartOf\":{\"@id\":\"https:\\\/\\\/www.france.fi\\\/en\\\/culture\\\/elysee-60-melodies-for-cello-from-france-and-germany\\\/\"},\"author\":{\"name\":\"Equipe IFF\",\"@id\":\"https:\\\/\\\/www.france.fi\\\/#\\\/schema\\\/person\\\/ed873f29db1d0af6a3600d15d3b65bfd\"},\"headline\":\"Elys\u00e9e 60 \u2013 Cello works from France and Germany\",\"datePublished\":\"2023-01-11T13:06:43+00:00\",\"dateModified\":\"2023-01-30T08:10:10+00:00\",\"mainEntityOfPage\":{\"@id\":\"https:\\\/\\\/www.france.fi\\\/en\\\/culture\\\/elysee-60-melodies-for-cello-from-france-and-germany\\\/\"},\"wordCount\":49,\"publisher\":{\"@id\":\"https:\\\/\\\/www.france.fi\\\/#organization\"},\"image\":{\"@id\":\"https:\\\/\\\/www.france.fi\\\/en\\\/culture\\\/elysee-60-melodies-for-cello-from-france-and-germany\\\/#primaryimage\"},\"thumbnailUrl\":\"https:\\\/\\\/www.france.fi\\\/wp-content\\\/uploads\\\/2023\\\/01\\\/visuel-Amitie-france-allemagne-violoncelle-1280x720.jpg\",\"articleSection\":[\"Culture\"],\"inLanguage\":\"en-US\"},{\"@type\":\"WebPage\",\"@id\":\"https:\\\/\\\/www.france.fi\\\/en\\\/culture\\\/elysee-60-melodies-for-cello-from-france-and-germany\\\/\",\"url\":\"https:\\\/\\\/www.france.fi\\\/en\\\/culture\\\/elysee-60-melodies-for-cello-from-france-and-germany\\\/\",\"name\":\"Elys\u00e9e 60 \u2013 Cello works from France and Germany - Institut fran\u00e7ais\",\"isPartOf\":{\"@id\":\"https:\\\/\\\/www.france.fi\\\/#website\"},\"primaryImageOfPage\":{\"@id\":\"https:\\\/\\\/www.france.fi\\\/en\\\/culture\\\/elysee-60-melodies-for-cello-from-france-and-germany\\\/#primaryimage\"},\"image\":{\"@id\":\"https:\\\/\\\/www.france.fi\\\/en\\\/culture\\\/elysee-60-melodies-for-cello-from-france-and-germany\\\/#primaryimage\"},\"thumbnailUrl\":\"https:\\\/\\\/www.france.fi\\\/wp-content\\\/uploads\\\/2023\\\/01\\\/visuel-Amitie-france-allemagne-violoncelle-1280x720.jpg\",\"datePublished\":\"2023-01-11T13:06:43+00:00\",\"dateModified\":\"2023-01-30T08:10:10+00:00\",\"breadcrumb\":{\"@id\":\"https:\\\/\\\/www.france.fi\\\/en\\\/culture\\\/elysee-60-melodies-for-cello-from-france-and-germany\\\/#breadcrumb\"},\"inLanguage\":\"en-US\",\"potentialAction\":[{\"@type\":\"ReadAction\",\"target\":[\"https:\\\/\\\/www.france.fi\\\/en\\\/culture\\\/elysee-60-melodies-for-cello-from-france-and-germany\\\/\"]}]},{\"@type\":\"ImageObject\",\"inLanguage\":\"en-US\",\"@id\":\"https:\\\/\\\/www.france.fi\\\/en\\\/culture\\\/elysee-60-melodies-for-cello-from-france-and-germany\\\/#primaryimage\",\"url\":\"https:\\\/\\\/www.france.fi\\\/wp-content\\\/uploads\\\/2023\\\/01\\\/visuel-Amitie-france-allemagne-violoncelle-1280x720.jpg\",\"contentUrl\":\"https:\\\/\\\/www.france.fi\\\/wp-content\\\/uploads\\\/2023\\\/01\\\/visuel-Amitie-france-allemagne-violoncelle-1280x720.jpg\",\"width\":1920,\"height\":1080},{\"@type\":\"BreadcrumbList\",\"@id\":\"https:\\\/\\\/www.france.fi\\\/en\\\/culture\\\/elysee-60-melodies-for-cello-from-france-and-germany\\\/#breadcrumb\",\"itemListElement\":[{\"@type\":\"ListItem\",\"position\":1,\"name\":\"Home\",\"item\":\"https:\\\/\\\/www.france.fi\\\/en\\\/\"},{\"@type\":\"ListItem\",\"position\":2,\"name\":\"Culture\",\"item\":\"https:\\\/\\\/www.france.fi\\\/fr\\\/category\\\/culture\\\/\"},{\"@type\":\"ListItem\",\"position\":3,\"name\":\"Elys\u00e9e 60 \u2013 Cello works from France and Germany\"}]},{\"@type\":\"WebSite\",\"@id\":\"https:\\\/\\\/www.france.fi\\\/#website\",\"url\":\"https:\\\/\\\/www.france.fi\\\/\",\"name\":\"Institut fran\u00e7ais de Finlande\",\"description\":\"\",\"publisher\":{\"@id\":\"https:\\\/\\\/www.france.fi\\\/#organization\"},\"potentialAction\":[{\"@type\":\"SearchAction\",\"target\":{\"@type\":\"EntryPoint\",\"urlTemplate\":\"https:\\\/\\\/www.france.fi\\\/?s={search_term_string}\"},\"query-input\":{\"@type\":\"PropertyValueSpecification\",\"valueRequired\":true,\"valueName\":\"search_term_string\"}}],\"inLanguage\":\"en-US\"},{\"@type\":\"Organization\",\"@id\":\"https:\\\/\\\/www.france.fi\\\/#organization\",\"name\":\"Institut fran\u00e7ais de Finlande\",\"url\":\"https:\\\/\\\/www.france.fi\\\/\",\"logo\":{\"@type\":\"ImageObject\",\"inLanguage\":\"en-US\",\"@id\":\"https:\\\/\\\/www.france.fi\\\/#\\\/schema\\\/logo\\\/image\\\/\",\"url\":\"https:\\\/\\\/www.france.fi\\\/wp-content\\\/uploads\\\/2024\\\/02\\\/if-logo-1.png\",\"contentUrl\":\"https:\\\/\\\/www.france.fi\\\/wp-content\\\/uploads\\\/2024\\\/02\\\/if-logo-1.png\",\"width\":687,\"height\":459,\"caption\":\"Institut fran\u00e7ais de Finlande\"},\"image\":{\"@id\":\"https:\\\/\\\/www.france.fi\\\/#\\\/schema\\\/logo\\\/image\\\/\"},\"sameAs\":[\"https:\\\/\\\/www.facebook.com\\\/institutfrancaisfi\",\"https:\\\/\\\/x.com\\\/IFFinlande\",\"https:\\\/\\\/www.instagram.com\\\/iffinlande\\\/\",\"https:\\\/\\\/fr.linkedin.com\\\/organization-guest\\\/company\\\/institut-fran-ais-de-finlande\",\"https:\\\/\\\/www.youtube.com\\\/channel\\\/UCHAitdpmSbeP78eL49XMotA\"]},{\"@type\":\"Person\",\"@id\":\"https:\\\/\\\/www.france.fi\\\/#\\\/schema\\\/person\\\/ed873f29db1d0af6a3600d15d3b65bfd\",\"name\":\"Equipe IFF\",\"image\":{\"@type\":\"ImageObject\",\"inLanguage\":\"en-US\",\"@id\":\"https:\\\/\\\/secure.gravatar.com\\\/avatar\\\/3c4ba80228d01014b25e45e90abb28ce315a02c6572751a7fb2298e4274989fc?s=96&d=mm&r=g\",\"url\":\"https:\\\/\\\/secure.gravatar.com\\\/avatar\\\/3c4ba80228d01014b25e45e90abb28ce315a02c6572751a7fb2298e4274989fc?s=96&d=mm&r=g\",\"contentUrl\":\"https:\\\/\\\/secure.gravatar.com\\\/avatar\\\/3c4ba80228d01014b25e45e90abb28ce315a02c6572751a7fb2298e4274989fc?s=96&d=mm&r=g\",\"caption\":\"Equipe IFF\"},\"url\":\"https:\\\/\\\/www.france.fi\\\/en\\\/author\\\/iffadmin\\\/\"}]}<\/script>\n<!-- \/ Yoast SEO plugin. -->","yoast_head_json":{"title":"Elys\u00e9e 60 \u2013 Cello works from France and Germany - Institut fran\u00e7ais","robots":{"index":"index","follow":"follow","max-snippet":"max-snippet:-1","max-image-preview":"max-image-preview:large","max-video-preview":"max-video-preview:-1"},"canonical":"https:\/\/www.france.fi\/en\/culture\/elysee-60-melodies-for-cello-from-france-and-germany\/","og_locale":"en_US","og_type":"article","og_title":"Elys\u00e9e 60 \u2013 Cello works from France and Germany - Institut fran\u00e7ais","og_description":"To celebrate the 60th anniversary of the \u00c9lys\u00e9e Treaty, the French institute in Finland and the Embassy of Germany in Finland present:","og_url":"https:\/\/www.france.fi\/en\/culture\/elysee-60-melodies-for-cello-from-france-and-germany\/","og_site_name":"Institut fran\u00e7ais","article_publisher":"https:\/\/www.facebook.com\/institutfrancaisfi","article_published_time":"2023-01-11T13:06:43+00:00","article_modified_time":"2023-01-30T08:10:10+00:00","og_image":[{"width":1920,"height":1080,"url":"https:\/\/www.france.fi\/wp-content\/uploads\/2023\/01\/visuel-Amitie-france-allemagne-violoncelle-1098x617.jpg","type":"image\/jpeg"}],"author":"Equipe IFF","twitter_card":"summary_large_image","twitter_creator":"@IFFinlande","twitter_site":"@IFFinlande","twitter_misc":{"Written by":"Equipe IFF","Est. reading time":"1 minute"},"schema":{"@context":"https:\/\/schema.org","@graph":[{"@type":"Article","@id":"https:\/\/www.france.fi\/en\/culture\/elysee-60-melodies-for-cello-from-france-and-germany\/#article","isPartOf":{"@id":"https:\/\/www.france.fi\/en\/culture\/elysee-60-melodies-for-cello-from-france-and-germany\/"},"author":{"name":"Equipe IFF","@id":"https:\/\/www.france.fi\/#\/schema\/person\/ed873f29db1d0af6a3600d15d3b65bfd"},"headline":"Elys\u00e9e 60 \u2013 Cello works from France and Germany","datePublished":"2023-01-11T13:06:43+00:00","dateModified":"2023-01-30T08:10:10+00:00","mainEntityOfPage":{"@id":"https:\/\/www.france.fi\/en\/culture\/elysee-60-melodies-for-cello-from-france-and-germany\/"},"wordCount":49,"publisher":{"@id":"https:\/\/www.france.fi\/#organization"},"image":{"@id":"https:\/\/www.france.fi\/en\/culture\/elysee-60-melodies-for-cello-from-france-and-germany\/#primaryimage"},"thumbnailUrl":"https:\/\/www.france.fi\/wp-content\/uploads\/2023\/01\/visuel-Amitie-france-allemagne-violoncelle-1280x720.jpg","articleSection":["Culture"],"inLanguage":"en-US"},{"@type":"WebPage","@id":"https:\/\/www.france.fi\/en\/culture\/elysee-60-melodies-for-cello-from-france-and-germany\/","url":"https:\/\/www.france.fi\/en\/culture\/elysee-60-melodies-for-cello-from-france-and-germany\/","name":"Elys\u00e9e 60 \u2013 Cello works from France and Germany - Institut fran\u00e7ais","isPartOf":{"@id":"https:\/\/www.france.fi\/#website"},"primaryImageOfPage":{"@id":"https:\/\/www.france.fi\/en\/culture\/elysee-60-melodies-for-cello-from-france-and-germany\/#primaryimage"},"image":{"@id":"https:\/\/www.france.fi\/en\/culture\/elysee-60-melodies-for-cello-from-france-and-germany\/#primaryimage"},"thumbnailUrl":"https:\/\/www.france.fi\/wp-content\/uploads\/2023\/01\/visuel-Amitie-france-allemagne-violoncelle-1280x720.jpg","datePublished":"2023-01-11T13:06:43+00:00","dateModified":"2023-01-30T08:10:10+00:00","breadcrumb":{"@id":"https:\/\/www.france.fi\/en\/culture\/elysee-60-melodies-for-cello-from-france-and-germany\/#breadcrumb"},"inLanguage":"en-US","potentialAction":[{"@type":"ReadAction","target":["https:\/\/www.france.fi\/en\/culture\/elysee-60-melodies-for-cello-from-france-and-germany\/"]}]},{"@type":"ImageObject","inLanguage":"en-US","@id":"https:\/\/www.france.fi\/en\/culture\/elysee-60-melodies-for-cello-from-france-and-germany\/#primaryimage","url":"https:\/\/www.france.fi\/wp-content\/uploads\/2023\/01\/visuel-Amitie-france-allemagne-violoncelle-1280x720.jpg","contentUrl":"https:\/\/www.france.fi\/wp-content\/uploads\/2023\/01\/visuel-Amitie-france-allemagne-violoncelle-1280x720.jpg","width":1920,"height":1080},{"@type":"BreadcrumbList","@id":"https:\/\/www.france.fi\/en\/culture\/elysee-60-melodies-for-cello-from-france-and-germany\/#breadcrumb","itemListElement":[{"@type":"ListItem","position":1,"name":"Home","item":"https:\/\/www.france.fi\/en\/"},{"@type":"ListItem","position":2,"name":"Culture","item":"https:\/\/www.france.fi\/fr\/category\/culture\/"},{"@type":"ListItem","position":3,"name":"Elys\u00e9e 60 \u2013 Cello works from France and Germany"}]},{"@type":"WebSite","@id":"https:\/\/www.france.fi\/#website","url":"https:\/\/www.france.fi\/","name":"Institut fran\u00e7ais de Finlande","description":"","publisher":{"@id":"https:\/\/www.france.fi\/#organization"},"potentialAction":[{"@type":"SearchAction","target":{"@type":"EntryPoint","urlTemplate":"https:\/\/www.france.fi\/?s={search_term_string}"},"query-input":{"@type":"PropertyValueSpecification","valueRequired":true,"valueName":"search_term_string"}}],"inLanguage":"en-US"},{"@type":"Organization","@id":"https:\/\/www.france.fi\/#organization","name":"Institut fran\u00e7ais de Finlande","url":"https:\/\/www.france.fi\/","logo":{"@type":"ImageObject","inLanguage":"en-US","@id":"https:\/\/www.france.fi\/#\/schema\/logo\/image\/","url":"https:\/\/www.france.fi\/wp-content\/uploads\/2024\/02\/if-logo-1.png","contentUrl":"https:\/\/www.france.fi\/wp-content\/uploads\/2024\/02\/if-logo-1.png","width":687,"height":459,"caption":"Institut fran\u00e7ais de Finlande"},"image":{"@id":"https:\/\/www.france.fi\/#\/schema\/logo\/image\/"},"sameAs":["https:\/\/www.facebook.com\/institutfrancaisfi","https:\/\/x.com\/IFFinlande","https:\/\/www.instagram.com\/iffinlande\/","https:\/\/fr.linkedin.com\/organization-guest\/company\/institut-fran-ais-de-finlande","https:\/\/www.youtube.com\/channel\/UCHAitdpmSbeP78eL49XMotA"]},{"@type":"Person","@id":"https:\/\/www.france.fi\/#\/schema\/person\/ed873f29db1d0af6a3600d15d3b65bfd","name":"Equipe IFF","image":{"@type":"ImageObject","inLanguage":"en-US","@id":"https:\/\/secure.gravatar.com\/avatar\/3c4ba80228d01014b25e45e90abb28ce315a02c6572751a7fb2298e4274989fc?s=96&d=mm&r=g","url":"https:\/\/secure.gravatar.com\/avatar\/3c4ba80228d01014b25e45e90abb28ce315a02c6572751a7fb2298e4274989fc?s=96&d=mm&r=g","contentUrl":"https:\/\/secure.gravatar.com\/avatar\/3c4ba80228d01014b25e45e90abb28ce315a02c6572751a7fb2298e4274989fc?s=96&d=mm&r=g","caption":"Equipe IFF"},"url":"https:\/\/www.france.fi\/en\/author\/iffadmin\/"}]}},"_links":{"self":[{"href":"https:\/\/www.france.fi\/en\/wp-json\/wp\/v2\/posts\/11673","targetHints":{"allow":["GET"]}}],"collection":[{"href":"https:\/\/www.france.fi\/en\/wp-json\/wp\/v2\/posts"}],"about":[{"href":"https:\/\/www.france.fi\/en\/wp-json\/wp\/v2\/types\/post"}],"author":[{"embeddable":true,"href":"https:\/\/www.france.fi\/en\/wp-json\/wp\/v2\/users\/2"}],"replies":[{"embeddable":true,"href":"https:\/\/www.france.fi\/en\/wp-json\/wp\/v2\/comments?post=11673"}],"version-history":[{"count":0,"href":"https:\/\/www.france.fi\/en\/wp-json\/wp\/v2\/posts\/11673\/revisions"}],"wp:featuredmedia":[{"embeddable":true,"href":"https:\/\/www.france.fi\/en\/wp-json\/wp\/v2\/media\/11670"}],"wp:attachment":[{"href":"https:\/\/www.france.fi\/en\/wp-json\/wp\/v2\/media?parent=11673"}],"wp:term":[{"taxonomy":"category","embeddable":true,"href":"https:\/\/www.france.fi\/en\/wp-json\/wp\/v2\/categories?post=11673"},{"taxonomy":"post_tag","embeddable":true,"href":"https:\/\/www.france.fi\/en\/wp-json\/wp\/v2\/tags?post=11673"}],"curies":[{"name":"wp","href":"https:\/\/api.w.org\/{rel}","templated":true}]}}