{"id":13881,"date":"2023-08-03T14:01:44","date_gmt":"2023-08-03T11:01:44","guid":{"rendered":"https:\/\/www.france.fi\/culture\/formation-belc-a-sevres-experience-de-pascale-hanninen\/"},"modified":"2023-12-19T11:27:38","modified_gmt":"2023-12-19T09:27:38","slug":"formation-belc-a-sevres-experience-de-pascale-hanninen","status":"publish","type":"post","link":"https:\/\/www.france.fi\/en\/french-language\/formation-belc-a-sevres-experience-de-pascale-hanninen\/","title":{"rendered":"Formation BELC \u00e0 S\u00e8vres : Exp\u00e9rience de Pascale Hanninen"},"content":{"rendered":"<p>Cette formation, organis\u00e9e par <a href=\"https:\/\/www.france-education-international.fr\/\" target=\"_blank\" rel=\"noopener\">France \u00c9ducation international<\/a>, permet aux professeurs de FLE d\u2019\u00e9largir leurs connaissances avec les experts en la mati\u00e8re. Voici ses pens\u00e9es apr\u00e8s la formation :<\/p>\n<p>\u00ab Je tiens \u00e0 remercier le <strong>lyc\u00e9e franco-finlandais<\/strong> et l<strong>&#8216;Institut fran\u00e7ais de Finlande<\/strong> de m&#8217;avoir donn\u00e9 l&#8217;opportunit\u00e9 de suivre les modules suivants: d\u00e9velopper ses comp\u00e9tences d&#8217;enseignant de FLE en section bilingue (1\/2) et (2\/2), et int\u00e9grer le num\u00e9rique dans les pratiques de classe. Ces modules ont \u00e9t\u00e9 enrichissants et tr\u00e8s int\u00e9ressants. Cette formation a eu lieu \u00e0 S\u00e8vres avec France \u00c9ducation international. Nous avons \u00e9t\u00e9 choy\u00e9s pendant tout notre s\u00e9jour. Nous \u00e9tions entour\u00e9s de professionnels au service des acteurs des m\u00e9tiers du fran\u00e7ais dans le monde. J&#8217;ai h\u00e2te d&#8217; avoir la chance de me former \u00e0 nouveau. \u00bb<\/p>\n<p>Merci Pascale pour ces commentaires merveilleux, nous sommes ravis d\u2019apprendre que la formation se soit bien pass\u00e9e !<\/p>\n<p><span class=\"ui-provider fy b c d e f g h i j k l m n o p q r s t u v w x y z ab ac ae af ag ah ai aj ak\" dir=\"ltr\"><strong>Vous \u00eates professeur(e)s de fran\u00e7ais ?<\/strong> L\u2019une des missions de l\u2019Institut fran\u00e7ais de Finlande est de vous accompagner dans le renforcement de vos comp\u00e9tences. Nous proposons toute l\u2019ann\u00e9e des ateliers gratuits, en ligne dans le cadre d\u2019une formation continue sur des th\u00e9matiques vari\u00e9es, concr\u00e8tes et utiles de votre quotidien d\u2019enseignant de fran\u00e7ais. <a href=\"https:\/\/www.france.fi\/en\/education\/formations-des-enseignants\/\"><strong>\u2192En savoir plus<\/strong><\/a><\/span><\/p>\n","protected":false},"excerpt":{"rendered":"<p>Pascale Hanninen, professeure au lyc\u00e9e franco-finlandais de Helsinki, a particip\u00e9 \u00e0 la formation prestigieuse BELC avec le soutien de l\u2019Institut fran\u00e7ais de Finlande.<\/p>\n","protected":false},"author":2,"featured_media":13878,"comment_status":"closed","ping_status":"closed","sticky":false,"template":"","format":"standard","meta":{"footnotes":""},"categories":[51],"tags":[266,267,268,269],"class_list":["post-13881","post","type-post","status-publish","format-standard","has-post-thumbnail","hentry","category-french-language","tag-fle-en","tag-france-education-international-en","tag-belc-en","tag-formation-en"],"yoast_head":"<!-- This site is optimized with the Yoast SEO plugin v27.4 - https:\/\/yoast.com\/product\/yoast-seo-wordpress\/ -->\n<title>Formation BELC \u00e0 S\u00e8vres : Exp\u00e9rience de Pascale Hanninen - Institut fran\u00e7ais<\/title>\n<meta name=\"description\" content=\"Pascale Hanninen, professeure au lyc\u00e9e franco-finlandais de Helsinki, a particip\u00e9 \u00e0 la formation prestigieuse BELC avec le soutien de l\u2019Institut fran\u00e7ais de Finlande.\" \/>\n<meta name=\"robots\" content=\"index, follow, max-snippet:-1, max-image-preview:large, max-video-preview:-1\" \/>\n<link rel=\"canonical\" href=\"https:\/\/www.france.fi\/en\/french-language\/formation-belc-a-sevres-experience-de-pascale-hanninen\/\" \/>\n<meta property=\"og:locale\" content=\"en_US\" \/>\n<meta property=\"og:type\" content=\"article\" \/>\n<meta property=\"og:title\" content=\"Formation BELC \u00e0 S\u00e8vres : Exp\u00e9rience de Pascale Hanninen - Institut fran\u00e7ais\" \/>\n<meta property=\"og:description\" content=\"Pascale Hanninen, professeure au lyc\u00e9e franco-finlandais de Helsinki, a particip\u00e9 \u00e0 la formation prestigieuse BELC avec le soutien de l\u2019Institut fran\u00e7ais de Finlande.\" \/>\n<meta property=\"og:url\" content=\"https:\/\/www.france.fi\/en\/french-language\/formation-belc-a-sevres-experience-de-pascale-hanninen\/\" \/>\n<meta property=\"og:site_name\" content=\"Institut fran\u00e7ais\" \/>\n<meta property=\"article:publisher\" content=\"https:\/\/www.facebook.com\/institutfrancaisfi\" \/>\n<meta property=\"article:published_time\" content=\"2023-08-03T11:01:44+00:00\" \/>\n<meta property=\"article:modified_time\" content=\"2023-12-19T09:27:38+00:00\" \/>\n<meta property=\"og:image\" content=\"https:\/\/www.france.fi\/wp-content\/uploads\/2023\/08\/Site-internet-BELC-Pascale-Hanninen-1098x617.jpg\" \/>\n\t<meta property=\"og:image:width\" content=\"1280\" \/>\n\t<meta property=\"og:image:height\" content=\"720\" \/>\n\t<meta property=\"og:image:type\" content=\"image\/jpeg\" \/>\n<meta name=\"author\" content=\"Equipe IFF\" \/>\n<meta name=\"twitter:card\" content=\"summary_large_image\" \/>\n<meta name=\"twitter:creator\" content=\"@IFFinlande\" \/>\n<meta name=\"twitter:site\" content=\"@IFFinlande\" \/>\n<meta name=\"twitter:label1\" content=\"Written by\" \/>\n\t<meta name=\"twitter:data1\" content=\"Equipe IFF\" \/>\n\t<meta name=\"twitter:label2\" content=\"Est. reading time\" \/>\n\t<meta name=\"twitter:data2\" content=\"1 minute\" \/>\n<script type=\"application\/ld+json\" class=\"yoast-schema-graph\">{\"@context\":\"https:\\\/\\\/schema.org\",\"@graph\":[{\"@type\":\"Article\",\"@id\":\"https:\\\/\\\/www.france.fi\\\/en\\\/french-language\\\/formation-belc-a-sevres-experience-de-pascale-hanninen\\\/#article\",\"isPartOf\":{\"@id\":\"https:\\\/\\\/www.france.fi\\\/en\\\/french-language\\\/formation-belc-a-sevres-experience-de-pascale-hanninen\\\/\"},\"author\":{\"name\":\"Equipe IFF\",\"@id\":\"https:\\\/\\\/www.france.fi\\\/#\\\/schema\\\/person\\\/ed873f29db1d0af6a3600d15d3b65bfd\"},\"headline\":\"Formation BELC \u00e0 S\u00e8vres : Exp\u00e9rience de Pascale Hanninen\",\"datePublished\":\"2023-08-03T11:01:44+00:00\",\"dateModified\":\"2023-12-19T09:27:38+00:00\",\"mainEntityOfPage\":{\"@id\":\"https:\\\/\\\/www.france.fi\\\/en\\\/french-language\\\/formation-belc-a-sevres-experience-de-pascale-hanninen\\\/\"},\"wordCount\":240,\"publisher\":{\"@id\":\"https:\\\/\\\/www.france.fi\\\/#organization\"},\"image\":{\"@id\":\"https:\\\/\\\/www.france.fi\\\/en\\\/french-language\\\/formation-belc-a-sevres-experience-de-pascale-hanninen\\\/#primaryimage\"},\"thumbnailUrl\":\"https:\\\/\\\/www.france.fi\\\/wp-content\\\/uploads\\\/2023\\\/08\\\/Site-internet-BELC-Pascale-Hanninen-1098x617.jpg\",\"keywords\":[\"FLE\",\"France \u00c9ducation international\",\"BELC\",\"Formation\"],\"articleSection\":[\"French language\"],\"inLanguage\":\"en-US\"},{\"@type\":\"WebPage\",\"@id\":\"https:\\\/\\\/www.france.fi\\\/en\\\/french-language\\\/formation-belc-a-sevres-experience-de-pascale-hanninen\\\/\",\"url\":\"https:\\\/\\\/www.france.fi\\\/en\\\/french-language\\\/formation-belc-a-sevres-experience-de-pascale-hanninen\\\/\",\"name\":\"Formation BELC \u00e0 S\u00e8vres : Exp\u00e9rience de Pascale Hanninen - Institut fran\u00e7ais\",\"isPartOf\":{\"@id\":\"https:\\\/\\\/www.france.fi\\\/#website\"},\"primaryImageOfPage\":{\"@id\":\"https:\\\/\\\/www.france.fi\\\/en\\\/french-language\\\/formation-belc-a-sevres-experience-de-pascale-hanninen\\\/#primaryimage\"},\"image\":{\"@id\":\"https:\\\/\\\/www.france.fi\\\/en\\\/french-language\\\/formation-belc-a-sevres-experience-de-pascale-hanninen\\\/#primaryimage\"},\"thumbnailUrl\":\"https:\\\/\\\/www.france.fi\\\/wp-content\\\/uploads\\\/2023\\\/08\\\/Site-internet-BELC-Pascale-Hanninen-1098x617.jpg\",\"datePublished\":\"2023-08-03T11:01:44+00:00\",\"dateModified\":\"2023-12-19T09:27:38+00:00\",\"description\":\"Pascale Hanninen, professeure au lyc\u00e9e franco-finlandais de Helsinki, a particip\u00e9 \u00e0 la formation prestigieuse BELC avec le soutien de l\u2019Institut fran\u00e7ais de Finlande.\",\"breadcrumb\":{\"@id\":\"https:\\\/\\\/www.france.fi\\\/en\\\/french-language\\\/formation-belc-a-sevres-experience-de-pascale-hanninen\\\/#breadcrumb\"},\"inLanguage\":\"en-US\",\"potentialAction\":[{\"@type\":\"ReadAction\",\"target\":[\"https:\\\/\\\/www.france.fi\\\/en\\\/french-language\\\/formation-belc-a-sevres-experience-de-pascale-hanninen\\\/\"]}]},{\"@type\":\"ImageObject\",\"inLanguage\":\"en-US\",\"@id\":\"https:\\\/\\\/www.france.fi\\\/en\\\/french-language\\\/formation-belc-a-sevres-experience-de-pascale-hanninen\\\/#primaryimage\",\"url\":\"https:\\\/\\\/www.france.fi\\\/wp-content\\\/uploads\\\/2023\\\/08\\\/Site-internet-BELC-Pascale-Hanninen-1098x617.jpg\",\"contentUrl\":\"https:\\\/\\\/www.france.fi\\\/wp-content\\\/uploads\\\/2023\\\/08\\\/Site-internet-BELC-Pascale-Hanninen-1098x617.jpg\",\"width\":1280,\"height\":720},{\"@type\":\"BreadcrumbList\",\"@id\":\"https:\\\/\\\/www.france.fi\\\/en\\\/french-language\\\/formation-belc-a-sevres-experience-de-pascale-hanninen\\\/#breadcrumb\",\"itemListElement\":[{\"@type\":\"ListItem\",\"position\":1,\"name\":\"Home\",\"item\":\"https:\\\/\\\/www.france.fi\\\/en\\\/\"},{\"@type\":\"ListItem\",\"position\":2,\"name\":\"Langue fran\u00e7aise\",\"item\":\"https:\\\/\\\/www.france.fi\\\/fr\\\/category\\\/langue-francaise\\\/\"},{\"@type\":\"ListItem\",\"position\":3,\"name\":\"Formation BELC \u00e0 S\u00e8vres : Exp\u00e9rience de Pascale Hanninen\"}]},{\"@type\":\"WebSite\",\"@id\":\"https:\\\/\\\/www.france.fi\\\/#website\",\"url\":\"https:\\\/\\\/www.france.fi\\\/\",\"name\":\"Institut fran\u00e7ais de Finlande\",\"description\":\"\",\"publisher\":{\"@id\":\"https:\\\/\\\/www.france.fi\\\/#organization\"},\"potentialAction\":[{\"@type\":\"SearchAction\",\"target\":{\"@type\":\"EntryPoint\",\"urlTemplate\":\"https:\\\/\\\/www.france.fi\\\/?s={search_term_string}\"},\"query-input\":{\"@type\":\"PropertyValueSpecification\",\"valueRequired\":true,\"valueName\":\"search_term_string\"}}],\"inLanguage\":\"en-US\"},{\"@type\":\"Organization\",\"@id\":\"https:\\\/\\\/www.france.fi\\\/#organization\",\"name\":\"Institut fran\u00e7ais de Finlande\",\"url\":\"https:\\\/\\\/www.france.fi\\\/\",\"logo\":{\"@type\":\"ImageObject\",\"inLanguage\":\"en-US\",\"@id\":\"https:\\\/\\\/www.france.fi\\\/#\\\/schema\\\/logo\\\/image\\\/\",\"url\":\"https:\\\/\\\/www.france.fi\\\/wp-content\\\/uploads\\\/2024\\\/02\\\/if-logo-1.png\",\"contentUrl\":\"https:\\\/\\\/www.france.fi\\\/wp-content\\\/uploads\\\/2024\\\/02\\\/if-logo-1.png\",\"width\":687,\"height\":459,\"caption\":\"Institut fran\u00e7ais de Finlande\"},\"image\":{\"@id\":\"https:\\\/\\\/www.france.fi\\\/#\\\/schema\\\/logo\\\/image\\\/\"},\"sameAs\":[\"https:\\\/\\\/www.facebook.com\\\/institutfrancaisfi\",\"https:\\\/\\\/x.com\\\/IFFinlande\",\"https:\\\/\\\/www.instagram.com\\\/iffinlande\\\/\",\"https:\\\/\\\/fr.linkedin.com\\\/organization-guest\\\/company\\\/institut-fran-ais-de-finlande\",\"https:\\\/\\\/www.youtube.com\\\/channel\\\/UCHAitdpmSbeP78eL49XMotA\"]},{\"@type\":\"Person\",\"@id\":\"https:\\\/\\\/www.france.fi\\\/#\\\/schema\\\/person\\\/ed873f29db1d0af6a3600d15d3b65bfd\",\"name\":\"Equipe IFF\",\"image\":{\"@type\":\"ImageObject\",\"inLanguage\":\"en-US\",\"@id\":\"https:\\\/\\\/secure.gravatar.com\\\/avatar\\\/3c4ba80228d01014b25e45e90abb28ce315a02c6572751a7fb2298e4274989fc?s=96&d=mm&r=g\",\"url\":\"https:\\\/\\\/secure.gravatar.com\\\/avatar\\\/3c4ba80228d01014b25e45e90abb28ce315a02c6572751a7fb2298e4274989fc?s=96&d=mm&r=g\",\"contentUrl\":\"https:\\\/\\\/secure.gravatar.com\\\/avatar\\\/3c4ba80228d01014b25e45e90abb28ce315a02c6572751a7fb2298e4274989fc?s=96&d=mm&r=g\",\"caption\":\"Equipe IFF\"},\"url\":\"https:\\\/\\\/www.france.fi\\\/en\\\/author\\\/iffadmin\\\/\"}]}<\/script>\n<!-- \/ Yoast SEO plugin. -->","yoast_head_json":{"title":"Formation BELC \u00e0 S\u00e8vres : Exp\u00e9rience de Pascale Hanninen - Institut fran\u00e7ais","description":"Pascale Hanninen, professeure au lyc\u00e9e franco-finlandais de Helsinki, a particip\u00e9 \u00e0 la formation prestigieuse BELC avec le soutien de l\u2019Institut fran\u00e7ais de Finlande.","robots":{"index":"index","follow":"follow","max-snippet":"max-snippet:-1","max-image-preview":"max-image-preview:large","max-video-preview":"max-video-preview:-1"},"canonical":"https:\/\/www.france.fi\/en\/french-language\/formation-belc-a-sevres-experience-de-pascale-hanninen\/","og_locale":"en_US","og_type":"article","og_title":"Formation BELC \u00e0 S\u00e8vres : Exp\u00e9rience de Pascale Hanninen - Institut fran\u00e7ais","og_description":"Pascale Hanninen, professeure au lyc\u00e9e franco-finlandais de Helsinki, a particip\u00e9 \u00e0 la formation prestigieuse BELC avec le soutien de l\u2019Institut fran\u00e7ais de Finlande.","og_url":"https:\/\/www.france.fi\/en\/french-language\/formation-belc-a-sevres-experience-de-pascale-hanninen\/","og_site_name":"Institut fran\u00e7ais","article_publisher":"https:\/\/www.facebook.com\/institutfrancaisfi","article_published_time":"2023-08-03T11:01:44+00:00","article_modified_time":"2023-12-19T09:27:38+00:00","og_image":[{"width":1280,"height":720,"url":"https:\/\/www.france.fi\/wp-content\/uploads\/2023\/08\/Site-internet-BELC-Pascale-Hanninen-1098x617.jpg","type":"image\/jpeg"}],"author":"Equipe IFF","twitter_card":"summary_large_image","twitter_creator":"@IFFinlande","twitter_site":"@IFFinlande","twitter_misc":{"Written by":"Equipe IFF","Est. reading time":"1 minute"},"schema":{"@context":"https:\/\/schema.org","@graph":[{"@type":"Article","@id":"https:\/\/www.france.fi\/en\/french-language\/formation-belc-a-sevres-experience-de-pascale-hanninen\/#article","isPartOf":{"@id":"https:\/\/www.france.fi\/en\/french-language\/formation-belc-a-sevres-experience-de-pascale-hanninen\/"},"author":{"name":"Equipe IFF","@id":"https:\/\/www.france.fi\/#\/schema\/person\/ed873f29db1d0af6a3600d15d3b65bfd"},"headline":"Formation BELC \u00e0 S\u00e8vres : Exp\u00e9rience de Pascale Hanninen","datePublished":"2023-08-03T11:01:44+00:00","dateModified":"2023-12-19T09:27:38+00:00","mainEntityOfPage":{"@id":"https:\/\/www.france.fi\/en\/french-language\/formation-belc-a-sevres-experience-de-pascale-hanninen\/"},"wordCount":240,"publisher":{"@id":"https:\/\/www.france.fi\/#organization"},"image":{"@id":"https:\/\/www.france.fi\/en\/french-language\/formation-belc-a-sevres-experience-de-pascale-hanninen\/#primaryimage"},"thumbnailUrl":"https:\/\/www.france.fi\/wp-content\/uploads\/2023\/08\/Site-internet-BELC-Pascale-Hanninen-1098x617.jpg","keywords":["FLE","France \u00c9ducation international","BELC","Formation"],"articleSection":["French language"],"inLanguage":"en-US"},{"@type":"WebPage","@id":"https:\/\/www.france.fi\/en\/french-language\/formation-belc-a-sevres-experience-de-pascale-hanninen\/","url":"https:\/\/www.france.fi\/en\/french-language\/formation-belc-a-sevres-experience-de-pascale-hanninen\/","name":"Formation BELC \u00e0 S\u00e8vres : Exp\u00e9rience de Pascale Hanninen - Institut fran\u00e7ais","isPartOf":{"@id":"https:\/\/www.france.fi\/#website"},"primaryImageOfPage":{"@id":"https:\/\/www.france.fi\/en\/french-language\/formation-belc-a-sevres-experience-de-pascale-hanninen\/#primaryimage"},"image":{"@id":"https:\/\/www.france.fi\/en\/french-language\/formation-belc-a-sevres-experience-de-pascale-hanninen\/#primaryimage"},"thumbnailUrl":"https:\/\/www.france.fi\/wp-content\/uploads\/2023\/08\/Site-internet-BELC-Pascale-Hanninen-1098x617.jpg","datePublished":"2023-08-03T11:01:44+00:00","dateModified":"2023-12-19T09:27:38+00:00","description":"Pascale Hanninen, professeure au lyc\u00e9e franco-finlandais de Helsinki, a particip\u00e9 \u00e0 la formation prestigieuse BELC avec le soutien de l\u2019Institut fran\u00e7ais de Finlande.","breadcrumb":{"@id":"https:\/\/www.france.fi\/en\/french-language\/formation-belc-a-sevres-experience-de-pascale-hanninen\/#breadcrumb"},"inLanguage":"en-US","potentialAction":[{"@type":"ReadAction","target":["https:\/\/www.france.fi\/en\/french-language\/formation-belc-a-sevres-experience-de-pascale-hanninen\/"]}]},{"@type":"ImageObject","inLanguage":"en-US","@id":"https:\/\/www.france.fi\/en\/french-language\/formation-belc-a-sevres-experience-de-pascale-hanninen\/#primaryimage","url":"https:\/\/www.france.fi\/wp-content\/uploads\/2023\/08\/Site-internet-BELC-Pascale-Hanninen-1098x617.jpg","contentUrl":"https:\/\/www.france.fi\/wp-content\/uploads\/2023\/08\/Site-internet-BELC-Pascale-Hanninen-1098x617.jpg","width":1280,"height":720},{"@type":"BreadcrumbList","@id":"https:\/\/www.france.fi\/en\/french-language\/formation-belc-a-sevres-experience-de-pascale-hanninen\/#breadcrumb","itemListElement":[{"@type":"ListItem","position":1,"name":"Home","item":"https:\/\/www.france.fi\/en\/"},{"@type":"ListItem","position":2,"name":"Langue fran\u00e7aise","item":"https:\/\/www.france.fi\/fr\/category\/langue-francaise\/"},{"@type":"ListItem","position":3,"name":"Formation BELC \u00e0 S\u00e8vres : Exp\u00e9rience de Pascale Hanninen"}]},{"@type":"WebSite","@id":"https:\/\/www.france.fi\/#website","url":"https:\/\/www.france.fi\/","name":"Institut fran\u00e7ais de Finlande","description":"","publisher":{"@id":"https:\/\/www.france.fi\/#organization"},"potentialAction":[{"@type":"SearchAction","target":{"@type":"EntryPoint","urlTemplate":"https:\/\/www.france.fi\/?s={search_term_string}"},"query-input":{"@type":"PropertyValueSpecification","valueRequired":true,"valueName":"search_term_string"}}],"inLanguage":"en-US"},{"@type":"Organization","@id":"https:\/\/www.france.fi\/#organization","name":"Institut fran\u00e7ais de Finlande","url":"https:\/\/www.france.fi\/","logo":{"@type":"ImageObject","inLanguage":"en-US","@id":"https:\/\/www.france.fi\/#\/schema\/logo\/image\/","url":"https:\/\/www.france.fi\/wp-content\/uploads\/2024\/02\/if-logo-1.png","contentUrl":"https:\/\/www.france.fi\/wp-content\/uploads\/2024\/02\/if-logo-1.png","width":687,"height":459,"caption":"Institut fran\u00e7ais de Finlande"},"image":{"@id":"https:\/\/www.france.fi\/#\/schema\/logo\/image\/"},"sameAs":["https:\/\/www.facebook.com\/institutfrancaisfi","https:\/\/x.com\/IFFinlande","https:\/\/www.instagram.com\/iffinlande\/","https:\/\/fr.linkedin.com\/organization-guest\/company\/institut-fran-ais-de-finlande","https:\/\/www.youtube.com\/channel\/UCHAitdpmSbeP78eL49XMotA"]},{"@type":"Person","@id":"https:\/\/www.france.fi\/#\/schema\/person\/ed873f29db1d0af6a3600d15d3b65bfd","name":"Equipe IFF","image":{"@type":"ImageObject","inLanguage":"en-US","@id":"https:\/\/secure.gravatar.com\/avatar\/3c4ba80228d01014b25e45e90abb28ce315a02c6572751a7fb2298e4274989fc?s=96&d=mm&r=g","url":"https:\/\/secure.gravatar.com\/avatar\/3c4ba80228d01014b25e45e90abb28ce315a02c6572751a7fb2298e4274989fc?s=96&d=mm&r=g","contentUrl":"https:\/\/secure.gravatar.com\/avatar\/3c4ba80228d01014b25e45e90abb28ce315a02c6572751a7fb2298e4274989fc?s=96&d=mm&r=g","caption":"Equipe IFF"},"url":"https:\/\/www.france.fi\/en\/author\/iffadmin\/"}]}},"_links":{"self":[{"href":"https:\/\/www.france.fi\/en\/wp-json\/wp\/v2\/posts\/13881","targetHints":{"allow":["GET"]}}],"collection":[{"href":"https:\/\/www.france.fi\/en\/wp-json\/wp\/v2\/posts"}],"about":[{"href":"https:\/\/www.france.fi\/en\/wp-json\/wp\/v2\/types\/post"}],"author":[{"embeddable":true,"href":"https:\/\/www.france.fi\/en\/wp-json\/wp\/v2\/users\/2"}],"replies":[{"embeddable":true,"href":"https:\/\/www.france.fi\/en\/wp-json\/wp\/v2\/comments?post=13881"}],"version-history":[{"count":0,"href":"https:\/\/www.france.fi\/en\/wp-json\/wp\/v2\/posts\/13881\/revisions"}],"wp:featuredmedia":[{"embeddable":true,"href":"https:\/\/www.france.fi\/en\/wp-json\/wp\/v2\/media\/13878"}],"wp:attachment":[{"href":"https:\/\/www.france.fi\/en\/wp-json\/wp\/v2\/media?parent=13881"}],"wp:term":[{"taxonomy":"category","embeddable":true,"href":"https:\/\/www.france.fi\/en\/wp-json\/wp\/v2\/categories?post=13881"},{"taxonomy":"post_tag","embeddable":true,"href":"https:\/\/www.france.fi\/en\/wp-json\/wp\/v2\/tags?post=13881"}],"curies":[{"name":"wp","href":"https:\/\/api.w.org\/{rel}","templated":true}]}}