{"id":15040,"date":"2023-11-17T16:07:48","date_gmt":"2023-11-17T14:07:48","guid":{"rendered":"https:\/\/www.france.fi\/culture\/haku-ranskan-hallintokorkeakouluun-avoinna\/"},"modified":"2023-11-23T15:50:44","modified_gmt":"2023-11-23T13:50:44","slug":"haku-ranskan-hallintokorkeakouluun-avoinna","status":"publish","type":"post","link":"https:\/\/www.france.fi\/en\/science-and-universities\/haku-ranskan-hallintokorkeakouluun-avoinna\/","title":{"rendered":"Haku Ranskan hallintokorkeakouluun avoinna"},"content":{"rendered":"<p>Oletko kiinnostunut EU-asioista, kansainv\u00e4lisest\u00e4 yhteisty\u00f6st\u00e4, Ranskan hallinnon ymm\u00e4rt\u00e4misest\u00e4?\u00a0 Nyt on mahdollisuus hakea Ranskan hallintokorkeakouluun, Institut National du Service Publiciin. T\u00e4m\u00e4 aiemmin ENA:na (Ecole Nationale d\u2019Administration) tunnettu koulu kouluttaa paitsi Ranskan hallinnon johtavia virkamiehi\u00e4, my\u00f6s virkamiehi\u00e4 EU- ja kansainv\u00e4lisiin teht\u00e4viin.<\/p>\n<p>Jokaisella vuosikurssilla on ranskalaisten opiskelijoiden lis\u00e4ksi kansainv\u00e4lisi\u00e4 opiskelijoita ymp\u00e4ri maailmaa. My\u00f6s 35 suomalaista on opiskellut koulussa vuosien varrella. He ovat sijoittuneet teht\u00e4viin Suomen valtionhallinnossa, kansainv\u00e4lisiss\u00e4 j\u00e4rjest\u00f6iss\u00e4, EU-toimielimiss\u00e4 sek\u00e4 yksityisell\u00e4 sektorilla.<\/p>\n<p>Hakemus ensi vuoden opintoihin kansainv\u00e4lisen\u00e4 opiskelijana on j\u00e4tett\u00e4v\u00e4 26.11.2023 menness\u00e4. Hakijalla ei saa olla Ranskan kansalaisuutta, h\u00e4nell\u00e4 pit\u00e4\u00e4 jo olla maisteritason tutkinto ja osattava sek\u00e4 ranskaa ett\u00e4 englantia. Lis\u00e4ksi h\u00e4nell\u00e4 on oltava k\u00e4yt\u00f6ss\u00e4\u00e4n 1500 euroa kuukaudessa. Ensisijaisesti opinnot on tarkoitettu jo valtionhallinnossa ty\u00f6skenteleville tai virkamiesuraan suuntautuville.<\/p>\n<p>Ranskan suurl\u00e4hetyst\u00f6, Ranskan kulttuuuri-instituutti Suomessa ja Suomen ENA\/INSP-yhdistys j\u00e4rjest\u00e4v\u00e4t lyhyen webinaari-tietoiskun opinnoista kiinnostuneille tiistaina 21.11.2023 klo 16-17. <strong><a href=\"https:\/\/teams.microsoft.com\/l\/meetup-join\/19%3ameeting_ODgzN2M2MTMtNGJkNi00YWY4LTgyNmMtMzhmZGYyOGNjZDBh%40thread.v2\/0?context=%7b%22Tid%22%3a%22ff5b7e8f-3178-4bc8-8e6f-8476339e9320%22%2c%22Oid%22%3a%2239b570fd-7dd0-4a78-80c4-ddd981c6b24f%22%7d\" target=\"_blank\" rel=\"noopener\">Teams-linkki webinaari-tietoiskuun t\u00e4ss\u00e4.<\/a><\/strong> ID: 311 086 090 956 , salasana: zrhwXX.<\/p>\n<p>Lis\u00e4tietoja Ranskan kulttuuri-instituutista: Minttu Vilenius (<a href=\"mailto:helsinki@campusfrance.org\">helsinki@campusfrance.org<\/a>) \u00a0tai Suomen ENA\/INSP-yhdistyksest\u00e4: Jertta de Mazi\u00e8res (<a href=\"mailto:jertta.demazieres@gov.fi\">jertta.demazieres@gov.fi<\/a>).<\/p>\n<p>Lis\u00e4\u00e4 asiasta:<\/p>\n<p><a href=\"https:\/\/www.france.fi\/en\/science-and-universities\/open-for-application-3-international-courses-for-civil-servants-around-the-world\/#\/\">https:\/\/www.france.fi\/tiede-ja-korkeakoulu\/open-for-application-3-international-courses-for-civil-servants-around-the-world\/#\/<\/a><\/p>\n<p><a href=\"https:\/\/candidature-formation.insp.gouv.fr\/registration\/action653\/info\/\" target=\"_blank\" rel=\"noopener\">https:\/\/candidature-formation.insp.gouv.fr\/registration\/action653\/info\/<\/a><\/p>\n<p><a href=\"https:\/\/www.suomi-ranska.com\/ena\/\" target=\"_blank\" rel=\"noopener\">https:\/\/www.suomi-ranska.com\/ena\/<\/a><\/p>\n","protected":false},"excerpt":{"rendered":"<p>Tervetuloa webinaari-tietoiskuun tiistaina 21.11. klo 16-17! <\/p>\n","protected":false},"author":2,"featured_media":15037,"comment_status":"closed","ping_status":"closed","sticky":false,"template":"","format":"standard","meta":{"footnotes":""},"categories":[52],"tags":[],"class_list":["post-15040","post","type-post","status-publish","format-standard","has-post-thumbnail","hentry","category-science-and-universities"],"yoast_head":"<!-- This site is optimized with the Yoast SEO plugin v27.4 - https:\/\/yoast.com\/product\/yoast-seo-wordpress\/ -->\n<title>Haku Ranskan hallintokorkeakouluun avoinna - Institut fran\u00e7ais<\/title>\n<meta name=\"robots\" content=\"index, follow, max-snippet:-1, max-image-preview:large, max-video-preview:-1\" \/>\n<link rel=\"canonical\" href=\"https:\/\/www.france.fi\/en\/science-and-universities\/haku-ranskan-hallintokorkeakouluun-avoinna\/\" \/>\n<meta property=\"og:locale\" content=\"en_US\" \/>\n<meta property=\"og:type\" content=\"article\" \/>\n<meta property=\"og:title\" content=\"Haku Ranskan hallintokorkeakouluun avoinna - Institut fran\u00e7ais\" \/>\n<meta property=\"og:description\" content=\"Tervetuloa webinaari-tietoiskuun tiistaina 21.11. klo 16-17!\" \/>\n<meta property=\"og:url\" content=\"https:\/\/www.france.fi\/en\/science-and-universities\/haku-ranskan-hallintokorkeakouluun-avoinna\/\" \/>\n<meta property=\"og:site_name\" content=\"Institut fran\u00e7ais\" \/>\n<meta property=\"article:publisher\" content=\"https:\/\/www.facebook.com\/institutfrancaisfi\" \/>\n<meta property=\"article:published_time\" content=\"2023-11-17T14:07:48+00:00\" \/>\n<meta property=\"article:modified_time\" content=\"2023-11-23T13:50:44+00:00\" \/>\n<meta property=\"og:image\" content=\"https:\/\/www.france.fi\/wp-content\/uploads\/2023\/11\/Webinaari-1098x617.jpg\" \/>\n\t<meta property=\"og:image:width\" content=\"1200\" \/>\n\t<meta property=\"og:image:height\" content=\"676\" \/>\n\t<meta property=\"og:image:type\" content=\"image\/jpeg\" \/>\n<meta name=\"author\" content=\"Equipe IFF\" \/>\n<meta name=\"twitter:card\" content=\"summary_large_image\" \/>\n<meta name=\"twitter:creator\" content=\"@IFFinlande\" \/>\n<meta name=\"twitter:site\" content=\"@IFFinlande\" \/>\n<meta name=\"twitter:label1\" content=\"Written by\" \/>\n\t<meta name=\"twitter:data1\" content=\"Equipe IFF\" \/>\n\t<meta name=\"twitter:label2\" content=\"Est. reading time\" \/>\n\t<meta name=\"twitter:data2\" content=\"1 minute\" \/>\n<script type=\"application\/ld+json\" class=\"yoast-schema-graph\">{\"@context\":\"https:\\\/\\\/schema.org\",\"@graph\":[{\"@type\":\"Article\",\"@id\":\"https:\\\/\\\/www.france.fi\\\/en\\\/science-and-universities\\\/haku-ranskan-hallintokorkeakouluun-avoinna\\\/#article\",\"isPartOf\":{\"@id\":\"https:\\\/\\\/www.france.fi\\\/en\\\/science-and-universities\\\/haku-ranskan-hallintokorkeakouluun-avoinna\\\/\"},\"author\":{\"name\":\"Equipe IFF\",\"@id\":\"https:\\\/\\\/www.france.fi\\\/#\\\/schema\\\/person\\\/ed873f29db1d0af6a3600d15d3b65bfd\"},\"headline\":\"Haku Ranskan hallintokorkeakouluun avoinna\",\"datePublished\":\"2023-11-17T14:07:48+00:00\",\"dateModified\":\"2023-11-23T13:50:44+00:00\",\"mainEntityOfPage\":{\"@id\":\"https:\\\/\\\/www.france.fi\\\/en\\\/science-and-universities\\\/haku-ranskan-hallintokorkeakouluun-avoinna\\\/\"},\"wordCount\":215,\"publisher\":{\"@id\":\"https:\\\/\\\/www.france.fi\\\/#organization\"},\"image\":{\"@id\":\"https:\\\/\\\/www.france.fi\\\/en\\\/science-and-universities\\\/haku-ranskan-hallintokorkeakouluun-avoinna\\\/#primaryimage\"},\"thumbnailUrl\":\"https:\\\/\\\/www.france.fi\\\/wp-content\\\/uploads\\\/2023\\\/11\\\/Webinaari-1098x617.jpg\",\"articleSection\":[\"Science and universities\"],\"inLanguage\":\"en-US\"},{\"@type\":\"WebPage\",\"@id\":\"https:\\\/\\\/www.france.fi\\\/en\\\/science-and-universities\\\/haku-ranskan-hallintokorkeakouluun-avoinna\\\/\",\"url\":\"https:\\\/\\\/www.france.fi\\\/en\\\/science-and-universities\\\/haku-ranskan-hallintokorkeakouluun-avoinna\\\/\",\"name\":\"Haku Ranskan hallintokorkeakouluun avoinna - Institut fran\u00e7ais\",\"isPartOf\":{\"@id\":\"https:\\\/\\\/www.france.fi\\\/#website\"},\"primaryImageOfPage\":{\"@id\":\"https:\\\/\\\/www.france.fi\\\/en\\\/science-and-universities\\\/haku-ranskan-hallintokorkeakouluun-avoinna\\\/#primaryimage\"},\"image\":{\"@id\":\"https:\\\/\\\/www.france.fi\\\/en\\\/science-and-universities\\\/haku-ranskan-hallintokorkeakouluun-avoinna\\\/#primaryimage\"},\"thumbnailUrl\":\"https:\\\/\\\/www.france.fi\\\/wp-content\\\/uploads\\\/2023\\\/11\\\/Webinaari-1098x617.jpg\",\"datePublished\":\"2023-11-17T14:07:48+00:00\",\"dateModified\":\"2023-11-23T13:50:44+00:00\",\"breadcrumb\":{\"@id\":\"https:\\\/\\\/www.france.fi\\\/en\\\/science-and-universities\\\/haku-ranskan-hallintokorkeakouluun-avoinna\\\/#breadcrumb\"},\"inLanguage\":\"en-US\",\"potentialAction\":[{\"@type\":\"ReadAction\",\"target\":[\"https:\\\/\\\/www.france.fi\\\/en\\\/science-and-universities\\\/haku-ranskan-hallintokorkeakouluun-avoinna\\\/\"]}]},{\"@type\":\"ImageObject\",\"inLanguage\":\"en-US\",\"@id\":\"https:\\\/\\\/www.france.fi\\\/en\\\/science-and-universities\\\/haku-ranskan-hallintokorkeakouluun-avoinna\\\/#primaryimage\",\"url\":\"https:\\\/\\\/www.france.fi\\\/wp-content\\\/uploads\\\/2023\\\/11\\\/Webinaari-1098x617.jpg\",\"contentUrl\":\"https:\\\/\\\/www.france.fi\\\/wp-content\\\/uploads\\\/2023\\\/11\\\/Webinaari-1098x617.jpg\",\"width\":1200,\"height\":676},{\"@type\":\"BreadcrumbList\",\"@id\":\"https:\\\/\\\/www.france.fi\\\/en\\\/science-and-universities\\\/haku-ranskan-hallintokorkeakouluun-avoinna\\\/#breadcrumb\",\"itemListElement\":[{\"@type\":\"ListItem\",\"position\":1,\"name\":\"Home\",\"item\":\"https:\\\/\\\/www.france.fi\\\/en\\\/\"},{\"@type\":\"ListItem\",\"position\":2,\"name\":\"Tiede ja korkeakoulu\",\"item\":\"https:\\\/\\\/www.france.fi\\\/category\\\/tiede-ja-korkeakoulu\\\/\"},{\"@type\":\"ListItem\",\"position\":3,\"name\":\"Haku Ranskan hallintokorkeakouluun avoinna\"}]},{\"@type\":\"WebSite\",\"@id\":\"https:\\\/\\\/www.france.fi\\\/#website\",\"url\":\"https:\\\/\\\/www.france.fi\\\/\",\"name\":\"Institut fran\u00e7ais de Finlande\",\"description\":\"\",\"publisher\":{\"@id\":\"https:\\\/\\\/www.france.fi\\\/#organization\"},\"potentialAction\":[{\"@type\":\"SearchAction\",\"target\":{\"@type\":\"EntryPoint\",\"urlTemplate\":\"https:\\\/\\\/www.france.fi\\\/?s={search_term_string}\"},\"query-input\":{\"@type\":\"PropertyValueSpecification\",\"valueRequired\":true,\"valueName\":\"search_term_string\"}}],\"inLanguage\":\"en-US\"},{\"@type\":\"Organization\",\"@id\":\"https:\\\/\\\/www.france.fi\\\/#organization\",\"name\":\"Institut fran\u00e7ais de Finlande\",\"url\":\"https:\\\/\\\/www.france.fi\\\/\",\"logo\":{\"@type\":\"ImageObject\",\"inLanguage\":\"en-US\",\"@id\":\"https:\\\/\\\/www.france.fi\\\/#\\\/schema\\\/logo\\\/image\\\/\",\"url\":\"https:\\\/\\\/www.france.fi\\\/wp-content\\\/uploads\\\/2024\\\/02\\\/if-logo-1.png\",\"contentUrl\":\"https:\\\/\\\/www.france.fi\\\/wp-content\\\/uploads\\\/2024\\\/02\\\/if-logo-1.png\",\"width\":687,\"height\":459,\"caption\":\"Institut fran\u00e7ais de Finlande\"},\"image\":{\"@id\":\"https:\\\/\\\/www.france.fi\\\/#\\\/schema\\\/logo\\\/image\\\/\"},\"sameAs\":[\"https:\\\/\\\/www.facebook.com\\\/institutfrancaisfi\",\"https:\\\/\\\/x.com\\\/IFFinlande\",\"https:\\\/\\\/www.instagram.com\\\/iffinlande\\\/\",\"https:\\\/\\\/fr.linkedin.com\\\/organization-guest\\\/company\\\/institut-fran-ais-de-finlande\",\"https:\\\/\\\/www.youtube.com\\\/channel\\\/UCHAitdpmSbeP78eL49XMotA\"]},{\"@type\":\"Person\",\"@id\":\"https:\\\/\\\/www.france.fi\\\/#\\\/schema\\\/person\\\/ed873f29db1d0af6a3600d15d3b65bfd\",\"name\":\"Equipe IFF\",\"image\":{\"@type\":\"ImageObject\",\"inLanguage\":\"en-US\",\"@id\":\"https:\\\/\\\/secure.gravatar.com\\\/avatar\\\/3c4ba80228d01014b25e45e90abb28ce315a02c6572751a7fb2298e4274989fc?s=96&d=mm&r=g\",\"url\":\"https:\\\/\\\/secure.gravatar.com\\\/avatar\\\/3c4ba80228d01014b25e45e90abb28ce315a02c6572751a7fb2298e4274989fc?s=96&d=mm&r=g\",\"contentUrl\":\"https:\\\/\\\/secure.gravatar.com\\\/avatar\\\/3c4ba80228d01014b25e45e90abb28ce315a02c6572751a7fb2298e4274989fc?s=96&d=mm&r=g\",\"caption\":\"Equipe IFF\"},\"url\":\"https:\\\/\\\/www.france.fi\\\/en\\\/author\\\/iffadmin\\\/\"}]}<\/script>\n<!-- \/ Yoast SEO plugin. -->","yoast_head_json":{"title":"Haku Ranskan hallintokorkeakouluun avoinna - Institut fran\u00e7ais","robots":{"index":"index","follow":"follow","max-snippet":"max-snippet:-1","max-image-preview":"max-image-preview:large","max-video-preview":"max-video-preview:-1"},"canonical":"https:\/\/www.france.fi\/en\/science-and-universities\/haku-ranskan-hallintokorkeakouluun-avoinna\/","og_locale":"en_US","og_type":"article","og_title":"Haku Ranskan hallintokorkeakouluun avoinna - Institut fran\u00e7ais","og_description":"Tervetuloa webinaari-tietoiskuun tiistaina 21.11. klo 16-17!","og_url":"https:\/\/www.france.fi\/en\/science-and-universities\/haku-ranskan-hallintokorkeakouluun-avoinna\/","og_site_name":"Institut fran\u00e7ais","article_publisher":"https:\/\/www.facebook.com\/institutfrancaisfi","article_published_time":"2023-11-17T14:07:48+00:00","article_modified_time":"2023-11-23T13:50:44+00:00","og_image":[{"width":1200,"height":676,"url":"https:\/\/www.france.fi\/wp-content\/uploads\/2023\/11\/Webinaari-1098x617.jpg","type":"image\/jpeg"}],"author":"Equipe IFF","twitter_card":"summary_large_image","twitter_creator":"@IFFinlande","twitter_site":"@IFFinlande","twitter_misc":{"Written by":"Equipe IFF","Est. reading time":"1 minute"},"schema":{"@context":"https:\/\/schema.org","@graph":[{"@type":"Article","@id":"https:\/\/www.france.fi\/en\/science-and-universities\/haku-ranskan-hallintokorkeakouluun-avoinna\/#article","isPartOf":{"@id":"https:\/\/www.france.fi\/en\/science-and-universities\/haku-ranskan-hallintokorkeakouluun-avoinna\/"},"author":{"name":"Equipe IFF","@id":"https:\/\/www.france.fi\/#\/schema\/person\/ed873f29db1d0af6a3600d15d3b65bfd"},"headline":"Haku Ranskan hallintokorkeakouluun avoinna","datePublished":"2023-11-17T14:07:48+00:00","dateModified":"2023-11-23T13:50:44+00:00","mainEntityOfPage":{"@id":"https:\/\/www.france.fi\/en\/science-and-universities\/haku-ranskan-hallintokorkeakouluun-avoinna\/"},"wordCount":215,"publisher":{"@id":"https:\/\/www.france.fi\/#organization"},"image":{"@id":"https:\/\/www.france.fi\/en\/science-and-universities\/haku-ranskan-hallintokorkeakouluun-avoinna\/#primaryimage"},"thumbnailUrl":"https:\/\/www.france.fi\/wp-content\/uploads\/2023\/11\/Webinaari-1098x617.jpg","articleSection":["Science and universities"],"inLanguage":"en-US"},{"@type":"WebPage","@id":"https:\/\/www.france.fi\/en\/science-and-universities\/haku-ranskan-hallintokorkeakouluun-avoinna\/","url":"https:\/\/www.france.fi\/en\/science-and-universities\/haku-ranskan-hallintokorkeakouluun-avoinna\/","name":"Haku Ranskan hallintokorkeakouluun avoinna - Institut fran\u00e7ais","isPartOf":{"@id":"https:\/\/www.france.fi\/#website"},"primaryImageOfPage":{"@id":"https:\/\/www.france.fi\/en\/science-and-universities\/haku-ranskan-hallintokorkeakouluun-avoinna\/#primaryimage"},"image":{"@id":"https:\/\/www.france.fi\/en\/science-and-universities\/haku-ranskan-hallintokorkeakouluun-avoinna\/#primaryimage"},"thumbnailUrl":"https:\/\/www.france.fi\/wp-content\/uploads\/2023\/11\/Webinaari-1098x617.jpg","datePublished":"2023-11-17T14:07:48+00:00","dateModified":"2023-11-23T13:50:44+00:00","breadcrumb":{"@id":"https:\/\/www.france.fi\/en\/science-and-universities\/haku-ranskan-hallintokorkeakouluun-avoinna\/#breadcrumb"},"inLanguage":"en-US","potentialAction":[{"@type":"ReadAction","target":["https:\/\/www.france.fi\/en\/science-and-universities\/haku-ranskan-hallintokorkeakouluun-avoinna\/"]}]},{"@type":"ImageObject","inLanguage":"en-US","@id":"https:\/\/www.france.fi\/en\/science-and-universities\/haku-ranskan-hallintokorkeakouluun-avoinna\/#primaryimage","url":"https:\/\/www.france.fi\/wp-content\/uploads\/2023\/11\/Webinaari-1098x617.jpg","contentUrl":"https:\/\/www.france.fi\/wp-content\/uploads\/2023\/11\/Webinaari-1098x617.jpg","width":1200,"height":676},{"@type":"BreadcrumbList","@id":"https:\/\/www.france.fi\/en\/science-and-universities\/haku-ranskan-hallintokorkeakouluun-avoinna\/#breadcrumb","itemListElement":[{"@type":"ListItem","position":1,"name":"Home","item":"https:\/\/www.france.fi\/en\/"},{"@type":"ListItem","position":2,"name":"Tiede ja korkeakoulu","item":"https:\/\/www.france.fi\/category\/tiede-ja-korkeakoulu\/"},{"@type":"ListItem","position":3,"name":"Haku Ranskan hallintokorkeakouluun avoinna"}]},{"@type":"WebSite","@id":"https:\/\/www.france.fi\/#website","url":"https:\/\/www.france.fi\/","name":"Institut fran\u00e7ais de Finlande","description":"","publisher":{"@id":"https:\/\/www.france.fi\/#organization"},"potentialAction":[{"@type":"SearchAction","target":{"@type":"EntryPoint","urlTemplate":"https:\/\/www.france.fi\/?s={search_term_string}"},"query-input":{"@type":"PropertyValueSpecification","valueRequired":true,"valueName":"search_term_string"}}],"inLanguage":"en-US"},{"@type":"Organization","@id":"https:\/\/www.france.fi\/#organization","name":"Institut fran\u00e7ais de Finlande","url":"https:\/\/www.france.fi\/","logo":{"@type":"ImageObject","inLanguage":"en-US","@id":"https:\/\/www.france.fi\/#\/schema\/logo\/image\/","url":"https:\/\/www.france.fi\/wp-content\/uploads\/2024\/02\/if-logo-1.png","contentUrl":"https:\/\/www.france.fi\/wp-content\/uploads\/2024\/02\/if-logo-1.png","width":687,"height":459,"caption":"Institut fran\u00e7ais de Finlande"},"image":{"@id":"https:\/\/www.france.fi\/#\/schema\/logo\/image\/"},"sameAs":["https:\/\/www.facebook.com\/institutfrancaisfi","https:\/\/x.com\/IFFinlande","https:\/\/www.instagram.com\/iffinlande\/","https:\/\/fr.linkedin.com\/organization-guest\/company\/institut-fran-ais-de-finlande","https:\/\/www.youtube.com\/channel\/UCHAitdpmSbeP78eL49XMotA"]},{"@type":"Person","@id":"https:\/\/www.france.fi\/#\/schema\/person\/ed873f29db1d0af6a3600d15d3b65bfd","name":"Equipe IFF","image":{"@type":"ImageObject","inLanguage":"en-US","@id":"https:\/\/secure.gravatar.com\/avatar\/3c4ba80228d01014b25e45e90abb28ce315a02c6572751a7fb2298e4274989fc?s=96&d=mm&r=g","url":"https:\/\/secure.gravatar.com\/avatar\/3c4ba80228d01014b25e45e90abb28ce315a02c6572751a7fb2298e4274989fc?s=96&d=mm&r=g","contentUrl":"https:\/\/secure.gravatar.com\/avatar\/3c4ba80228d01014b25e45e90abb28ce315a02c6572751a7fb2298e4274989fc?s=96&d=mm&r=g","caption":"Equipe IFF"},"url":"https:\/\/www.france.fi\/en\/author\/iffadmin\/"}]}},"_links":{"self":[{"href":"https:\/\/www.france.fi\/en\/wp-json\/wp\/v2\/posts\/15040","targetHints":{"allow":["GET"]}}],"collection":[{"href":"https:\/\/www.france.fi\/en\/wp-json\/wp\/v2\/posts"}],"about":[{"href":"https:\/\/www.france.fi\/en\/wp-json\/wp\/v2\/types\/post"}],"author":[{"embeddable":true,"href":"https:\/\/www.france.fi\/en\/wp-json\/wp\/v2\/users\/2"}],"replies":[{"embeddable":true,"href":"https:\/\/www.france.fi\/en\/wp-json\/wp\/v2\/comments?post=15040"}],"version-history":[{"count":0,"href":"https:\/\/www.france.fi\/en\/wp-json\/wp\/v2\/posts\/15040\/revisions"}],"wp:featuredmedia":[{"embeddable":true,"href":"https:\/\/www.france.fi\/en\/wp-json\/wp\/v2\/media\/15037"}],"wp:attachment":[{"href":"https:\/\/www.france.fi\/en\/wp-json\/wp\/v2\/media?parent=15040"}],"wp:term":[{"taxonomy":"category","embeddable":true,"href":"https:\/\/www.france.fi\/en\/wp-json\/wp\/v2\/categories?post=15040"},{"taxonomy":"post_tag","embeddable":true,"href":"https:\/\/www.france.fi\/en\/wp-json\/wp\/v2\/tags?post=15040"}],"curies":[{"name":"wp","href":"https:\/\/api.w.org\/{rel}","templated":true}]}}