{"id":15487,"date":"2024-01-16T16:41:30","date_gmt":"2024-01-16T14:41:30","guid":{"rendered":"https:\/\/www.france.fi\/culture\/projection-du-film-les-2-alfred\/"},"modified":"2024-02-09T13:47:11","modified_gmt":"2024-02-09T11:47:11","slug":"projection-du-film-les-2-alfred","status":"publish","type":"post","link":"https:\/\/www.france.fi\/en\/culture\/projection-du-film-les-2-alfred\/","title":{"rendered":"Projection du film \u00ab Les 2 Alfred \u00bb"},"content":{"rendered":"<p>Dans le cadre des Jeudis de l&#8217;Institut, nous vous invitons \u00e0 la projection du film \u00ab Les 2 Alfred \u00bb le 8 f\u00e9vrier \u00e0 17h \u00e0 l&#8217;Institut fran\u00e7ais de Finlande !<\/p>\n<p>Synopsis : Alexandre, ch\u00f4meur d\u00e9class\u00e9, a deux mois pour prouver \u00e0 sa femme qu&#8217;il peut s&#8217;occuper de ses deux jeunes enfants et \u00eatre autonome financi\u00e8rement. Probl\u00e8me: The Box, la start-up tr\u00e8s friendly qui veut l&#8217;embaucher \u00e0 l&#8217;essai a pour dogme : \u00ab Pas d&#8217;enfant! \u00bb, et S\u00e9verine, sa future sup\u00e9rieure, est une \u00ab tueuse \u00bb au caract\u00e8re \u00e9ruptif. Pour obtenir ce poste, Alexandre doit donc mentir&#8230; La rencontre avec Arcimboldo, \u00ab entrepreneur de lui-m\u00eame \u00bb et roi des petits boulots sur applis, aidera-t-elle cet homme vaillant et d\u00e9boussol\u00e9 \u00e0 surmonter tous ces d\u00e9fis?<\/p>\n<p><strong>Entr\u00e9e libre sur inscription.<\/strong><\/p>\n<p>Informations sur le film :<br \/>\nDur\u00e9e : 1h32<br \/>\nLangue : Fran\u00e7ais<br \/>\nSous-titres : Anglais<br \/>\nSc\u00e9nario : Bruno Podalyd\u00e8s<\/p>\n","protected":false},"excerpt":{"rendered":"<p>Rejoignez-nous le 8 f\u00e9vrier pour la projection de ce film humoristique sur la vie moderne !<\/p>\n","protected":false},"author":2,"featured_media":15807,"comment_status":"closed","ping_status":"closed","sticky":false,"template":"","format":"standard","meta":{"footnotes":""},"categories":[25],"tags":[],"class_list":["post-15487","post","type-post","status-publish","format-standard","has-post-thumbnail","hentry","category-culture"],"yoast_head":"<!-- This site is optimized with the Yoast SEO plugin v27.4 - https:\/\/yoast.com\/product\/yoast-seo-wordpress\/ -->\n<title>Projection du film \u00ab Les 2 Alfred \u00bb - Institut fran\u00e7ais<\/title>\n<meta name=\"robots\" content=\"index, follow, max-snippet:-1, max-image-preview:large, max-video-preview:-1\" \/>\n<link rel=\"canonical\" href=\"https:\/\/www.france.fi\/en\/culture\/projection-du-film-les-2-alfred\/\" \/>\n<meta property=\"og:locale\" content=\"en_US\" \/>\n<meta property=\"og:type\" content=\"article\" \/>\n<meta property=\"og:title\" content=\"Projection du film \u00ab Les 2 Alfred \u00bb - Institut fran\u00e7ais\" \/>\n<meta property=\"og:description\" content=\"Rejoignez-nous le 8 f\u00e9vrier pour la projection de ce film humoristique sur la vie moderne !\" \/>\n<meta property=\"og:url\" content=\"https:\/\/www.france.fi\/en\/culture\/projection-du-film-les-2-alfred\/\" \/>\n<meta property=\"og:site_name\" content=\"Institut fran\u00e7ais\" \/>\n<meta property=\"article:publisher\" content=\"https:\/\/www.facebook.com\/institutfrancaisfi\" \/>\n<meta property=\"article:published_time\" content=\"2024-01-16T14:41:30+00:00\" \/>\n<meta property=\"article:modified_time\" content=\"2024-02-09T11:47:11+00:00\" \/>\n<meta property=\"og:image\" content=\"https:\/\/www.france.fi\/wp-content\/uploads\/2024\/01\/2-alfred-1098x617.jpg\" \/>\n\t<meta property=\"og:image:width\" content=\"1280\" \/>\n\t<meta property=\"og:image:height\" content=\"720\" \/>\n\t<meta property=\"og:image:type\" content=\"image\/jpeg\" \/>\n<meta name=\"author\" content=\"Equipe IFF\" \/>\n<meta name=\"twitter:card\" content=\"summary_large_image\" \/>\n<meta name=\"twitter:creator\" content=\"@IFFinlande\" \/>\n<meta name=\"twitter:site\" content=\"@IFFinlande\" \/>\n<meta name=\"twitter:label1\" content=\"Written by\" \/>\n\t<meta name=\"twitter:data1\" content=\"Equipe IFF\" \/>\n\t<meta name=\"twitter:label2\" content=\"Est. reading time\" \/>\n\t<meta name=\"twitter:data2\" content=\"1 minute\" \/>\n<script type=\"application\/ld+json\" class=\"yoast-schema-graph\">{\"@context\":\"https:\\\/\\\/schema.org\",\"@graph\":[{\"@type\":\"Article\",\"@id\":\"https:\\\/\\\/www.france.fi\\\/en\\\/culture\\\/projection-du-film-les-2-alfred\\\/#article\",\"isPartOf\":{\"@id\":\"https:\\\/\\\/www.france.fi\\\/en\\\/culture\\\/projection-du-film-les-2-alfred\\\/\"},\"author\":{\"name\":\"Equipe IFF\",\"@id\":\"https:\\\/\\\/www.france.fi\\\/#\\\/schema\\\/person\\\/ed873f29db1d0af6a3600d15d3b65bfd\"},\"headline\":\"Projection du film \u00ab Les 2 Alfred \u00bb\",\"datePublished\":\"2024-01-16T14:41:30+00:00\",\"dateModified\":\"2024-02-09T11:47:11+00:00\",\"mainEntityOfPage\":{\"@id\":\"https:\\\/\\\/www.france.fi\\\/en\\\/culture\\\/projection-du-film-les-2-alfred\\\/\"},\"wordCount\":152,\"publisher\":{\"@id\":\"https:\\\/\\\/www.france.fi\\\/#organization\"},\"image\":{\"@id\":\"https:\\\/\\\/www.france.fi\\\/en\\\/culture\\\/projection-du-film-les-2-alfred\\\/#primaryimage\"},\"thumbnailUrl\":\"https:\\\/\\\/www.france.fi\\\/wp-content\\\/uploads\\\/2024\\\/01\\\/2-alfred-1098x617.jpg\",\"articleSection\":[\"Culture\"],\"inLanguage\":\"en-US\"},{\"@type\":\"WebPage\",\"@id\":\"https:\\\/\\\/www.france.fi\\\/en\\\/culture\\\/projection-du-film-les-2-alfred\\\/\",\"url\":\"https:\\\/\\\/www.france.fi\\\/en\\\/culture\\\/projection-du-film-les-2-alfred\\\/\",\"name\":\"Projection du film \u00ab Les 2 Alfred \u00bb - Institut fran\u00e7ais\",\"isPartOf\":{\"@id\":\"https:\\\/\\\/www.france.fi\\\/#website\"},\"primaryImageOfPage\":{\"@id\":\"https:\\\/\\\/www.france.fi\\\/en\\\/culture\\\/projection-du-film-les-2-alfred\\\/#primaryimage\"},\"image\":{\"@id\":\"https:\\\/\\\/www.france.fi\\\/en\\\/culture\\\/projection-du-film-les-2-alfred\\\/#primaryimage\"},\"thumbnailUrl\":\"https:\\\/\\\/www.france.fi\\\/wp-content\\\/uploads\\\/2024\\\/01\\\/2-alfred-1098x617.jpg\",\"datePublished\":\"2024-01-16T14:41:30+00:00\",\"dateModified\":\"2024-02-09T11:47:11+00:00\",\"breadcrumb\":{\"@id\":\"https:\\\/\\\/www.france.fi\\\/en\\\/culture\\\/projection-du-film-les-2-alfred\\\/#breadcrumb\"},\"inLanguage\":\"en-US\",\"potentialAction\":[{\"@type\":\"ReadAction\",\"target\":[\"https:\\\/\\\/www.france.fi\\\/en\\\/culture\\\/projection-du-film-les-2-alfred\\\/\"]}]},{\"@type\":\"ImageObject\",\"inLanguage\":\"en-US\",\"@id\":\"https:\\\/\\\/www.france.fi\\\/en\\\/culture\\\/projection-du-film-les-2-alfred\\\/#primaryimage\",\"url\":\"https:\\\/\\\/www.france.fi\\\/wp-content\\\/uploads\\\/2024\\\/01\\\/2-alfred-1098x617.jpg\",\"contentUrl\":\"https:\\\/\\\/www.france.fi\\\/wp-content\\\/uploads\\\/2024\\\/01\\\/2-alfred-1098x617.jpg\",\"width\":1280,\"height\":720},{\"@type\":\"BreadcrumbList\",\"@id\":\"https:\\\/\\\/www.france.fi\\\/en\\\/culture\\\/projection-du-film-les-2-alfred\\\/#breadcrumb\",\"itemListElement\":[{\"@type\":\"ListItem\",\"position\":1,\"name\":\"Home\",\"item\":\"https:\\\/\\\/www.france.fi\\\/en\\\/\"},{\"@type\":\"ListItem\",\"position\":2,\"name\":\"Culture\",\"item\":\"https:\\\/\\\/www.france.fi\\\/fr\\\/category\\\/culture\\\/\"},{\"@type\":\"ListItem\",\"position\":3,\"name\":\"Projection du film \u00ab Les 2 Alfred \u00bb\"}]},{\"@type\":\"WebSite\",\"@id\":\"https:\\\/\\\/www.france.fi\\\/#website\",\"url\":\"https:\\\/\\\/www.france.fi\\\/\",\"name\":\"Institut fran\u00e7ais de Finlande\",\"description\":\"\",\"publisher\":{\"@id\":\"https:\\\/\\\/www.france.fi\\\/#organization\"},\"potentialAction\":[{\"@type\":\"SearchAction\",\"target\":{\"@type\":\"EntryPoint\",\"urlTemplate\":\"https:\\\/\\\/www.france.fi\\\/?s={search_term_string}\"},\"query-input\":{\"@type\":\"PropertyValueSpecification\",\"valueRequired\":true,\"valueName\":\"search_term_string\"}}],\"inLanguage\":\"en-US\"},{\"@type\":\"Organization\",\"@id\":\"https:\\\/\\\/www.france.fi\\\/#organization\",\"name\":\"Institut fran\u00e7ais de Finlande\",\"url\":\"https:\\\/\\\/www.france.fi\\\/\",\"logo\":{\"@type\":\"ImageObject\",\"inLanguage\":\"en-US\",\"@id\":\"https:\\\/\\\/www.france.fi\\\/#\\\/schema\\\/logo\\\/image\\\/\",\"url\":\"https:\\\/\\\/www.france.fi\\\/wp-content\\\/uploads\\\/2024\\\/02\\\/if-logo-1.png\",\"contentUrl\":\"https:\\\/\\\/www.france.fi\\\/wp-content\\\/uploads\\\/2024\\\/02\\\/if-logo-1.png\",\"width\":687,\"height\":459,\"caption\":\"Institut fran\u00e7ais de Finlande\"},\"image\":{\"@id\":\"https:\\\/\\\/www.france.fi\\\/#\\\/schema\\\/logo\\\/image\\\/\"},\"sameAs\":[\"https:\\\/\\\/www.facebook.com\\\/institutfrancaisfi\",\"https:\\\/\\\/x.com\\\/IFFinlande\",\"https:\\\/\\\/www.instagram.com\\\/iffinlande\\\/\",\"https:\\\/\\\/fr.linkedin.com\\\/organization-guest\\\/company\\\/institut-fran-ais-de-finlande\",\"https:\\\/\\\/www.youtube.com\\\/channel\\\/UCHAitdpmSbeP78eL49XMotA\"]},{\"@type\":\"Person\",\"@id\":\"https:\\\/\\\/www.france.fi\\\/#\\\/schema\\\/person\\\/ed873f29db1d0af6a3600d15d3b65bfd\",\"name\":\"Equipe IFF\",\"image\":{\"@type\":\"ImageObject\",\"inLanguage\":\"en-US\",\"@id\":\"https:\\\/\\\/secure.gravatar.com\\\/avatar\\\/3c4ba80228d01014b25e45e90abb28ce315a02c6572751a7fb2298e4274989fc?s=96&d=mm&r=g\",\"url\":\"https:\\\/\\\/secure.gravatar.com\\\/avatar\\\/3c4ba80228d01014b25e45e90abb28ce315a02c6572751a7fb2298e4274989fc?s=96&d=mm&r=g\",\"contentUrl\":\"https:\\\/\\\/secure.gravatar.com\\\/avatar\\\/3c4ba80228d01014b25e45e90abb28ce315a02c6572751a7fb2298e4274989fc?s=96&d=mm&r=g\",\"caption\":\"Equipe IFF\"},\"url\":\"https:\\\/\\\/www.france.fi\\\/en\\\/author\\\/iffadmin\\\/\"}]}<\/script>\n<!-- \/ Yoast SEO plugin. -->","yoast_head_json":{"title":"Projection du film \u00ab Les 2 Alfred \u00bb - Institut fran\u00e7ais","robots":{"index":"index","follow":"follow","max-snippet":"max-snippet:-1","max-image-preview":"max-image-preview:large","max-video-preview":"max-video-preview:-1"},"canonical":"https:\/\/www.france.fi\/en\/culture\/projection-du-film-les-2-alfred\/","og_locale":"en_US","og_type":"article","og_title":"Projection du film \u00ab Les 2 Alfred \u00bb - Institut fran\u00e7ais","og_description":"Rejoignez-nous le 8 f\u00e9vrier pour la projection de ce film humoristique sur la vie moderne !","og_url":"https:\/\/www.france.fi\/en\/culture\/projection-du-film-les-2-alfred\/","og_site_name":"Institut fran\u00e7ais","article_publisher":"https:\/\/www.facebook.com\/institutfrancaisfi","article_published_time":"2024-01-16T14:41:30+00:00","article_modified_time":"2024-02-09T11:47:11+00:00","og_image":[{"width":1280,"height":720,"url":"https:\/\/www.france.fi\/wp-content\/uploads\/2024\/01\/2-alfred-1098x617.jpg","type":"image\/jpeg"}],"author":"Equipe IFF","twitter_card":"summary_large_image","twitter_creator":"@IFFinlande","twitter_site":"@IFFinlande","twitter_misc":{"Written by":"Equipe IFF","Est. reading time":"1 minute"},"schema":{"@context":"https:\/\/schema.org","@graph":[{"@type":"Article","@id":"https:\/\/www.france.fi\/en\/culture\/projection-du-film-les-2-alfred\/#article","isPartOf":{"@id":"https:\/\/www.france.fi\/en\/culture\/projection-du-film-les-2-alfred\/"},"author":{"name":"Equipe IFF","@id":"https:\/\/www.france.fi\/#\/schema\/person\/ed873f29db1d0af6a3600d15d3b65bfd"},"headline":"Projection du film \u00ab Les 2 Alfred \u00bb","datePublished":"2024-01-16T14:41:30+00:00","dateModified":"2024-02-09T11:47:11+00:00","mainEntityOfPage":{"@id":"https:\/\/www.france.fi\/en\/culture\/projection-du-film-les-2-alfred\/"},"wordCount":152,"publisher":{"@id":"https:\/\/www.france.fi\/#organization"},"image":{"@id":"https:\/\/www.france.fi\/en\/culture\/projection-du-film-les-2-alfred\/#primaryimage"},"thumbnailUrl":"https:\/\/www.france.fi\/wp-content\/uploads\/2024\/01\/2-alfred-1098x617.jpg","articleSection":["Culture"],"inLanguage":"en-US"},{"@type":"WebPage","@id":"https:\/\/www.france.fi\/en\/culture\/projection-du-film-les-2-alfred\/","url":"https:\/\/www.france.fi\/en\/culture\/projection-du-film-les-2-alfred\/","name":"Projection du film \u00ab Les 2 Alfred \u00bb - Institut fran\u00e7ais","isPartOf":{"@id":"https:\/\/www.france.fi\/#website"},"primaryImageOfPage":{"@id":"https:\/\/www.france.fi\/en\/culture\/projection-du-film-les-2-alfred\/#primaryimage"},"image":{"@id":"https:\/\/www.france.fi\/en\/culture\/projection-du-film-les-2-alfred\/#primaryimage"},"thumbnailUrl":"https:\/\/www.france.fi\/wp-content\/uploads\/2024\/01\/2-alfred-1098x617.jpg","datePublished":"2024-01-16T14:41:30+00:00","dateModified":"2024-02-09T11:47:11+00:00","breadcrumb":{"@id":"https:\/\/www.france.fi\/en\/culture\/projection-du-film-les-2-alfred\/#breadcrumb"},"inLanguage":"en-US","potentialAction":[{"@type":"ReadAction","target":["https:\/\/www.france.fi\/en\/culture\/projection-du-film-les-2-alfred\/"]}]},{"@type":"ImageObject","inLanguage":"en-US","@id":"https:\/\/www.france.fi\/en\/culture\/projection-du-film-les-2-alfred\/#primaryimage","url":"https:\/\/www.france.fi\/wp-content\/uploads\/2024\/01\/2-alfred-1098x617.jpg","contentUrl":"https:\/\/www.france.fi\/wp-content\/uploads\/2024\/01\/2-alfred-1098x617.jpg","width":1280,"height":720},{"@type":"BreadcrumbList","@id":"https:\/\/www.france.fi\/en\/culture\/projection-du-film-les-2-alfred\/#breadcrumb","itemListElement":[{"@type":"ListItem","position":1,"name":"Home","item":"https:\/\/www.france.fi\/en\/"},{"@type":"ListItem","position":2,"name":"Culture","item":"https:\/\/www.france.fi\/fr\/category\/culture\/"},{"@type":"ListItem","position":3,"name":"Projection du film \u00ab Les 2 Alfred \u00bb"}]},{"@type":"WebSite","@id":"https:\/\/www.france.fi\/#website","url":"https:\/\/www.france.fi\/","name":"Institut fran\u00e7ais de Finlande","description":"","publisher":{"@id":"https:\/\/www.france.fi\/#organization"},"potentialAction":[{"@type":"SearchAction","target":{"@type":"EntryPoint","urlTemplate":"https:\/\/www.france.fi\/?s={search_term_string}"},"query-input":{"@type":"PropertyValueSpecification","valueRequired":true,"valueName":"search_term_string"}}],"inLanguage":"en-US"},{"@type":"Organization","@id":"https:\/\/www.france.fi\/#organization","name":"Institut fran\u00e7ais de Finlande","url":"https:\/\/www.france.fi\/","logo":{"@type":"ImageObject","inLanguage":"en-US","@id":"https:\/\/www.france.fi\/#\/schema\/logo\/image\/","url":"https:\/\/www.france.fi\/wp-content\/uploads\/2024\/02\/if-logo-1.png","contentUrl":"https:\/\/www.france.fi\/wp-content\/uploads\/2024\/02\/if-logo-1.png","width":687,"height":459,"caption":"Institut fran\u00e7ais de Finlande"},"image":{"@id":"https:\/\/www.france.fi\/#\/schema\/logo\/image\/"},"sameAs":["https:\/\/www.facebook.com\/institutfrancaisfi","https:\/\/x.com\/IFFinlande","https:\/\/www.instagram.com\/iffinlande\/","https:\/\/fr.linkedin.com\/organization-guest\/company\/institut-fran-ais-de-finlande","https:\/\/www.youtube.com\/channel\/UCHAitdpmSbeP78eL49XMotA"]},{"@type":"Person","@id":"https:\/\/www.france.fi\/#\/schema\/person\/ed873f29db1d0af6a3600d15d3b65bfd","name":"Equipe IFF","image":{"@type":"ImageObject","inLanguage":"en-US","@id":"https:\/\/secure.gravatar.com\/avatar\/3c4ba80228d01014b25e45e90abb28ce315a02c6572751a7fb2298e4274989fc?s=96&d=mm&r=g","url":"https:\/\/secure.gravatar.com\/avatar\/3c4ba80228d01014b25e45e90abb28ce315a02c6572751a7fb2298e4274989fc?s=96&d=mm&r=g","contentUrl":"https:\/\/secure.gravatar.com\/avatar\/3c4ba80228d01014b25e45e90abb28ce315a02c6572751a7fb2298e4274989fc?s=96&d=mm&r=g","caption":"Equipe IFF"},"url":"https:\/\/www.france.fi\/en\/author\/iffadmin\/"}]}},"_links":{"self":[{"href":"https:\/\/www.france.fi\/en\/wp-json\/wp\/v2\/posts\/15487","targetHints":{"allow":["GET"]}}],"collection":[{"href":"https:\/\/www.france.fi\/en\/wp-json\/wp\/v2\/posts"}],"about":[{"href":"https:\/\/www.france.fi\/en\/wp-json\/wp\/v2\/types\/post"}],"author":[{"embeddable":true,"href":"https:\/\/www.france.fi\/en\/wp-json\/wp\/v2\/users\/2"}],"replies":[{"embeddable":true,"href":"https:\/\/www.france.fi\/en\/wp-json\/wp\/v2\/comments?post=15487"}],"version-history":[{"count":0,"href":"https:\/\/www.france.fi\/en\/wp-json\/wp\/v2\/posts\/15487\/revisions"}],"wp:featuredmedia":[{"embeddable":true,"href":"https:\/\/www.france.fi\/en\/wp-json\/wp\/v2\/media\/15807"}],"wp:attachment":[{"href":"https:\/\/www.france.fi\/en\/wp-json\/wp\/v2\/media?parent=15487"}],"wp:term":[{"taxonomy":"category","embeddable":true,"href":"https:\/\/www.france.fi\/en\/wp-json\/wp\/v2\/categories?post=15487"},{"taxonomy":"post_tag","embeddable":true,"href":"https:\/\/www.france.fi\/en\/wp-json\/wp\/v2\/tags?post=15487"}],"curies":[{"name":"wp","href":"https:\/\/api.w.org\/{rel}","templated":true}]}}