{"id":15872,"date":"2024-02-13T13:46:03","date_gmt":"2024-02-13T11:46:03","guid":{"rendered":"https:\/\/www.france.fi\/culture\/exposition-photo-les-elles-des-jeux\/"},"modified":"2024-03-18T09:46:27","modified_gmt":"2024-03-18T07:46:27","slug":"exposition-photo-les-elles-des-jeux","status":"publish","type":"post","link":"https:\/\/www.france.fi\/en\/culture\/exposition-photo-les-elles-des-jeux\/","title":{"rendered":"Vernissage de l&#8217;exposition photo \u00ab Les Elles des Jeux \u00bb"},"content":{"rendered":"<p>Les femmes et les Jeux Olympiques ont longtemps nou\u00e9 des destins contradictoires voire hostiles. Exclues de fait du mouvement olympique \u00e0 sa r\u00e9novation \u00e0 la fin du XIXe si\u00e8cle, les sportives ont mis des d\u00e9cennies \u00e0 acqu\u00e9rir, peu \u00e0 peu, la place qui leur revient dans le sport en g\u00e9n\u00e9ral et plus particuli\u00e8rement dans le mouvement olympique.<\/p>\n<p>Des pionni\u00e8res dirigeantes, comme Alice Milliat, la cr\u00e9atrice des Jeux mondiaux f\u00e9minins en 1922, aux grandes athl\u00e8tes fran\u00e7aises et \u00e9trang\u00e8res telles que Christine Caron, Marie-Jos\u00e9 P\u00e9rec, Laure Manaudou ou plus r\u00e9cemment Clarisse Agbegnenou et Simone Biles, l&#8217;exposition permet de mesurer le spectaculaire chemin parcouru en plus de 130 ans, de la quasi-exclusion des femmes \u00e0 la lutte pour la parit\u00e9.<\/p>\n<p>Le vernissage de l&#8217;exposition se tiendra le 7 mars 2024 \u00e0 l&#8217;Institut fran\u00e7ais de Finlande \u00e0 partir de 17h. Pendant l&#8217;\u00e9v\u00e9nement, vous pourrez profiter d&#8217;une pr\u00e9sentation de l&#8217;exposition qui pr\u00e9c\u00e8dera un moment gourmand avec vins et fromages. Entr\u00e9e libre sur inscription.<\/p>\n<p>Cette exposition photo est con\u00e7ue par le Mus\u00e9e National du Sport et offert par l&#8217;Institut Fran\u00e7ais \u00e0 Paris. Elle est disponible du 28 f\u00e9vrier au 15 mars \u00a02024 \u00e0 l&#8217;Institut fran\u00e7ais de Finlande. Entr\u00e9e libre.<\/p>\n<table style=\"width: 100%; border-collapse: collapse; border-color: #caa5cf; height: 149px;\" border=\"2\">\n<tbody>\n<tr style=\"height: 149px;\">\n<td style=\"width: 100%; height: 149px;\"><span style=\"font-size: 10pt;\"><strong>Le nombre de places \u00e9tant limit\u00e9<\/strong>, nous vous demandons de vous inscrire\u00a0<strong>seulement si vous \u00eates s\u00fbr de pouvoir vous rendre \u00e0 l\u2019\u00e9v\u00e9nement.<\/strong><\/span><br \/>\n<span style=\"font-size: 10pt;\">Si toutefois vous ne pouvez pas y assister, veuillez envoyer un email \u00e0\u00a0<a class=\"fui-Link ___10kug0w f3rmtva f1ewtqcl fyind8e f1k6fduh f1w7gpdv fk6fouc fjoy568 figsok6 f1hu3pq6 f11qmguv f19f4twv f1tyq0we f1g0x7ka fhxju0i f1qch9an f1cnd47f fqv5qza f1vmzxwi f1o700av f13mvf36 f1cmlufx f9n3di6 f1ids18y f1tx3yz7 f1deo86v f1eh06m1 f1iescvh fhgqx19 f1olyrje f1p93eir f1nev41a f1h8hb77 f1lqvz6u f10aw75t fsle3fq f17ae5zn\" title=\"mailto:communication@france.fi\" href=\"mailto:communication@france.fi\" target=\"_blank\" rel=\"noreferrer noopener\" aria-label=\"Lien communication@france.fi\">communication@france.fi<\/a>\u00a0au minimum 24h avant l\u2019\u00e9v\u00e9nement pour annuler votre billet et lib\u00e9rer cette place pour une autre personne.<\/span><br \/>\n<span style=\"font-size: 10pt;\">Merci de votre compr\u00e9hension<\/span><\/td>\n<\/tr>\n<\/tbody>\n<\/table>\n","protected":false},"excerpt":{"rendered":"<p>Dans le cadre de l&#8217;ann\u00e9e olympique et de la journ\u00e9e internationale des droits des femmes, nous organisons une exposition photo sur la place des femmes dans les Jeux Olympiques \u00e0 travers l&#8217;histoire.<\/p>\n","protected":false},"author":2,"featured_media":15869,"comment_status":"closed","ping_status":"closed","sticky":false,"template":"","format":"standard","meta":{"footnotes":""},"categories":[25],"tags":[],"class_list":["post-15872","post","type-post","status-publish","format-standard","has-post-thumbnail","hentry","category-culture"],"yoast_head":"<!-- This site is optimized with the Yoast SEO plugin v27.4 - https:\/\/yoast.com\/product\/yoast-seo-wordpress\/ -->\n<title>Vernissage de l&#039;exposition photo \u00ab Les Elles des Jeux \u00bb - Institut fran\u00e7ais<\/title>\n<meta name=\"robots\" content=\"index, follow, max-snippet:-1, max-image-preview:large, max-video-preview:-1\" \/>\n<link rel=\"canonical\" href=\"https:\/\/www.france.fi\/en\/culture\/exposition-photo-les-elles-des-jeux\/\" \/>\n<meta property=\"og:locale\" content=\"en_US\" \/>\n<meta property=\"og:type\" content=\"article\" \/>\n<meta property=\"og:title\" content=\"Vernissage de l&#039;exposition photo \u00ab Les Elles des Jeux \u00bb - Institut fran\u00e7ais\" \/>\n<meta property=\"og:description\" content=\"Dans le cadre de l&#039;ann\u00e9e olympique et de la journ\u00e9e internationale des droits des femmes, nous organisons une exposition photo sur la place des femmes dans les Jeux Olympiques \u00e0 travers l&#039;histoire.\" \/>\n<meta property=\"og:url\" content=\"https:\/\/www.france.fi\/en\/culture\/exposition-photo-les-elles-des-jeux\/\" \/>\n<meta property=\"og:site_name\" content=\"Institut fran\u00e7ais\" \/>\n<meta property=\"article:publisher\" content=\"https:\/\/www.facebook.com\/institutfrancaisfi\" \/>\n<meta property=\"article:published_time\" content=\"2024-02-13T11:46:03+00:00\" \/>\n<meta property=\"article:modified_time\" content=\"2024-03-18T07:46:27+00:00\" \/>\n<meta property=\"og:image\" content=\"https:\/\/www.france.fi\/wp-content\/uploads\/2024\/02\/Les-elles-des-jeux-1098x617.jpg\" \/>\n\t<meta property=\"og:image:width\" content=\"1280\" \/>\n\t<meta property=\"og:image:height\" content=\"720\" \/>\n\t<meta property=\"og:image:type\" content=\"image\/jpeg\" \/>\n<meta name=\"author\" content=\"Equipe IFF\" \/>\n<meta name=\"twitter:card\" content=\"summary_large_image\" \/>\n<meta name=\"twitter:creator\" content=\"@IFFinlande\" \/>\n<meta name=\"twitter:site\" content=\"@IFFinlande\" \/>\n<meta name=\"twitter:label1\" content=\"Written by\" \/>\n\t<meta name=\"twitter:data1\" content=\"Equipe IFF\" \/>\n\t<meta name=\"twitter:label2\" content=\"Est. reading time\" \/>\n\t<meta name=\"twitter:data2\" content=\"2 minutes\" \/>\n<script type=\"application\/ld+json\" class=\"yoast-schema-graph\">{\"@context\":\"https:\\\/\\\/schema.org\",\"@graph\":[{\"@type\":\"Article\",\"@id\":\"https:\\\/\\\/www.france.fi\\\/en\\\/culture\\\/exposition-photo-les-elles-des-jeux\\\/#article\",\"isPartOf\":{\"@id\":\"https:\\\/\\\/www.france.fi\\\/en\\\/culture\\\/exposition-photo-les-elles-des-jeux\\\/\"},\"author\":{\"name\":\"Equipe IFF\",\"@id\":\"https:\\\/\\\/www.france.fi\\\/#\\\/schema\\\/person\\\/ed873f29db1d0af6a3600d15d3b65bfd\"},\"headline\":\"Vernissage de l&#8217;exposition photo \u00ab Les Elles des Jeux \u00bb\",\"datePublished\":\"2024-02-13T11:46:03+00:00\",\"dateModified\":\"2024-03-18T07:46:27+00:00\",\"mainEntityOfPage\":{\"@id\":\"https:\\\/\\\/www.france.fi\\\/en\\\/culture\\\/exposition-photo-les-elles-des-jeux\\\/\"},\"wordCount\":286,\"publisher\":{\"@id\":\"https:\\\/\\\/www.france.fi\\\/#organization\"},\"image\":{\"@id\":\"https:\\\/\\\/www.france.fi\\\/en\\\/culture\\\/exposition-photo-les-elles-des-jeux\\\/#primaryimage\"},\"thumbnailUrl\":\"https:\\\/\\\/www.france.fi\\\/wp-content\\\/uploads\\\/2024\\\/02\\\/Les-elles-des-jeux-1098x617.jpg\",\"articleSection\":[\"Culture\"],\"inLanguage\":\"en-US\"},{\"@type\":\"WebPage\",\"@id\":\"https:\\\/\\\/www.france.fi\\\/en\\\/culture\\\/exposition-photo-les-elles-des-jeux\\\/\",\"url\":\"https:\\\/\\\/www.france.fi\\\/en\\\/culture\\\/exposition-photo-les-elles-des-jeux\\\/\",\"name\":\"Vernissage de l'exposition photo \u00ab Les Elles des Jeux \u00bb - Institut fran\u00e7ais\",\"isPartOf\":{\"@id\":\"https:\\\/\\\/www.france.fi\\\/#website\"},\"primaryImageOfPage\":{\"@id\":\"https:\\\/\\\/www.france.fi\\\/en\\\/culture\\\/exposition-photo-les-elles-des-jeux\\\/#primaryimage\"},\"image\":{\"@id\":\"https:\\\/\\\/www.france.fi\\\/en\\\/culture\\\/exposition-photo-les-elles-des-jeux\\\/#primaryimage\"},\"thumbnailUrl\":\"https:\\\/\\\/www.france.fi\\\/wp-content\\\/uploads\\\/2024\\\/02\\\/Les-elles-des-jeux-1098x617.jpg\",\"datePublished\":\"2024-02-13T11:46:03+00:00\",\"dateModified\":\"2024-03-18T07:46:27+00:00\",\"breadcrumb\":{\"@id\":\"https:\\\/\\\/www.france.fi\\\/en\\\/culture\\\/exposition-photo-les-elles-des-jeux\\\/#breadcrumb\"},\"inLanguage\":\"en-US\",\"potentialAction\":[{\"@type\":\"ReadAction\",\"target\":[\"https:\\\/\\\/www.france.fi\\\/en\\\/culture\\\/exposition-photo-les-elles-des-jeux\\\/\"]}]},{\"@type\":\"ImageObject\",\"inLanguage\":\"en-US\",\"@id\":\"https:\\\/\\\/www.france.fi\\\/en\\\/culture\\\/exposition-photo-les-elles-des-jeux\\\/#primaryimage\",\"url\":\"https:\\\/\\\/www.france.fi\\\/wp-content\\\/uploads\\\/2024\\\/02\\\/Les-elles-des-jeux-1098x617.jpg\",\"contentUrl\":\"https:\\\/\\\/www.france.fi\\\/wp-content\\\/uploads\\\/2024\\\/02\\\/Les-elles-des-jeux-1098x617.jpg\",\"width\":1280,\"height\":720},{\"@type\":\"BreadcrumbList\",\"@id\":\"https:\\\/\\\/www.france.fi\\\/en\\\/culture\\\/exposition-photo-les-elles-des-jeux\\\/#breadcrumb\",\"itemListElement\":[{\"@type\":\"ListItem\",\"position\":1,\"name\":\"Home\",\"item\":\"https:\\\/\\\/www.france.fi\\\/en\\\/\"},{\"@type\":\"ListItem\",\"position\":2,\"name\":\"Culture\",\"item\":\"https:\\\/\\\/www.france.fi\\\/fr\\\/category\\\/culture\\\/\"},{\"@type\":\"ListItem\",\"position\":3,\"name\":\"Vernissage de l&rsquo;exposition photo \u00ab Les Elles des Jeux \u00bb\"}]},{\"@type\":\"WebSite\",\"@id\":\"https:\\\/\\\/www.france.fi\\\/#website\",\"url\":\"https:\\\/\\\/www.france.fi\\\/\",\"name\":\"Institut fran\u00e7ais de Finlande\",\"description\":\"\",\"publisher\":{\"@id\":\"https:\\\/\\\/www.france.fi\\\/#organization\"},\"potentialAction\":[{\"@type\":\"SearchAction\",\"target\":{\"@type\":\"EntryPoint\",\"urlTemplate\":\"https:\\\/\\\/www.france.fi\\\/?s={search_term_string}\"},\"query-input\":{\"@type\":\"PropertyValueSpecification\",\"valueRequired\":true,\"valueName\":\"search_term_string\"}}],\"inLanguage\":\"en-US\"},{\"@type\":\"Organization\",\"@id\":\"https:\\\/\\\/www.france.fi\\\/#organization\",\"name\":\"Institut fran\u00e7ais de Finlande\",\"url\":\"https:\\\/\\\/www.france.fi\\\/\",\"logo\":{\"@type\":\"ImageObject\",\"inLanguage\":\"en-US\",\"@id\":\"https:\\\/\\\/www.france.fi\\\/#\\\/schema\\\/logo\\\/image\\\/\",\"url\":\"https:\\\/\\\/www.france.fi\\\/wp-content\\\/uploads\\\/2024\\\/02\\\/if-logo-1.png\",\"contentUrl\":\"https:\\\/\\\/www.france.fi\\\/wp-content\\\/uploads\\\/2024\\\/02\\\/if-logo-1.png\",\"width\":687,\"height\":459,\"caption\":\"Institut fran\u00e7ais de Finlande\"},\"image\":{\"@id\":\"https:\\\/\\\/www.france.fi\\\/#\\\/schema\\\/logo\\\/image\\\/\"},\"sameAs\":[\"https:\\\/\\\/www.facebook.com\\\/institutfrancaisfi\",\"https:\\\/\\\/x.com\\\/IFFinlande\",\"https:\\\/\\\/www.instagram.com\\\/iffinlande\\\/\",\"https:\\\/\\\/fr.linkedin.com\\\/organization-guest\\\/company\\\/institut-fran-ais-de-finlande\",\"https:\\\/\\\/www.youtube.com\\\/channel\\\/UCHAitdpmSbeP78eL49XMotA\"]},{\"@type\":\"Person\",\"@id\":\"https:\\\/\\\/www.france.fi\\\/#\\\/schema\\\/person\\\/ed873f29db1d0af6a3600d15d3b65bfd\",\"name\":\"Equipe IFF\",\"image\":{\"@type\":\"ImageObject\",\"inLanguage\":\"en-US\",\"@id\":\"https:\\\/\\\/secure.gravatar.com\\\/avatar\\\/3c4ba80228d01014b25e45e90abb28ce315a02c6572751a7fb2298e4274989fc?s=96&d=mm&r=g\",\"url\":\"https:\\\/\\\/secure.gravatar.com\\\/avatar\\\/3c4ba80228d01014b25e45e90abb28ce315a02c6572751a7fb2298e4274989fc?s=96&d=mm&r=g\",\"contentUrl\":\"https:\\\/\\\/secure.gravatar.com\\\/avatar\\\/3c4ba80228d01014b25e45e90abb28ce315a02c6572751a7fb2298e4274989fc?s=96&d=mm&r=g\",\"caption\":\"Equipe IFF\"},\"url\":\"https:\\\/\\\/www.france.fi\\\/en\\\/author\\\/iffadmin\\\/\"}]}<\/script>\n<!-- \/ Yoast SEO plugin. -->","yoast_head_json":{"title":"Vernissage de l'exposition photo \u00ab Les Elles des Jeux \u00bb - Institut fran\u00e7ais","robots":{"index":"index","follow":"follow","max-snippet":"max-snippet:-1","max-image-preview":"max-image-preview:large","max-video-preview":"max-video-preview:-1"},"canonical":"https:\/\/www.france.fi\/en\/culture\/exposition-photo-les-elles-des-jeux\/","og_locale":"en_US","og_type":"article","og_title":"Vernissage de l'exposition photo \u00ab Les Elles des Jeux \u00bb - Institut fran\u00e7ais","og_description":"Dans le cadre de l'ann\u00e9e olympique et de la journ\u00e9e internationale des droits des femmes, nous organisons une exposition photo sur la place des femmes dans les Jeux Olympiques \u00e0 travers l'histoire.","og_url":"https:\/\/www.france.fi\/en\/culture\/exposition-photo-les-elles-des-jeux\/","og_site_name":"Institut fran\u00e7ais","article_publisher":"https:\/\/www.facebook.com\/institutfrancaisfi","article_published_time":"2024-02-13T11:46:03+00:00","article_modified_time":"2024-03-18T07:46:27+00:00","og_image":[{"width":1280,"height":720,"url":"https:\/\/www.france.fi\/wp-content\/uploads\/2024\/02\/Les-elles-des-jeux-1098x617.jpg","type":"image\/jpeg"}],"author":"Equipe IFF","twitter_card":"summary_large_image","twitter_creator":"@IFFinlande","twitter_site":"@IFFinlande","twitter_misc":{"Written by":"Equipe IFF","Est. reading time":"2 minutes"},"schema":{"@context":"https:\/\/schema.org","@graph":[{"@type":"Article","@id":"https:\/\/www.france.fi\/en\/culture\/exposition-photo-les-elles-des-jeux\/#article","isPartOf":{"@id":"https:\/\/www.france.fi\/en\/culture\/exposition-photo-les-elles-des-jeux\/"},"author":{"name":"Equipe IFF","@id":"https:\/\/www.france.fi\/#\/schema\/person\/ed873f29db1d0af6a3600d15d3b65bfd"},"headline":"Vernissage de l&#8217;exposition photo \u00ab Les Elles des Jeux \u00bb","datePublished":"2024-02-13T11:46:03+00:00","dateModified":"2024-03-18T07:46:27+00:00","mainEntityOfPage":{"@id":"https:\/\/www.france.fi\/en\/culture\/exposition-photo-les-elles-des-jeux\/"},"wordCount":286,"publisher":{"@id":"https:\/\/www.france.fi\/#organization"},"image":{"@id":"https:\/\/www.france.fi\/en\/culture\/exposition-photo-les-elles-des-jeux\/#primaryimage"},"thumbnailUrl":"https:\/\/www.france.fi\/wp-content\/uploads\/2024\/02\/Les-elles-des-jeux-1098x617.jpg","articleSection":["Culture"],"inLanguage":"en-US"},{"@type":"WebPage","@id":"https:\/\/www.france.fi\/en\/culture\/exposition-photo-les-elles-des-jeux\/","url":"https:\/\/www.france.fi\/en\/culture\/exposition-photo-les-elles-des-jeux\/","name":"Vernissage de l'exposition photo \u00ab Les Elles des Jeux \u00bb - Institut fran\u00e7ais","isPartOf":{"@id":"https:\/\/www.france.fi\/#website"},"primaryImageOfPage":{"@id":"https:\/\/www.france.fi\/en\/culture\/exposition-photo-les-elles-des-jeux\/#primaryimage"},"image":{"@id":"https:\/\/www.france.fi\/en\/culture\/exposition-photo-les-elles-des-jeux\/#primaryimage"},"thumbnailUrl":"https:\/\/www.france.fi\/wp-content\/uploads\/2024\/02\/Les-elles-des-jeux-1098x617.jpg","datePublished":"2024-02-13T11:46:03+00:00","dateModified":"2024-03-18T07:46:27+00:00","breadcrumb":{"@id":"https:\/\/www.france.fi\/en\/culture\/exposition-photo-les-elles-des-jeux\/#breadcrumb"},"inLanguage":"en-US","potentialAction":[{"@type":"ReadAction","target":["https:\/\/www.france.fi\/en\/culture\/exposition-photo-les-elles-des-jeux\/"]}]},{"@type":"ImageObject","inLanguage":"en-US","@id":"https:\/\/www.france.fi\/en\/culture\/exposition-photo-les-elles-des-jeux\/#primaryimage","url":"https:\/\/www.france.fi\/wp-content\/uploads\/2024\/02\/Les-elles-des-jeux-1098x617.jpg","contentUrl":"https:\/\/www.france.fi\/wp-content\/uploads\/2024\/02\/Les-elles-des-jeux-1098x617.jpg","width":1280,"height":720},{"@type":"BreadcrumbList","@id":"https:\/\/www.france.fi\/en\/culture\/exposition-photo-les-elles-des-jeux\/#breadcrumb","itemListElement":[{"@type":"ListItem","position":1,"name":"Home","item":"https:\/\/www.france.fi\/en\/"},{"@type":"ListItem","position":2,"name":"Culture","item":"https:\/\/www.france.fi\/fr\/category\/culture\/"},{"@type":"ListItem","position":3,"name":"Vernissage de l&rsquo;exposition photo \u00ab Les Elles des Jeux \u00bb"}]},{"@type":"WebSite","@id":"https:\/\/www.france.fi\/#website","url":"https:\/\/www.france.fi\/","name":"Institut fran\u00e7ais de Finlande","description":"","publisher":{"@id":"https:\/\/www.france.fi\/#organization"},"potentialAction":[{"@type":"SearchAction","target":{"@type":"EntryPoint","urlTemplate":"https:\/\/www.france.fi\/?s={search_term_string}"},"query-input":{"@type":"PropertyValueSpecification","valueRequired":true,"valueName":"search_term_string"}}],"inLanguage":"en-US"},{"@type":"Organization","@id":"https:\/\/www.france.fi\/#organization","name":"Institut fran\u00e7ais de Finlande","url":"https:\/\/www.france.fi\/","logo":{"@type":"ImageObject","inLanguage":"en-US","@id":"https:\/\/www.france.fi\/#\/schema\/logo\/image\/","url":"https:\/\/www.france.fi\/wp-content\/uploads\/2024\/02\/if-logo-1.png","contentUrl":"https:\/\/www.france.fi\/wp-content\/uploads\/2024\/02\/if-logo-1.png","width":687,"height":459,"caption":"Institut fran\u00e7ais de Finlande"},"image":{"@id":"https:\/\/www.france.fi\/#\/schema\/logo\/image\/"},"sameAs":["https:\/\/www.facebook.com\/institutfrancaisfi","https:\/\/x.com\/IFFinlande","https:\/\/www.instagram.com\/iffinlande\/","https:\/\/fr.linkedin.com\/organization-guest\/company\/institut-fran-ais-de-finlande","https:\/\/www.youtube.com\/channel\/UCHAitdpmSbeP78eL49XMotA"]},{"@type":"Person","@id":"https:\/\/www.france.fi\/#\/schema\/person\/ed873f29db1d0af6a3600d15d3b65bfd","name":"Equipe IFF","image":{"@type":"ImageObject","inLanguage":"en-US","@id":"https:\/\/secure.gravatar.com\/avatar\/3c4ba80228d01014b25e45e90abb28ce315a02c6572751a7fb2298e4274989fc?s=96&d=mm&r=g","url":"https:\/\/secure.gravatar.com\/avatar\/3c4ba80228d01014b25e45e90abb28ce315a02c6572751a7fb2298e4274989fc?s=96&d=mm&r=g","contentUrl":"https:\/\/secure.gravatar.com\/avatar\/3c4ba80228d01014b25e45e90abb28ce315a02c6572751a7fb2298e4274989fc?s=96&d=mm&r=g","caption":"Equipe IFF"},"url":"https:\/\/www.france.fi\/en\/author\/iffadmin\/"}]}},"_links":{"self":[{"href":"https:\/\/www.france.fi\/en\/wp-json\/wp\/v2\/posts\/15872","targetHints":{"allow":["GET"]}}],"collection":[{"href":"https:\/\/www.france.fi\/en\/wp-json\/wp\/v2\/posts"}],"about":[{"href":"https:\/\/www.france.fi\/en\/wp-json\/wp\/v2\/types\/post"}],"author":[{"embeddable":true,"href":"https:\/\/www.france.fi\/en\/wp-json\/wp\/v2\/users\/2"}],"replies":[{"embeddable":true,"href":"https:\/\/www.france.fi\/en\/wp-json\/wp\/v2\/comments?post=15872"}],"version-history":[{"count":0,"href":"https:\/\/www.france.fi\/en\/wp-json\/wp\/v2\/posts\/15872\/revisions"}],"wp:featuredmedia":[{"embeddable":true,"href":"https:\/\/www.france.fi\/en\/wp-json\/wp\/v2\/media\/15869"}],"wp:attachment":[{"href":"https:\/\/www.france.fi\/en\/wp-json\/wp\/v2\/media?parent=15872"}],"wp:term":[{"taxonomy":"category","embeddable":true,"href":"https:\/\/www.france.fi\/en\/wp-json\/wp\/v2\/categories?post=15872"},{"taxonomy":"post_tag","embeddable":true,"href":"https:\/\/www.france.fi\/en\/wp-json\/wp\/v2\/tags?post=15872"}],"curies":[{"name":"wp","href":"https:\/\/api.w.org\/{rel}","templated":true}]}}