{"id":17261,"date":"2024-08-20T15:00:19","date_gmt":"2024-08-20T12:00:19","guid":{"rendered":"https:\/\/www.france.fi\/culture\/une-vingtaine-de-films-francais-au-festival-espoo-cine\/"},"modified":"2024-09-02T13:48:23","modified_gmt":"2024-09-02T10:48:23","slug":"une-vingtaine-de-films-francais-au-festival-espoo-cine","status":"publish","type":"post","link":"https:\/\/www.france.fi\/en\/culture\/une-vingtaine-de-films-francais-au-festival-espoo-cine\/","title":{"rendered":"Une vingtaine de films fran\u00e7ais au festival Espoo Cin\u00e9\u202f!"},"content":{"rendered":"<p><span data-contrast=\"auto\">Le festival de cin\u00e9ma Espoo Cin\u00e9, soutenu par l&#8217;Institut fran\u00e7ais de Finlande, se tiendra du 23 ao\u00fbt au 1er septembre 2024. Comme pendant les ann\u00e9es pr\u00e9c\u00e9dentes, l\u2019\u00e9dition de cette ann\u00e9e propose elle aussi une riche s\u00e9lection de films fran\u00e7ais \u00e9mouvants et dot\u00e9s d\u2019une grande qualit\u00e9. Bien que la plupart des 23 films (co)produits en France ne soient d\u00e9voil\u00e9s que le 1er ao\u00fbt, voici quelques annonces de la programmation fran\u00e7aise au festival :<\/span><span data-ccp-props=\"{&quot;201341983&quot;:0,&quot;335559739&quot;:160,&quot;335559740&quot;:259}\">\u00a0<\/span><\/p>\n<h5><b><span data-contrast=\"auto\">\u00ab\u202fBorgo\u202f\u00bb (2023)<\/span><\/b><span data-ccp-props=\"{&quot;201341983&quot;:0,&quot;335559739&quot;:160,&quot;335559740&quot;:259}\">\u00a0<\/span><\/h5>\n<p><span data-contrast=\"auto\">R\u00e9alis\u00e9 par St\u00e9phanie Demoustier, le film \u00ab<\/span> <span data-contrast=\"auto\">Borgo \u00bb raconte l&#8217;histoire de Melissa, une gardienne de prison de 32 ans qui d\u00e9m\u00e9nage en Corse avec son conjoint et leurs deux enfants. La star montante Hafsia Herzi rayonne dans ce drame policier fran\u00e7ais.<\/span><span data-ccp-props=\"{&quot;201341983&quot;:0,&quot;335559739&quot;:160,&quot;335559740&quot;:259}\">\u00a0<\/span><\/p>\n<h5><b><span data-contrast=\"auto\">\u00ab\u202fPendant ce temps sur Terre\u202f\u00bb (2023)<\/span><\/b><span data-ccp-props=\"{&quot;201341983&quot;:0,&quot;335559739&quot;:160,&quot;335559740&quot;:259}\">\u00a0<\/span><\/h5>\n<p><span data-contrast=\"auto\">Dans le film de science-fiction \u00ab\u202fPendant ce temps sur Terre\u202f\u00bb<\/span> <span data-contrast=\"auto\">de J\u00e9r\u00e9my Clapin, on plonge dans le monde des extraterrestres. Le personnage principal du film est Elsa, \u00e2g\u00e9e de 23 ans, dont le fr\u00e8re est disparu trois ans auparavant lors d&#8217;un voyage spatial. Cette disparition a marqu\u00e9 sa communaut\u00e9 et notamment Elsa elle-m\u00eame. Un jour, un repr\u00e9sentant d&#8217;une forme de vie inconnue contacte Elsa, pr\u00e9tendant pouvoir ramener son fr\u00e8re sur Terre. Ce film visuellement captivant, combinant s\u00e9quences vid\u00e9o et animation, traite essentiellement du deuil et du manque : les \u00eatres aim\u00e9s continuent de vivre en nous, m\u00eame s&#8217;ils sont physiquement absents.<\/span><span data-ccp-props=\"{&quot;201341983&quot;:0,&quot;335559739&quot;:160,&quot;335559740&quot;:259}\">\u00a0<\/span><\/p>\n<h5><b><span data-contrast=\"auto\">\u00ab\u202fDaaaaaali!\u202f\u00bb (2023)<\/span><\/b><span data-ccp-props=\"{&quot;201341983&quot;:0,&quot;335559739&quot;:160,&quot;335559740&quot;:259}\">\u00a0<\/span><\/h5>\n<p><span data-contrast=\"auto\">R\u00e9alis\u00e9 par Quentin Dupieux, \u00ab Daaaaaali! \u00bb est une com\u00e9die surr\u00e9aliste o\u00f9 pas moins de six acteurs incarnent Salvador Dal\u00ed. Connu \u00e9galement en tant que DJ sous le pseudonyme de Mr. Oizo, Quentin Dupieux s&#8217;est rapidement fait un nom culte dans le monde du cin\u00e9ma. Son dernier film, \u00ab\u202fLe Deuxi\u00e8me Acte\u202f\u00bb, a ouvert le festival de Cannes cette ann\u00e9e.<\/span><span data-ccp-props=\"{&quot;201341983&quot;:0,&quot;335559739&quot;:160,&quot;335559740&quot;:259}\">\u00a0<\/span><\/p>\n<h5><b><span data-contrast=\"auto\">\u00ab\u202fBye Bye Tiberias\u202f\u00bb (2023)<\/span><\/b><span data-ccp-props=\"{&quot;201341983&quot;:0,&quot;335559739&quot;:160,&quot;335559740&quot;:259}\">\u00a0<\/span><\/h5>\n<p><span data-contrast=\"auto\">R\u00e9alis\u00e9 par la documentariste Lina Soualem, \u00ab Bye Bye Tiberias \u00bb retrace l&#8217;histoire de l&#8217;actrice palestinienne Hiam Abbas (vue notamment dans \u00ab Succession \u00bb). Celle-ci revient sur le parcours de sa m\u00e8re qui a quitt\u00e9 son village natal de Deir Hanna en Palestine dans ses vingtaines pour poursuivre une carri\u00e8re d&#8217;actrice en Europe. Trente ans plus tard, Lina Soualem ram\u00e8ne sa m\u00e8re dans son village d&#8217;enfance pour comprendre pourquoi elle avait quitt\u00e9 la Palestine. Ce documentaire, cr\u00e9\u00e9 \u00e0 partir de leur voyage, de vieilles vid\u00e9os familiales et d&#8217;archives, raconte l&#8217;histoire de la famille Soualem et, plus largement, celle des femmes palestiniennes \u00e0 travers une perspective interg\u00e9n\u00e9rationnelle. Le film est une coproduction entre la France, la Belgique, la Palestine et le Qatar.<\/span><span data-ccp-props=\"{&quot;201341983&quot;:0,&quot;335559739&quot;:160,&quot;335559740&quot;:259}\">\u00a0<\/span><\/p>\n<p><span data-contrast=\"auto\">Le programme complet du festival sera publi\u00e9 le 1er ao\u00fbt sur <\/span><strong><a href=\"https:\/\/espoocine.fi\/en\/\" target=\"_blank\" rel=\"noopener\">le site web d&#8217;Espoo Cin\u00e9<\/a><\/strong><span data-contrast=\"auto\">. Suivez nos communications sur les r\u00e9seaux sociaux pour obtenir un aper\u00e7u complet de l&#8217;offre fran\u00e7aise du festival.<\/span><span data-ccp-props=\"{&quot;201341983&quot;:0,&quot;335559739&quot;:160,&quot;335559740&quot;:259}\">\u00a0<\/span><\/p>\n","protected":false},"excerpt":{"rendered":"<p>Des drames policiers \u00e0 Salvador Dal\u00ed, en passant par les extraterrestres : trouvez votre film pr\u00e9f\u00e9r\u00e9 parmi les productions fran\u00e7aises de cette ann\u00e9e\u202f! <\/p>\n","protected":false},"author":2,"featured_media":17258,"comment_status":"closed","ping_status":"closed","sticky":false,"template":"","format":"standard","meta":{"footnotes":""},"categories":[25],"tags":[450],"class_list":["post-17261","post","type-post","status-publish","format-standard","has-post-thumbnail","hentry","category-culture","tag-espoo-cine-en"],"yoast_head":"<!-- This site is optimized with the Yoast SEO plugin v27.4 - https:\/\/yoast.com\/product\/yoast-seo-wordpress\/ -->\n<title>Une vingtaine de films fran\u00e7ais au festival Espoo Cin\u00e9\u202f! - Institut fran\u00e7ais<\/title>\n<meta name=\"robots\" content=\"index, follow, max-snippet:-1, max-image-preview:large, max-video-preview:-1\" \/>\n<link rel=\"canonical\" href=\"https:\/\/www.france.fi\/en\/culture\/une-vingtaine-de-films-francais-au-festival-espoo-cine\/\" \/>\n<meta property=\"og:locale\" content=\"en_US\" \/>\n<meta property=\"og:type\" content=\"article\" \/>\n<meta property=\"og:title\" content=\"Une vingtaine de films fran\u00e7ais au festival Espoo Cin\u00e9\u202f! - Institut fran\u00e7ais\" \/>\n<meta property=\"og:description\" content=\"Des drames policiers \u00e0 Salvador Dal\u00ed, en passant par les extraterrestres : trouvez votre film pr\u00e9f\u00e9r\u00e9 parmi les productions fran\u00e7aises de cette ann\u00e9e\u202f!\" \/>\n<meta property=\"og:url\" content=\"https:\/\/www.france.fi\/en\/culture\/une-vingtaine-de-films-francais-au-festival-espoo-cine\/\" \/>\n<meta property=\"og:site_name\" content=\"Institut fran\u00e7ais\" \/>\n<meta property=\"article:publisher\" content=\"https:\/\/www.facebook.com\/institutfrancaisfi\" \/>\n<meta property=\"article:published_time\" content=\"2024-08-20T12:00:19+00:00\" \/>\n<meta property=\"article:modified_time\" content=\"2024-09-02T10:48:23+00:00\" \/>\n<meta property=\"og:image\" content=\"https:\/\/www.france.fi\/wp-content\/uploads\/2024\/07\/Espoo-cine-1098x617.jpg\" \/>\n\t<meta property=\"og:image:width\" content=\"1280\" \/>\n\t<meta property=\"og:image:height\" content=\"720\" \/>\n\t<meta property=\"og:image:type\" content=\"image\/jpeg\" \/>\n<meta name=\"author\" content=\"Equipe IFF\" \/>\n<meta name=\"twitter:card\" content=\"summary_large_image\" \/>\n<meta name=\"twitter:creator\" content=\"@IFFinlande\" \/>\n<meta name=\"twitter:site\" content=\"@IFFinlande\" \/>\n<meta name=\"twitter:label1\" content=\"Written by\" \/>\n\t<meta name=\"twitter:data1\" content=\"Equipe IFF\" \/>\n\t<meta name=\"twitter:label2\" content=\"Est. reading time\" \/>\n\t<meta name=\"twitter:data2\" content=\"3 minutes\" \/>\n<script type=\"application\/ld+json\" class=\"yoast-schema-graph\">{\"@context\":\"https:\\\/\\\/schema.org\",\"@graph\":[{\"@type\":\"Article\",\"@id\":\"https:\\\/\\\/www.france.fi\\\/en\\\/culture\\\/une-vingtaine-de-films-francais-au-festival-espoo-cine\\\/#article\",\"isPartOf\":{\"@id\":\"https:\\\/\\\/www.france.fi\\\/en\\\/culture\\\/une-vingtaine-de-films-francais-au-festival-espoo-cine\\\/\"},\"author\":{\"name\":\"Equipe IFF\",\"@id\":\"https:\\\/\\\/www.france.fi\\\/#\\\/schema\\\/person\\\/ed873f29db1d0af6a3600d15d3b65bfd\"},\"headline\":\"Une vingtaine de films fran\u00e7ais au festival Espoo Cin\u00e9\u202f!\",\"datePublished\":\"2024-08-20T12:00:19+00:00\",\"dateModified\":\"2024-09-02T10:48:23+00:00\",\"mainEntityOfPage\":{\"@id\":\"https:\\\/\\\/www.france.fi\\\/en\\\/culture\\\/une-vingtaine-de-films-francais-au-festival-espoo-cine\\\/\"},\"wordCount\":497,\"publisher\":{\"@id\":\"https:\\\/\\\/www.france.fi\\\/#organization\"},\"image\":{\"@id\":\"https:\\\/\\\/www.france.fi\\\/en\\\/culture\\\/une-vingtaine-de-films-francais-au-festival-espoo-cine\\\/#primaryimage\"},\"thumbnailUrl\":\"https:\\\/\\\/www.france.fi\\\/wp-content\\\/uploads\\\/2024\\\/07\\\/Espoo-cine-1098x617.jpg\",\"keywords\":[\"Espoo cin\u00e9\"],\"articleSection\":[\"Culture\"],\"inLanguage\":\"en-US\"},{\"@type\":\"WebPage\",\"@id\":\"https:\\\/\\\/www.france.fi\\\/en\\\/culture\\\/une-vingtaine-de-films-francais-au-festival-espoo-cine\\\/\",\"url\":\"https:\\\/\\\/www.france.fi\\\/en\\\/culture\\\/une-vingtaine-de-films-francais-au-festival-espoo-cine\\\/\",\"name\":\"Une vingtaine de films fran\u00e7ais au festival Espoo Cin\u00e9\u202f! - Institut fran\u00e7ais\",\"isPartOf\":{\"@id\":\"https:\\\/\\\/www.france.fi\\\/#website\"},\"primaryImageOfPage\":{\"@id\":\"https:\\\/\\\/www.france.fi\\\/en\\\/culture\\\/une-vingtaine-de-films-francais-au-festival-espoo-cine\\\/#primaryimage\"},\"image\":{\"@id\":\"https:\\\/\\\/www.france.fi\\\/en\\\/culture\\\/une-vingtaine-de-films-francais-au-festival-espoo-cine\\\/#primaryimage\"},\"thumbnailUrl\":\"https:\\\/\\\/www.france.fi\\\/wp-content\\\/uploads\\\/2024\\\/07\\\/Espoo-cine-1098x617.jpg\",\"datePublished\":\"2024-08-20T12:00:19+00:00\",\"dateModified\":\"2024-09-02T10:48:23+00:00\",\"breadcrumb\":{\"@id\":\"https:\\\/\\\/www.france.fi\\\/en\\\/culture\\\/une-vingtaine-de-films-francais-au-festival-espoo-cine\\\/#breadcrumb\"},\"inLanguage\":\"en-US\",\"potentialAction\":[{\"@type\":\"ReadAction\",\"target\":[\"https:\\\/\\\/www.france.fi\\\/en\\\/culture\\\/une-vingtaine-de-films-francais-au-festival-espoo-cine\\\/\"]}]},{\"@type\":\"ImageObject\",\"inLanguage\":\"en-US\",\"@id\":\"https:\\\/\\\/www.france.fi\\\/en\\\/culture\\\/une-vingtaine-de-films-francais-au-festival-espoo-cine\\\/#primaryimage\",\"url\":\"https:\\\/\\\/www.france.fi\\\/wp-content\\\/uploads\\\/2024\\\/07\\\/Espoo-cine-1098x617.jpg\",\"contentUrl\":\"https:\\\/\\\/www.france.fi\\\/wp-content\\\/uploads\\\/2024\\\/07\\\/Espoo-cine-1098x617.jpg\",\"width\":1280,\"height\":720},{\"@type\":\"BreadcrumbList\",\"@id\":\"https:\\\/\\\/www.france.fi\\\/en\\\/culture\\\/une-vingtaine-de-films-francais-au-festival-espoo-cine\\\/#breadcrumb\",\"itemListElement\":[{\"@type\":\"ListItem\",\"position\":1,\"name\":\"Home\",\"item\":\"https:\\\/\\\/www.france.fi\\\/en\\\/\"},{\"@type\":\"ListItem\",\"position\":2,\"name\":\"Culture\",\"item\":\"https:\\\/\\\/www.france.fi\\\/fr\\\/category\\\/culture\\\/\"},{\"@type\":\"ListItem\",\"position\":3,\"name\":\"Une vingtaine de films fran\u00e7ais au festival Espoo Cin\u00e9\u202f!\"}]},{\"@type\":\"WebSite\",\"@id\":\"https:\\\/\\\/www.france.fi\\\/#website\",\"url\":\"https:\\\/\\\/www.france.fi\\\/\",\"name\":\"Institut fran\u00e7ais de Finlande\",\"description\":\"\",\"publisher\":{\"@id\":\"https:\\\/\\\/www.france.fi\\\/#organization\"},\"potentialAction\":[{\"@type\":\"SearchAction\",\"target\":{\"@type\":\"EntryPoint\",\"urlTemplate\":\"https:\\\/\\\/www.france.fi\\\/?s={search_term_string}\"},\"query-input\":{\"@type\":\"PropertyValueSpecification\",\"valueRequired\":true,\"valueName\":\"search_term_string\"}}],\"inLanguage\":\"en-US\"},{\"@type\":\"Organization\",\"@id\":\"https:\\\/\\\/www.france.fi\\\/#organization\",\"name\":\"Institut fran\u00e7ais de Finlande\",\"url\":\"https:\\\/\\\/www.france.fi\\\/\",\"logo\":{\"@type\":\"ImageObject\",\"inLanguage\":\"en-US\",\"@id\":\"https:\\\/\\\/www.france.fi\\\/#\\\/schema\\\/logo\\\/image\\\/\",\"url\":\"https:\\\/\\\/www.france.fi\\\/wp-content\\\/uploads\\\/2024\\\/02\\\/if-logo-1.png\",\"contentUrl\":\"https:\\\/\\\/www.france.fi\\\/wp-content\\\/uploads\\\/2024\\\/02\\\/if-logo-1.png\",\"width\":687,\"height\":459,\"caption\":\"Institut fran\u00e7ais de Finlande\"},\"image\":{\"@id\":\"https:\\\/\\\/www.france.fi\\\/#\\\/schema\\\/logo\\\/image\\\/\"},\"sameAs\":[\"https:\\\/\\\/www.facebook.com\\\/institutfrancaisfi\",\"https:\\\/\\\/x.com\\\/IFFinlande\",\"https:\\\/\\\/www.instagram.com\\\/iffinlande\\\/\",\"https:\\\/\\\/fr.linkedin.com\\\/organization-guest\\\/company\\\/institut-fran-ais-de-finlande\",\"https:\\\/\\\/www.youtube.com\\\/channel\\\/UCHAitdpmSbeP78eL49XMotA\"]},{\"@type\":\"Person\",\"@id\":\"https:\\\/\\\/www.france.fi\\\/#\\\/schema\\\/person\\\/ed873f29db1d0af6a3600d15d3b65bfd\",\"name\":\"Equipe IFF\",\"image\":{\"@type\":\"ImageObject\",\"inLanguage\":\"en-US\",\"@id\":\"https:\\\/\\\/secure.gravatar.com\\\/avatar\\\/3c4ba80228d01014b25e45e90abb28ce315a02c6572751a7fb2298e4274989fc?s=96&d=mm&r=g\",\"url\":\"https:\\\/\\\/secure.gravatar.com\\\/avatar\\\/3c4ba80228d01014b25e45e90abb28ce315a02c6572751a7fb2298e4274989fc?s=96&d=mm&r=g\",\"contentUrl\":\"https:\\\/\\\/secure.gravatar.com\\\/avatar\\\/3c4ba80228d01014b25e45e90abb28ce315a02c6572751a7fb2298e4274989fc?s=96&d=mm&r=g\",\"caption\":\"Equipe IFF\"},\"url\":\"https:\\\/\\\/www.france.fi\\\/en\\\/author\\\/iffadmin\\\/\"}]}<\/script>\n<!-- \/ Yoast SEO plugin. -->","yoast_head_json":{"title":"Une vingtaine de films fran\u00e7ais au festival Espoo Cin\u00e9\u202f! - Institut fran\u00e7ais","robots":{"index":"index","follow":"follow","max-snippet":"max-snippet:-1","max-image-preview":"max-image-preview:large","max-video-preview":"max-video-preview:-1"},"canonical":"https:\/\/www.france.fi\/en\/culture\/une-vingtaine-de-films-francais-au-festival-espoo-cine\/","og_locale":"en_US","og_type":"article","og_title":"Une vingtaine de films fran\u00e7ais au festival Espoo Cin\u00e9\u202f! - Institut fran\u00e7ais","og_description":"Des drames policiers \u00e0 Salvador Dal\u00ed, en passant par les extraterrestres : trouvez votre film pr\u00e9f\u00e9r\u00e9 parmi les productions fran\u00e7aises de cette ann\u00e9e\u202f!","og_url":"https:\/\/www.france.fi\/en\/culture\/une-vingtaine-de-films-francais-au-festival-espoo-cine\/","og_site_name":"Institut fran\u00e7ais","article_publisher":"https:\/\/www.facebook.com\/institutfrancaisfi","article_published_time":"2024-08-20T12:00:19+00:00","article_modified_time":"2024-09-02T10:48:23+00:00","og_image":[{"width":1280,"height":720,"url":"https:\/\/www.france.fi\/wp-content\/uploads\/2024\/07\/Espoo-cine-1098x617.jpg","type":"image\/jpeg"}],"author":"Equipe IFF","twitter_card":"summary_large_image","twitter_creator":"@IFFinlande","twitter_site":"@IFFinlande","twitter_misc":{"Written by":"Equipe IFF","Est. reading time":"3 minutes"},"schema":{"@context":"https:\/\/schema.org","@graph":[{"@type":"Article","@id":"https:\/\/www.france.fi\/en\/culture\/une-vingtaine-de-films-francais-au-festival-espoo-cine\/#article","isPartOf":{"@id":"https:\/\/www.france.fi\/en\/culture\/une-vingtaine-de-films-francais-au-festival-espoo-cine\/"},"author":{"name":"Equipe IFF","@id":"https:\/\/www.france.fi\/#\/schema\/person\/ed873f29db1d0af6a3600d15d3b65bfd"},"headline":"Une vingtaine de films fran\u00e7ais au festival Espoo Cin\u00e9\u202f!","datePublished":"2024-08-20T12:00:19+00:00","dateModified":"2024-09-02T10:48:23+00:00","mainEntityOfPage":{"@id":"https:\/\/www.france.fi\/en\/culture\/une-vingtaine-de-films-francais-au-festival-espoo-cine\/"},"wordCount":497,"publisher":{"@id":"https:\/\/www.france.fi\/#organization"},"image":{"@id":"https:\/\/www.france.fi\/en\/culture\/une-vingtaine-de-films-francais-au-festival-espoo-cine\/#primaryimage"},"thumbnailUrl":"https:\/\/www.france.fi\/wp-content\/uploads\/2024\/07\/Espoo-cine-1098x617.jpg","keywords":["Espoo cin\u00e9"],"articleSection":["Culture"],"inLanguage":"en-US"},{"@type":"WebPage","@id":"https:\/\/www.france.fi\/en\/culture\/une-vingtaine-de-films-francais-au-festival-espoo-cine\/","url":"https:\/\/www.france.fi\/en\/culture\/une-vingtaine-de-films-francais-au-festival-espoo-cine\/","name":"Une vingtaine de films fran\u00e7ais au festival Espoo Cin\u00e9\u202f! - Institut fran\u00e7ais","isPartOf":{"@id":"https:\/\/www.france.fi\/#website"},"primaryImageOfPage":{"@id":"https:\/\/www.france.fi\/en\/culture\/une-vingtaine-de-films-francais-au-festival-espoo-cine\/#primaryimage"},"image":{"@id":"https:\/\/www.france.fi\/en\/culture\/une-vingtaine-de-films-francais-au-festival-espoo-cine\/#primaryimage"},"thumbnailUrl":"https:\/\/www.france.fi\/wp-content\/uploads\/2024\/07\/Espoo-cine-1098x617.jpg","datePublished":"2024-08-20T12:00:19+00:00","dateModified":"2024-09-02T10:48:23+00:00","breadcrumb":{"@id":"https:\/\/www.france.fi\/en\/culture\/une-vingtaine-de-films-francais-au-festival-espoo-cine\/#breadcrumb"},"inLanguage":"en-US","potentialAction":[{"@type":"ReadAction","target":["https:\/\/www.france.fi\/en\/culture\/une-vingtaine-de-films-francais-au-festival-espoo-cine\/"]}]},{"@type":"ImageObject","inLanguage":"en-US","@id":"https:\/\/www.france.fi\/en\/culture\/une-vingtaine-de-films-francais-au-festival-espoo-cine\/#primaryimage","url":"https:\/\/www.france.fi\/wp-content\/uploads\/2024\/07\/Espoo-cine-1098x617.jpg","contentUrl":"https:\/\/www.france.fi\/wp-content\/uploads\/2024\/07\/Espoo-cine-1098x617.jpg","width":1280,"height":720},{"@type":"BreadcrumbList","@id":"https:\/\/www.france.fi\/en\/culture\/une-vingtaine-de-films-francais-au-festival-espoo-cine\/#breadcrumb","itemListElement":[{"@type":"ListItem","position":1,"name":"Home","item":"https:\/\/www.france.fi\/en\/"},{"@type":"ListItem","position":2,"name":"Culture","item":"https:\/\/www.france.fi\/fr\/category\/culture\/"},{"@type":"ListItem","position":3,"name":"Une vingtaine de films fran\u00e7ais au festival Espoo Cin\u00e9\u202f!"}]},{"@type":"WebSite","@id":"https:\/\/www.france.fi\/#website","url":"https:\/\/www.france.fi\/","name":"Institut fran\u00e7ais de Finlande","description":"","publisher":{"@id":"https:\/\/www.france.fi\/#organization"},"potentialAction":[{"@type":"SearchAction","target":{"@type":"EntryPoint","urlTemplate":"https:\/\/www.france.fi\/?s={search_term_string}"},"query-input":{"@type":"PropertyValueSpecification","valueRequired":true,"valueName":"search_term_string"}}],"inLanguage":"en-US"},{"@type":"Organization","@id":"https:\/\/www.france.fi\/#organization","name":"Institut fran\u00e7ais de Finlande","url":"https:\/\/www.france.fi\/","logo":{"@type":"ImageObject","inLanguage":"en-US","@id":"https:\/\/www.france.fi\/#\/schema\/logo\/image\/","url":"https:\/\/www.france.fi\/wp-content\/uploads\/2024\/02\/if-logo-1.png","contentUrl":"https:\/\/www.france.fi\/wp-content\/uploads\/2024\/02\/if-logo-1.png","width":687,"height":459,"caption":"Institut fran\u00e7ais de Finlande"},"image":{"@id":"https:\/\/www.france.fi\/#\/schema\/logo\/image\/"},"sameAs":["https:\/\/www.facebook.com\/institutfrancaisfi","https:\/\/x.com\/IFFinlande","https:\/\/www.instagram.com\/iffinlande\/","https:\/\/fr.linkedin.com\/organization-guest\/company\/institut-fran-ais-de-finlande","https:\/\/www.youtube.com\/channel\/UCHAitdpmSbeP78eL49XMotA"]},{"@type":"Person","@id":"https:\/\/www.france.fi\/#\/schema\/person\/ed873f29db1d0af6a3600d15d3b65bfd","name":"Equipe IFF","image":{"@type":"ImageObject","inLanguage":"en-US","@id":"https:\/\/secure.gravatar.com\/avatar\/3c4ba80228d01014b25e45e90abb28ce315a02c6572751a7fb2298e4274989fc?s=96&d=mm&r=g","url":"https:\/\/secure.gravatar.com\/avatar\/3c4ba80228d01014b25e45e90abb28ce315a02c6572751a7fb2298e4274989fc?s=96&d=mm&r=g","contentUrl":"https:\/\/secure.gravatar.com\/avatar\/3c4ba80228d01014b25e45e90abb28ce315a02c6572751a7fb2298e4274989fc?s=96&d=mm&r=g","caption":"Equipe IFF"},"url":"https:\/\/www.france.fi\/en\/author\/iffadmin\/"}]}},"_links":{"self":[{"href":"https:\/\/www.france.fi\/en\/wp-json\/wp\/v2\/posts\/17261","targetHints":{"allow":["GET"]}}],"collection":[{"href":"https:\/\/www.france.fi\/en\/wp-json\/wp\/v2\/posts"}],"about":[{"href":"https:\/\/www.france.fi\/en\/wp-json\/wp\/v2\/types\/post"}],"author":[{"embeddable":true,"href":"https:\/\/www.france.fi\/en\/wp-json\/wp\/v2\/users\/2"}],"replies":[{"embeddable":true,"href":"https:\/\/www.france.fi\/en\/wp-json\/wp\/v2\/comments?post=17261"}],"version-history":[{"count":0,"href":"https:\/\/www.france.fi\/en\/wp-json\/wp\/v2\/posts\/17261\/revisions"}],"wp:featuredmedia":[{"embeddable":true,"href":"https:\/\/www.france.fi\/en\/wp-json\/wp\/v2\/media\/17258"}],"wp:attachment":[{"href":"https:\/\/www.france.fi\/en\/wp-json\/wp\/v2\/media?parent=17261"}],"wp:term":[{"taxonomy":"category","embeddable":true,"href":"https:\/\/www.france.fi\/en\/wp-json\/wp\/v2\/categories?post=17261"},{"taxonomy":"post_tag","embeddable":true,"href":"https:\/\/www.france.fi\/en\/wp-json\/wp\/v2\/tags?post=17261"}],"curies":[{"name":"wp","href":"https:\/\/api.w.org\/{rel}","templated":true}]}}