{"id":17696,"date":"2024-09-17T15:39:04","date_gmt":"2024-09-17T12:39:04","guid":{"rendered":"https:\/\/www.france.fi\/culture\/corps-extremes-par-le-choregraphe-francais-rachid-ouramdane-arrive-a-helsinki\/"},"modified":"2024-09-26T09:30:17","modified_gmt":"2024-09-26T06:30:17","slug":"corps-extremes-par-le-choregraphe-francais-rachid-ouramdane-arrive-a-helsinki","status":"publish","type":"post","link":"https:\/\/www.france.fi\/en\/culture\/corps-extremes-par-le-choregraphe-francais-rachid-ouramdane-arrive-a-helsinki\/","title":{"rendered":"\u00ab Corps extr\u00eames \u00bb par le chor\u00e9graphe fran\u00e7ais Rachid Ouramdane arrive \u00e0 Helsinki !"},"content":{"rendered":"<p>Le chor\u00e9graphe fran\u00e7ais et directeur du Th\u00e9\u00e2tre national de la Danse de Chaillot, Rachid Ouramdane, pr\u00e9sente son \u0153uvre \u00ab Corps extr\u00eames \u00bb \u00e0 la Maison de la Danse de Helsinki le 24 et le 25 septembre.<\/p>\n<p>S\u00e9lectionn\u00e9 par le New York Times comme l&#8217;un des meilleurs spectacles de danse de 2023, cette \u0153uvre, visuellement \u00e9blouissante, associe mat\u00e9riel documentaire, r\u00eaverie d\u00e9licate, virtuosit\u00e9 et audace athl\u00e9tique.<\/p>\n<p>Les deux repr\u00e9sentations de ce spectacle, qui affiche d\u00e9j\u00e0 complet, font intervenir un fil-de-f\u00e9riste, un grimpeur et des acrobates. Dans des sc\u00e8nes \u00e0 couper le souffle, ils s&#8217;appuient sur la confiance mutuelle pour tester leur force physique et leurs limites \u00e9motionnelles. La sc\u00e8ne se transforme parfois en \u00e9cran g\u00e9ant sur lequel sont projet\u00e9s des paysages naturels \u00e9poustouflants et des images d&#8217;un num\u00e9ro d&#8217;\u00e9quilibriste ayant lieu entre terre et ciel.<\/p>\n<p>L\u2019Institut fran\u00e7ais de Finlande co-organise <strong>le 25 septembre de 17h30 \u00e0 18h30 <\/strong><a href=\"https:\/\/www.tanssintalo.fi\/en\/performances\/taiteilijatapaaminen-rachid-ouramdane\" target=\"_blank\" rel=\"noopener\"><strong>un \u00e9change public<\/strong><\/a><strong> avec M. Ouramdane, dans le hall de la Maison de la danse<\/strong>. Le chor\u00e9graphe partagera ses r\u00e9flexions sur la gestion du Chaillot &#8211; Th\u00e9\u00e2tre national de la Danse. Il abordera \u00e9galement des questions d\u2019actualit\u00e9, telles que la relation entre les institutions artistiques et la soci\u00e9t\u00e9, mais aussi l\u2019interdisciplinarit\u00e9 entre artistes issus de milieux et disciplines divers. Il partagera son point de vue sur le r\u00f4le de l&#8217;art et de ses institutions, et sur la mani\u00e8re dont des th\u00e8mes tels que l&#8217;inclusion et la diversit\u00e9 se refl\u00e8tent \u00e0 travers son r\u00f4le de directeur de Chaillot.<\/p>\n<p>L&#8217;interview sera men\u00e9e par Riikka Laakso, dramaturge et \u00e9crivaine finlandaise sp\u00e9cialis\u00e9e dans la danse. La discussion se d\u00e9roulera en anglais.<\/p>\n<p>Pour plus d\u2019informations sur le spectacle, consultez <a href=\"https:\/\/www.tanssintalo.fi\/en\/performances\/rachid-ouramdane-corps-extremes\" target=\"_blank\" rel=\"noopener\">le site internet de la Maison de la Danse<\/a>.<\/p>\n","protected":false},"excerpt":{"rendered":"<p>L\u2019Institut fran\u00e7ais de Finlande coorganise un \u00e9change public avec le chor\u00e9graphe de renomm\u00e9e internationale, le 25 septembre \u00e0 17h30 \u00e0 la Maison de la Danse <\/p>\n","protected":false},"author":2,"featured_media":17693,"comment_status":"closed","ping_status":"closed","sticky":false,"template":"","format":"standard","meta":{"footnotes":""},"categories":[25],"tags":[],"class_list":["post-17696","post","type-post","status-publish","format-standard","has-post-thumbnail","hentry","category-culture"],"yoast_head":"<!-- This site is optimized with the Yoast SEO plugin v27.4 - https:\/\/yoast.com\/product\/yoast-seo-wordpress\/ -->\n<title>\u00ab Corps extr\u00eames \u00bb par le chor\u00e9graphe fran\u00e7ais Rachid Ouramdane arrive \u00e0 Helsinki ! - Institut fran\u00e7ais<\/title>\n<meta name=\"robots\" content=\"index, follow, max-snippet:-1, max-image-preview:large, max-video-preview:-1\" \/>\n<link rel=\"canonical\" href=\"https:\/\/www.france.fi\/en\/culture\/corps-extremes-par-le-choregraphe-francais-rachid-ouramdane-arrive-a-helsinki\/\" \/>\n<meta property=\"og:locale\" content=\"en_US\" \/>\n<meta property=\"og:type\" content=\"article\" \/>\n<meta property=\"og:title\" content=\"\u00ab Corps extr\u00eames \u00bb par le chor\u00e9graphe fran\u00e7ais Rachid Ouramdane arrive \u00e0 Helsinki ! - Institut fran\u00e7ais\" \/>\n<meta property=\"og:description\" content=\"L\u2019Institut fran\u00e7ais de Finlande coorganise un \u00e9change public avec le chor\u00e9graphe de renomm\u00e9e internationale, le 25 septembre \u00e0 17h30 \u00e0 la Maison de la Danse\" \/>\n<meta property=\"og:url\" content=\"https:\/\/www.france.fi\/en\/culture\/corps-extremes-par-le-choregraphe-francais-rachid-ouramdane-arrive-a-helsinki\/\" \/>\n<meta property=\"og:site_name\" content=\"Institut fran\u00e7ais\" \/>\n<meta property=\"article:publisher\" content=\"https:\/\/www.facebook.com\/institutfrancaisfi\" \/>\n<meta property=\"article:published_time\" content=\"2024-09-17T12:39:04+00:00\" \/>\n<meta property=\"article:modified_time\" content=\"2024-09-26T06:30:17+00:00\" \/>\n<meta property=\"og:image\" content=\"https:\/\/www.france.fi\/wp-content\/uploads\/2024\/09\/Corps-extremes-1098x617.jpg\" \/>\n\t<meta property=\"og:image:width\" content=\"1280\" \/>\n\t<meta property=\"og:image:height\" content=\"720\" \/>\n\t<meta property=\"og:image:type\" content=\"image\/jpeg\" \/>\n<meta name=\"author\" content=\"Equipe IFF\" \/>\n<meta name=\"twitter:card\" content=\"summary_large_image\" \/>\n<meta name=\"twitter:creator\" content=\"@IFFinlande\" \/>\n<meta name=\"twitter:site\" content=\"@IFFinlande\" \/>\n<meta name=\"twitter:label1\" content=\"Written by\" \/>\n\t<meta name=\"twitter:data1\" content=\"Equipe IFF\" \/>\n\t<meta name=\"twitter:label2\" content=\"Est. reading time\" \/>\n\t<meta name=\"twitter:data2\" content=\"2 minutes\" \/>\n<script type=\"application\/ld+json\" class=\"yoast-schema-graph\">{\"@context\":\"https:\\\/\\\/schema.org\",\"@graph\":[{\"@type\":\"Article\",\"@id\":\"https:\\\/\\\/www.france.fi\\\/en\\\/culture\\\/corps-extremes-par-le-choregraphe-francais-rachid-ouramdane-arrive-a-helsinki\\\/#article\",\"isPartOf\":{\"@id\":\"https:\\\/\\\/www.france.fi\\\/en\\\/culture\\\/corps-extremes-par-le-choregraphe-francais-rachid-ouramdane-arrive-a-helsinki\\\/\"},\"author\":{\"name\":\"Equipe IFF\",\"@id\":\"https:\\\/\\\/www.france.fi\\\/#\\\/schema\\\/person\\\/ed873f29db1d0af6a3600d15d3b65bfd\"},\"headline\":\"\u00ab Corps extr\u00eames \u00bb par le chor\u00e9graphe fran\u00e7ais Rachid Ouramdane arrive \u00e0 Helsinki !\",\"datePublished\":\"2024-09-17T12:39:04+00:00\",\"dateModified\":\"2024-09-26T06:30:17+00:00\",\"mainEntityOfPage\":{\"@id\":\"https:\\\/\\\/www.france.fi\\\/en\\\/culture\\\/corps-extremes-par-le-choregraphe-francais-rachid-ouramdane-arrive-a-helsinki\\\/\"},\"wordCount\":324,\"publisher\":{\"@id\":\"https:\\\/\\\/www.france.fi\\\/#organization\"},\"image\":{\"@id\":\"https:\\\/\\\/www.france.fi\\\/en\\\/culture\\\/corps-extremes-par-le-choregraphe-francais-rachid-ouramdane-arrive-a-helsinki\\\/#primaryimage\"},\"thumbnailUrl\":\"https:\\\/\\\/www.france.fi\\\/wp-content\\\/uploads\\\/2024\\\/09\\\/Corps-extremes-1098x617.jpg\",\"articleSection\":[\"Culture\"],\"inLanguage\":\"en-US\"},{\"@type\":\"WebPage\",\"@id\":\"https:\\\/\\\/www.france.fi\\\/en\\\/culture\\\/corps-extremes-par-le-choregraphe-francais-rachid-ouramdane-arrive-a-helsinki\\\/\",\"url\":\"https:\\\/\\\/www.france.fi\\\/en\\\/culture\\\/corps-extremes-par-le-choregraphe-francais-rachid-ouramdane-arrive-a-helsinki\\\/\",\"name\":\"\u00ab Corps extr\u00eames \u00bb par le chor\u00e9graphe fran\u00e7ais Rachid Ouramdane arrive \u00e0 Helsinki ! - Institut fran\u00e7ais\",\"isPartOf\":{\"@id\":\"https:\\\/\\\/www.france.fi\\\/#website\"},\"primaryImageOfPage\":{\"@id\":\"https:\\\/\\\/www.france.fi\\\/en\\\/culture\\\/corps-extremes-par-le-choregraphe-francais-rachid-ouramdane-arrive-a-helsinki\\\/#primaryimage\"},\"image\":{\"@id\":\"https:\\\/\\\/www.france.fi\\\/en\\\/culture\\\/corps-extremes-par-le-choregraphe-francais-rachid-ouramdane-arrive-a-helsinki\\\/#primaryimage\"},\"thumbnailUrl\":\"https:\\\/\\\/www.france.fi\\\/wp-content\\\/uploads\\\/2024\\\/09\\\/Corps-extremes-1098x617.jpg\",\"datePublished\":\"2024-09-17T12:39:04+00:00\",\"dateModified\":\"2024-09-26T06:30:17+00:00\",\"breadcrumb\":{\"@id\":\"https:\\\/\\\/www.france.fi\\\/en\\\/culture\\\/corps-extremes-par-le-choregraphe-francais-rachid-ouramdane-arrive-a-helsinki\\\/#breadcrumb\"},\"inLanguage\":\"en-US\",\"potentialAction\":[{\"@type\":\"ReadAction\",\"target\":[\"https:\\\/\\\/www.france.fi\\\/en\\\/culture\\\/corps-extremes-par-le-choregraphe-francais-rachid-ouramdane-arrive-a-helsinki\\\/\"]}]},{\"@type\":\"ImageObject\",\"inLanguage\":\"en-US\",\"@id\":\"https:\\\/\\\/www.france.fi\\\/en\\\/culture\\\/corps-extremes-par-le-choregraphe-francais-rachid-ouramdane-arrive-a-helsinki\\\/#primaryimage\",\"url\":\"https:\\\/\\\/www.france.fi\\\/wp-content\\\/uploads\\\/2024\\\/09\\\/Corps-extremes-1098x617.jpg\",\"contentUrl\":\"https:\\\/\\\/www.france.fi\\\/wp-content\\\/uploads\\\/2024\\\/09\\\/Corps-extremes-1098x617.jpg\",\"width\":1280,\"height\":720,\"caption\":\"Photo : \u00a9 Pascale Cholette\"},{\"@type\":\"BreadcrumbList\",\"@id\":\"https:\\\/\\\/www.france.fi\\\/en\\\/culture\\\/corps-extremes-par-le-choregraphe-francais-rachid-ouramdane-arrive-a-helsinki\\\/#breadcrumb\",\"itemListElement\":[{\"@type\":\"ListItem\",\"position\":1,\"name\":\"Home\",\"item\":\"https:\\\/\\\/www.france.fi\\\/en\\\/\"},{\"@type\":\"ListItem\",\"position\":2,\"name\":\"Culture\",\"item\":\"https:\\\/\\\/www.france.fi\\\/fr\\\/category\\\/culture\\\/\"},{\"@type\":\"ListItem\",\"position\":3,\"name\":\"\u00ab Corps extr\u00eames \u00bb par le chor\u00e9graphe fran\u00e7ais Rachid Ouramdane arrive \u00e0 Helsinki !\"}]},{\"@type\":\"WebSite\",\"@id\":\"https:\\\/\\\/www.france.fi\\\/#website\",\"url\":\"https:\\\/\\\/www.france.fi\\\/\",\"name\":\"Institut fran\u00e7ais de Finlande\",\"description\":\"\",\"publisher\":{\"@id\":\"https:\\\/\\\/www.france.fi\\\/#organization\"},\"potentialAction\":[{\"@type\":\"SearchAction\",\"target\":{\"@type\":\"EntryPoint\",\"urlTemplate\":\"https:\\\/\\\/www.france.fi\\\/?s={search_term_string}\"},\"query-input\":{\"@type\":\"PropertyValueSpecification\",\"valueRequired\":true,\"valueName\":\"search_term_string\"}}],\"inLanguage\":\"en-US\"},{\"@type\":\"Organization\",\"@id\":\"https:\\\/\\\/www.france.fi\\\/#organization\",\"name\":\"Institut fran\u00e7ais de Finlande\",\"url\":\"https:\\\/\\\/www.france.fi\\\/\",\"logo\":{\"@type\":\"ImageObject\",\"inLanguage\":\"en-US\",\"@id\":\"https:\\\/\\\/www.france.fi\\\/#\\\/schema\\\/logo\\\/image\\\/\",\"url\":\"https:\\\/\\\/www.france.fi\\\/wp-content\\\/uploads\\\/2024\\\/02\\\/if-logo-1.png\",\"contentUrl\":\"https:\\\/\\\/www.france.fi\\\/wp-content\\\/uploads\\\/2024\\\/02\\\/if-logo-1.png\",\"width\":687,\"height\":459,\"caption\":\"Institut fran\u00e7ais de Finlande\"},\"image\":{\"@id\":\"https:\\\/\\\/www.france.fi\\\/#\\\/schema\\\/logo\\\/image\\\/\"},\"sameAs\":[\"https:\\\/\\\/www.facebook.com\\\/institutfrancaisfi\",\"https:\\\/\\\/x.com\\\/IFFinlande\",\"https:\\\/\\\/www.instagram.com\\\/iffinlande\\\/\",\"https:\\\/\\\/fr.linkedin.com\\\/organization-guest\\\/company\\\/institut-fran-ais-de-finlande\",\"https:\\\/\\\/www.youtube.com\\\/channel\\\/UCHAitdpmSbeP78eL49XMotA\"]},{\"@type\":\"Person\",\"@id\":\"https:\\\/\\\/www.france.fi\\\/#\\\/schema\\\/person\\\/ed873f29db1d0af6a3600d15d3b65bfd\",\"name\":\"Equipe IFF\",\"image\":{\"@type\":\"ImageObject\",\"inLanguage\":\"en-US\",\"@id\":\"https:\\\/\\\/secure.gravatar.com\\\/avatar\\\/3c4ba80228d01014b25e45e90abb28ce315a02c6572751a7fb2298e4274989fc?s=96&d=mm&r=g\",\"url\":\"https:\\\/\\\/secure.gravatar.com\\\/avatar\\\/3c4ba80228d01014b25e45e90abb28ce315a02c6572751a7fb2298e4274989fc?s=96&d=mm&r=g\",\"contentUrl\":\"https:\\\/\\\/secure.gravatar.com\\\/avatar\\\/3c4ba80228d01014b25e45e90abb28ce315a02c6572751a7fb2298e4274989fc?s=96&d=mm&r=g\",\"caption\":\"Equipe IFF\"},\"url\":\"https:\\\/\\\/www.france.fi\\\/en\\\/author\\\/iffadmin\\\/\"}]}<\/script>\n<!-- \/ Yoast SEO plugin. -->","yoast_head_json":{"title":"\u00ab Corps extr\u00eames \u00bb par le chor\u00e9graphe fran\u00e7ais Rachid Ouramdane arrive \u00e0 Helsinki ! - Institut fran\u00e7ais","robots":{"index":"index","follow":"follow","max-snippet":"max-snippet:-1","max-image-preview":"max-image-preview:large","max-video-preview":"max-video-preview:-1"},"canonical":"https:\/\/www.france.fi\/en\/culture\/corps-extremes-par-le-choregraphe-francais-rachid-ouramdane-arrive-a-helsinki\/","og_locale":"en_US","og_type":"article","og_title":"\u00ab Corps extr\u00eames \u00bb par le chor\u00e9graphe fran\u00e7ais Rachid Ouramdane arrive \u00e0 Helsinki ! - Institut fran\u00e7ais","og_description":"L\u2019Institut fran\u00e7ais de Finlande coorganise un \u00e9change public avec le chor\u00e9graphe de renomm\u00e9e internationale, le 25 septembre \u00e0 17h30 \u00e0 la Maison de la Danse","og_url":"https:\/\/www.france.fi\/en\/culture\/corps-extremes-par-le-choregraphe-francais-rachid-ouramdane-arrive-a-helsinki\/","og_site_name":"Institut fran\u00e7ais","article_publisher":"https:\/\/www.facebook.com\/institutfrancaisfi","article_published_time":"2024-09-17T12:39:04+00:00","article_modified_time":"2024-09-26T06:30:17+00:00","og_image":[{"width":1280,"height":720,"url":"https:\/\/www.france.fi\/wp-content\/uploads\/2024\/09\/Corps-extremes-1098x617.jpg","type":"image\/jpeg"}],"author":"Equipe IFF","twitter_card":"summary_large_image","twitter_creator":"@IFFinlande","twitter_site":"@IFFinlande","twitter_misc":{"Written by":"Equipe IFF","Est. reading time":"2 minutes"},"schema":{"@context":"https:\/\/schema.org","@graph":[{"@type":"Article","@id":"https:\/\/www.france.fi\/en\/culture\/corps-extremes-par-le-choregraphe-francais-rachid-ouramdane-arrive-a-helsinki\/#article","isPartOf":{"@id":"https:\/\/www.france.fi\/en\/culture\/corps-extremes-par-le-choregraphe-francais-rachid-ouramdane-arrive-a-helsinki\/"},"author":{"name":"Equipe IFF","@id":"https:\/\/www.france.fi\/#\/schema\/person\/ed873f29db1d0af6a3600d15d3b65bfd"},"headline":"\u00ab Corps extr\u00eames \u00bb par le chor\u00e9graphe fran\u00e7ais Rachid Ouramdane arrive \u00e0 Helsinki !","datePublished":"2024-09-17T12:39:04+00:00","dateModified":"2024-09-26T06:30:17+00:00","mainEntityOfPage":{"@id":"https:\/\/www.france.fi\/en\/culture\/corps-extremes-par-le-choregraphe-francais-rachid-ouramdane-arrive-a-helsinki\/"},"wordCount":324,"publisher":{"@id":"https:\/\/www.france.fi\/#organization"},"image":{"@id":"https:\/\/www.france.fi\/en\/culture\/corps-extremes-par-le-choregraphe-francais-rachid-ouramdane-arrive-a-helsinki\/#primaryimage"},"thumbnailUrl":"https:\/\/www.france.fi\/wp-content\/uploads\/2024\/09\/Corps-extremes-1098x617.jpg","articleSection":["Culture"],"inLanguage":"en-US"},{"@type":"WebPage","@id":"https:\/\/www.france.fi\/en\/culture\/corps-extremes-par-le-choregraphe-francais-rachid-ouramdane-arrive-a-helsinki\/","url":"https:\/\/www.france.fi\/en\/culture\/corps-extremes-par-le-choregraphe-francais-rachid-ouramdane-arrive-a-helsinki\/","name":"\u00ab Corps extr\u00eames \u00bb par le chor\u00e9graphe fran\u00e7ais Rachid Ouramdane arrive \u00e0 Helsinki ! - Institut fran\u00e7ais","isPartOf":{"@id":"https:\/\/www.france.fi\/#website"},"primaryImageOfPage":{"@id":"https:\/\/www.france.fi\/en\/culture\/corps-extremes-par-le-choregraphe-francais-rachid-ouramdane-arrive-a-helsinki\/#primaryimage"},"image":{"@id":"https:\/\/www.france.fi\/en\/culture\/corps-extremes-par-le-choregraphe-francais-rachid-ouramdane-arrive-a-helsinki\/#primaryimage"},"thumbnailUrl":"https:\/\/www.france.fi\/wp-content\/uploads\/2024\/09\/Corps-extremes-1098x617.jpg","datePublished":"2024-09-17T12:39:04+00:00","dateModified":"2024-09-26T06:30:17+00:00","breadcrumb":{"@id":"https:\/\/www.france.fi\/en\/culture\/corps-extremes-par-le-choregraphe-francais-rachid-ouramdane-arrive-a-helsinki\/#breadcrumb"},"inLanguage":"en-US","potentialAction":[{"@type":"ReadAction","target":["https:\/\/www.france.fi\/en\/culture\/corps-extremes-par-le-choregraphe-francais-rachid-ouramdane-arrive-a-helsinki\/"]}]},{"@type":"ImageObject","inLanguage":"en-US","@id":"https:\/\/www.france.fi\/en\/culture\/corps-extremes-par-le-choregraphe-francais-rachid-ouramdane-arrive-a-helsinki\/#primaryimage","url":"https:\/\/www.france.fi\/wp-content\/uploads\/2024\/09\/Corps-extremes-1098x617.jpg","contentUrl":"https:\/\/www.france.fi\/wp-content\/uploads\/2024\/09\/Corps-extremes-1098x617.jpg","width":1280,"height":720,"caption":"Photo : \u00a9 Pascale Cholette"},{"@type":"BreadcrumbList","@id":"https:\/\/www.france.fi\/en\/culture\/corps-extremes-par-le-choregraphe-francais-rachid-ouramdane-arrive-a-helsinki\/#breadcrumb","itemListElement":[{"@type":"ListItem","position":1,"name":"Home","item":"https:\/\/www.france.fi\/en\/"},{"@type":"ListItem","position":2,"name":"Culture","item":"https:\/\/www.france.fi\/fr\/category\/culture\/"},{"@type":"ListItem","position":3,"name":"\u00ab Corps extr\u00eames \u00bb par le chor\u00e9graphe fran\u00e7ais Rachid Ouramdane arrive \u00e0 Helsinki !"}]},{"@type":"WebSite","@id":"https:\/\/www.france.fi\/#website","url":"https:\/\/www.france.fi\/","name":"Institut fran\u00e7ais de Finlande","description":"","publisher":{"@id":"https:\/\/www.france.fi\/#organization"},"potentialAction":[{"@type":"SearchAction","target":{"@type":"EntryPoint","urlTemplate":"https:\/\/www.france.fi\/?s={search_term_string}"},"query-input":{"@type":"PropertyValueSpecification","valueRequired":true,"valueName":"search_term_string"}}],"inLanguage":"en-US"},{"@type":"Organization","@id":"https:\/\/www.france.fi\/#organization","name":"Institut fran\u00e7ais de Finlande","url":"https:\/\/www.france.fi\/","logo":{"@type":"ImageObject","inLanguage":"en-US","@id":"https:\/\/www.france.fi\/#\/schema\/logo\/image\/","url":"https:\/\/www.france.fi\/wp-content\/uploads\/2024\/02\/if-logo-1.png","contentUrl":"https:\/\/www.france.fi\/wp-content\/uploads\/2024\/02\/if-logo-1.png","width":687,"height":459,"caption":"Institut fran\u00e7ais de Finlande"},"image":{"@id":"https:\/\/www.france.fi\/#\/schema\/logo\/image\/"},"sameAs":["https:\/\/www.facebook.com\/institutfrancaisfi","https:\/\/x.com\/IFFinlande","https:\/\/www.instagram.com\/iffinlande\/","https:\/\/fr.linkedin.com\/organization-guest\/company\/institut-fran-ais-de-finlande","https:\/\/www.youtube.com\/channel\/UCHAitdpmSbeP78eL49XMotA"]},{"@type":"Person","@id":"https:\/\/www.france.fi\/#\/schema\/person\/ed873f29db1d0af6a3600d15d3b65bfd","name":"Equipe IFF","image":{"@type":"ImageObject","inLanguage":"en-US","@id":"https:\/\/secure.gravatar.com\/avatar\/3c4ba80228d01014b25e45e90abb28ce315a02c6572751a7fb2298e4274989fc?s=96&d=mm&r=g","url":"https:\/\/secure.gravatar.com\/avatar\/3c4ba80228d01014b25e45e90abb28ce315a02c6572751a7fb2298e4274989fc?s=96&d=mm&r=g","contentUrl":"https:\/\/secure.gravatar.com\/avatar\/3c4ba80228d01014b25e45e90abb28ce315a02c6572751a7fb2298e4274989fc?s=96&d=mm&r=g","caption":"Equipe IFF"},"url":"https:\/\/www.france.fi\/en\/author\/iffadmin\/"}]}},"_links":{"self":[{"href":"https:\/\/www.france.fi\/en\/wp-json\/wp\/v2\/posts\/17696","targetHints":{"allow":["GET"]}}],"collection":[{"href":"https:\/\/www.france.fi\/en\/wp-json\/wp\/v2\/posts"}],"about":[{"href":"https:\/\/www.france.fi\/en\/wp-json\/wp\/v2\/types\/post"}],"author":[{"embeddable":true,"href":"https:\/\/www.france.fi\/en\/wp-json\/wp\/v2\/users\/2"}],"replies":[{"embeddable":true,"href":"https:\/\/www.france.fi\/en\/wp-json\/wp\/v2\/comments?post=17696"}],"version-history":[{"count":0,"href":"https:\/\/www.france.fi\/en\/wp-json\/wp\/v2\/posts\/17696\/revisions"}],"wp:featuredmedia":[{"embeddable":true,"href":"https:\/\/www.france.fi\/en\/wp-json\/wp\/v2\/media\/17693"}],"wp:attachment":[{"href":"https:\/\/www.france.fi\/en\/wp-json\/wp\/v2\/media?parent=17696"}],"wp:term":[{"taxonomy":"category","embeddable":true,"href":"https:\/\/www.france.fi\/en\/wp-json\/wp\/v2\/categories?post=17696"},{"taxonomy":"post_tag","embeddable":true,"href":"https:\/\/www.france.fi\/en\/wp-json\/wp\/v2\/tags?post=17696"}],"curies":[{"name":"wp","href":"https:\/\/api.w.org\/{rel}","templated":true}]}}