{"id":17717,"date":"2024-09-18T09:35:19","date_gmt":"2024-09-18T06:35:19","guid":{"rendered":"https:\/\/www.france.fi\/culture\/jacky-molard-et-francois-courneloup-arrivent-en-finlande-avec-leur-quartet-entre-les-terres\/"},"modified":"2024-10-21T15:25:09","modified_gmt":"2024-10-21T12:25:09","slug":"jacky-molard-et-francois-courneloup-arrivent-en-finlande-avec-leur-quartet-entre-les-terres","status":"publish","type":"post","link":"https:\/\/www.france.fi\/en\/culture\/jacky-molard-et-francois-courneloup-arrivent-en-finlande-avec-leur-quartet-entre-les-terres\/","title":{"rendered":"Jacky Molard et Fran\u00e7ois Courneloup arrivent en Finlande avec leur quartet \u00ab Entre les terres \u00bb !"},"content":{"rendered":"<p>Le 3 octobre, le quartet acoustique \u00ab\u00a0Entre les terres\u00a0\u00bb\u00a0remplira la salle de concert Sellosali (Espoo) avec des m\u00e9lodies qui se retrouvent \u00e0 la crois\u00e9e des musiques traditionnelles, du jazz, de la musique de chambre et de l\u2019improvisation.<\/p>\n<p>Le quartet a \u00e9t\u00e9 fond\u00e9 par le violoniste et compositeur Jacky Molard et le saxophoniste Fran\u00e7ois Courneloup. Le premier s\u2019affirme comme un des musiciens les plus respect\u00e9s de la sc\u00e8ne bretonne, qui r\u00e9invente sans rel\u00e2che la tradition de la musique celtique. Fran\u00e7ois Courneloup, de son c\u00f4t\u00e9, a d\u00e9velopp\u00e9 un son unique au saxophone baryton, au fil d\u2019une exp\u00e9rience d\u2019une quarantaine d\u2019ann\u00e9es. Ils invitent \u00e0 se joindre \u00e0 eux Catherine Delaunay, virtuose de la clarinette, et Vincent Courtois, violoncelliste explorateur.<\/p>\n<p>Le concert est organis\u00e9 par le festival des musiques du monde EtnoSoi! et l\u2019association du Jazz Vapaat \u00c4\u00e4net. L\u2019\u00e9v\u00e9nement sera ouvert par le saxophoniste finlandais Pauli Lyytinen.<\/p>\n<p>Les tickets sont disponibles sur la billetterie lippu.fi. Avec le code promotionnel de l\u2019Institut fran\u00e7ais de Finlande, vous profiterez d\u2019un tarif r\u00e9duit de 23,50 \u20ac (tarif normal\u00a0: 27,50 \u20ac). Voici les instructions pour utiliser le code\u00a0:<\/p>\n<ol>\n<li>Acc\u00e9dez \u00e0 <a href=\"https:\/\/www.lippu.fi\/en\/event\/sellosali-molard-corneloup-quartet-sellosali-18731613\/\" target=\"_blank\" rel=\"noopener\">la billetterie en ligne du concert<\/a><\/li>\n<li>Ins\u00e9rez le code \u00ab\u00a0 <strong>instituutti2024<\/strong>\u00bb dans la barre de recherche qui se trouve sous le titre \u00ab\u00a0Ranskan instituutti\u00a0\u00bb. Cliquez sur \u00ab\u00a0Show Promotion\u00a0\u00bb<\/li>\n<li>Choisissez vos tickets et payez vos achats<\/li>\n<\/ol>\n","protected":false},"excerpt":{"rendered":"<p>L\u2019un des musiciens les plus respect\u00e9s de la sc\u00e8ne bretonne s\u2019unit \u00e0 un pionnier du jazz fran\u00e7ais pour ce specatcle unique. Avec l\u2019IFF, profitez d\u2019un prix r\u00e9duit pour les tickets du concert !<\/p>\n","protected":false},"author":2,"featured_media":17714,"comment_status":"closed","ping_status":"closed","sticky":false,"template":"","format":"standard","meta":{"footnotes":""},"categories":[25],"tags":[],"class_list":["post-17717","post","type-post","status-publish","format-standard","has-post-thumbnail","hentry","category-culture"],"yoast_head":"<!-- This site is optimized with the Yoast SEO plugin v27.4 - https:\/\/yoast.com\/product\/yoast-seo-wordpress\/ -->\n<title>Jacky Molard et Fran\u00e7ois Courneloup arrivent en Finlande avec leur quartet \u00ab Entre les terres \u00bb ! - Institut fran\u00e7ais<\/title>\n<meta name=\"robots\" content=\"index, follow, max-snippet:-1, max-image-preview:large, max-video-preview:-1\" \/>\n<link rel=\"canonical\" href=\"https:\/\/www.france.fi\/en\/culture\/jacky-molard-et-francois-courneloup-arrivent-en-finlande-avec-leur-quartet-entre-les-terres\/\" \/>\n<meta property=\"og:locale\" content=\"en_US\" \/>\n<meta property=\"og:type\" content=\"article\" \/>\n<meta property=\"og:title\" content=\"Jacky Molard et Fran\u00e7ois Courneloup arrivent en Finlande avec leur quartet \u00ab Entre les terres \u00bb ! - Institut fran\u00e7ais\" \/>\n<meta property=\"og:description\" content=\"L\u2019un des musiciens les plus respect\u00e9s de la sc\u00e8ne bretonne s\u2019unit \u00e0 un pionnier du jazz fran\u00e7ais pour ce specatcle unique. Avec l\u2019IFF, profitez d\u2019un prix r\u00e9duit pour les tickets du concert !\" \/>\n<meta property=\"og:url\" content=\"https:\/\/www.france.fi\/en\/culture\/jacky-molard-et-francois-courneloup-arrivent-en-finlande-avec-leur-quartet-entre-les-terres\/\" \/>\n<meta property=\"og:site_name\" content=\"Institut fran\u00e7ais\" \/>\n<meta property=\"article:publisher\" content=\"https:\/\/www.facebook.com\/institutfrancaisfi\" \/>\n<meta property=\"article:published_time\" content=\"2024-09-18T06:35:19+00:00\" \/>\n<meta property=\"article:modified_time\" content=\"2024-10-21T12:25:09+00:00\" \/>\n<meta property=\"og:image\" content=\"https:\/\/www.france.fi\/wp-content\/uploads\/2024\/09\/Molard-Corneloup-Quartet-c-Eric-Legret-1098x617.jpg\" \/>\n\t<meta property=\"og:image:width\" content=\"1280\" \/>\n\t<meta property=\"og:image:height\" content=\"720\" \/>\n\t<meta property=\"og:image:type\" content=\"image\/jpeg\" \/>\n<meta name=\"author\" content=\"Equipe IFF\" \/>\n<meta name=\"twitter:card\" content=\"summary_large_image\" \/>\n<meta name=\"twitter:creator\" content=\"@IFFinlande\" \/>\n<meta name=\"twitter:site\" content=\"@IFFinlande\" \/>\n<meta name=\"twitter:label1\" content=\"Written by\" \/>\n\t<meta name=\"twitter:data1\" content=\"Equipe IFF\" \/>\n\t<meta name=\"twitter:label2\" content=\"Est. reading time\" \/>\n\t<meta name=\"twitter:data2\" content=\"2 minutes\" \/>\n<script type=\"application\/ld+json\" class=\"yoast-schema-graph\">{\"@context\":\"https:\\\/\\\/schema.org\",\"@graph\":[{\"@type\":\"Article\",\"@id\":\"https:\\\/\\\/www.france.fi\\\/en\\\/culture\\\/jacky-molard-et-francois-courneloup-arrivent-en-finlande-avec-leur-quartet-entre-les-terres\\\/#article\",\"isPartOf\":{\"@id\":\"https:\\\/\\\/www.france.fi\\\/en\\\/culture\\\/jacky-molard-et-francois-courneloup-arrivent-en-finlande-avec-leur-quartet-entre-les-terres\\\/\"},\"author\":{\"name\":\"Equipe IFF\",\"@id\":\"https:\\\/\\\/www.france.fi\\\/#\\\/schema\\\/person\\\/ed873f29db1d0af6a3600d15d3b65bfd\"},\"headline\":\"Jacky Molard et Fran\u00e7ois Courneloup arrivent en Finlande avec leur quartet \u00ab Entre les terres \u00bb !\",\"datePublished\":\"2024-09-18T06:35:19+00:00\",\"dateModified\":\"2024-10-21T12:25:09+00:00\",\"mainEntityOfPage\":{\"@id\":\"https:\\\/\\\/www.france.fi\\\/en\\\/culture\\\/jacky-molard-et-francois-courneloup-arrivent-en-finlande-avec-leur-quartet-entre-les-terres\\\/\"},\"wordCount\":249,\"publisher\":{\"@id\":\"https:\\\/\\\/www.france.fi\\\/#organization\"},\"image\":{\"@id\":\"https:\\\/\\\/www.france.fi\\\/en\\\/culture\\\/jacky-molard-et-francois-courneloup-arrivent-en-finlande-avec-leur-quartet-entre-les-terres\\\/#primaryimage\"},\"thumbnailUrl\":\"https:\\\/\\\/www.france.fi\\\/wp-content\\\/uploads\\\/2024\\\/09\\\/Molard-Corneloup-Quartet-c-Eric-Legret-1098x617.jpg\",\"articleSection\":[\"Culture\"],\"inLanguage\":\"en-US\"},{\"@type\":\"WebPage\",\"@id\":\"https:\\\/\\\/www.france.fi\\\/en\\\/culture\\\/jacky-molard-et-francois-courneloup-arrivent-en-finlande-avec-leur-quartet-entre-les-terres\\\/\",\"url\":\"https:\\\/\\\/www.france.fi\\\/en\\\/culture\\\/jacky-molard-et-francois-courneloup-arrivent-en-finlande-avec-leur-quartet-entre-les-terres\\\/\",\"name\":\"Jacky Molard et Fran\u00e7ois Courneloup arrivent en Finlande avec leur quartet \u00ab Entre les terres \u00bb ! - Institut fran\u00e7ais\",\"isPartOf\":{\"@id\":\"https:\\\/\\\/www.france.fi\\\/#website\"},\"primaryImageOfPage\":{\"@id\":\"https:\\\/\\\/www.france.fi\\\/en\\\/culture\\\/jacky-molard-et-francois-courneloup-arrivent-en-finlande-avec-leur-quartet-entre-les-terres\\\/#primaryimage\"},\"image\":{\"@id\":\"https:\\\/\\\/www.france.fi\\\/en\\\/culture\\\/jacky-molard-et-francois-courneloup-arrivent-en-finlande-avec-leur-quartet-entre-les-terres\\\/#primaryimage\"},\"thumbnailUrl\":\"https:\\\/\\\/www.france.fi\\\/wp-content\\\/uploads\\\/2024\\\/09\\\/Molard-Corneloup-Quartet-c-Eric-Legret-1098x617.jpg\",\"datePublished\":\"2024-09-18T06:35:19+00:00\",\"dateModified\":\"2024-10-21T12:25:09+00:00\",\"breadcrumb\":{\"@id\":\"https:\\\/\\\/www.france.fi\\\/en\\\/culture\\\/jacky-molard-et-francois-courneloup-arrivent-en-finlande-avec-leur-quartet-entre-les-terres\\\/#breadcrumb\"},\"inLanguage\":\"en-US\",\"potentialAction\":[{\"@type\":\"ReadAction\",\"target\":[\"https:\\\/\\\/www.france.fi\\\/en\\\/culture\\\/jacky-molard-et-francois-courneloup-arrivent-en-finlande-avec-leur-quartet-entre-les-terres\\\/\"]}]},{\"@type\":\"ImageObject\",\"inLanguage\":\"en-US\",\"@id\":\"https:\\\/\\\/www.france.fi\\\/en\\\/culture\\\/jacky-molard-et-francois-courneloup-arrivent-en-finlande-avec-leur-quartet-entre-les-terres\\\/#primaryimage\",\"url\":\"https:\\\/\\\/www.france.fi\\\/wp-content\\\/uploads\\\/2024\\\/09\\\/Molard-Corneloup-Quartet-c-Eric-Legret-1098x617.jpg\",\"contentUrl\":\"https:\\\/\\\/www.france.fi\\\/wp-content\\\/uploads\\\/2024\\\/09\\\/Molard-Corneloup-Quartet-c-Eric-Legret-1098x617.jpg\",\"width\":1280,\"height\":720,\"caption\":\"Photo : Eric Legret\"},{\"@type\":\"BreadcrumbList\",\"@id\":\"https:\\\/\\\/www.france.fi\\\/en\\\/culture\\\/jacky-molard-et-francois-courneloup-arrivent-en-finlande-avec-leur-quartet-entre-les-terres\\\/#breadcrumb\",\"itemListElement\":[{\"@type\":\"ListItem\",\"position\":1,\"name\":\"Home\",\"item\":\"https:\\\/\\\/www.france.fi\\\/en\\\/\"},{\"@type\":\"ListItem\",\"position\":2,\"name\":\"Culture\",\"item\":\"https:\\\/\\\/www.france.fi\\\/fr\\\/category\\\/culture\\\/\"},{\"@type\":\"ListItem\",\"position\":3,\"name\":\"Jacky Molard et Fran\u00e7ois Courneloup arrivent en Finlande avec leur quartet \u00ab Entre les terres \u00bb !\"}]},{\"@type\":\"WebSite\",\"@id\":\"https:\\\/\\\/www.france.fi\\\/#website\",\"url\":\"https:\\\/\\\/www.france.fi\\\/\",\"name\":\"Institut fran\u00e7ais de Finlande\",\"description\":\"\",\"publisher\":{\"@id\":\"https:\\\/\\\/www.france.fi\\\/#organization\"},\"potentialAction\":[{\"@type\":\"SearchAction\",\"target\":{\"@type\":\"EntryPoint\",\"urlTemplate\":\"https:\\\/\\\/www.france.fi\\\/?s={search_term_string}\"},\"query-input\":{\"@type\":\"PropertyValueSpecification\",\"valueRequired\":true,\"valueName\":\"search_term_string\"}}],\"inLanguage\":\"en-US\"},{\"@type\":\"Organization\",\"@id\":\"https:\\\/\\\/www.france.fi\\\/#organization\",\"name\":\"Institut fran\u00e7ais de Finlande\",\"url\":\"https:\\\/\\\/www.france.fi\\\/\",\"logo\":{\"@type\":\"ImageObject\",\"inLanguage\":\"en-US\",\"@id\":\"https:\\\/\\\/www.france.fi\\\/#\\\/schema\\\/logo\\\/image\\\/\",\"url\":\"https:\\\/\\\/www.france.fi\\\/wp-content\\\/uploads\\\/2024\\\/02\\\/if-logo-1.png\",\"contentUrl\":\"https:\\\/\\\/www.france.fi\\\/wp-content\\\/uploads\\\/2024\\\/02\\\/if-logo-1.png\",\"width\":687,\"height\":459,\"caption\":\"Institut fran\u00e7ais de Finlande\"},\"image\":{\"@id\":\"https:\\\/\\\/www.france.fi\\\/#\\\/schema\\\/logo\\\/image\\\/\"},\"sameAs\":[\"https:\\\/\\\/www.facebook.com\\\/institutfrancaisfi\",\"https:\\\/\\\/x.com\\\/IFFinlande\",\"https:\\\/\\\/www.instagram.com\\\/iffinlande\\\/\",\"https:\\\/\\\/fr.linkedin.com\\\/organization-guest\\\/company\\\/institut-fran-ais-de-finlande\",\"https:\\\/\\\/www.youtube.com\\\/channel\\\/UCHAitdpmSbeP78eL49XMotA\"]},{\"@type\":\"Person\",\"@id\":\"https:\\\/\\\/www.france.fi\\\/#\\\/schema\\\/person\\\/ed873f29db1d0af6a3600d15d3b65bfd\",\"name\":\"Equipe IFF\",\"image\":{\"@type\":\"ImageObject\",\"inLanguage\":\"en-US\",\"@id\":\"https:\\\/\\\/secure.gravatar.com\\\/avatar\\\/3c4ba80228d01014b25e45e90abb28ce315a02c6572751a7fb2298e4274989fc?s=96&d=mm&r=g\",\"url\":\"https:\\\/\\\/secure.gravatar.com\\\/avatar\\\/3c4ba80228d01014b25e45e90abb28ce315a02c6572751a7fb2298e4274989fc?s=96&d=mm&r=g\",\"contentUrl\":\"https:\\\/\\\/secure.gravatar.com\\\/avatar\\\/3c4ba80228d01014b25e45e90abb28ce315a02c6572751a7fb2298e4274989fc?s=96&d=mm&r=g\",\"caption\":\"Equipe IFF\"},\"url\":\"https:\\\/\\\/www.france.fi\\\/en\\\/author\\\/iffadmin\\\/\"}]}<\/script>\n<!-- \/ Yoast SEO plugin. -->","yoast_head_json":{"title":"Jacky Molard et Fran\u00e7ois Courneloup arrivent en Finlande avec leur quartet \u00ab Entre les terres \u00bb ! - Institut fran\u00e7ais","robots":{"index":"index","follow":"follow","max-snippet":"max-snippet:-1","max-image-preview":"max-image-preview:large","max-video-preview":"max-video-preview:-1"},"canonical":"https:\/\/www.france.fi\/en\/culture\/jacky-molard-et-francois-courneloup-arrivent-en-finlande-avec-leur-quartet-entre-les-terres\/","og_locale":"en_US","og_type":"article","og_title":"Jacky Molard et Fran\u00e7ois Courneloup arrivent en Finlande avec leur quartet \u00ab Entre les terres \u00bb ! - Institut fran\u00e7ais","og_description":"L\u2019un des musiciens les plus respect\u00e9s de la sc\u00e8ne bretonne s\u2019unit \u00e0 un pionnier du jazz fran\u00e7ais pour ce specatcle unique. Avec l\u2019IFF, profitez d\u2019un prix r\u00e9duit pour les tickets du concert !","og_url":"https:\/\/www.france.fi\/en\/culture\/jacky-molard-et-francois-courneloup-arrivent-en-finlande-avec-leur-quartet-entre-les-terres\/","og_site_name":"Institut fran\u00e7ais","article_publisher":"https:\/\/www.facebook.com\/institutfrancaisfi","article_published_time":"2024-09-18T06:35:19+00:00","article_modified_time":"2024-10-21T12:25:09+00:00","og_image":[{"width":1280,"height":720,"url":"https:\/\/www.france.fi\/wp-content\/uploads\/2024\/09\/Molard-Corneloup-Quartet-c-Eric-Legret-1098x617.jpg","type":"image\/jpeg"}],"author":"Equipe IFF","twitter_card":"summary_large_image","twitter_creator":"@IFFinlande","twitter_site":"@IFFinlande","twitter_misc":{"Written by":"Equipe IFF","Est. reading time":"2 minutes"},"schema":{"@context":"https:\/\/schema.org","@graph":[{"@type":"Article","@id":"https:\/\/www.france.fi\/en\/culture\/jacky-molard-et-francois-courneloup-arrivent-en-finlande-avec-leur-quartet-entre-les-terres\/#article","isPartOf":{"@id":"https:\/\/www.france.fi\/en\/culture\/jacky-molard-et-francois-courneloup-arrivent-en-finlande-avec-leur-quartet-entre-les-terres\/"},"author":{"name":"Equipe IFF","@id":"https:\/\/www.france.fi\/#\/schema\/person\/ed873f29db1d0af6a3600d15d3b65bfd"},"headline":"Jacky Molard et Fran\u00e7ois Courneloup arrivent en Finlande avec leur quartet \u00ab Entre les terres \u00bb !","datePublished":"2024-09-18T06:35:19+00:00","dateModified":"2024-10-21T12:25:09+00:00","mainEntityOfPage":{"@id":"https:\/\/www.france.fi\/en\/culture\/jacky-molard-et-francois-courneloup-arrivent-en-finlande-avec-leur-quartet-entre-les-terres\/"},"wordCount":249,"publisher":{"@id":"https:\/\/www.france.fi\/#organization"},"image":{"@id":"https:\/\/www.france.fi\/en\/culture\/jacky-molard-et-francois-courneloup-arrivent-en-finlande-avec-leur-quartet-entre-les-terres\/#primaryimage"},"thumbnailUrl":"https:\/\/www.france.fi\/wp-content\/uploads\/2024\/09\/Molard-Corneloup-Quartet-c-Eric-Legret-1098x617.jpg","articleSection":["Culture"],"inLanguage":"en-US"},{"@type":"WebPage","@id":"https:\/\/www.france.fi\/en\/culture\/jacky-molard-et-francois-courneloup-arrivent-en-finlande-avec-leur-quartet-entre-les-terres\/","url":"https:\/\/www.france.fi\/en\/culture\/jacky-molard-et-francois-courneloup-arrivent-en-finlande-avec-leur-quartet-entre-les-terres\/","name":"Jacky Molard et Fran\u00e7ois Courneloup arrivent en Finlande avec leur quartet \u00ab Entre les terres \u00bb ! - Institut fran\u00e7ais","isPartOf":{"@id":"https:\/\/www.france.fi\/#website"},"primaryImageOfPage":{"@id":"https:\/\/www.france.fi\/en\/culture\/jacky-molard-et-francois-courneloup-arrivent-en-finlande-avec-leur-quartet-entre-les-terres\/#primaryimage"},"image":{"@id":"https:\/\/www.france.fi\/en\/culture\/jacky-molard-et-francois-courneloup-arrivent-en-finlande-avec-leur-quartet-entre-les-terres\/#primaryimage"},"thumbnailUrl":"https:\/\/www.france.fi\/wp-content\/uploads\/2024\/09\/Molard-Corneloup-Quartet-c-Eric-Legret-1098x617.jpg","datePublished":"2024-09-18T06:35:19+00:00","dateModified":"2024-10-21T12:25:09+00:00","breadcrumb":{"@id":"https:\/\/www.france.fi\/en\/culture\/jacky-molard-et-francois-courneloup-arrivent-en-finlande-avec-leur-quartet-entre-les-terres\/#breadcrumb"},"inLanguage":"en-US","potentialAction":[{"@type":"ReadAction","target":["https:\/\/www.france.fi\/en\/culture\/jacky-molard-et-francois-courneloup-arrivent-en-finlande-avec-leur-quartet-entre-les-terres\/"]}]},{"@type":"ImageObject","inLanguage":"en-US","@id":"https:\/\/www.france.fi\/en\/culture\/jacky-molard-et-francois-courneloup-arrivent-en-finlande-avec-leur-quartet-entre-les-terres\/#primaryimage","url":"https:\/\/www.france.fi\/wp-content\/uploads\/2024\/09\/Molard-Corneloup-Quartet-c-Eric-Legret-1098x617.jpg","contentUrl":"https:\/\/www.france.fi\/wp-content\/uploads\/2024\/09\/Molard-Corneloup-Quartet-c-Eric-Legret-1098x617.jpg","width":1280,"height":720,"caption":"Photo : Eric Legret"},{"@type":"BreadcrumbList","@id":"https:\/\/www.france.fi\/en\/culture\/jacky-molard-et-francois-courneloup-arrivent-en-finlande-avec-leur-quartet-entre-les-terres\/#breadcrumb","itemListElement":[{"@type":"ListItem","position":1,"name":"Home","item":"https:\/\/www.france.fi\/en\/"},{"@type":"ListItem","position":2,"name":"Culture","item":"https:\/\/www.france.fi\/fr\/category\/culture\/"},{"@type":"ListItem","position":3,"name":"Jacky Molard et Fran\u00e7ois Courneloup arrivent en Finlande avec leur quartet \u00ab Entre les terres \u00bb !"}]},{"@type":"WebSite","@id":"https:\/\/www.france.fi\/#website","url":"https:\/\/www.france.fi\/","name":"Institut fran\u00e7ais de Finlande","description":"","publisher":{"@id":"https:\/\/www.france.fi\/#organization"},"potentialAction":[{"@type":"SearchAction","target":{"@type":"EntryPoint","urlTemplate":"https:\/\/www.france.fi\/?s={search_term_string}"},"query-input":{"@type":"PropertyValueSpecification","valueRequired":true,"valueName":"search_term_string"}}],"inLanguage":"en-US"},{"@type":"Organization","@id":"https:\/\/www.france.fi\/#organization","name":"Institut fran\u00e7ais de Finlande","url":"https:\/\/www.france.fi\/","logo":{"@type":"ImageObject","inLanguage":"en-US","@id":"https:\/\/www.france.fi\/#\/schema\/logo\/image\/","url":"https:\/\/www.france.fi\/wp-content\/uploads\/2024\/02\/if-logo-1.png","contentUrl":"https:\/\/www.france.fi\/wp-content\/uploads\/2024\/02\/if-logo-1.png","width":687,"height":459,"caption":"Institut fran\u00e7ais de Finlande"},"image":{"@id":"https:\/\/www.france.fi\/#\/schema\/logo\/image\/"},"sameAs":["https:\/\/www.facebook.com\/institutfrancaisfi","https:\/\/x.com\/IFFinlande","https:\/\/www.instagram.com\/iffinlande\/","https:\/\/fr.linkedin.com\/organization-guest\/company\/institut-fran-ais-de-finlande","https:\/\/www.youtube.com\/channel\/UCHAitdpmSbeP78eL49XMotA"]},{"@type":"Person","@id":"https:\/\/www.france.fi\/#\/schema\/person\/ed873f29db1d0af6a3600d15d3b65bfd","name":"Equipe IFF","image":{"@type":"ImageObject","inLanguage":"en-US","@id":"https:\/\/secure.gravatar.com\/avatar\/3c4ba80228d01014b25e45e90abb28ce315a02c6572751a7fb2298e4274989fc?s=96&d=mm&r=g","url":"https:\/\/secure.gravatar.com\/avatar\/3c4ba80228d01014b25e45e90abb28ce315a02c6572751a7fb2298e4274989fc?s=96&d=mm&r=g","contentUrl":"https:\/\/secure.gravatar.com\/avatar\/3c4ba80228d01014b25e45e90abb28ce315a02c6572751a7fb2298e4274989fc?s=96&d=mm&r=g","caption":"Equipe IFF"},"url":"https:\/\/www.france.fi\/en\/author\/iffadmin\/"}]}},"_links":{"self":[{"href":"https:\/\/www.france.fi\/en\/wp-json\/wp\/v2\/posts\/17717","targetHints":{"allow":["GET"]}}],"collection":[{"href":"https:\/\/www.france.fi\/en\/wp-json\/wp\/v2\/posts"}],"about":[{"href":"https:\/\/www.france.fi\/en\/wp-json\/wp\/v2\/types\/post"}],"author":[{"embeddable":true,"href":"https:\/\/www.france.fi\/en\/wp-json\/wp\/v2\/users\/2"}],"replies":[{"embeddable":true,"href":"https:\/\/www.france.fi\/en\/wp-json\/wp\/v2\/comments?post=17717"}],"version-history":[{"count":0,"href":"https:\/\/www.france.fi\/en\/wp-json\/wp\/v2\/posts\/17717\/revisions"}],"wp:featuredmedia":[{"embeddable":true,"href":"https:\/\/www.france.fi\/en\/wp-json\/wp\/v2\/media\/17714"}],"wp:attachment":[{"href":"https:\/\/www.france.fi\/en\/wp-json\/wp\/v2\/media?parent=17717"}],"wp:term":[{"taxonomy":"category","embeddable":true,"href":"https:\/\/www.france.fi\/en\/wp-json\/wp\/v2\/categories?post=17717"},{"taxonomy":"post_tag","embeddable":true,"href":"https:\/\/www.france.fi\/en\/wp-json\/wp\/v2\/tags?post=17717"}],"curies":[{"name":"wp","href":"https:\/\/api.w.org\/{rel}","templated":true}]}}