{"id":22652,"date":"2025-12-16T14:04:33","date_gmt":"2025-12-16T12:04:33","guid":{"rendered":"https:\/\/www.france.fi\/culture\/tieteiden-yo-2026-valokuvauksen-200-vuotisjuhla\/"},"modified":"2026-01-23T08:53:27","modified_gmt":"2026-01-23T06:53:27","slug":"night-of-science-2026-bicentenary-of-photography","status":"publish","type":"post","link":"https:\/\/www.france.fi\/en\/science-and-universities\/night-of-science-2026-bicentenary-of-photography\/","title":{"rendered":"Night of Science 2026: 200 Years of Photography"},"content":{"rendered":"<p>In 2026, we all take pictures every day without thinking it: a swipe, a tap, and a moment is sealed into memory. Two hundred years earlier, in 1826, the French inventor Nic\u00e9phore Ni\u00e9pce made the first photograph in history \u2014 his famous <a href=\"https:\/\/en.wikipedia.org\/wiki\/View_from_the_Window_at_Le_Gras\">View from the Window at Le Gras<\/a> \u2014 after years of patient experimentation and delicate chemistry.<\/p>\n<p>For the Night of Science 2026, we invite you to slow down and rediscover photography as both a science and an art.<\/p>\n<p>Throughout the evening, you will learn how this first photograph \u2014 a quiet, seemingly unremarkable view \u2014 reveals the changing world of Ni\u00e9pce\u2019s time. You&#8217;ll laso explore the dawn of photographic art in Finland, discover contemporary photography based on historic and camera-less techniques, and even have a taste of the process yourself. Share your own &#8220;View from the Window&#8221;and experience instant, hands-on image-making.<\/p>\n<h3><strong>PROGRAM<\/strong><\/h3>\n<ul>\n<li>Documentary: \u201cObjectif Ni\u00e9pce\u201d, Constance Production (director: Christophe Henry)<\/li>\n<li>Historical analysis of View from the Window at Le Gras, Dr. Jan Middelbos, University of Rennes 2<\/li>\n<li>The Quest for Colour: Early Autochromes from the Collection of the Finnish Museum of Photography, Max Fritze, The Finnish Museum of Photography<\/li>\n<li>Contemporary photography based on ancient techniques, J\u00e9r\u00e9my Barrois, artistic photographer<\/li>\n<li>The heliographic garden: photograms, chemigrams and other camera-less light-sensitive techniques, Dr. Tuula N\u00e4rhinen, Uniarts Helsinki<\/li>\n<li>Pop-up exhibition View from my Window, participatory exhibition<\/li>\n<li>Stroll around the French Institute, direct exchange with speakers about photographic artworks or hands-on image-making<\/li>\n<\/ul>\n<p>The detailed program can be found <a href=\"https:\/\/www.france.fi\/wp-content\/uploads\/2025\/12\/Night-of-Science-2026-Programme-MAJ.pdf\">HERE.<\/a><\/p>\n<h3>IT IS YOUR TURN! POP-UP EXHIBITION <em>VIEW FROM MY WINDOW\u00a0<\/em><\/h3>\n<p>In addition to fascinating presentations, the evening features a participatory exhibition View from my Window to honor Nic\u00e9phore Ni\u00e9pce and the first photograph in history, <a href=\"https:\/\/en.wikipedia.org\/wiki\/View_from_the_Window_at_Le_Gras\">View from the windows at le Gras<\/a>.<\/p>\n<p><strong>The challenge?<\/strong> Send us a photo taken from the window of your home. What does the world look like from your window? We are seeking photographs that capture our time, be it striking light, urban architecture, or fleeting moments of daily life. The window frame should act as your canvas, echoing Ni\u00e9pce\u2019s historic perspective.<\/p>\n<p><strong>How to participate:<\/strong> submit your work by 20 January 2026 at science@france.fi (JPG or PNG, high resolution, with full credits). The most striking images will be displayed at the Institute during our special event.<\/p>\n<p><span class=\"TextRun SCXW8756756 BCX0\" lang=\"EN-US\" xml:lang=\"EN-US\" data-contrast=\"auto\"><span class=\"NormalTextRun SCXW8756756 BCX0\">Capture the light. Be part of history. Start shooting!<\/span><\/span><\/p>\n<h3><span class=\"TextRun SCXW4518148 BCX0\" lang=\"EN-US\" xml:lang=\"EN-US\" data-contrast=\"auto\"><span class=\"NormalTextRun SCXW4518148 BCX0\">PRACTICAL INFORMATION <\/span><\/span><span class=\"EOP SCXW4518148 BCX0\" data-ccp-props=\"{&quot;134233117&quot;:false,&quot;134233118&quot;:false,&quot;201341983&quot;:0,&quot;335551550&quot;:1,&quot;335551620&quot;:1,&quot;335559685&quot;:0,&quot;335559737&quot;:0,&quot;335559738&quot;:0,&quot;335559739&quot;:0,&quot;335559740&quot;:278}\">\u00a0<\/span><\/h3>\n<p>The event will be held in French and in English: presentations in French are subtitled in English and vice-versa.<\/p>\n<p>The French Institute is accessible to people with reduced mobility. However, please note that the ramp leading to the door has a steep incline and requires assistance from a companion for wheelchair users. The toilets are not accessible to people with reduced mobility.<\/p>\n<p>Admission is free upon registration via the link below.<\/p>\n<p>&nbsp;<\/p>\n","protected":false},"excerpt":{"rendered":"<p>During this immersive night, rediscover the history and art of capturing light beyond the digital swipe as we celebrate the bicentenary of the world&#8217;s first photo.<\/p>\n","protected":false},"author":8,"featured_media":22646,"comment_status":"closed","ping_status":"closed","sticky":false,"template":"","format":"standard","meta":{"footnotes":""},"categories":[52],"tags":[338,895,896,901,902],"class_list":["post-22652","post","type-post","status-publish","format-standard","has-post-thumbnail","hentry","category-science-and-universities","tag-valokuvaus-en","tag-tieteiden-yo-2026","tag-nicephore-niepce","tag-photography","tag-night-of-science-2026"],"yoast_head":"<!-- This site is optimized with the Yoast SEO plugin v27.4 - https:\/\/yoast.com\/product\/yoast-seo-wordpress\/ -->\n<title>Night of Science 2026: 200 Years of Photography - Institut fran\u00e7ais<\/title>\n<meta name=\"description\" content=\"During this immersive night, rediscover the history and art of capturing light beyond the digital swipe as we celebrate the bicentenary of the world&#039;s first photo.\" \/>\n<meta name=\"robots\" content=\"index, follow, max-snippet:-1, max-image-preview:large, max-video-preview:-1\" \/>\n<link rel=\"canonical\" href=\"https:\/\/www.france.fi\/en\/science-and-universities\/night-of-science-2026-bicentenary-of-photography\/\" \/>\n<meta property=\"og:locale\" content=\"en_US\" \/>\n<meta property=\"og:type\" content=\"article\" \/>\n<meta property=\"og:title\" content=\"Night of Science 2026: 200 Years of Photography - Institut fran\u00e7ais\" \/>\n<meta property=\"og:description\" content=\"During this immersive night, rediscover the history and art of capturing light beyond the digital swipe as we celebrate the bicentenary of the world&#039;s first photo.\" \/>\n<meta property=\"og:url\" content=\"https:\/\/www.france.fi\/en\/science-and-universities\/night-of-science-2026-bicentenary-of-photography\/\" \/>\n<meta property=\"og:site_name\" content=\"Institut fran\u00e7ais\" \/>\n<meta property=\"article:publisher\" content=\"https:\/\/www.facebook.com\/institutfrancaisfi\" \/>\n<meta property=\"article:published_time\" content=\"2025-12-16T12:04:33+00:00\" \/>\n<meta property=\"article:modified_time\" content=\"2026-01-23T06:53:27+00:00\" \/>\n<meta property=\"og:image\" content=\"https:\/\/www.france.fi\/wp-content\/uploads\/2025\/12\/Visuel.jpg\" \/>\n\t<meta property=\"og:image:width\" content=\"1920\" \/>\n\t<meta property=\"og:image:height\" content=\"1080\" \/>\n\t<meta property=\"og:image:type\" content=\"image\/jpeg\" \/>\n<meta name=\"author\" content=\"Katri Jokela\" \/>\n<meta name=\"twitter:card\" content=\"summary_large_image\" \/>\n<meta name=\"twitter:creator\" content=\"@IFFinlande\" \/>\n<meta name=\"twitter:site\" content=\"@IFFinlande\" \/>\n<meta name=\"twitter:label1\" content=\"Written by\" \/>\n\t<meta name=\"twitter:data1\" content=\"Katri Jokela\" \/>\n\t<meta name=\"twitter:label2\" content=\"Est. reading time\" \/>\n\t<meta name=\"twitter:data2\" content=\"3 minutes\" \/>\n<script type=\"application\/ld+json\" class=\"yoast-schema-graph\">{\"@context\":\"https:\\\/\\\/schema.org\",\"@graph\":[{\"@type\":\"Article\",\"@id\":\"https:\\\/\\\/www.france.fi\\\/en\\\/science-and-universities\\\/night-of-science-2026-bicentenary-of-photography\\\/#article\",\"isPartOf\":{\"@id\":\"https:\\\/\\\/www.france.fi\\\/en\\\/science-and-universities\\\/night-of-science-2026-bicentenary-of-photography\\\/\"},\"author\":{\"name\":\"Katri Jokela\",\"@id\":\"https:\\\/\\\/www.france.fi\\\/#\\\/schema\\\/person\\\/db81697c695313881e27d7a0098b4cfe\"},\"headline\":\"Night of Science 2026: 200 Years of Photography\",\"datePublished\":\"2025-12-16T12:04:33+00:00\",\"dateModified\":\"2026-01-23T06:53:27+00:00\",\"mainEntityOfPage\":{\"@id\":\"https:\\\/\\\/www.france.fi\\\/en\\\/science-and-universities\\\/night-of-science-2026-bicentenary-of-photography\\\/\"},\"wordCount\":471,\"publisher\":{\"@id\":\"https:\\\/\\\/www.france.fi\\\/#organization\"},\"image\":{\"@id\":\"https:\\\/\\\/www.france.fi\\\/en\\\/science-and-universities\\\/night-of-science-2026-bicentenary-of-photography\\\/#primaryimage\"},\"thumbnailUrl\":\"https:\\\/\\\/www.france.fi\\\/wp-content\\\/uploads\\\/2025\\\/12\\\/Visuel.jpg\",\"keywords\":[\"valokuvaus\",\"tieteiden y\u00f6 2026\",\"nic\u00e9phore ni\u00e9pce\",\"photography\",\"night of science 2026\"],\"articleSection\":[\"Science and universities\"],\"inLanguage\":\"en-US\"},{\"@type\":\"WebPage\",\"@id\":\"https:\\\/\\\/www.france.fi\\\/en\\\/science-and-universities\\\/night-of-science-2026-bicentenary-of-photography\\\/\",\"url\":\"https:\\\/\\\/www.france.fi\\\/en\\\/science-and-universities\\\/night-of-science-2026-bicentenary-of-photography\\\/\",\"name\":\"Night of Science 2026: 200 Years of Photography - Institut fran\u00e7ais\",\"isPartOf\":{\"@id\":\"https:\\\/\\\/www.france.fi\\\/#website\"},\"primaryImageOfPage\":{\"@id\":\"https:\\\/\\\/www.france.fi\\\/en\\\/science-and-universities\\\/night-of-science-2026-bicentenary-of-photography\\\/#primaryimage\"},\"image\":{\"@id\":\"https:\\\/\\\/www.france.fi\\\/en\\\/science-and-universities\\\/night-of-science-2026-bicentenary-of-photography\\\/#primaryimage\"},\"thumbnailUrl\":\"https:\\\/\\\/www.france.fi\\\/wp-content\\\/uploads\\\/2025\\\/12\\\/Visuel.jpg\",\"datePublished\":\"2025-12-16T12:04:33+00:00\",\"dateModified\":\"2026-01-23T06:53:27+00:00\",\"description\":\"During this immersive night, rediscover the history and art of capturing light beyond the digital swipe as we celebrate the bicentenary of the world's first photo.\",\"breadcrumb\":{\"@id\":\"https:\\\/\\\/www.france.fi\\\/en\\\/science-and-universities\\\/night-of-science-2026-bicentenary-of-photography\\\/#breadcrumb\"},\"inLanguage\":\"en-US\",\"potentialAction\":[{\"@type\":\"ReadAction\",\"target\":[\"https:\\\/\\\/www.france.fi\\\/en\\\/science-and-universities\\\/night-of-science-2026-bicentenary-of-photography\\\/\"]}]},{\"@type\":\"ImageObject\",\"inLanguage\":\"en-US\",\"@id\":\"https:\\\/\\\/www.france.fi\\\/en\\\/science-and-universities\\\/night-of-science-2026-bicentenary-of-photography\\\/#primaryimage\",\"url\":\"https:\\\/\\\/www.france.fi\\\/wp-content\\\/uploads\\\/2025\\\/12\\\/Visuel.jpg\",\"contentUrl\":\"https:\\\/\\\/www.france.fi\\\/wp-content\\\/uploads\\\/2025\\\/12\\\/Visuel.jpg\",\"width\":1920,\"height\":1080},{\"@type\":\"BreadcrumbList\",\"@id\":\"https:\\\/\\\/www.france.fi\\\/en\\\/science-and-universities\\\/night-of-science-2026-bicentenary-of-photography\\\/#breadcrumb\",\"itemListElement\":[{\"@type\":\"ListItem\",\"position\":1,\"name\":\"Home\",\"item\":\"https:\\\/\\\/www.france.fi\\\/en\\\/\"},{\"@type\":\"ListItem\",\"position\":2,\"name\":\"Science and universities\",\"item\":\"https:\\\/\\\/www.france.fi\\\/en\\\/category\\\/science-and-universities\\\/\"},{\"@type\":\"ListItem\",\"position\":3,\"name\":\"Night of Science 2026: 200 Years of Photography\"}]},{\"@type\":\"WebSite\",\"@id\":\"https:\\\/\\\/www.france.fi\\\/#website\",\"url\":\"https:\\\/\\\/www.france.fi\\\/\",\"name\":\"Institut fran\u00e7ais de Finlande\",\"description\":\"\",\"publisher\":{\"@id\":\"https:\\\/\\\/www.france.fi\\\/#organization\"},\"potentialAction\":[{\"@type\":\"SearchAction\",\"target\":{\"@type\":\"EntryPoint\",\"urlTemplate\":\"https:\\\/\\\/www.france.fi\\\/?s={search_term_string}\"},\"query-input\":{\"@type\":\"PropertyValueSpecification\",\"valueRequired\":true,\"valueName\":\"search_term_string\"}}],\"inLanguage\":\"en-US\"},{\"@type\":\"Organization\",\"@id\":\"https:\\\/\\\/www.france.fi\\\/#organization\",\"name\":\"Institut fran\u00e7ais de Finlande\",\"url\":\"https:\\\/\\\/www.france.fi\\\/\",\"logo\":{\"@type\":\"ImageObject\",\"inLanguage\":\"en-US\",\"@id\":\"https:\\\/\\\/www.france.fi\\\/#\\\/schema\\\/logo\\\/image\\\/\",\"url\":\"https:\\\/\\\/www.france.fi\\\/wp-content\\\/uploads\\\/2024\\\/02\\\/if-logo-1.png\",\"contentUrl\":\"https:\\\/\\\/www.france.fi\\\/wp-content\\\/uploads\\\/2024\\\/02\\\/if-logo-1.png\",\"width\":687,\"height\":459,\"caption\":\"Institut fran\u00e7ais de Finlande\"},\"image\":{\"@id\":\"https:\\\/\\\/www.france.fi\\\/#\\\/schema\\\/logo\\\/image\\\/\"},\"sameAs\":[\"https:\\\/\\\/www.facebook.com\\\/institutfrancaisfi\",\"https:\\\/\\\/x.com\\\/IFFinlande\",\"https:\\\/\\\/www.instagram.com\\\/iffinlande\\\/\",\"https:\\\/\\\/fr.linkedin.com\\\/organization-guest\\\/company\\\/institut-fran-ais-de-finlande\",\"https:\\\/\\\/www.youtube.com\\\/channel\\\/UCHAitdpmSbeP78eL49XMotA\"]},{\"@type\":\"Person\",\"@id\":\"https:\\\/\\\/www.france.fi\\\/#\\\/schema\\\/person\\\/db81697c695313881e27d7a0098b4cfe\",\"name\":\"Katri Jokela\",\"image\":{\"@type\":\"ImageObject\",\"inLanguage\":\"en-US\",\"@id\":\"https:\\\/\\\/secure.gravatar.com\\\/avatar\\\/396aab495906d349883b262e8f147388dc2e3243e726e288a7b8da2294580805?s=96&d=mm&r=g\",\"url\":\"https:\\\/\\\/secure.gravatar.com\\\/avatar\\\/396aab495906d349883b262e8f147388dc2e3243e726e288a7b8da2294580805?s=96&d=mm&r=g\",\"contentUrl\":\"https:\\\/\\\/secure.gravatar.com\\\/avatar\\\/396aab495906d349883b262e8f147388dc2e3243e726e288a7b8da2294580805?s=96&d=mm&r=g\",\"caption\":\"Katri Jokela\"},\"url\":\"https:\\\/\\\/www.france.fi\\\/en\\\/author\\\/katri-jokelafrance-fi\\\/\"}]}<\/script>\n<!-- \/ Yoast SEO plugin. -->","yoast_head_json":{"title":"Night of Science 2026: 200 Years of Photography - Institut fran\u00e7ais","description":"During this immersive night, rediscover the history and art of capturing light beyond the digital swipe as we celebrate the bicentenary of the world's first photo.","robots":{"index":"index","follow":"follow","max-snippet":"max-snippet:-1","max-image-preview":"max-image-preview:large","max-video-preview":"max-video-preview:-1"},"canonical":"https:\/\/www.france.fi\/en\/science-and-universities\/night-of-science-2026-bicentenary-of-photography\/","og_locale":"en_US","og_type":"article","og_title":"Night of Science 2026: 200 Years of Photography - Institut fran\u00e7ais","og_description":"During this immersive night, rediscover the history and art of capturing light beyond the digital swipe as we celebrate the bicentenary of the world's first photo.","og_url":"https:\/\/www.france.fi\/en\/science-and-universities\/night-of-science-2026-bicentenary-of-photography\/","og_site_name":"Institut fran\u00e7ais","article_publisher":"https:\/\/www.facebook.com\/institutfrancaisfi","article_published_time":"2025-12-16T12:04:33+00:00","article_modified_time":"2026-01-23T06:53:27+00:00","og_image":[{"width":1920,"height":1080,"url":"https:\/\/www.france.fi\/wp-content\/uploads\/2025\/12\/Visuel.jpg","type":"image\/jpeg"}],"author":"Katri Jokela","twitter_card":"summary_large_image","twitter_creator":"@IFFinlande","twitter_site":"@IFFinlande","twitter_misc":{"Written by":"Katri Jokela","Est. reading time":"3 minutes"},"schema":{"@context":"https:\/\/schema.org","@graph":[{"@type":"Article","@id":"https:\/\/www.france.fi\/en\/science-and-universities\/night-of-science-2026-bicentenary-of-photography\/#article","isPartOf":{"@id":"https:\/\/www.france.fi\/en\/science-and-universities\/night-of-science-2026-bicentenary-of-photography\/"},"author":{"name":"Katri Jokela","@id":"https:\/\/www.france.fi\/#\/schema\/person\/db81697c695313881e27d7a0098b4cfe"},"headline":"Night of Science 2026: 200 Years of Photography","datePublished":"2025-12-16T12:04:33+00:00","dateModified":"2026-01-23T06:53:27+00:00","mainEntityOfPage":{"@id":"https:\/\/www.france.fi\/en\/science-and-universities\/night-of-science-2026-bicentenary-of-photography\/"},"wordCount":471,"publisher":{"@id":"https:\/\/www.france.fi\/#organization"},"image":{"@id":"https:\/\/www.france.fi\/en\/science-and-universities\/night-of-science-2026-bicentenary-of-photography\/#primaryimage"},"thumbnailUrl":"https:\/\/www.france.fi\/wp-content\/uploads\/2025\/12\/Visuel.jpg","keywords":["valokuvaus","tieteiden y\u00f6 2026","nic\u00e9phore ni\u00e9pce","photography","night of science 2026"],"articleSection":["Science and universities"],"inLanguage":"en-US"},{"@type":"WebPage","@id":"https:\/\/www.france.fi\/en\/science-and-universities\/night-of-science-2026-bicentenary-of-photography\/","url":"https:\/\/www.france.fi\/en\/science-and-universities\/night-of-science-2026-bicentenary-of-photography\/","name":"Night of Science 2026: 200 Years of Photography - Institut fran\u00e7ais","isPartOf":{"@id":"https:\/\/www.france.fi\/#website"},"primaryImageOfPage":{"@id":"https:\/\/www.france.fi\/en\/science-and-universities\/night-of-science-2026-bicentenary-of-photography\/#primaryimage"},"image":{"@id":"https:\/\/www.france.fi\/en\/science-and-universities\/night-of-science-2026-bicentenary-of-photography\/#primaryimage"},"thumbnailUrl":"https:\/\/www.france.fi\/wp-content\/uploads\/2025\/12\/Visuel.jpg","datePublished":"2025-12-16T12:04:33+00:00","dateModified":"2026-01-23T06:53:27+00:00","description":"During this immersive night, rediscover the history and art of capturing light beyond the digital swipe as we celebrate the bicentenary of the world's first photo.","breadcrumb":{"@id":"https:\/\/www.france.fi\/en\/science-and-universities\/night-of-science-2026-bicentenary-of-photography\/#breadcrumb"},"inLanguage":"en-US","potentialAction":[{"@type":"ReadAction","target":["https:\/\/www.france.fi\/en\/science-and-universities\/night-of-science-2026-bicentenary-of-photography\/"]}]},{"@type":"ImageObject","inLanguage":"en-US","@id":"https:\/\/www.france.fi\/en\/science-and-universities\/night-of-science-2026-bicentenary-of-photography\/#primaryimage","url":"https:\/\/www.france.fi\/wp-content\/uploads\/2025\/12\/Visuel.jpg","contentUrl":"https:\/\/www.france.fi\/wp-content\/uploads\/2025\/12\/Visuel.jpg","width":1920,"height":1080},{"@type":"BreadcrumbList","@id":"https:\/\/www.france.fi\/en\/science-and-universities\/night-of-science-2026-bicentenary-of-photography\/#breadcrumb","itemListElement":[{"@type":"ListItem","position":1,"name":"Home","item":"https:\/\/www.france.fi\/en\/"},{"@type":"ListItem","position":2,"name":"Science and universities","item":"https:\/\/www.france.fi\/en\/category\/science-and-universities\/"},{"@type":"ListItem","position":3,"name":"Night of Science 2026: 200 Years of Photography"}]},{"@type":"WebSite","@id":"https:\/\/www.france.fi\/#website","url":"https:\/\/www.france.fi\/","name":"Institut fran\u00e7ais de Finlande","description":"","publisher":{"@id":"https:\/\/www.france.fi\/#organization"},"potentialAction":[{"@type":"SearchAction","target":{"@type":"EntryPoint","urlTemplate":"https:\/\/www.france.fi\/?s={search_term_string}"},"query-input":{"@type":"PropertyValueSpecification","valueRequired":true,"valueName":"search_term_string"}}],"inLanguage":"en-US"},{"@type":"Organization","@id":"https:\/\/www.france.fi\/#organization","name":"Institut fran\u00e7ais de Finlande","url":"https:\/\/www.france.fi\/","logo":{"@type":"ImageObject","inLanguage":"en-US","@id":"https:\/\/www.france.fi\/#\/schema\/logo\/image\/","url":"https:\/\/www.france.fi\/wp-content\/uploads\/2024\/02\/if-logo-1.png","contentUrl":"https:\/\/www.france.fi\/wp-content\/uploads\/2024\/02\/if-logo-1.png","width":687,"height":459,"caption":"Institut fran\u00e7ais de Finlande"},"image":{"@id":"https:\/\/www.france.fi\/#\/schema\/logo\/image\/"},"sameAs":["https:\/\/www.facebook.com\/institutfrancaisfi","https:\/\/x.com\/IFFinlande","https:\/\/www.instagram.com\/iffinlande\/","https:\/\/fr.linkedin.com\/organization-guest\/company\/institut-fran-ais-de-finlande","https:\/\/www.youtube.com\/channel\/UCHAitdpmSbeP78eL49XMotA"]},{"@type":"Person","@id":"https:\/\/www.france.fi\/#\/schema\/person\/db81697c695313881e27d7a0098b4cfe","name":"Katri Jokela","image":{"@type":"ImageObject","inLanguage":"en-US","@id":"https:\/\/secure.gravatar.com\/avatar\/396aab495906d349883b262e8f147388dc2e3243e726e288a7b8da2294580805?s=96&d=mm&r=g","url":"https:\/\/secure.gravatar.com\/avatar\/396aab495906d349883b262e8f147388dc2e3243e726e288a7b8da2294580805?s=96&d=mm&r=g","contentUrl":"https:\/\/secure.gravatar.com\/avatar\/396aab495906d349883b262e8f147388dc2e3243e726e288a7b8da2294580805?s=96&d=mm&r=g","caption":"Katri Jokela"},"url":"https:\/\/www.france.fi\/en\/author\/katri-jokelafrance-fi\/"}]}},"_links":{"self":[{"href":"https:\/\/www.france.fi\/en\/wp-json\/wp\/v2\/posts\/22652","targetHints":{"allow":["GET"]}}],"collection":[{"href":"https:\/\/www.france.fi\/en\/wp-json\/wp\/v2\/posts"}],"about":[{"href":"https:\/\/www.france.fi\/en\/wp-json\/wp\/v2\/types\/post"}],"author":[{"embeddable":true,"href":"https:\/\/www.france.fi\/en\/wp-json\/wp\/v2\/users\/8"}],"replies":[{"embeddable":true,"href":"https:\/\/www.france.fi\/en\/wp-json\/wp\/v2\/comments?post=22652"}],"version-history":[{"count":0,"href":"https:\/\/www.france.fi\/en\/wp-json\/wp\/v2\/posts\/22652\/revisions"}],"wp:featuredmedia":[{"embeddable":true,"href":"https:\/\/www.france.fi\/en\/wp-json\/wp\/v2\/media\/22646"}],"wp:attachment":[{"href":"https:\/\/www.france.fi\/en\/wp-json\/wp\/v2\/media?parent=22652"}],"wp:term":[{"taxonomy":"category","embeddable":true,"href":"https:\/\/www.france.fi\/en\/wp-json\/wp\/v2\/categories?post=22652"},{"taxonomy":"post_tag","embeddable":true,"href":"https:\/\/www.france.fi\/en\/wp-json\/wp\/v2\/tags?post=22652"}],"curies":[{"name":"wp","href":"https:\/\/api.w.org\/{rel}","templated":true}]}}