{"id":2306,"date":"2020-10-30T13:14:19","date_gmt":"2020-10-30T11:14:19","guid":{"rendered":"http:\/\/www.france.fi\/culture\/journee-internationale-du-professeur-de-francais\/"},"modified":"2020-11-24T16:35:53","modified_gmt":"2020-11-24T14:35:53","slug":"journee-internationale-du-professeur-de-francais","status":"publish","type":"post","link":"https:\/\/www.france.fi\/en\/french-language\/journee-internationale-du-professeur-de-francais\/","title":{"rendered":"Journ\u00e9e internationale du Professeur de Fran\u00e7ais"},"content":{"rendered":"\n<p style=\"text-align: center;\"><span style=\"color: #99ccff;\"><strong>Ev\u00e9nement destin\u00e9 aux professeurs de fran\u00e7ais de Finlande <\/strong><\/span><\/p>\n<p><strong>Programme\u00a0: <\/strong><\/p>\n<p><strong>15h-16h\u00a0Nouvelles pratiques de la musique, nouveaux usages en classe<\/strong><\/p>\n<ol>\n<li>&#8220;La sc\u00e8ne francophone contemporaine et le projet What the France&#8221;<br \/>Intervenant : repr\u00e9sentants de la SACEM<\/li>\n<li>Application didactique\/ De la playlist de classe au journal sonore : nouvelles pratiques de classe<\/li>\n<\/ol>\n<p><strong>16h-17h\u00a0Nouvelles technologies et enseignement de la phon\u00e9tique : l\u2019exemple de Elias Robot\u00a0<\/strong><\/p>\n<ol>\n<li>&#8220;Elias robot et le projet robotlangue&#8221; (universit\u00e9 de Turku) <br \/>Intervenante : Liisa Peura (Universit\u00e9 de turku)<\/li>\n<li>Application didactique\/ L\u2019enseignement de la phon\u00e9tique et les nouvelles technologies (discussion anim\u00e9e par Nicolas Delage)<\/li>\n<\/ol>\n<p><strong>17h-18h Nouvelles \u00e9critures de l\u2019actualit\u00e9 : autour de quelques podcasts fran\u00e7ais r\u00e9cents\u00a0<\/strong><\/p>\n<ol>\n<li>&#8220;Les podcasts dans le paysage journalistique fran\u00e7ais&#8221;<br \/>Intervenant : Lucas Scaltritti, cr\u00e9ateur du podcast &#8220;Y a le feu au lac&#8221;<\/li>\n<li>Application didactique\/ fiche p\u00e9dagogique &#8220;Cr\u00e9er un podcast en fran\u00e7ais&#8221;\u00a0<\/li>\n<\/ol>\n<p><em>Lancement d&#8217;un concours national : \u00ab\u00a0mon podcast en fran\u00e7ais\u00a0\u00bb\u00a0<\/em><\/p>\n<p><strong>18h-21h\u00a0:<\/strong> Soir\u00e9e conviviale\u00a0: karaok\u00e9 francophone et buffet fran\u00e7ais<\/p>\n<p>L\u2019\u00e9v\u00e9nement sera accueilli par le lyc\u00e9e franco-finlandais, et aura lieu dans le r\u00e9fectoire\u00a0: Raumantie 4, 00350 Helsinki.<\/p>\n<p><strong>Inscriptions pour le 15 novembre au plus tard aupr\u00e8s de Anne-Laure Rigeade, attach\u00e9e de coop\u00e9ration pour le fran\u00e7ais \u00e0 l&#8217;ambassade de France :<br \/><img loading=\"lazy\" decoding=\"async\" class=\"alignnone size-full wp-image-1745\" src=\"http:\/\/www.france.fi\/wp-content\/uploads\/2020\/09\/alr.jpg\" alt=\"\" width=\"269\" height=\"20\" \/><br \/><\/strong><\/p>\n<p><strong>Ev\u00e9nement organis\u00e9 par l&#8217;Association des professeurs de Fran\u00e7ais de Finlande, le Lyc\u00e9e Franco-Finlandais, l&#8217;institut Fran\u00e7ais de Finlande.<\/strong><\/p>\n","protected":false},"excerpt":{"rendered":"<p>Vous \u00eates enseignant de fran\u00e7ais en Finlande ? Le Lyc\u00e9e franco-Finlandais, l\u2019APFF et l\u2019Institut Fran\u00e7ais vous accueillent pour une apr\u00e8s-midi d\u2019\u00e9changes autour de nouvelles pratiques culturelles en France pour de nouveaux usages en classe, suivie d\u2019une soir\u00e9e conviviale autour d\u2019un karaok\u00e9 francophone et d\u2019un buffet fran\u00e7ais.<\/p>\n","protected":false},"author":2,"featured_media":2299,"comment_status":"closed","ping_status":"closed","sticky":false,"template":"","format":"standard","meta":{"footnotes":""},"categories":[51],"tags":[],"class_list":["post-2306","post","type-post","status-publish","format-standard","has-post-thumbnail","hentry","category-french-language"],"yoast_head":"<!-- This site is optimized with the Yoast SEO plugin v27.4 - https:\/\/yoast.com\/product\/yoast-seo-wordpress\/ -->\n<title>Journ\u00e9e internationale du Professeur de Fran\u00e7ais - Institut fran\u00e7ais<\/title>\n<meta name=\"robots\" content=\"index, follow, max-snippet:-1, max-image-preview:large, max-video-preview:-1\" \/>\n<link rel=\"canonical\" href=\"https:\/\/www.france.fi\/en\/french-language\/journee-internationale-du-professeur-de-francais\/\" \/>\n<meta property=\"og:locale\" content=\"en_US\" \/>\n<meta property=\"og:type\" content=\"article\" \/>\n<meta property=\"og:title\" content=\"Journ\u00e9e internationale du Professeur de Fran\u00e7ais - Institut fran\u00e7ais\" \/>\n<meta property=\"og:description\" content=\"Vous \u00eates enseignant de fran\u00e7ais en Finlande ? Le Lyc\u00e9e franco-Finlandais, l\u2019APFF et l\u2019Institut Fran\u00e7ais vous accueillent pour une apr\u00e8s-midi d\u2019\u00e9changes autour de nouvelles pratiques culturelles en France pour de nouveaux usages en classe, suivie d\u2019une soir\u00e9e conviviale autour d\u2019un karaok\u00e9 francophone et d\u2019un buffet fran\u00e7ais.\" \/>\n<meta property=\"og:url\" content=\"https:\/\/www.france.fi\/en\/french-language\/journee-internationale-du-professeur-de-francais\/\" \/>\n<meta property=\"og:site_name\" content=\"Institut fran\u00e7ais\" \/>\n<meta property=\"article:publisher\" content=\"https:\/\/www.facebook.com\/institutfrancaisfi\" \/>\n<meta property=\"article:published_time\" content=\"2020-10-30T11:14:19+00:00\" \/>\n<meta property=\"article:modified_time\" content=\"2020-11-24T14:35:53+00:00\" \/>\n<meta property=\"og:image\" content=\"https:\/\/www.france.fi\/wp-content\/uploads\/2020\/10\/jour-du-prof-paysage-1098x617.jpg\" \/>\n\t<meta property=\"og:image:width\" content=\"1280\" \/>\n\t<meta property=\"og:image:height\" content=\"720\" \/>\n\t<meta property=\"og:image:type\" content=\"image\/jpeg\" \/>\n<meta name=\"author\" content=\"Equipe IFF\" \/>\n<meta name=\"twitter:card\" content=\"summary_large_image\" \/>\n<meta name=\"twitter:creator\" content=\"@IFFinlande\" \/>\n<meta name=\"twitter:site\" content=\"@IFFinlande\" \/>\n<meta name=\"twitter:label1\" content=\"Written by\" \/>\n\t<meta name=\"twitter:data1\" content=\"Equipe IFF\" \/>\n\t<meta name=\"twitter:label2\" content=\"Est. reading time\" \/>\n\t<meta name=\"twitter:data2\" content=\"1 minute\" \/>\n<script type=\"application\/ld+json\" class=\"yoast-schema-graph\">{\"@context\":\"https:\\\/\\\/schema.org\",\"@graph\":[{\"@type\":\"Article\",\"@id\":\"https:\\\/\\\/www.france.fi\\\/en\\\/french-language\\\/journee-internationale-du-professeur-de-francais\\\/#article\",\"isPartOf\":{\"@id\":\"https:\\\/\\\/www.france.fi\\\/en\\\/french-language\\\/journee-internationale-du-professeur-de-francais\\\/\"},\"author\":{\"name\":\"Equipe IFF\",\"@id\":\"https:\\\/\\\/www.france.fi\\\/#\\\/schema\\\/person\\\/ed873f29db1d0af6a3600d15d3b65bfd\"},\"headline\":\"Journ\u00e9e internationale du Professeur de Fran\u00e7ais\",\"datePublished\":\"2020-10-30T11:14:19+00:00\",\"dateModified\":\"2020-11-24T14:35:53+00:00\",\"mainEntityOfPage\":{\"@id\":\"https:\\\/\\\/www.france.fi\\\/en\\\/french-language\\\/journee-internationale-du-professeur-de-francais\\\/\"},\"wordCount\":245,\"publisher\":{\"@id\":\"https:\\\/\\\/www.france.fi\\\/#organization\"},\"image\":{\"@id\":\"https:\\\/\\\/www.france.fi\\\/en\\\/french-language\\\/journee-internationale-du-professeur-de-francais\\\/#primaryimage\"},\"thumbnailUrl\":\"https:\\\/\\\/www.france.fi\\\/wp-content\\\/uploads\\\/2020\\\/10\\\/jour-du-prof-paysage-1098x617.jpg\",\"articleSection\":[\"French language\"],\"inLanguage\":\"en-US\"},{\"@type\":\"WebPage\",\"@id\":\"https:\\\/\\\/www.france.fi\\\/en\\\/french-language\\\/journee-internationale-du-professeur-de-francais\\\/\",\"url\":\"https:\\\/\\\/www.france.fi\\\/en\\\/french-language\\\/journee-internationale-du-professeur-de-francais\\\/\",\"name\":\"Journ\u00e9e internationale du Professeur de Fran\u00e7ais - Institut fran\u00e7ais\",\"isPartOf\":{\"@id\":\"https:\\\/\\\/www.france.fi\\\/#website\"},\"primaryImageOfPage\":{\"@id\":\"https:\\\/\\\/www.france.fi\\\/en\\\/french-language\\\/journee-internationale-du-professeur-de-francais\\\/#primaryimage\"},\"image\":{\"@id\":\"https:\\\/\\\/www.france.fi\\\/en\\\/french-language\\\/journee-internationale-du-professeur-de-francais\\\/#primaryimage\"},\"thumbnailUrl\":\"https:\\\/\\\/www.france.fi\\\/wp-content\\\/uploads\\\/2020\\\/10\\\/jour-du-prof-paysage-1098x617.jpg\",\"datePublished\":\"2020-10-30T11:14:19+00:00\",\"dateModified\":\"2020-11-24T14:35:53+00:00\",\"breadcrumb\":{\"@id\":\"https:\\\/\\\/www.france.fi\\\/en\\\/french-language\\\/journee-internationale-du-professeur-de-francais\\\/#breadcrumb\"},\"inLanguage\":\"en-US\",\"potentialAction\":[{\"@type\":\"ReadAction\",\"target\":[\"https:\\\/\\\/www.france.fi\\\/en\\\/french-language\\\/journee-internationale-du-professeur-de-francais\\\/\"]}]},{\"@type\":\"ImageObject\",\"inLanguage\":\"en-US\",\"@id\":\"https:\\\/\\\/www.france.fi\\\/en\\\/french-language\\\/journee-internationale-du-professeur-de-francais\\\/#primaryimage\",\"url\":\"https:\\\/\\\/www.france.fi\\\/wp-content\\\/uploads\\\/2020\\\/10\\\/jour-du-prof-paysage-1098x617.jpg\",\"contentUrl\":\"https:\\\/\\\/www.france.fi\\\/wp-content\\\/uploads\\\/2020\\\/10\\\/jour-du-prof-paysage-1098x617.jpg\",\"width\":1280,\"height\":720},{\"@type\":\"BreadcrumbList\",\"@id\":\"https:\\\/\\\/www.france.fi\\\/en\\\/french-language\\\/journee-internationale-du-professeur-de-francais\\\/#breadcrumb\",\"itemListElement\":[{\"@type\":\"ListItem\",\"position\":1,\"name\":\"Home\",\"item\":\"https:\\\/\\\/www.france.fi\\\/en\\\/\"},{\"@type\":\"ListItem\",\"position\":2,\"name\":\"Langue fran\u00e7aise\",\"item\":\"https:\\\/\\\/www.france.fi\\\/fr\\\/category\\\/langue-francaise\\\/\"},{\"@type\":\"ListItem\",\"position\":3,\"name\":\"Journ\u00e9e internationale du Professeur de Fran\u00e7ais\"}]},{\"@type\":\"WebSite\",\"@id\":\"https:\\\/\\\/www.france.fi\\\/#website\",\"url\":\"https:\\\/\\\/www.france.fi\\\/\",\"name\":\"Institut fran\u00e7ais de Finlande\",\"description\":\"\",\"publisher\":{\"@id\":\"https:\\\/\\\/www.france.fi\\\/#organization\"},\"potentialAction\":[{\"@type\":\"SearchAction\",\"target\":{\"@type\":\"EntryPoint\",\"urlTemplate\":\"https:\\\/\\\/www.france.fi\\\/?s={search_term_string}\"},\"query-input\":{\"@type\":\"PropertyValueSpecification\",\"valueRequired\":true,\"valueName\":\"search_term_string\"}}],\"inLanguage\":\"en-US\"},{\"@type\":\"Organization\",\"@id\":\"https:\\\/\\\/www.france.fi\\\/#organization\",\"name\":\"Institut fran\u00e7ais de Finlande\",\"url\":\"https:\\\/\\\/www.france.fi\\\/\",\"logo\":{\"@type\":\"ImageObject\",\"inLanguage\":\"en-US\",\"@id\":\"https:\\\/\\\/www.france.fi\\\/#\\\/schema\\\/logo\\\/image\\\/\",\"url\":\"https:\\\/\\\/www.france.fi\\\/wp-content\\\/uploads\\\/2024\\\/02\\\/if-logo-1.png\",\"contentUrl\":\"https:\\\/\\\/www.france.fi\\\/wp-content\\\/uploads\\\/2024\\\/02\\\/if-logo-1.png\",\"width\":687,\"height\":459,\"caption\":\"Institut fran\u00e7ais de Finlande\"},\"image\":{\"@id\":\"https:\\\/\\\/www.france.fi\\\/#\\\/schema\\\/logo\\\/image\\\/\"},\"sameAs\":[\"https:\\\/\\\/www.facebook.com\\\/institutfrancaisfi\",\"https:\\\/\\\/x.com\\\/IFFinlande\",\"https:\\\/\\\/www.instagram.com\\\/iffinlande\\\/\",\"https:\\\/\\\/fr.linkedin.com\\\/organization-guest\\\/company\\\/institut-fran-ais-de-finlande\",\"https:\\\/\\\/www.youtube.com\\\/channel\\\/UCHAitdpmSbeP78eL49XMotA\"]},{\"@type\":\"Person\",\"@id\":\"https:\\\/\\\/www.france.fi\\\/#\\\/schema\\\/person\\\/ed873f29db1d0af6a3600d15d3b65bfd\",\"name\":\"Equipe IFF\",\"image\":{\"@type\":\"ImageObject\",\"inLanguage\":\"en-US\",\"@id\":\"https:\\\/\\\/secure.gravatar.com\\\/avatar\\\/3c4ba80228d01014b25e45e90abb28ce315a02c6572751a7fb2298e4274989fc?s=96&d=mm&r=g\",\"url\":\"https:\\\/\\\/secure.gravatar.com\\\/avatar\\\/3c4ba80228d01014b25e45e90abb28ce315a02c6572751a7fb2298e4274989fc?s=96&d=mm&r=g\",\"contentUrl\":\"https:\\\/\\\/secure.gravatar.com\\\/avatar\\\/3c4ba80228d01014b25e45e90abb28ce315a02c6572751a7fb2298e4274989fc?s=96&d=mm&r=g\",\"caption\":\"Equipe IFF\"},\"url\":\"https:\\\/\\\/www.france.fi\\\/en\\\/author\\\/iffadmin\\\/\"}]}<\/script>\n<!-- \/ Yoast SEO plugin. -->","yoast_head_json":{"title":"Journ\u00e9e internationale du Professeur de Fran\u00e7ais - Institut fran\u00e7ais","robots":{"index":"index","follow":"follow","max-snippet":"max-snippet:-1","max-image-preview":"max-image-preview:large","max-video-preview":"max-video-preview:-1"},"canonical":"https:\/\/www.france.fi\/en\/french-language\/journee-internationale-du-professeur-de-francais\/","og_locale":"en_US","og_type":"article","og_title":"Journ\u00e9e internationale du Professeur de Fran\u00e7ais - Institut fran\u00e7ais","og_description":"Vous \u00eates enseignant de fran\u00e7ais en Finlande ? Le Lyc\u00e9e franco-Finlandais, l\u2019APFF et l\u2019Institut Fran\u00e7ais vous accueillent pour une apr\u00e8s-midi d\u2019\u00e9changes autour de nouvelles pratiques culturelles en France pour de nouveaux usages en classe, suivie d\u2019une soir\u00e9e conviviale autour d\u2019un karaok\u00e9 francophone et d\u2019un buffet fran\u00e7ais.","og_url":"https:\/\/www.france.fi\/en\/french-language\/journee-internationale-du-professeur-de-francais\/","og_site_name":"Institut fran\u00e7ais","article_publisher":"https:\/\/www.facebook.com\/institutfrancaisfi","article_published_time":"2020-10-30T11:14:19+00:00","article_modified_time":"2020-11-24T14:35:53+00:00","og_image":[{"width":1280,"height":720,"url":"https:\/\/www.france.fi\/wp-content\/uploads\/2020\/10\/jour-du-prof-paysage-1098x617.jpg","type":"image\/jpeg"}],"author":"Equipe IFF","twitter_card":"summary_large_image","twitter_creator":"@IFFinlande","twitter_site":"@IFFinlande","twitter_misc":{"Written by":"Equipe IFF","Est. reading time":"1 minute"},"schema":{"@context":"https:\/\/schema.org","@graph":[{"@type":"Article","@id":"https:\/\/www.france.fi\/en\/french-language\/journee-internationale-du-professeur-de-francais\/#article","isPartOf":{"@id":"https:\/\/www.france.fi\/en\/french-language\/journee-internationale-du-professeur-de-francais\/"},"author":{"name":"Equipe IFF","@id":"https:\/\/www.france.fi\/#\/schema\/person\/ed873f29db1d0af6a3600d15d3b65bfd"},"headline":"Journ\u00e9e internationale du Professeur de Fran\u00e7ais","datePublished":"2020-10-30T11:14:19+00:00","dateModified":"2020-11-24T14:35:53+00:00","mainEntityOfPage":{"@id":"https:\/\/www.france.fi\/en\/french-language\/journee-internationale-du-professeur-de-francais\/"},"wordCount":245,"publisher":{"@id":"https:\/\/www.france.fi\/#organization"},"image":{"@id":"https:\/\/www.france.fi\/en\/french-language\/journee-internationale-du-professeur-de-francais\/#primaryimage"},"thumbnailUrl":"https:\/\/www.france.fi\/wp-content\/uploads\/2020\/10\/jour-du-prof-paysage-1098x617.jpg","articleSection":["French language"],"inLanguage":"en-US"},{"@type":"WebPage","@id":"https:\/\/www.france.fi\/en\/french-language\/journee-internationale-du-professeur-de-francais\/","url":"https:\/\/www.france.fi\/en\/french-language\/journee-internationale-du-professeur-de-francais\/","name":"Journ\u00e9e internationale du Professeur de Fran\u00e7ais - Institut fran\u00e7ais","isPartOf":{"@id":"https:\/\/www.france.fi\/#website"},"primaryImageOfPage":{"@id":"https:\/\/www.france.fi\/en\/french-language\/journee-internationale-du-professeur-de-francais\/#primaryimage"},"image":{"@id":"https:\/\/www.france.fi\/en\/french-language\/journee-internationale-du-professeur-de-francais\/#primaryimage"},"thumbnailUrl":"https:\/\/www.france.fi\/wp-content\/uploads\/2020\/10\/jour-du-prof-paysage-1098x617.jpg","datePublished":"2020-10-30T11:14:19+00:00","dateModified":"2020-11-24T14:35:53+00:00","breadcrumb":{"@id":"https:\/\/www.france.fi\/en\/french-language\/journee-internationale-du-professeur-de-francais\/#breadcrumb"},"inLanguage":"en-US","potentialAction":[{"@type":"ReadAction","target":["https:\/\/www.france.fi\/en\/french-language\/journee-internationale-du-professeur-de-francais\/"]}]},{"@type":"ImageObject","inLanguage":"en-US","@id":"https:\/\/www.france.fi\/en\/french-language\/journee-internationale-du-professeur-de-francais\/#primaryimage","url":"https:\/\/www.france.fi\/wp-content\/uploads\/2020\/10\/jour-du-prof-paysage-1098x617.jpg","contentUrl":"https:\/\/www.france.fi\/wp-content\/uploads\/2020\/10\/jour-du-prof-paysage-1098x617.jpg","width":1280,"height":720},{"@type":"BreadcrumbList","@id":"https:\/\/www.france.fi\/en\/french-language\/journee-internationale-du-professeur-de-francais\/#breadcrumb","itemListElement":[{"@type":"ListItem","position":1,"name":"Home","item":"https:\/\/www.france.fi\/en\/"},{"@type":"ListItem","position":2,"name":"Langue fran\u00e7aise","item":"https:\/\/www.france.fi\/fr\/category\/langue-francaise\/"},{"@type":"ListItem","position":3,"name":"Journ\u00e9e internationale du Professeur de Fran\u00e7ais"}]},{"@type":"WebSite","@id":"https:\/\/www.france.fi\/#website","url":"https:\/\/www.france.fi\/","name":"Institut fran\u00e7ais de Finlande","description":"","publisher":{"@id":"https:\/\/www.france.fi\/#organization"},"potentialAction":[{"@type":"SearchAction","target":{"@type":"EntryPoint","urlTemplate":"https:\/\/www.france.fi\/?s={search_term_string}"},"query-input":{"@type":"PropertyValueSpecification","valueRequired":true,"valueName":"search_term_string"}}],"inLanguage":"en-US"},{"@type":"Organization","@id":"https:\/\/www.france.fi\/#organization","name":"Institut fran\u00e7ais de Finlande","url":"https:\/\/www.france.fi\/","logo":{"@type":"ImageObject","inLanguage":"en-US","@id":"https:\/\/www.france.fi\/#\/schema\/logo\/image\/","url":"https:\/\/www.france.fi\/wp-content\/uploads\/2024\/02\/if-logo-1.png","contentUrl":"https:\/\/www.france.fi\/wp-content\/uploads\/2024\/02\/if-logo-1.png","width":687,"height":459,"caption":"Institut fran\u00e7ais de Finlande"},"image":{"@id":"https:\/\/www.france.fi\/#\/schema\/logo\/image\/"},"sameAs":["https:\/\/www.facebook.com\/institutfrancaisfi","https:\/\/x.com\/IFFinlande","https:\/\/www.instagram.com\/iffinlande\/","https:\/\/fr.linkedin.com\/organization-guest\/company\/institut-fran-ais-de-finlande","https:\/\/www.youtube.com\/channel\/UCHAitdpmSbeP78eL49XMotA"]},{"@type":"Person","@id":"https:\/\/www.france.fi\/#\/schema\/person\/ed873f29db1d0af6a3600d15d3b65bfd","name":"Equipe IFF","image":{"@type":"ImageObject","inLanguage":"en-US","@id":"https:\/\/secure.gravatar.com\/avatar\/3c4ba80228d01014b25e45e90abb28ce315a02c6572751a7fb2298e4274989fc?s=96&d=mm&r=g","url":"https:\/\/secure.gravatar.com\/avatar\/3c4ba80228d01014b25e45e90abb28ce315a02c6572751a7fb2298e4274989fc?s=96&d=mm&r=g","contentUrl":"https:\/\/secure.gravatar.com\/avatar\/3c4ba80228d01014b25e45e90abb28ce315a02c6572751a7fb2298e4274989fc?s=96&d=mm&r=g","caption":"Equipe IFF"},"url":"https:\/\/www.france.fi\/en\/author\/iffadmin\/"}]}},"_links":{"self":[{"href":"https:\/\/www.france.fi\/en\/wp-json\/wp\/v2\/posts\/2306","targetHints":{"allow":["GET"]}}],"collection":[{"href":"https:\/\/www.france.fi\/en\/wp-json\/wp\/v2\/posts"}],"about":[{"href":"https:\/\/www.france.fi\/en\/wp-json\/wp\/v2\/types\/post"}],"author":[{"embeddable":true,"href":"https:\/\/www.france.fi\/en\/wp-json\/wp\/v2\/users\/2"}],"replies":[{"embeddable":true,"href":"https:\/\/www.france.fi\/en\/wp-json\/wp\/v2\/comments?post=2306"}],"version-history":[{"count":0,"href":"https:\/\/www.france.fi\/en\/wp-json\/wp\/v2\/posts\/2306\/revisions"}],"wp:featuredmedia":[{"embeddable":true,"href":"https:\/\/www.france.fi\/en\/wp-json\/wp\/v2\/media\/2299"}],"wp:attachment":[{"href":"https:\/\/www.france.fi\/en\/wp-json\/wp\/v2\/media?parent=2306"}],"wp:term":[{"taxonomy":"category","embeddable":true,"href":"https:\/\/www.france.fi\/en\/wp-json\/wp\/v2\/categories?post=2306"},{"taxonomy":"post_tag","embeddable":true,"href":"https:\/\/www.france.fi\/en\/wp-json\/wp\/v2\/tags?post=2306"}],"curies":[{"name":"wp","href":"https:\/\/api.w.org\/{rel}","templated":true}]}}