{"id":4577,"date":"2021-03-24T11:54:46","date_gmt":"2021-03-24T09:54:46","guid":{"rendered":"http:\/\/www.france.fi\/culture\/concours-video-ma-france-ma-mobilite\/"},"modified":"2021-06-03T15:11:38","modified_gmt":"2021-06-03T12:11:38","slug":"concours-video-ma-france-ma-mobilite","status":"publish","type":"post","link":"https:\/\/www.france.fi\/en\/science-and-universities\/concours-video-ma-france-ma-mobilite\/","title":{"rendered":"Concours vid\u00e9o &#8211; Ma France, ma mobilit\u00e9"},"content":{"rendered":"\n<p>Campus France Helsinki et l\u2019Institut fran\u00e7ais de Finlande vous en donne l\u2019opportunit\u00e9 tout en vous offrant la chance de gagner des cadeaux gr\u00e2ce au concours \u201cMa France, ma mobilit\u00e9\u201d ! Les r\u00e8gles sont simples : montez une vid\u00e9o d\u2019une minute parlant de votre ville d\u2019accueil en France. Faites marcher votre imagination pour nous proposer une \u0153uvre originale et personnelle !<\/p>\n<p><a href=\"https:\/\/www.finland.campusfrance.org\/en\/my-france-my-mobility-contest\" target=\"_blank\" rel=\"noopener\"><strong>\u21d2Pour plus d&#8217;informations<\/strong><\/a><\/p>\n<p>Avec:<\/p>\n<p><img loading=\"lazy\" decoding=\"async\" class=\"aligncenter size-large wp-image-4579\" src=\"http:\/\/www.france.fi\/wp-content\/uploads\/2021\/03\/sponsors-1024x204.jpg\" alt=\"\" width=\"580\" height=\"116\" srcset=\"https:\/\/www.france.fi\/wp-content\/uploads\/2021\/03\/sponsors-1024x204.jpg 1024w, https:\/\/www.france.fi\/wp-content\/uploads\/2021\/03\/sponsors-300x60.jpg 300w, https:\/\/www.france.fi\/wp-content\/uploads\/2021\/03\/sponsors-768x153.jpg 768w, https:\/\/www.france.fi\/wp-content\/uploads\/2021\/03\/sponsors-1200x239.jpg 1200w, https:\/\/www.france.fi\/wp-content\/uploads\/2021\/03\/sponsors.jpg 1280w\" sizes=\"auto, (max-width: 580px) 100vw, 580px\" \/><\/p>\n<p><a href=\"https:\/\/www.delideli.fi\/fin\/\" target=\"_blank\" rel=\"noopener\">DeliDeli<\/a><br \/><a href=\"https:\/\/en.greenbake.fi\/\" target=\"_blank\" rel=\"noopener\">Greenbake<\/a><br \/><a href=\"https:\/\/shop.chezjanet.fi\/\" target=\"_blank\" rel=\"noopener\">Chez Janet<\/a><br \/><a href=\"http:\/\/www.sidis.fi\/\" target=\"_blank\" rel=\"noopener\">SIDIS<\/a><\/p>\n\n\n\n<p><\/p>\n","protected":false},"excerpt":{"rendered":"<p>Oletko ollut opiskelijavaihdossa Ranskassa ja haluaisit kertoa kokemuksistasi muille?<\/p>\n","protected":false},"author":2,"featured_media":4571,"comment_status":"closed","ping_status":"closed","sticky":false,"template":"","format":"standard","meta":{"footnotes":""},"categories":[52],"tags":[],"class_list":["post-4577","post","type-post","status-publish","format-standard","has-post-thumbnail","hentry","category-science-and-universities"],"yoast_head":"<!-- This site is optimized with the Yoast SEO plugin v27.4 - https:\/\/yoast.com\/product\/yoast-seo-wordpress\/ -->\n<title>Concours vid\u00e9o - Ma France, ma mobilit\u00e9 - Institut fran\u00e7ais<\/title>\n<meta name=\"robots\" content=\"index, follow, max-snippet:-1, max-image-preview:large, max-video-preview:-1\" \/>\n<link rel=\"canonical\" href=\"https:\/\/www.france.fi\/en\/science-and-universities\/concours-video-ma-france-ma-mobilite\/\" \/>\n<meta property=\"og:locale\" content=\"en_US\" \/>\n<meta property=\"og:type\" content=\"article\" \/>\n<meta property=\"og:title\" content=\"Concours vid\u00e9o - Ma France, ma mobilit\u00e9 - Institut fran\u00e7ais\" \/>\n<meta property=\"og:description\" content=\"Oletko ollut opiskelijavaihdossa Ranskassa ja haluaisit kertoa kokemuksistasi muille?\" \/>\n<meta property=\"og:url\" content=\"https:\/\/www.france.fi\/en\/science-and-universities\/concours-video-ma-france-ma-mobilite\/\" \/>\n<meta property=\"og:site_name\" content=\"Institut fran\u00e7ais\" \/>\n<meta property=\"article:publisher\" content=\"https:\/\/www.facebook.com\/institutfrancaisfi\" \/>\n<meta property=\"article:published_time\" content=\"2021-03-24T09:54:46+00:00\" \/>\n<meta property=\"article:modified_time\" content=\"2021-06-03T12:11:38+00:00\" \/>\n<meta property=\"og:image\" content=\"https:\/\/www.france.fi\/wp-content\/uploads\/2021\/03\/ma-ville-rectangle-1098x617.jpg\" \/>\n\t<meta property=\"og:image:width\" content=\"1280\" \/>\n\t<meta property=\"og:image:height\" content=\"720\" \/>\n\t<meta property=\"og:image:type\" content=\"image\/jpeg\" \/>\n<meta name=\"author\" content=\"Equipe IFF\" \/>\n<meta name=\"twitter:card\" content=\"summary_large_image\" \/>\n<meta name=\"twitter:creator\" content=\"@IFFinlande\" \/>\n<meta name=\"twitter:site\" content=\"@IFFinlande\" \/>\n<meta name=\"twitter:label1\" content=\"Written by\" \/>\n\t<meta name=\"twitter:data1\" content=\"Equipe IFF\" \/>\n\t<meta name=\"twitter:label2\" content=\"Est. reading time\" \/>\n\t<meta name=\"twitter:data2\" content=\"1 minute\" \/>\n<script type=\"application\/ld+json\" class=\"yoast-schema-graph\">{\"@context\":\"https:\\\/\\\/schema.org\",\"@graph\":[{\"@type\":\"Article\",\"@id\":\"https:\\\/\\\/www.france.fi\\\/en\\\/science-and-universities\\\/concours-video-ma-france-ma-mobilite\\\/#article\",\"isPartOf\":{\"@id\":\"https:\\\/\\\/www.france.fi\\\/en\\\/science-and-universities\\\/concours-video-ma-france-ma-mobilite\\\/\"},\"author\":{\"name\":\"Equipe IFF\",\"@id\":\"https:\\\/\\\/www.france.fi\\\/#\\\/schema\\\/person\\\/ed873f29db1d0af6a3600d15d3b65bfd\"},\"headline\":\"Concours vid\u00e9o &#8211; Ma France, ma mobilit\u00e9\",\"datePublished\":\"2021-03-24T09:54:46+00:00\",\"dateModified\":\"2021-06-03T12:11:38+00:00\",\"mainEntityOfPage\":{\"@id\":\"https:\\\/\\\/www.france.fi\\\/en\\\/science-and-universities\\\/concours-video-ma-france-ma-mobilite\\\/\"},\"wordCount\":83,\"publisher\":{\"@id\":\"https:\\\/\\\/www.france.fi\\\/#organization\"},\"image\":{\"@id\":\"https:\\\/\\\/www.france.fi\\\/en\\\/science-and-universities\\\/concours-video-ma-france-ma-mobilite\\\/#primaryimage\"},\"thumbnailUrl\":\"https:\\\/\\\/www.france.fi\\\/wp-content\\\/uploads\\\/2021\\\/03\\\/ma-ville-rectangle-1098x617.jpg\",\"articleSection\":[\"Science and universities\"],\"inLanguage\":\"en-US\"},{\"@type\":\"WebPage\",\"@id\":\"https:\\\/\\\/www.france.fi\\\/en\\\/science-and-universities\\\/concours-video-ma-france-ma-mobilite\\\/\",\"url\":\"https:\\\/\\\/www.france.fi\\\/en\\\/science-and-universities\\\/concours-video-ma-france-ma-mobilite\\\/\",\"name\":\"Concours vid\u00e9o - Ma France, ma mobilit\u00e9 - Institut fran\u00e7ais\",\"isPartOf\":{\"@id\":\"https:\\\/\\\/www.france.fi\\\/#website\"},\"primaryImageOfPage\":{\"@id\":\"https:\\\/\\\/www.france.fi\\\/en\\\/science-and-universities\\\/concours-video-ma-france-ma-mobilite\\\/#primaryimage\"},\"image\":{\"@id\":\"https:\\\/\\\/www.france.fi\\\/en\\\/science-and-universities\\\/concours-video-ma-france-ma-mobilite\\\/#primaryimage\"},\"thumbnailUrl\":\"https:\\\/\\\/www.france.fi\\\/wp-content\\\/uploads\\\/2021\\\/03\\\/ma-ville-rectangle-1098x617.jpg\",\"datePublished\":\"2021-03-24T09:54:46+00:00\",\"dateModified\":\"2021-06-03T12:11:38+00:00\",\"breadcrumb\":{\"@id\":\"https:\\\/\\\/www.france.fi\\\/en\\\/science-and-universities\\\/concours-video-ma-france-ma-mobilite\\\/#breadcrumb\"},\"inLanguage\":\"en-US\",\"potentialAction\":[{\"@type\":\"ReadAction\",\"target\":[\"https:\\\/\\\/www.france.fi\\\/en\\\/science-and-universities\\\/concours-video-ma-france-ma-mobilite\\\/\"]}]},{\"@type\":\"ImageObject\",\"inLanguage\":\"en-US\",\"@id\":\"https:\\\/\\\/www.france.fi\\\/en\\\/science-and-universities\\\/concours-video-ma-france-ma-mobilite\\\/#primaryimage\",\"url\":\"https:\\\/\\\/www.france.fi\\\/wp-content\\\/uploads\\\/2021\\\/03\\\/ma-ville-rectangle-1098x617.jpg\",\"contentUrl\":\"https:\\\/\\\/www.france.fi\\\/wp-content\\\/uploads\\\/2021\\\/03\\\/ma-ville-rectangle-1098x617.jpg\",\"width\":1280,\"height\":720},{\"@type\":\"BreadcrumbList\",\"@id\":\"https:\\\/\\\/www.france.fi\\\/en\\\/science-and-universities\\\/concours-video-ma-france-ma-mobilite\\\/#breadcrumb\",\"itemListElement\":[{\"@type\":\"ListItem\",\"position\":1,\"name\":\"Home\",\"item\":\"https:\\\/\\\/www.france.fi\\\/en\\\/\"},{\"@type\":\"ListItem\",\"position\":2,\"name\":\"Tiede ja korkeakoulu\",\"item\":\"https:\\\/\\\/www.france.fi\\\/category\\\/tiede-ja-korkeakoulu\\\/\"},{\"@type\":\"ListItem\",\"position\":3,\"name\":\"Concours vid\u00e9o &#8211; Ma France, ma mobilit\u00e9\"}]},{\"@type\":\"WebSite\",\"@id\":\"https:\\\/\\\/www.france.fi\\\/#website\",\"url\":\"https:\\\/\\\/www.france.fi\\\/\",\"name\":\"Institut fran\u00e7ais de Finlande\",\"description\":\"\",\"publisher\":{\"@id\":\"https:\\\/\\\/www.france.fi\\\/#organization\"},\"potentialAction\":[{\"@type\":\"SearchAction\",\"target\":{\"@type\":\"EntryPoint\",\"urlTemplate\":\"https:\\\/\\\/www.france.fi\\\/?s={search_term_string}\"},\"query-input\":{\"@type\":\"PropertyValueSpecification\",\"valueRequired\":true,\"valueName\":\"search_term_string\"}}],\"inLanguage\":\"en-US\"},{\"@type\":\"Organization\",\"@id\":\"https:\\\/\\\/www.france.fi\\\/#organization\",\"name\":\"Institut fran\u00e7ais de Finlande\",\"url\":\"https:\\\/\\\/www.france.fi\\\/\",\"logo\":{\"@type\":\"ImageObject\",\"inLanguage\":\"en-US\",\"@id\":\"https:\\\/\\\/www.france.fi\\\/#\\\/schema\\\/logo\\\/image\\\/\",\"url\":\"https:\\\/\\\/www.france.fi\\\/wp-content\\\/uploads\\\/2024\\\/02\\\/if-logo-1.png\",\"contentUrl\":\"https:\\\/\\\/www.france.fi\\\/wp-content\\\/uploads\\\/2024\\\/02\\\/if-logo-1.png\",\"width\":687,\"height\":459,\"caption\":\"Institut fran\u00e7ais de Finlande\"},\"image\":{\"@id\":\"https:\\\/\\\/www.france.fi\\\/#\\\/schema\\\/logo\\\/image\\\/\"},\"sameAs\":[\"https:\\\/\\\/www.facebook.com\\\/institutfrancaisfi\",\"https:\\\/\\\/x.com\\\/IFFinlande\",\"https:\\\/\\\/www.instagram.com\\\/iffinlande\\\/\",\"https:\\\/\\\/fr.linkedin.com\\\/organization-guest\\\/company\\\/institut-fran-ais-de-finlande\",\"https:\\\/\\\/www.youtube.com\\\/channel\\\/UCHAitdpmSbeP78eL49XMotA\"]},{\"@type\":\"Person\",\"@id\":\"https:\\\/\\\/www.france.fi\\\/#\\\/schema\\\/person\\\/ed873f29db1d0af6a3600d15d3b65bfd\",\"name\":\"Equipe IFF\",\"image\":{\"@type\":\"ImageObject\",\"inLanguage\":\"en-US\",\"@id\":\"https:\\\/\\\/secure.gravatar.com\\\/avatar\\\/3c4ba80228d01014b25e45e90abb28ce315a02c6572751a7fb2298e4274989fc?s=96&d=mm&r=g\",\"url\":\"https:\\\/\\\/secure.gravatar.com\\\/avatar\\\/3c4ba80228d01014b25e45e90abb28ce315a02c6572751a7fb2298e4274989fc?s=96&d=mm&r=g\",\"contentUrl\":\"https:\\\/\\\/secure.gravatar.com\\\/avatar\\\/3c4ba80228d01014b25e45e90abb28ce315a02c6572751a7fb2298e4274989fc?s=96&d=mm&r=g\",\"caption\":\"Equipe IFF\"},\"url\":\"https:\\\/\\\/www.france.fi\\\/en\\\/author\\\/iffadmin\\\/\"}]}<\/script>\n<!-- \/ Yoast SEO plugin. -->","yoast_head_json":{"title":"Concours vid\u00e9o - Ma France, ma mobilit\u00e9 - Institut fran\u00e7ais","robots":{"index":"index","follow":"follow","max-snippet":"max-snippet:-1","max-image-preview":"max-image-preview:large","max-video-preview":"max-video-preview:-1"},"canonical":"https:\/\/www.france.fi\/en\/science-and-universities\/concours-video-ma-france-ma-mobilite\/","og_locale":"en_US","og_type":"article","og_title":"Concours vid\u00e9o - Ma France, ma mobilit\u00e9 - Institut fran\u00e7ais","og_description":"Oletko ollut opiskelijavaihdossa Ranskassa ja haluaisit kertoa kokemuksistasi muille?","og_url":"https:\/\/www.france.fi\/en\/science-and-universities\/concours-video-ma-france-ma-mobilite\/","og_site_name":"Institut fran\u00e7ais","article_publisher":"https:\/\/www.facebook.com\/institutfrancaisfi","article_published_time":"2021-03-24T09:54:46+00:00","article_modified_time":"2021-06-03T12:11:38+00:00","og_image":[{"width":1280,"height":720,"url":"https:\/\/www.france.fi\/wp-content\/uploads\/2021\/03\/ma-ville-rectangle-1098x617.jpg","type":"image\/jpeg"}],"author":"Equipe IFF","twitter_card":"summary_large_image","twitter_creator":"@IFFinlande","twitter_site":"@IFFinlande","twitter_misc":{"Written by":"Equipe IFF","Est. reading time":"1 minute"},"schema":{"@context":"https:\/\/schema.org","@graph":[{"@type":"Article","@id":"https:\/\/www.france.fi\/en\/science-and-universities\/concours-video-ma-france-ma-mobilite\/#article","isPartOf":{"@id":"https:\/\/www.france.fi\/en\/science-and-universities\/concours-video-ma-france-ma-mobilite\/"},"author":{"name":"Equipe IFF","@id":"https:\/\/www.france.fi\/#\/schema\/person\/ed873f29db1d0af6a3600d15d3b65bfd"},"headline":"Concours vid\u00e9o &#8211; Ma France, ma mobilit\u00e9","datePublished":"2021-03-24T09:54:46+00:00","dateModified":"2021-06-03T12:11:38+00:00","mainEntityOfPage":{"@id":"https:\/\/www.france.fi\/en\/science-and-universities\/concours-video-ma-france-ma-mobilite\/"},"wordCount":83,"publisher":{"@id":"https:\/\/www.france.fi\/#organization"},"image":{"@id":"https:\/\/www.france.fi\/en\/science-and-universities\/concours-video-ma-france-ma-mobilite\/#primaryimage"},"thumbnailUrl":"https:\/\/www.france.fi\/wp-content\/uploads\/2021\/03\/ma-ville-rectangle-1098x617.jpg","articleSection":["Science and universities"],"inLanguage":"en-US"},{"@type":"WebPage","@id":"https:\/\/www.france.fi\/en\/science-and-universities\/concours-video-ma-france-ma-mobilite\/","url":"https:\/\/www.france.fi\/en\/science-and-universities\/concours-video-ma-france-ma-mobilite\/","name":"Concours vid\u00e9o - Ma France, ma mobilit\u00e9 - Institut fran\u00e7ais","isPartOf":{"@id":"https:\/\/www.france.fi\/#website"},"primaryImageOfPage":{"@id":"https:\/\/www.france.fi\/en\/science-and-universities\/concours-video-ma-france-ma-mobilite\/#primaryimage"},"image":{"@id":"https:\/\/www.france.fi\/en\/science-and-universities\/concours-video-ma-france-ma-mobilite\/#primaryimage"},"thumbnailUrl":"https:\/\/www.france.fi\/wp-content\/uploads\/2021\/03\/ma-ville-rectangle-1098x617.jpg","datePublished":"2021-03-24T09:54:46+00:00","dateModified":"2021-06-03T12:11:38+00:00","breadcrumb":{"@id":"https:\/\/www.france.fi\/en\/science-and-universities\/concours-video-ma-france-ma-mobilite\/#breadcrumb"},"inLanguage":"en-US","potentialAction":[{"@type":"ReadAction","target":["https:\/\/www.france.fi\/en\/science-and-universities\/concours-video-ma-france-ma-mobilite\/"]}]},{"@type":"ImageObject","inLanguage":"en-US","@id":"https:\/\/www.france.fi\/en\/science-and-universities\/concours-video-ma-france-ma-mobilite\/#primaryimage","url":"https:\/\/www.france.fi\/wp-content\/uploads\/2021\/03\/ma-ville-rectangle-1098x617.jpg","contentUrl":"https:\/\/www.france.fi\/wp-content\/uploads\/2021\/03\/ma-ville-rectangle-1098x617.jpg","width":1280,"height":720},{"@type":"BreadcrumbList","@id":"https:\/\/www.france.fi\/en\/science-and-universities\/concours-video-ma-france-ma-mobilite\/#breadcrumb","itemListElement":[{"@type":"ListItem","position":1,"name":"Home","item":"https:\/\/www.france.fi\/en\/"},{"@type":"ListItem","position":2,"name":"Tiede ja korkeakoulu","item":"https:\/\/www.france.fi\/category\/tiede-ja-korkeakoulu\/"},{"@type":"ListItem","position":3,"name":"Concours vid\u00e9o &#8211; Ma France, ma mobilit\u00e9"}]},{"@type":"WebSite","@id":"https:\/\/www.france.fi\/#website","url":"https:\/\/www.france.fi\/","name":"Institut fran\u00e7ais de Finlande","description":"","publisher":{"@id":"https:\/\/www.france.fi\/#organization"},"potentialAction":[{"@type":"SearchAction","target":{"@type":"EntryPoint","urlTemplate":"https:\/\/www.france.fi\/?s={search_term_string}"},"query-input":{"@type":"PropertyValueSpecification","valueRequired":true,"valueName":"search_term_string"}}],"inLanguage":"en-US"},{"@type":"Organization","@id":"https:\/\/www.france.fi\/#organization","name":"Institut fran\u00e7ais de Finlande","url":"https:\/\/www.france.fi\/","logo":{"@type":"ImageObject","inLanguage":"en-US","@id":"https:\/\/www.france.fi\/#\/schema\/logo\/image\/","url":"https:\/\/www.france.fi\/wp-content\/uploads\/2024\/02\/if-logo-1.png","contentUrl":"https:\/\/www.france.fi\/wp-content\/uploads\/2024\/02\/if-logo-1.png","width":687,"height":459,"caption":"Institut fran\u00e7ais de Finlande"},"image":{"@id":"https:\/\/www.france.fi\/#\/schema\/logo\/image\/"},"sameAs":["https:\/\/www.facebook.com\/institutfrancaisfi","https:\/\/x.com\/IFFinlande","https:\/\/www.instagram.com\/iffinlande\/","https:\/\/fr.linkedin.com\/organization-guest\/company\/institut-fran-ais-de-finlande","https:\/\/www.youtube.com\/channel\/UCHAitdpmSbeP78eL49XMotA"]},{"@type":"Person","@id":"https:\/\/www.france.fi\/#\/schema\/person\/ed873f29db1d0af6a3600d15d3b65bfd","name":"Equipe IFF","image":{"@type":"ImageObject","inLanguage":"en-US","@id":"https:\/\/secure.gravatar.com\/avatar\/3c4ba80228d01014b25e45e90abb28ce315a02c6572751a7fb2298e4274989fc?s=96&d=mm&r=g","url":"https:\/\/secure.gravatar.com\/avatar\/3c4ba80228d01014b25e45e90abb28ce315a02c6572751a7fb2298e4274989fc?s=96&d=mm&r=g","contentUrl":"https:\/\/secure.gravatar.com\/avatar\/3c4ba80228d01014b25e45e90abb28ce315a02c6572751a7fb2298e4274989fc?s=96&d=mm&r=g","caption":"Equipe IFF"},"url":"https:\/\/www.france.fi\/en\/author\/iffadmin\/"}]}},"_links":{"self":[{"href":"https:\/\/www.france.fi\/en\/wp-json\/wp\/v2\/posts\/4577","targetHints":{"allow":["GET"]}}],"collection":[{"href":"https:\/\/www.france.fi\/en\/wp-json\/wp\/v2\/posts"}],"about":[{"href":"https:\/\/www.france.fi\/en\/wp-json\/wp\/v2\/types\/post"}],"author":[{"embeddable":true,"href":"https:\/\/www.france.fi\/en\/wp-json\/wp\/v2\/users\/2"}],"replies":[{"embeddable":true,"href":"https:\/\/www.france.fi\/en\/wp-json\/wp\/v2\/comments?post=4577"}],"version-history":[{"count":0,"href":"https:\/\/www.france.fi\/en\/wp-json\/wp\/v2\/posts\/4577\/revisions"}],"wp:featuredmedia":[{"embeddable":true,"href":"https:\/\/www.france.fi\/en\/wp-json\/wp\/v2\/media\/4571"}],"wp:attachment":[{"href":"https:\/\/www.france.fi\/en\/wp-json\/wp\/v2\/media?parent=4577"}],"wp:term":[{"taxonomy":"category","embeddable":true,"href":"https:\/\/www.france.fi\/en\/wp-json\/wp\/v2\/categories?post=4577"},{"taxonomy":"post_tag","embeddable":true,"href":"https:\/\/www.france.fi\/en\/wp-json\/wp\/v2\/tags?post=4577"}],"curies":[{"name":"wp","href":"https:\/\/api.w.org\/{rel}","templated":true}]}}