{"id":4606,"date":"2021-03-26T13:14:47","date_gmt":"2021-03-26T11:14:47","guid":{"rendered":"http:\/\/www.france.fi\/culture\/pourquoi-il-est-interessant-denregistrer-lecriture-pour-mieux-la-comprendre\/"},"modified":"2021-11-26T14:11:55","modified_gmt":"2021-11-26T12:11:55","slug":"pourquoi-il-est-interessant-denregistrer-lecriture-pour-mieux-la-comprendre","status":"publish","type":"post","link":"https:\/\/www.france.fi\/en\/french-language\/pourquoi-il-est-interessant-denregistrer-lecriture-pour-mieux-la-comprendre\/","title":{"rendered":"Pourquoi il est int\u00e9ressant d\u2019enregistrer l\u2019\u00e9criture pour mieux la comprendre?"},"content":{"rendered":"\n<p style=\"font-size:14px\">Image utilis\u00e9 dans le visuel: <a href=\"http:\/\/www.item.ens.fr\/articles-en-ligne\/edite-medite-un-logiciel-de-comparaison-de-versions\/\" target=\"_blank\" rel=\"noreferrer noopener\">une page d\u2019un manuscrit de \u00ab&nbsp;La robe noire&nbsp;\u00bb (Andr\u00e9e Chedid)<\/a><\/p>\n\n\n\n<p>De la m\u00eame mani\u00e8re qu\u2019il a \u00e9t\u00e9 n\u00e9cessaire d\u2019enregistrer l\u2019oral pour mieux la comprendre et l\u2019analyser, il semble tout aussi n\u00e9cessaire d\u2019enregistrer l\u2019\u00e9criture pour mieux l\u2019\u00e9tudier et mettre en valeur ce qui se passe durant l\u2019\u00e9criture.<\/p>\n<p>\u00c0 partir d\u2019exemples pr\u00e9cis, nous regarderons ce qui se passe quand une personne \u00e9crit : nous utiliserons, pour repr\u00e9senter tout le travail effectu\u00e9 durant l\u2019\u00e9criture, la th\u00e9orie des graphes qui est une branche des math\u00e9matiques ; celle-ci \u00e9tudie les r\u00e9seaux (o\u00f9 des sommets sont li\u00e9s, ou pas, par l\u2019interm\u00e9diaire d\u2019ar\u00eates) et est utilis\u00e9e pour visualiser des donn\u00e9es et les relations entre ces donn\u00e9es.<\/p>\n\n\n\n<h5>Biographie express<\/h5>\n<p>Christophe Leblay est professeur adjoint au d\u00e9partement de Langues et de traduction de l&#8217;Universit\u00e9 de Turku. Son enseignement et sa recherche portent essentiellement sur l\u2019\u00e9criture, plus particuli\u00e8rement sur le processus d\u2019\u00e9criture. Il dirige \u00e9galement le groupe de recherche TERs de l&#8217;Institut des Textes et Manuscrits Modernes (ENS-CNRS), situ\u00e9 \u00e0 Paris. En collaboration avec Gilles Caporossi (Math\u00e9matiques appliqu\u00e9es) et Hakim Usoof (Sciences de l\u2019informatique), il a d\u00e9velopp\u00e9 le logiciel GenoGraphiX [ggxlog.net], bas\u00e9 sur une transposition de la th\u00e9orie math\u00e9matique des graphes.<\/p>\n<p><div class=\"rve\" data-content-width=\"580\"><iframe loading=\"lazy\" title=\"Pourquoi il est int\u00e9ressant d\u2019enregistrer l\u2019\u00e9criture pour mieux la comprendre ?\" width=\"580\" height=\"326\" src=\"https:\/\/www.youtube.com\/embed\/yZAC__FZQ8A?feature=oembed\" frameborder=\"0\" allow=\"accelerometer; autoplay; clipboard-write; encrypted-media; gyroscope; picture-in-picture; web-share\" referrerpolicy=\"strict-origin-when-cross-origin\" allowfullscreen><\/iframe><\/div><!-- Responsive Video Embeds plugin by www.kevinleary.net --><\/p>\n\n\n\n<p><\/p>\n","protected":false},"excerpt":{"rendered":"<p>Christophe Leblay, professeur adjoint au d\u00e9partement de Langues et de traduction de l&#8217;Universit\u00e9 de Turku, pr\u00e9sentera dans ce webinaire en fran\u00e7ais ses recherches en g\u00e9n\u00e9tique textuelle sur l&#8217;\u00e9criture comme processus<\/p>\n","protected":false},"author":2,"featured_media":4603,"comment_status":"closed","ping_status":"closed","sticky":false,"template":"","format":"standard","meta":{"footnotes":""},"categories":[51],"tags":[],"class_list":["post-4606","post","type-post","status-publish","format-standard","has-post-thumbnail","hentry","category-french-language"],"yoast_head":"<!-- This site is optimized with the Yoast SEO plugin v27.4 - https:\/\/yoast.com\/product\/yoast-seo-wordpress\/ -->\n<title>Pourquoi il est int\u00e9ressant d\u2019enregistrer l\u2019\u00e9criture pour mieux la comprendre? - Institut fran\u00e7ais<\/title>\n<meta name=\"description\" content=\"Christophe Leblay, , pr\u00e9sentera dans ce webinaire en fran\u00e7ais ses recherches en g\u00e9n\u00e9tique textuelle sur l&#039;\u00e9criture comme processus.\" \/>\n<meta name=\"robots\" content=\"index, follow, max-snippet:-1, max-image-preview:large, max-video-preview:-1\" \/>\n<link rel=\"canonical\" href=\"https:\/\/www.france.fi\/en\/french-language\/pourquoi-il-est-interessant-denregistrer-lecriture-pour-mieux-la-comprendre\/\" \/>\n<meta property=\"og:locale\" content=\"en_US\" \/>\n<meta property=\"og:type\" content=\"article\" \/>\n<meta property=\"og:title\" content=\"Pourquoi il est int\u00e9ressant d\u2019enregistrer l\u2019\u00e9criture pour mieux la comprendre? - Institut fran\u00e7ais\" \/>\n<meta property=\"og:description\" content=\"Christophe Leblay, , pr\u00e9sentera dans ce webinaire en fran\u00e7ais ses recherches en g\u00e9n\u00e9tique textuelle sur l&#039;\u00e9criture comme processus.\" \/>\n<meta property=\"og:url\" content=\"https:\/\/www.france.fi\/en\/french-language\/pourquoi-il-est-interessant-denregistrer-lecriture-pour-mieux-la-comprendre\/\" \/>\n<meta property=\"og:site_name\" content=\"Institut fran\u00e7ais\" \/>\n<meta property=\"article:publisher\" content=\"https:\/\/www.facebook.com\/institutfrancaisfi\" \/>\n<meta property=\"article:published_time\" content=\"2021-03-26T11:14:47+00:00\" \/>\n<meta property=\"article:modified_time\" content=\"2021-11-26T12:11:55+00:00\" \/>\n<meta property=\"og:image\" content=\"https:\/\/www.france.fi\/wp-content\/uploads\/2021\/03\/enregistrer-1098x617.jpg\" \/>\n\t<meta property=\"og:image:width\" content=\"1280\" \/>\n\t<meta property=\"og:image:height\" content=\"720\" \/>\n\t<meta property=\"og:image:type\" content=\"image\/jpeg\" \/>\n<meta name=\"author\" content=\"Equipe IFF\" \/>\n<meta name=\"twitter:card\" content=\"summary_large_image\" \/>\n<meta name=\"twitter:creator\" content=\"@IFFinlande\" \/>\n<meta name=\"twitter:site\" content=\"@IFFinlande\" \/>\n<meta name=\"twitter:label1\" content=\"Written by\" \/>\n\t<meta name=\"twitter:data1\" content=\"Equipe IFF\" \/>\n\t<meta name=\"twitter:label2\" content=\"Est. reading time\" \/>\n\t<meta name=\"twitter:data2\" content=\"1 minute\" \/>\n<script type=\"application\/ld+json\" class=\"yoast-schema-graph\">{\"@context\":\"https:\\\/\\\/schema.org\",\"@graph\":[{\"@type\":\"Article\",\"@id\":\"https:\\\/\\\/www.france.fi\\\/en\\\/french-language\\\/pourquoi-il-est-interessant-denregistrer-lecriture-pour-mieux-la-comprendre\\\/#article\",\"isPartOf\":{\"@id\":\"https:\\\/\\\/www.france.fi\\\/en\\\/french-language\\\/pourquoi-il-est-interessant-denregistrer-lecriture-pour-mieux-la-comprendre\\\/\"},\"author\":{\"name\":\"Equipe IFF\",\"@id\":\"https:\\\/\\\/www.france.fi\\\/#\\\/schema\\\/person\\\/ed873f29db1d0af6a3600d15d3b65bfd\"},\"headline\":\"Pourquoi il est int\u00e9ressant d\u2019enregistrer l\u2019\u00e9criture pour mieux la comprendre?\",\"datePublished\":\"2021-03-26T11:14:47+00:00\",\"dateModified\":\"2021-11-26T12:11:55+00:00\",\"mainEntityOfPage\":{\"@id\":\"https:\\\/\\\/www.france.fi\\\/en\\\/french-language\\\/pourquoi-il-est-interessant-denregistrer-lecriture-pour-mieux-la-comprendre\\\/\"},\"wordCount\":255,\"publisher\":{\"@id\":\"https:\\\/\\\/www.france.fi\\\/#organization\"},\"image\":{\"@id\":\"https:\\\/\\\/www.france.fi\\\/en\\\/french-language\\\/pourquoi-il-est-interessant-denregistrer-lecriture-pour-mieux-la-comprendre\\\/#primaryimage\"},\"thumbnailUrl\":\"https:\\\/\\\/www.france.fi\\\/wp-content\\\/uploads\\\/2021\\\/03\\\/enregistrer-1098x617.jpg\",\"articleSection\":[\"French language\"],\"inLanguage\":\"en-US\"},{\"@type\":\"WebPage\",\"@id\":\"https:\\\/\\\/www.france.fi\\\/en\\\/french-language\\\/pourquoi-il-est-interessant-denregistrer-lecriture-pour-mieux-la-comprendre\\\/\",\"url\":\"https:\\\/\\\/www.france.fi\\\/en\\\/french-language\\\/pourquoi-il-est-interessant-denregistrer-lecriture-pour-mieux-la-comprendre\\\/\",\"name\":\"Pourquoi il est int\u00e9ressant d\u2019enregistrer l\u2019\u00e9criture pour mieux la comprendre? - Institut fran\u00e7ais\",\"isPartOf\":{\"@id\":\"https:\\\/\\\/www.france.fi\\\/#website\"},\"primaryImageOfPage\":{\"@id\":\"https:\\\/\\\/www.france.fi\\\/en\\\/french-language\\\/pourquoi-il-est-interessant-denregistrer-lecriture-pour-mieux-la-comprendre\\\/#primaryimage\"},\"image\":{\"@id\":\"https:\\\/\\\/www.france.fi\\\/en\\\/french-language\\\/pourquoi-il-est-interessant-denregistrer-lecriture-pour-mieux-la-comprendre\\\/#primaryimage\"},\"thumbnailUrl\":\"https:\\\/\\\/www.france.fi\\\/wp-content\\\/uploads\\\/2021\\\/03\\\/enregistrer-1098x617.jpg\",\"datePublished\":\"2021-03-26T11:14:47+00:00\",\"dateModified\":\"2021-11-26T12:11:55+00:00\",\"description\":\"Christophe Leblay, , pr\u00e9sentera dans ce webinaire en fran\u00e7ais ses recherches en g\u00e9n\u00e9tique textuelle sur l'\u00e9criture comme processus.\",\"breadcrumb\":{\"@id\":\"https:\\\/\\\/www.france.fi\\\/en\\\/french-language\\\/pourquoi-il-est-interessant-denregistrer-lecriture-pour-mieux-la-comprendre\\\/#breadcrumb\"},\"inLanguage\":\"en-US\",\"potentialAction\":[{\"@type\":\"ReadAction\",\"target\":[\"https:\\\/\\\/www.france.fi\\\/en\\\/french-language\\\/pourquoi-il-est-interessant-denregistrer-lecriture-pour-mieux-la-comprendre\\\/\"]}]},{\"@type\":\"ImageObject\",\"inLanguage\":\"en-US\",\"@id\":\"https:\\\/\\\/www.france.fi\\\/en\\\/french-language\\\/pourquoi-il-est-interessant-denregistrer-lecriture-pour-mieux-la-comprendre\\\/#primaryimage\",\"url\":\"https:\\\/\\\/www.france.fi\\\/wp-content\\\/uploads\\\/2021\\\/03\\\/enregistrer-1098x617.jpg\",\"contentUrl\":\"https:\\\/\\\/www.france.fi\\\/wp-content\\\/uploads\\\/2021\\\/03\\\/enregistrer-1098x617.jpg\",\"width\":1280,\"height\":720},{\"@type\":\"BreadcrumbList\",\"@id\":\"https:\\\/\\\/www.france.fi\\\/en\\\/french-language\\\/pourquoi-il-est-interessant-denregistrer-lecriture-pour-mieux-la-comprendre\\\/#breadcrumb\",\"itemListElement\":[{\"@type\":\"ListItem\",\"position\":1,\"name\":\"Home\",\"item\":\"https:\\\/\\\/www.france.fi\\\/en\\\/\"},{\"@type\":\"ListItem\",\"position\":2,\"name\":\"Langue fran\u00e7aise\",\"item\":\"https:\\\/\\\/www.france.fi\\\/fr\\\/category\\\/langue-francaise\\\/\"},{\"@type\":\"ListItem\",\"position\":3,\"name\":\"Pourquoi il est int\u00e9ressant d\u2019enregistrer l\u2019\u00e9criture pour mieux la comprendre?\"}]},{\"@type\":\"WebSite\",\"@id\":\"https:\\\/\\\/www.france.fi\\\/#website\",\"url\":\"https:\\\/\\\/www.france.fi\\\/\",\"name\":\"Institut fran\u00e7ais de Finlande\",\"description\":\"\",\"publisher\":{\"@id\":\"https:\\\/\\\/www.france.fi\\\/#organization\"},\"potentialAction\":[{\"@type\":\"SearchAction\",\"target\":{\"@type\":\"EntryPoint\",\"urlTemplate\":\"https:\\\/\\\/www.france.fi\\\/?s={search_term_string}\"},\"query-input\":{\"@type\":\"PropertyValueSpecification\",\"valueRequired\":true,\"valueName\":\"search_term_string\"}}],\"inLanguage\":\"en-US\"},{\"@type\":\"Organization\",\"@id\":\"https:\\\/\\\/www.france.fi\\\/#organization\",\"name\":\"Institut fran\u00e7ais de Finlande\",\"url\":\"https:\\\/\\\/www.france.fi\\\/\",\"logo\":{\"@type\":\"ImageObject\",\"inLanguage\":\"en-US\",\"@id\":\"https:\\\/\\\/www.france.fi\\\/#\\\/schema\\\/logo\\\/image\\\/\",\"url\":\"https:\\\/\\\/www.france.fi\\\/wp-content\\\/uploads\\\/2024\\\/02\\\/if-logo-1.png\",\"contentUrl\":\"https:\\\/\\\/www.france.fi\\\/wp-content\\\/uploads\\\/2024\\\/02\\\/if-logo-1.png\",\"width\":687,\"height\":459,\"caption\":\"Institut fran\u00e7ais de Finlande\"},\"image\":{\"@id\":\"https:\\\/\\\/www.france.fi\\\/#\\\/schema\\\/logo\\\/image\\\/\"},\"sameAs\":[\"https:\\\/\\\/www.facebook.com\\\/institutfrancaisfi\",\"https:\\\/\\\/x.com\\\/IFFinlande\",\"https:\\\/\\\/www.instagram.com\\\/iffinlande\\\/\",\"https:\\\/\\\/fr.linkedin.com\\\/organization-guest\\\/company\\\/institut-fran-ais-de-finlande\",\"https:\\\/\\\/www.youtube.com\\\/channel\\\/UCHAitdpmSbeP78eL49XMotA\"]},{\"@type\":\"Person\",\"@id\":\"https:\\\/\\\/www.france.fi\\\/#\\\/schema\\\/person\\\/ed873f29db1d0af6a3600d15d3b65bfd\",\"name\":\"Equipe IFF\",\"image\":{\"@type\":\"ImageObject\",\"inLanguage\":\"en-US\",\"@id\":\"https:\\\/\\\/secure.gravatar.com\\\/avatar\\\/3c4ba80228d01014b25e45e90abb28ce315a02c6572751a7fb2298e4274989fc?s=96&d=mm&r=g\",\"url\":\"https:\\\/\\\/secure.gravatar.com\\\/avatar\\\/3c4ba80228d01014b25e45e90abb28ce315a02c6572751a7fb2298e4274989fc?s=96&d=mm&r=g\",\"contentUrl\":\"https:\\\/\\\/secure.gravatar.com\\\/avatar\\\/3c4ba80228d01014b25e45e90abb28ce315a02c6572751a7fb2298e4274989fc?s=96&d=mm&r=g\",\"caption\":\"Equipe IFF\"},\"url\":\"https:\\\/\\\/www.france.fi\\\/en\\\/author\\\/iffadmin\\\/\"}]}<\/script>\n<!-- \/ Yoast SEO plugin. -->","yoast_head_json":{"title":"Pourquoi il est int\u00e9ressant d\u2019enregistrer l\u2019\u00e9criture pour mieux la comprendre? - Institut fran\u00e7ais","description":"Christophe Leblay, , pr\u00e9sentera dans ce webinaire en fran\u00e7ais ses recherches en g\u00e9n\u00e9tique textuelle sur l'\u00e9criture comme processus.","robots":{"index":"index","follow":"follow","max-snippet":"max-snippet:-1","max-image-preview":"max-image-preview:large","max-video-preview":"max-video-preview:-1"},"canonical":"https:\/\/www.france.fi\/en\/french-language\/pourquoi-il-est-interessant-denregistrer-lecriture-pour-mieux-la-comprendre\/","og_locale":"en_US","og_type":"article","og_title":"Pourquoi il est int\u00e9ressant d\u2019enregistrer l\u2019\u00e9criture pour mieux la comprendre? - Institut fran\u00e7ais","og_description":"Christophe Leblay, , pr\u00e9sentera dans ce webinaire en fran\u00e7ais ses recherches en g\u00e9n\u00e9tique textuelle sur l'\u00e9criture comme processus.","og_url":"https:\/\/www.france.fi\/en\/french-language\/pourquoi-il-est-interessant-denregistrer-lecriture-pour-mieux-la-comprendre\/","og_site_name":"Institut fran\u00e7ais","article_publisher":"https:\/\/www.facebook.com\/institutfrancaisfi","article_published_time":"2021-03-26T11:14:47+00:00","article_modified_time":"2021-11-26T12:11:55+00:00","og_image":[{"width":1280,"height":720,"url":"https:\/\/www.france.fi\/wp-content\/uploads\/2021\/03\/enregistrer-1098x617.jpg","type":"image\/jpeg"}],"author":"Equipe IFF","twitter_card":"summary_large_image","twitter_creator":"@IFFinlande","twitter_site":"@IFFinlande","twitter_misc":{"Written by":"Equipe IFF","Est. reading time":"1 minute"},"schema":{"@context":"https:\/\/schema.org","@graph":[{"@type":"Article","@id":"https:\/\/www.france.fi\/en\/french-language\/pourquoi-il-est-interessant-denregistrer-lecriture-pour-mieux-la-comprendre\/#article","isPartOf":{"@id":"https:\/\/www.france.fi\/en\/french-language\/pourquoi-il-est-interessant-denregistrer-lecriture-pour-mieux-la-comprendre\/"},"author":{"name":"Equipe IFF","@id":"https:\/\/www.france.fi\/#\/schema\/person\/ed873f29db1d0af6a3600d15d3b65bfd"},"headline":"Pourquoi il est int\u00e9ressant d\u2019enregistrer l\u2019\u00e9criture pour mieux la comprendre?","datePublished":"2021-03-26T11:14:47+00:00","dateModified":"2021-11-26T12:11:55+00:00","mainEntityOfPage":{"@id":"https:\/\/www.france.fi\/en\/french-language\/pourquoi-il-est-interessant-denregistrer-lecriture-pour-mieux-la-comprendre\/"},"wordCount":255,"publisher":{"@id":"https:\/\/www.france.fi\/#organization"},"image":{"@id":"https:\/\/www.france.fi\/en\/french-language\/pourquoi-il-est-interessant-denregistrer-lecriture-pour-mieux-la-comprendre\/#primaryimage"},"thumbnailUrl":"https:\/\/www.france.fi\/wp-content\/uploads\/2021\/03\/enregistrer-1098x617.jpg","articleSection":["French language"],"inLanguage":"en-US"},{"@type":"WebPage","@id":"https:\/\/www.france.fi\/en\/french-language\/pourquoi-il-est-interessant-denregistrer-lecriture-pour-mieux-la-comprendre\/","url":"https:\/\/www.france.fi\/en\/french-language\/pourquoi-il-est-interessant-denregistrer-lecriture-pour-mieux-la-comprendre\/","name":"Pourquoi il est int\u00e9ressant d\u2019enregistrer l\u2019\u00e9criture pour mieux la comprendre? - Institut fran\u00e7ais","isPartOf":{"@id":"https:\/\/www.france.fi\/#website"},"primaryImageOfPage":{"@id":"https:\/\/www.france.fi\/en\/french-language\/pourquoi-il-est-interessant-denregistrer-lecriture-pour-mieux-la-comprendre\/#primaryimage"},"image":{"@id":"https:\/\/www.france.fi\/en\/french-language\/pourquoi-il-est-interessant-denregistrer-lecriture-pour-mieux-la-comprendre\/#primaryimage"},"thumbnailUrl":"https:\/\/www.france.fi\/wp-content\/uploads\/2021\/03\/enregistrer-1098x617.jpg","datePublished":"2021-03-26T11:14:47+00:00","dateModified":"2021-11-26T12:11:55+00:00","description":"Christophe Leblay, , pr\u00e9sentera dans ce webinaire en fran\u00e7ais ses recherches en g\u00e9n\u00e9tique textuelle sur l'\u00e9criture comme processus.","breadcrumb":{"@id":"https:\/\/www.france.fi\/en\/french-language\/pourquoi-il-est-interessant-denregistrer-lecriture-pour-mieux-la-comprendre\/#breadcrumb"},"inLanguage":"en-US","potentialAction":[{"@type":"ReadAction","target":["https:\/\/www.france.fi\/en\/french-language\/pourquoi-il-est-interessant-denregistrer-lecriture-pour-mieux-la-comprendre\/"]}]},{"@type":"ImageObject","inLanguage":"en-US","@id":"https:\/\/www.france.fi\/en\/french-language\/pourquoi-il-est-interessant-denregistrer-lecriture-pour-mieux-la-comprendre\/#primaryimage","url":"https:\/\/www.france.fi\/wp-content\/uploads\/2021\/03\/enregistrer-1098x617.jpg","contentUrl":"https:\/\/www.france.fi\/wp-content\/uploads\/2021\/03\/enregistrer-1098x617.jpg","width":1280,"height":720},{"@type":"BreadcrumbList","@id":"https:\/\/www.france.fi\/en\/french-language\/pourquoi-il-est-interessant-denregistrer-lecriture-pour-mieux-la-comprendre\/#breadcrumb","itemListElement":[{"@type":"ListItem","position":1,"name":"Home","item":"https:\/\/www.france.fi\/en\/"},{"@type":"ListItem","position":2,"name":"Langue fran\u00e7aise","item":"https:\/\/www.france.fi\/fr\/category\/langue-francaise\/"},{"@type":"ListItem","position":3,"name":"Pourquoi il est int\u00e9ressant d\u2019enregistrer l\u2019\u00e9criture pour mieux la comprendre?"}]},{"@type":"WebSite","@id":"https:\/\/www.france.fi\/#website","url":"https:\/\/www.france.fi\/","name":"Institut fran\u00e7ais de Finlande","description":"","publisher":{"@id":"https:\/\/www.france.fi\/#organization"},"potentialAction":[{"@type":"SearchAction","target":{"@type":"EntryPoint","urlTemplate":"https:\/\/www.france.fi\/?s={search_term_string}"},"query-input":{"@type":"PropertyValueSpecification","valueRequired":true,"valueName":"search_term_string"}}],"inLanguage":"en-US"},{"@type":"Organization","@id":"https:\/\/www.france.fi\/#organization","name":"Institut fran\u00e7ais de Finlande","url":"https:\/\/www.france.fi\/","logo":{"@type":"ImageObject","inLanguage":"en-US","@id":"https:\/\/www.france.fi\/#\/schema\/logo\/image\/","url":"https:\/\/www.france.fi\/wp-content\/uploads\/2024\/02\/if-logo-1.png","contentUrl":"https:\/\/www.france.fi\/wp-content\/uploads\/2024\/02\/if-logo-1.png","width":687,"height":459,"caption":"Institut fran\u00e7ais de Finlande"},"image":{"@id":"https:\/\/www.france.fi\/#\/schema\/logo\/image\/"},"sameAs":["https:\/\/www.facebook.com\/institutfrancaisfi","https:\/\/x.com\/IFFinlande","https:\/\/www.instagram.com\/iffinlande\/","https:\/\/fr.linkedin.com\/organization-guest\/company\/institut-fran-ais-de-finlande","https:\/\/www.youtube.com\/channel\/UCHAitdpmSbeP78eL49XMotA"]},{"@type":"Person","@id":"https:\/\/www.france.fi\/#\/schema\/person\/ed873f29db1d0af6a3600d15d3b65bfd","name":"Equipe IFF","image":{"@type":"ImageObject","inLanguage":"en-US","@id":"https:\/\/secure.gravatar.com\/avatar\/3c4ba80228d01014b25e45e90abb28ce315a02c6572751a7fb2298e4274989fc?s=96&d=mm&r=g","url":"https:\/\/secure.gravatar.com\/avatar\/3c4ba80228d01014b25e45e90abb28ce315a02c6572751a7fb2298e4274989fc?s=96&d=mm&r=g","contentUrl":"https:\/\/secure.gravatar.com\/avatar\/3c4ba80228d01014b25e45e90abb28ce315a02c6572751a7fb2298e4274989fc?s=96&d=mm&r=g","caption":"Equipe IFF"},"url":"https:\/\/www.france.fi\/en\/author\/iffadmin\/"}]}},"_links":{"self":[{"href":"https:\/\/www.france.fi\/en\/wp-json\/wp\/v2\/posts\/4606","targetHints":{"allow":["GET"]}}],"collection":[{"href":"https:\/\/www.france.fi\/en\/wp-json\/wp\/v2\/posts"}],"about":[{"href":"https:\/\/www.france.fi\/en\/wp-json\/wp\/v2\/types\/post"}],"author":[{"embeddable":true,"href":"https:\/\/www.france.fi\/en\/wp-json\/wp\/v2\/users\/2"}],"replies":[{"embeddable":true,"href":"https:\/\/www.france.fi\/en\/wp-json\/wp\/v2\/comments?post=4606"}],"version-history":[{"count":0,"href":"https:\/\/www.france.fi\/en\/wp-json\/wp\/v2\/posts\/4606\/revisions"}],"wp:featuredmedia":[{"embeddable":true,"href":"https:\/\/www.france.fi\/en\/wp-json\/wp\/v2\/media\/4603"}],"wp:attachment":[{"href":"https:\/\/www.france.fi\/en\/wp-json\/wp\/v2\/media?parent=4606"}],"wp:term":[{"taxonomy":"category","embeddable":true,"href":"https:\/\/www.france.fi\/en\/wp-json\/wp\/v2\/categories?post=4606"},{"taxonomy":"post_tag","embeddable":true,"href":"https:\/\/www.france.fi\/en\/wp-json\/wp\/v2\/tags?post=4606"}],"curies":[{"name":"wp","href":"https:\/\/api.w.org\/{rel}","templated":true}]}}