{"id":4673,"date":"2021-03-30T09:47:27","date_gmt":"2021-03-30T06:47:27","guid":{"rendered":"http:\/\/www.france.fi\/culture\/livres-pour-enfants-dans-la-mediatheque-et-sur-culturetheque\/"},"modified":"2021-08-19T12:26:29","modified_gmt":"2021-08-19T09:26:29","slug":"livres-pour-enfants-dans-la-mediatheque-et-sur-culturetheque","status":"publish","type":"post","link":"https:\/\/www.france.fi\/en\/media-library\/livres-pour-enfants-dans-la-mediatheque-et-sur-culturetheque\/","title":{"rendered":"Livres pour enfants dans la m\u00e9diath\u00e8que et sur Cultureth\u00e8que"},"content":{"rendered":"\n<table style=\"border-collapse: collapse; width: 100%; height: 559px;\">\n<tbody>\n<tr style=\"height: 253px;\">\n<td style=\"width: 21.9672%; height: 253px;\"><a href=\"https:\/\/www.culturetheque.com\/FIN\/doc\/STORYPLAYR\/86c2e53f21eb0d16fa9a747d1b318db1\/qui-se-cache-dans-la-nuit\" target=\"_blank\" rel=\"noopener\"><img loading=\"lazy\" decoding=\"async\" class=\"aligncenter size-full wp-image-4664\" src=\"http:\/\/www.france.fi\/wp-content\/uploads\/2021\/03\/QUI.jpg\" alt=\"\" width=\"172\" height=\"250\" \/><\/a><\/td>\n<td style=\"width: 78.0328%; height: 253px;\">\n<p><strong><a href=\"https:\/\/www.culturetheque.com\/FIN\/doc\/STORYPLAYR\/86c2e53f21eb0d16fa9a747d1b318db1\/qui-se-cache-dans-la-nuit\" target=\"_blank\" rel=\"noopener\">Qui se cache dans la nuit ?<\/a><\/strong><br \/>(Ilaria Demonti)<br \/>3 ans et +<\/p>\n<p>Un temps, le cin\u00e9ma de minuit faisait d\u00e9filer les yeux de stars et chacun pouvait essayer de deviner qui se cachait derri\u00e8re ces regards mythiques. Ilaria Demonti a imagin\u00e9 un album pour les plus jeunes o\u00f9 les yeux doivent permettre d&#8217;\u00e9mettre des hypoth\u00e8ses et de trouver peut-\u00eatre la r\u00e9ponse \u00e0 la question : qui se cache dans la nuit ?<\/p>\n<\/td>\n<\/tr>\n<tr style=\"height: 253px;\">\n<td style=\"width: 21.9672%; height: 253px;\"><a href=\"https:\/\/www.culturetheque.com\/FIN\/doc\/STORYPLAYR\/316086972404d1f7f2bd69574102da24\/trop-beau\" target=\"_blank\" rel=\"noopener\"><img loading=\"lazy\" decoding=\"async\" class=\"aligncenter size-full wp-image-4655\" src=\"http:\/\/www.france.fi\/wp-content\/uploads\/2021\/03\/TROP.jpg\" alt=\"\" width=\"250\" height=\"250\" srcset=\"https:\/\/www.france.fi\/wp-content\/uploads\/2021\/03\/TROP.jpg 250w, https:\/\/www.france.fi\/wp-content\/uploads\/2021\/03\/TROP-150x150.jpg 150w\" sizes=\"auto, (max-width: 250px) 100vw, 250px\" \/><\/a><\/td>\n<td style=\"width: 78.0328%; height: 253px;\">\n<p><strong><a href=\"https:\/\/www.culturetheque.com\/FIN\/doc\/STORYPLAYR\/316086972404d1f7f2bd69574102da24\/trop-beau\" target=\"_blank\" rel=\"noopener\">Trop beau<\/a><\/strong> <br \/>(Yann Fastier)<br \/>5 ans et +<\/p>\n<p>De la vanit\u00e9 pouss\u00e9e jusqu&#8217;au ridicule&#8230;<\/p>\n<\/td>\n<\/tr>\n<tr style=\"height: 23px;\">\n<td style=\"width: 21.9672%; height: 23px;\"><a href=\"https:\/\/www.culturetheque.com\/FIN\/doc\/STORYPLAYR\/367aeab2df32f00f3c5ce200b5570e22\/alors-ca-mord\" target=\"_blank\" rel=\"noopener\"><strong><img loading=\"lazy\" decoding=\"async\" class=\"aligncenter size-full wp-image-4658\" src=\"http:\/\/www.france.fi\/wp-content\/uploads\/2021\/03\/Alors.jpg\" alt=\"\" width=\"250\" height=\"318\" srcset=\"https:\/\/www.france.fi\/wp-content\/uploads\/2021\/03\/Alors.jpg 250w, https:\/\/www.france.fi\/wp-content\/uploads\/2021\/03\/Alors-236x300.jpg 236w\" sizes=\"auto, (max-width: 250px) 100vw, 250px\" \/><\/strong><\/a><\/td>\n<td style=\"width: 78.0328%; height: 23px;\">\n<p><a href=\"https:\/\/www.culturetheque.com\/FIN\/doc\/STORYPLAYR\/367aeab2df32f00f3c5ce200b5570e22\/alors-ca-mord\" target=\"_blank\" rel=\"noopener\"><strong>Alors, \u00e7a mord ?<\/strong><\/a> <br \/>(Jean Gourunas)<br \/>3 ans et +<\/p>\n<p>Chuuuut ! \u00e7a mord.<\/p>\n<\/td>\n<\/tr>\n<tr style=\"height: 30px;\">\n<td style=\"width: 21.9672%; height: 30px;\"><a href=\"https:\/\/www.culturetheque.com\/FIN\/doc\/STORYPLAYR\/b89273fbbbadb930530e3c2464cad3e9\/cameleon\" target=\"_blank\" rel=\"noopener\"><img loading=\"lazy\" decoding=\"async\" class=\"aligncenter size-full wp-image-4661\" src=\"http:\/\/www.france.fi\/wp-content\/uploads\/2021\/03\/Cameleon.jpg\" alt=\"\" width=\"250\" height=\"250\" srcset=\"https:\/\/www.france.fi\/wp-content\/uploads\/2021\/03\/Cameleon.jpg 250w, https:\/\/www.france.fi\/wp-content\/uploads\/2021\/03\/Cameleon-150x150.jpg 150w\" sizes=\"auto, (max-width: 250px) 100vw, 250px\" \/><\/a><\/td>\n<td style=\"width: 78.0328%; height: 30px;\">\n<p><a href=\"https:\/\/www.culturetheque.com\/FIN\/doc\/STORYPLAYR\/b89273fbbbadb930530e3c2464cad3e9\/cameleon\" target=\"_blank\" rel=\"noopener\"><strong>Cam\u00e9l\u00e9on<\/strong><\/a><br \/>Jean Gourunas<br \/>3 ans et +<\/p>\n<p>L&#8217;histoire d&#8217;un cam\u00e9l\u00e9on pudique et fac\u00e9tieux.<\/p>\n<\/td>\n<\/tr>\n<\/tbody>\n<\/table>\n\n\n\n<p><\/p>\n","protected":false},"excerpt":{"rendered":"<p>D\u00e9couvrez les albums pour les tout-petits sur Cultureth\u00e8que !<\/p>\n","protected":false},"author":2,"featured_media":4670,"comment_status":"closed","ping_status":"closed","sticky":false,"template":"","format":"standard","meta":{"footnotes":""},"categories":[50],"tags":[],"class_list":["post-4673","post","type-post","status-publish","format-standard","has-post-thumbnail","hentry","category-media-library"],"yoast_head":"<!-- This site is optimized with the Yoast SEO plugin v27.4 - https:\/\/yoast.com\/product\/yoast-seo-wordpress\/ -->\n<title>Livres pour enfants dans la m\u00e9diath\u00e8que et sur Cultureth\u00e8que - Institut fran\u00e7ais<\/title>\n<meta name=\"robots\" content=\"index, follow, max-snippet:-1, max-image-preview:large, max-video-preview:-1\" \/>\n<link rel=\"canonical\" href=\"https:\/\/www.france.fi\/en\/media-library\/livres-pour-enfants-dans-la-mediatheque-et-sur-culturetheque\/\" \/>\n<meta property=\"og:locale\" content=\"en_US\" \/>\n<meta property=\"og:type\" content=\"article\" \/>\n<meta property=\"og:title\" content=\"Livres pour enfants dans la m\u00e9diath\u00e8que et sur Cultureth\u00e8que - Institut fran\u00e7ais\" \/>\n<meta property=\"og:description\" content=\"D\u00e9couvrez les albums pour les tout-petits sur Cultureth\u00e8que !\" \/>\n<meta property=\"og:url\" content=\"https:\/\/www.france.fi\/en\/media-library\/livres-pour-enfants-dans-la-mediatheque-et-sur-culturetheque\/\" \/>\n<meta property=\"og:site_name\" content=\"Institut fran\u00e7ais\" \/>\n<meta property=\"article:publisher\" content=\"https:\/\/www.facebook.com\/institutfrancaisfi\" \/>\n<meta property=\"article:published_time\" content=\"2021-03-30T06:47:27+00:00\" \/>\n<meta property=\"article:modified_time\" content=\"2021-08-19T09:26:29+00:00\" \/>\n<meta property=\"og:image\" content=\"https:\/\/www.france.fi\/wp-content\/uploads\/2021\/03\/livre-enfant-1098x617.jpg\" \/>\n\t<meta property=\"og:image:width\" content=\"1280\" \/>\n\t<meta property=\"og:image:height\" content=\"720\" \/>\n\t<meta property=\"og:image:type\" content=\"image\/jpeg\" \/>\n<meta name=\"author\" content=\"Equipe IFF\" \/>\n<meta name=\"twitter:card\" content=\"summary_large_image\" \/>\n<meta name=\"twitter:creator\" content=\"@IFFinlande\" \/>\n<meta name=\"twitter:site\" content=\"@IFFinlande\" \/>\n<meta name=\"twitter:label1\" content=\"Written by\" \/>\n\t<meta name=\"twitter:data1\" content=\"Equipe IFF\" \/>\n\t<meta name=\"twitter:label2\" content=\"Est. reading time\" \/>\n\t<meta name=\"twitter:data2\" content=\"2 minutes\" \/>\n<script type=\"application\/ld+json\" class=\"yoast-schema-graph\">{\"@context\":\"https:\\\/\\\/schema.org\",\"@graph\":[{\"@type\":\"Article\",\"@id\":\"https:\\\/\\\/www.france.fi\\\/en\\\/media-library\\\/livres-pour-enfants-dans-la-mediatheque-et-sur-culturetheque\\\/#article\",\"isPartOf\":{\"@id\":\"https:\\\/\\\/www.france.fi\\\/en\\\/media-library\\\/livres-pour-enfants-dans-la-mediatheque-et-sur-culturetheque\\\/\"},\"author\":{\"name\":\"Equipe IFF\",\"@id\":\"https:\\\/\\\/www.france.fi\\\/#\\\/schema\\\/person\\\/ed873f29db1d0af6a3600d15d3b65bfd\"},\"headline\":\"Livres pour enfants dans la m\u00e9diath\u00e8que et sur Cultureth\u00e8que\",\"datePublished\":\"2021-03-30T06:47:27+00:00\",\"dateModified\":\"2021-08-19T09:26:29+00:00\",\"mainEntityOfPage\":{\"@id\":\"https:\\\/\\\/www.france.fi\\\/en\\\/media-library\\\/livres-pour-enfants-dans-la-mediatheque-et-sur-culturetheque\\\/\"},\"wordCount\":128,\"publisher\":{\"@id\":\"https:\\\/\\\/www.france.fi\\\/#organization\"},\"image\":{\"@id\":\"https:\\\/\\\/www.france.fi\\\/en\\\/media-library\\\/livres-pour-enfants-dans-la-mediatheque-et-sur-culturetheque\\\/#primaryimage\"},\"thumbnailUrl\":\"https:\\\/\\\/www.france.fi\\\/wp-content\\\/uploads\\\/2021\\\/03\\\/livre-enfant-1098x617.jpg\",\"articleSection\":[\"Media Library\"],\"inLanguage\":\"en-US\"},{\"@type\":\"WebPage\",\"@id\":\"https:\\\/\\\/www.france.fi\\\/en\\\/media-library\\\/livres-pour-enfants-dans-la-mediatheque-et-sur-culturetheque\\\/\",\"url\":\"https:\\\/\\\/www.france.fi\\\/en\\\/media-library\\\/livres-pour-enfants-dans-la-mediatheque-et-sur-culturetheque\\\/\",\"name\":\"Livres pour enfants dans la m\u00e9diath\u00e8que et sur Cultureth\u00e8que - Institut fran\u00e7ais\",\"isPartOf\":{\"@id\":\"https:\\\/\\\/www.france.fi\\\/#website\"},\"primaryImageOfPage\":{\"@id\":\"https:\\\/\\\/www.france.fi\\\/en\\\/media-library\\\/livres-pour-enfants-dans-la-mediatheque-et-sur-culturetheque\\\/#primaryimage\"},\"image\":{\"@id\":\"https:\\\/\\\/www.france.fi\\\/en\\\/media-library\\\/livres-pour-enfants-dans-la-mediatheque-et-sur-culturetheque\\\/#primaryimage\"},\"thumbnailUrl\":\"https:\\\/\\\/www.france.fi\\\/wp-content\\\/uploads\\\/2021\\\/03\\\/livre-enfant-1098x617.jpg\",\"datePublished\":\"2021-03-30T06:47:27+00:00\",\"dateModified\":\"2021-08-19T09:26:29+00:00\",\"breadcrumb\":{\"@id\":\"https:\\\/\\\/www.france.fi\\\/en\\\/media-library\\\/livres-pour-enfants-dans-la-mediatheque-et-sur-culturetheque\\\/#breadcrumb\"},\"inLanguage\":\"en-US\",\"potentialAction\":[{\"@type\":\"ReadAction\",\"target\":[\"https:\\\/\\\/www.france.fi\\\/en\\\/media-library\\\/livres-pour-enfants-dans-la-mediatheque-et-sur-culturetheque\\\/\"]}]},{\"@type\":\"ImageObject\",\"inLanguage\":\"en-US\",\"@id\":\"https:\\\/\\\/www.france.fi\\\/en\\\/media-library\\\/livres-pour-enfants-dans-la-mediatheque-et-sur-culturetheque\\\/#primaryimage\",\"url\":\"https:\\\/\\\/www.france.fi\\\/wp-content\\\/uploads\\\/2021\\\/03\\\/livre-enfant-1098x617.jpg\",\"contentUrl\":\"https:\\\/\\\/www.france.fi\\\/wp-content\\\/uploads\\\/2021\\\/03\\\/livre-enfant-1098x617.jpg\",\"width\":1280,\"height\":720},{\"@type\":\"BreadcrumbList\",\"@id\":\"https:\\\/\\\/www.france.fi\\\/en\\\/media-library\\\/livres-pour-enfants-dans-la-mediatheque-et-sur-culturetheque\\\/#breadcrumb\",\"itemListElement\":[{\"@type\":\"ListItem\",\"position\":1,\"name\":\"Home\",\"item\":\"https:\\\/\\\/www.france.fi\\\/en\\\/\"},{\"@type\":\"ListItem\",\"position\":2,\"name\":\"M\u00e9diath\u00e8que\",\"item\":\"https:\\\/\\\/www.france.fi\\\/fr\\\/category\\\/mediatheque\\\/\"},{\"@type\":\"ListItem\",\"position\":3,\"name\":\"Livres pour enfants dans la m\u00e9diath\u00e8que et sur Cultureth\u00e8que\"}]},{\"@type\":\"WebSite\",\"@id\":\"https:\\\/\\\/www.france.fi\\\/#website\",\"url\":\"https:\\\/\\\/www.france.fi\\\/\",\"name\":\"Institut fran\u00e7ais de Finlande\",\"description\":\"\",\"publisher\":{\"@id\":\"https:\\\/\\\/www.france.fi\\\/#organization\"},\"potentialAction\":[{\"@type\":\"SearchAction\",\"target\":{\"@type\":\"EntryPoint\",\"urlTemplate\":\"https:\\\/\\\/www.france.fi\\\/?s={search_term_string}\"},\"query-input\":{\"@type\":\"PropertyValueSpecification\",\"valueRequired\":true,\"valueName\":\"search_term_string\"}}],\"inLanguage\":\"en-US\"},{\"@type\":\"Organization\",\"@id\":\"https:\\\/\\\/www.france.fi\\\/#organization\",\"name\":\"Institut fran\u00e7ais de Finlande\",\"url\":\"https:\\\/\\\/www.france.fi\\\/\",\"logo\":{\"@type\":\"ImageObject\",\"inLanguage\":\"en-US\",\"@id\":\"https:\\\/\\\/www.france.fi\\\/#\\\/schema\\\/logo\\\/image\\\/\",\"url\":\"https:\\\/\\\/www.france.fi\\\/wp-content\\\/uploads\\\/2024\\\/02\\\/if-logo-1.png\",\"contentUrl\":\"https:\\\/\\\/www.france.fi\\\/wp-content\\\/uploads\\\/2024\\\/02\\\/if-logo-1.png\",\"width\":687,\"height\":459,\"caption\":\"Institut fran\u00e7ais de Finlande\"},\"image\":{\"@id\":\"https:\\\/\\\/www.france.fi\\\/#\\\/schema\\\/logo\\\/image\\\/\"},\"sameAs\":[\"https:\\\/\\\/www.facebook.com\\\/institutfrancaisfi\",\"https:\\\/\\\/x.com\\\/IFFinlande\",\"https:\\\/\\\/www.instagram.com\\\/iffinlande\\\/\",\"https:\\\/\\\/fr.linkedin.com\\\/organization-guest\\\/company\\\/institut-fran-ais-de-finlande\",\"https:\\\/\\\/www.youtube.com\\\/channel\\\/UCHAitdpmSbeP78eL49XMotA\"]},{\"@type\":\"Person\",\"@id\":\"https:\\\/\\\/www.france.fi\\\/#\\\/schema\\\/person\\\/ed873f29db1d0af6a3600d15d3b65bfd\",\"name\":\"Equipe IFF\",\"image\":{\"@type\":\"ImageObject\",\"inLanguage\":\"en-US\",\"@id\":\"https:\\\/\\\/secure.gravatar.com\\\/avatar\\\/3c4ba80228d01014b25e45e90abb28ce315a02c6572751a7fb2298e4274989fc?s=96&d=mm&r=g\",\"url\":\"https:\\\/\\\/secure.gravatar.com\\\/avatar\\\/3c4ba80228d01014b25e45e90abb28ce315a02c6572751a7fb2298e4274989fc?s=96&d=mm&r=g\",\"contentUrl\":\"https:\\\/\\\/secure.gravatar.com\\\/avatar\\\/3c4ba80228d01014b25e45e90abb28ce315a02c6572751a7fb2298e4274989fc?s=96&d=mm&r=g\",\"caption\":\"Equipe IFF\"},\"url\":\"https:\\\/\\\/www.france.fi\\\/en\\\/author\\\/iffadmin\\\/\"}]}<\/script>\n<!-- \/ Yoast SEO plugin. -->","yoast_head_json":{"title":"Livres pour enfants dans la m\u00e9diath\u00e8que et sur Cultureth\u00e8que - Institut fran\u00e7ais","robots":{"index":"index","follow":"follow","max-snippet":"max-snippet:-1","max-image-preview":"max-image-preview:large","max-video-preview":"max-video-preview:-1"},"canonical":"https:\/\/www.france.fi\/en\/media-library\/livres-pour-enfants-dans-la-mediatheque-et-sur-culturetheque\/","og_locale":"en_US","og_type":"article","og_title":"Livres pour enfants dans la m\u00e9diath\u00e8que et sur Cultureth\u00e8que - Institut fran\u00e7ais","og_description":"D\u00e9couvrez les albums pour les tout-petits sur Cultureth\u00e8que !","og_url":"https:\/\/www.france.fi\/en\/media-library\/livres-pour-enfants-dans-la-mediatheque-et-sur-culturetheque\/","og_site_name":"Institut fran\u00e7ais","article_publisher":"https:\/\/www.facebook.com\/institutfrancaisfi","article_published_time":"2021-03-30T06:47:27+00:00","article_modified_time":"2021-08-19T09:26:29+00:00","og_image":[{"width":1280,"height":720,"url":"https:\/\/www.france.fi\/wp-content\/uploads\/2021\/03\/livre-enfant-1098x617.jpg","type":"image\/jpeg"}],"author":"Equipe IFF","twitter_card":"summary_large_image","twitter_creator":"@IFFinlande","twitter_site":"@IFFinlande","twitter_misc":{"Written by":"Equipe IFF","Est. reading time":"2 minutes"},"schema":{"@context":"https:\/\/schema.org","@graph":[{"@type":"Article","@id":"https:\/\/www.france.fi\/en\/media-library\/livres-pour-enfants-dans-la-mediatheque-et-sur-culturetheque\/#article","isPartOf":{"@id":"https:\/\/www.france.fi\/en\/media-library\/livres-pour-enfants-dans-la-mediatheque-et-sur-culturetheque\/"},"author":{"name":"Equipe IFF","@id":"https:\/\/www.france.fi\/#\/schema\/person\/ed873f29db1d0af6a3600d15d3b65bfd"},"headline":"Livres pour enfants dans la m\u00e9diath\u00e8que et sur Cultureth\u00e8que","datePublished":"2021-03-30T06:47:27+00:00","dateModified":"2021-08-19T09:26:29+00:00","mainEntityOfPage":{"@id":"https:\/\/www.france.fi\/en\/media-library\/livres-pour-enfants-dans-la-mediatheque-et-sur-culturetheque\/"},"wordCount":128,"publisher":{"@id":"https:\/\/www.france.fi\/#organization"},"image":{"@id":"https:\/\/www.france.fi\/en\/media-library\/livres-pour-enfants-dans-la-mediatheque-et-sur-culturetheque\/#primaryimage"},"thumbnailUrl":"https:\/\/www.france.fi\/wp-content\/uploads\/2021\/03\/livre-enfant-1098x617.jpg","articleSection":["Media Library"],"inLanguage":"en-US"},{"@type":"WebPage","@id":"https:\/\/www.france.fi\/en\/media-library\/livres-pour-enfants-dans-la-mediatheque-et-sur-culturetheque\/","url":"https:\/\/www.france.fi\/en\/media-library\/livres-pour-enfants-dans-la-mediatheque-et-sur-culturetheque\/","name":"Livres pour enfants dans la m\u00e9diath\u00e8que et sur Cultureth\u00e8que - Institut fran\u00e7ais","isPartOf":{"@id":"https:\/\/www.france.fi\/#website"},"primaryImageOfPage":{"@id":"https:\/\/www.france.fi\/en\/media-library\/livres-pour-enfants-dans-la-mediatheque-et-sur-culturetheque\/#primaryimage"},"image":{"@id":"https:\/\/www.france.fi\/en\/media-library\/livres-pour-enfants-dans-la-mediatheque-et-sur-culturetheque\/#primaryimage"},"thumbnailUrl":"https:\/\/www.france.fi\/wp-content\/uploads\/2021\/03\/livre-enfant-1098x617.jpg","datePublished":"2021-03-30T06:47:27+00:00","dateModified":"2021-08-19T09:26:29+00:00","breadcrumb":{"@id":"https:\/\/www.france.fi\/en\/media-library\/livres-pour-enfants-dans-la-mediatheque-et-sur-culturetheque\/#breadcrumb"},"inLanguage":"en-US","potentialAction":[{"@type":"ReadAction","target":["https:\/\/www.france.fi\/en\/media-library\/livres-pour-enfants-dans-la-mediatheque-et-sur-culturetheque\/"]}]},{"@type":"ImageObject","inLanguage":"en-US","@id":"https:\/\/www.france.fi\/en\/media-library\/livres-pour-enfants-dans-la-mediatheque-et-sur-culturetheque\/#primaryimage","url":"https:\/\/www.france.fi\/wp-content\/uploads\/2021\/03\/livre-enfant-1098x617.jpg","contentUrl":"https:\/\/www.france.fi\/wp-content\/uploads\/2021\/03\/livre-enfant-1098x617.jpg","width":1280,"height":720},{"@type":"BreadcrumbList","@id":"https:\/\/www.france.fi\/en\/media-library\/livres-pour-enfants-dans-la-mediatheque-et-sur-culturetheque\/#breadcrumb","itemListElement":[{"@type":"ListItem","position":1,"name":"Home","item":"https:\/\/www.france.fi\/en\/"},{"@type":"ListItem","position":2,"name":"M\u00e9diath\u00e8que","item":"https:\/\/www.france.fi\/fr\/category\/mediatheque\/"},{"@type":"ListItem","position":3,"name":"Livres pour enfants dans la m\u00e9diath\u00e8que et sur Cultureth\u00e8que"}]},{"@type":"WebSite","@id":"https:\/\/www.france.fi\/#website","url":"https:\/\/www.france.fi\/","name":"Institut fran\u00e7ais de Finlande","description":"","publisher":{"@id":"https:\/\/www.france.fi\/#organization"},"potentialAction":[{"@type":"SearchAction","target":{"@type":"EntryPoint","urlTemplate":"https:\/\/www.france.fi\/?s={search_term_string}"},"query-input":{"@type":"PropertyValueSpecification","valueRequired":true,"valueName":"search_term_string"}}],"inLanguage":"en-US"},{"@type":"Organization","@id":"https:\/\/www.france.fi\/#organization","name":"Institut fran\u00e7ais de Finlande","url":"https:\/\/www.france.fi\/","logo":{"@type":"ImageObject","inLanguage":"en-US","@id":"https:\/\/www.france.fi\/#\/schema\/logo\/image\/","url":"https:\/\/www.france.fi\/wp-content\/uploads\/2024\/02\/if-logo-1.png","contentUrl":"https:\/\/www.france.fi\/wp-content\/uploads\/2024\/02\/if-logo-1.png","width":687,"height":459,"caption":"Institut fran\u00e7ais de Finlande"},"image":{"@id":"https:\/\/www.france.fi\/#\/schema\/logo\/image\/"},"sameAs":["https:\/\/www.facebook.com\/institutfrancaisfi","https:\/\/x.com\/IFFinlande","https:\/\/www.instagram.com\/iffinlande\/","https:\/\/fr.linkedin.com\/organization-guest\/company\/institut-fran-ais-de-finlande","https:\/\/www.youtube.com\/channel\/UCHAitdpmSbeP78eL49XMotA"]},{"@type":"Person","@id":"https:\/\/www.france.fi\/#\/schema\/person\/ed873f29db1d0af6a3600d15d3b65bfd","name":"Equipe IFF","image":{"@type":"ImageObject","inLanguage":"en-US","@id":"https:\/\/secure.gravatar.com\/avatar\/3c4ba80228d01014b25e45e90abb28ce315a02c6572751a7fb2298e4274989fc?s=96&d=mm&r=g","url":"https:\/\/secure.gravatar.com\/avatar\/3c4ba80228d01014b25e45e90abb28ce315a02c6572751a7fb2298e4274989fc?s=96&d=mm&r=g","contentUrl":"https:\/\/secure.gravatar.com\/avatar\/3c4ba80228d01014b25e45e90abb28ce315a02c6572751a7fb2298e4274989fc?s=96&d=mm&r=g","caption":"Equipe IFF"},"url":"https:\/\/www.france.fi\/en\/author\/iffadmin\/"}]}},"_links":{"self":[{"href":"https:\/\/www.france.fi\/en\/wp-json\/wp\/v2\/posts\/4673","targetHints":{"allow":["GET"]}}],"collection":[{"href":"https:\/\/www.france.fi\/en\/wp-json\/wp\/v2\/posts"}],"about":[{"href":"https:\/\/www.france.fi\/en\/wp-json\/wp\/v2\/types\/post"}],"author":[{"embeddable":true,"href":"https:\/\/www.france.fi\/en\/wp-json\/wp\/v2\/users\/2"}],"replies":[{"embeddable":true,"href":"https:\/\/www.france.fi\/en\/wp-json\/wp\/v2\/comments?post=4673"}],"version-history":[{"count":0,"href":"https:\/\/www.france.fi\/en\/wp-json\/wp\/v2\/posts\/4673\/revisions"}],"wp:featuredmedia":[{"embeddable":true,"href":"https:\/\/www.france.fi\/en\/wp-json\/wp\/v2\/media\/4670"}],"wp:attachment":[{"href":"https:\/\/www.france.fi\/en\/wp-json\/wp\/v2\/media?parent=4673"}],"wp:term":[{"taxonomy":"category","embeddable":true,"href":"https:\/\/www.france.fi\/en\/wp-json\/wp\/v2\/categories?post=4673"},{"taxonomy":"post_tag","embeddable":true,"href":"https:\/\/www.france.fi\/en\/wp-json\/wp\/v2\/tags?post=4673"}],"curies":[{"name":"wp","href":"https:\/\/api.w.org\/{rel}","templated":true}]}}