{"id":5577,"date":"2021-06-10T10:06:36","date_gmt":"2021-06-10T07:06:36","guid":{"rendered":"http:\/\/www.france.fi\/culture\/reception-en-lhonneur-des-laudaturs-aux-epreuves-de-francais-du-baccalaureat\/"},"modified":"2021-09-08T10:35:15","modified_gmt":"2021-09-08T07:35:15","slug":"reception-en-lhonneur-des-laudaturs-aux-epreuves-de-francais-du-baccalaureat","status":"publish","type":"post","link":"https:\/\/www.france.fi\/en\/french-language\/reception-en-lhonneur-des-laudaturs-aux-epreuves-de-francais-du-baccalaureat\/","title":{"rendered":"R\u00e9ception en l&#8217;honneur des laudaturs aux \u00e9preuves de fran\u00e7ais du baccalaur\u00e9at"},"content":{"rendered":"\n<p>L\u2019Ambassadrice de France en Finlande, Madame Agn\u00e8s Cukierman, recevait le 8 juin \u00e0 l\u2019ambassade les bacheliers ayant re\u00e7u la laudatur aux \u00e9preuves de fran\u00e7ais du baccalaur\u00e9at. L\u2019Institut Fran\u00e7ais de Finlande les f\u00e9licite pour ces r\u00e9sultats et souhaite f\u00e9liciter tous les candidats ayant pass\u00e9 les \u00e9preuves de fran\u00e7ais du baccalaur\u00e9at en Finlande ! F\u00e9licitations \u00e0 tous et meilleurs v\u0153ux pour leur avenir et projets !<\/p>\n<h5>Les bacheliers pr\u00e9sents, viennent des \u00e9tablissements suivant :<\/h5>\n<table style=\"border-collapse: collapse; width: 100%;\">\n<tbody>\n<tr>\n<td style=\"width: 50%;\">Kuninkaantien lukio<br \/>Espoonlahden lukio<br \/>Jyv\u00e4skyl\u00e4n Lyseon lukio<br \/>Etel\u00e4-Tapiolan lukio<br \/>Tampereen lyseon lukio<br \/>Viherlaakson lukio<br \/>T\u00f6\u00f6l\u00f6n yhteiskoulu<br \/>Katedralskolan i \u00c5bo<br \/>T\u00f6l\u00f6 gymnasium<br \/>Puolalanm\u00e4en lukio<br \/>Helsingin yliopiston Viikin Normaalikoulu<br \/>Otaniemen lukio<br \/>Tampereen aikuislukio<\/td>\n<td style=\"width: 50%;\">Helsingin Suomalainen Yhteiskoulu<br \/>Kouvolan Yhteislyseo<br \/>Laukaan lukio<br \/>Ressun lukio<br \/>Sibelius-lukio (opettaja Ressussa)<br \/>Munkkiniemen yhteiskoulu<br \/>Kulosaaren yhteiskoulu<br \/>Schildtin lukio<br \/>Porin suomalaisen yhteislyseon lukio<br \/>Alppilan lukio<\/td>\n<\/tr>\n<\/tbody>\n<\/table>\n<p>\u00a0<\/p>\n\n\n\n<p><\/p>\n","protected":false},"excerpt":{"rendered":"<p>Mardi 8 juin, une c\u00e9r\u00e9monie a \u00e9t\u00e9 donn\u00e9e \u00e0 l\u2019ambassade pour f\u00e9liciter les \u00e9l\u00e8ves ayant eu les meilleurs r\u00e9sultats aux \u00e9preuves de fran\u00e7ais du baccalaur\u00e9at.<\/p>\n","protected":false},"author":2,"featured_media":5573,"comment_status":"closed","ping_status":"closed","sticky":false,"template":"","format":"standard","meta":{"footnotes":""},"categories":[51],"tags":[],"class_list":["post-5577","post","type-post","status-publish","format-standard","has-post-thumbnail","hentry","category-french-language"],"yoast_head":"<!-- This site is optimized with the Yoast SEO plugin v27.4 - https:\/\/yoast.com\/product\/yoast-seo-wordpress\/ -->\n<title>R\u00e9ception en l&#039;honneur des laudaturs aux \u00e9preuves de fran\u00e7ais du baccalaur\u00e9at - Institut fran\u00e7ais<\/title>\n<meta name=\"robots\" content=\"index, follow, max-snippet:-1, max-image-preview:large, max-video-preview:-1\" \/>\n<link rel=\"canonical\" href=\"https:\/\/www.france.fi\/en\/french-language\/reception-en-lhonneur-des-laudaturs-aux-epreuves-de-francais-du-baccalaureat\/\" \/>\n<meta property=\"og:locale\" content=\"en_US\" \/>\n<meta property=\"og:type\" content=\"article\" \/>\n<meta property=\"og:title\" content=\"R\u00e9ception en l&#039;honneur des laudaturs aux \u00e9preuves de fran\u00e7ais du baccalaur\u00e9at - Institut fran\u00e7ais\" \/>\n<meta property=\"og:description\" content=\"Mardi 8 juin, une c\u00e9r\u00e9monie a \u00e9t\u00e9 donn\u00e9e \u00e0 l\u2019ambassade pour f\u00e9liciter les \u00e9l\u00e8ves ayant eu les meilleurs r\u00e9sultats aux \u00e9preuves de fran\u00e7ais du baccalaur\u00e9at.\" \/>\n<meta property=\"og:url\" content=\"https:\/\/www.france.fi\/en\/french-language\/reception-en-lhonneur-des-laudaturs-aux-epreuves-de-francais-du-baccalaureat\/\" \/>\n<meta property=\"og:site_name\" content=\"Institut fran\u00e7ais\" \/>\n<meta property=\"article:publisher\" content=\"https:\/\/www.facebook.com\/institutfrancaisfi\" \/>\n<meta property=\"article:published_time\" content=\"2021-06-10T07:06:36+00:00\" \/>\n<meta property=\"article:modified_time\" content=\"2021-09-08T07:35:15+00:00\" \/>\n<meta property=\"og:image\" content=\"https:\/\/www.france.fi\/wp-content\/uploads\/2021\/06\/laudatur-2021-1098x617.jpg\" \/>\n\t<meta property=\"og:image:width\" content=\"1280\" \/>\n\t<meta property=\"og:image:height\" content=\"720\" \/>\n\t<meta property=\"og:image:type\" content=\"image\/jpeg\" \/>\n<meta name=\"author\" content=\"Equipe IFF\" \/>\n<meta name=\"twitter:card\" content=\"summary_large_image\" \/>\n<meta name=\"twitter:creator\" content=\"@IFFinlande\" \/>\n<meta name=\"twitter:site\" content=\"@IFFinlande\" \/>\n<meta name=\"twitter:label1\" content=\"Written by\" \/>\n\t<meta name=\"twitter:data1\" content=\"Equipe IFF\" \/>\n\t<meta name=\"twitter:label2\" content=\"Est. reading time\" \/>\n\t<meta name=\"twitter:data2\" content=\"1 minute\" \/>\n<script type=\"application\/ld+json\" class=\"yoast-schema-graph\">{\"@context\":\"https:\\\/\\\/schema.org\",\"@graph\":[{\"@type\":\"Article\",\"@id\":\"https:\\\/\\\/www.france.fi\\\/en\\\/french-language\\\/reception-en-lhonneur-des-laudaturs-aux-epreuves-de-francais-du-baccalaureat\\\/#article\",\"isPartOf\":{\"@id\":\"https:\\\/\\\/www.france.fi\\\/en\\\/french-language\\\/reception-en-lhonneur-des-laudaturs-aux-epreuves-de-francais-du-baccalaureat\\\/\"},\"author\":{\"name\":\"Equipe IFF\",\"@id\":\"https:\\\/\\\/www.france.fi\\\/#\\\/schema\\\/person\\\/ed873f29db1d0af6a3600d15d3b65bfd\"},\"headline\":\"R\u00e9ception en l&#8217;honneur des laudaturs aux \u00e9preuves de fran\u00e7ais du baccalaur\u00e9at\",\"datePublished\":\"2021-06-10T07:06:36+00:00\",\"dateModified\":\"2021-09-08T07:35:15+00:00\",\"mainEntityOfPage\":{\"@id\":\"https:\\\/\\\/www.france.fi\\\/en\\\/french-language\\\/reception-en-lhonneur-des-laudaturs-aux-epreuves-de-francais-du-baccalaureat\\\/\"},\"wordCount\":139,\"publisher\":{\"@id\":\"https:\\\/\\\/www.france.fi\\\/#organization\"},\"image\":{\"@id\":\"https:\\\/\\\/www.france.fi\\\/en\\\/french-language\\\/reception-en-lhonneur-des-laudaturs-aux-epreuves-de-francais-du-baccalaureat\\\/#primaryimage\"},\"thumbnailUrl\":\"https:\\\/\\\/www.france.fi\\\/wp-content\\\/uploads\\\/2021\\\/06\\\/laudatur-2021-1098x617.jpg\",\"articleSection\":[\"French language\"],\"inLanguage\":\"en-US\"},{\"@type\":\"WebPage\",\"@id\":\"https:\\\/\\\/www.france.fi\\\/en\\\/french-language\\\/reception-en-lhonneur-des-laudaturs-aux-epreuves-de-francais-du-baccalaureat\\\/\",\"url\":\"https:\\\/\\\/www.france.fi\\\/en\\\/french-language\\\/reception-en-lhonneur-des-laudaturs-aux-epreuves-de-francais-du-baccalaureat\\\/\",\"name\":\"R\u00e9ception en l'honneur des laudaturs aux \u00e9preuves de fran\u00e7ais du baccalaur\u00e9at - Institut fran\u00e7ais\",\"isPartOf\":{\"@id\":\"https:\\\/\\\/www.france.fi\\\/#website\"},\"primaryImageOfPage\":{\"@id\":\"https:\\\/\\\/www.france.fi\\\/en\\\/french-language\\\/reception-en-lhonneur-des-laudaturs-aux-epreuves-de-francais-du-baccalaureat\\\/#primaryimage\"},\"image\":{\"@id\":\"https:\\\/\\\/www.france.fi\\\/en\\\/french-language\\\/reception-en-lhonneur-des-laudaturs-aux-epreuves-de-francais-du-baccalaureat\\\/#primaryimage\"},\"thumbnailUrl\":\"https:\\\/\\\/www.france.fi\\\/wp-content\\\/uploads\\\/2021\\\/06\\\/laudatur-2021-1098x617.jpg\",\"datePublished\":\"2021-06-10T07:06:36+00:00\",\"dateModified\":\"2021-09-08T07:35:15+00:00\",\"breadcrumb\":{\"@id\":\"https:\\\/\\\/www.france.fi\\\/en\\\/french-language\\\/reception-en-lhonneur-des-laudaturs-aux-epreuves-de-francais-du-baccalaureat\\\/#breadcrumb\"},\"inLanguage\":\"en-US\",\"potentialAction\":[{\"@type\":\"ReadAction\",\"target\":[\"https:\\\/\\\/www.france.fi\\\/en\\\/french-language\\\/reception-en-lhonneur-des-laudaturs-aux-epreuves-de-francais-du-baccalaureat\\\/\"]}]},{\"@type\":\"ImageObject\",\"inLanguage\":\"en-US\",\"@id\":\"https:\\\/\\\/www.france.fi\\\/en\\\/french-language\\\/reception-en-lhonneur-des-laudaturs-aux-epreuves-de-francais-du-baccalaureat\\\/#primaryimage\",\"url\":\"https:\\\/\\\/www.france.fi\\\/wp-content\\\/uploads\\\/2021\\\/06\\\/laudatur-2021-1098x617.jpg\",\"contentUrl\":\"https:\\\/\\\/www.france.fi\\\/wp-content\\\/uploads\\\/2021\\\/06\\\/laudatur-2021-1098x617.jpg\",\"width\":1280,\"height\":720},{\"@type\":\"BreadcrumbList\",\"@id\":\"https:\\\/\\\/www.france.fi\\\/en\\\/french-language\\\/reception-en-lhonneur-des-laudaturs-aux-epreuves-de-francais-du-baccalaureat\\\/#breadcrumb\",\"itemListElement\":[{\"@type\":\"ListItem\",\"position\":1,\"name\":\"Home\",\"item\":\"https:\\\/\\\/www.france.fi\\\/en\\\/\"},{\"@type\":\"ListItem\",\"position\":2,\"name\":\"Langue fran\u00e7aise\",\"item\":\"https:\\\/\\\/www.france.fi\\\/fr\\\/category\\\/langue-francaise\\\/\"},{\"@type\":\"ListItem\",\"position\":3,\"name\":\"R\u00e9ception en l&#8217;honneur des laudaturs aux \u00e9preuves de fran\u00e7ais du baccalaur\u00e9at\"}]},{\"@type\":\"WebSite\",\"@id\":\"https:\\\/\\\/www.france.fi\\\/#website\",\"url\":\"https:\\\/\\\/www.france.fi\\\/\",\"name\":\"Institut fran\u00e7ais de Finlande\",\"description\":\"\",\"publisher\":{\"@id\":\"https:\\\/\\\/www.france.fi\\\/#organization\"},\"potentialAction\":[{\"@type\":\"SearchAction\",\"target\":{\"@type\":\"EntryPoint\",\"urlTemplate\":\"https:\\\/\\\/www.france.fi\\\/?s={search_term_string}\"},\"query-input\":{\"@type\":\"PropertyValueSpecification\",\"valueRequired\":true,\"valueName\":\"search_term_string\"}}],\"inLanguage\":\"en-US\"},{\"@type\":\"Organization\",\"@id\":\"https:\\\/\\\/www.france.fi\\\/#organization\",\"name\":\"Institut fran\u00e7ais de Finlande\",\"url\":\"https:\\\/\\\/www.france.fi\\\/\",\"logo\":{\"@type\":\"ImageObject\",\"inLanguage\":\"en-US\",\"@id\":\"https:\\\/\\\/www.france.fi\\\/#\\\/schema\\\/logo\\\/image\\\/\",\"url\":\"https:\\\/\\\/www.france.fi\\\/wp-content\\\/uploads\\\/2024\\\/02\\\/if-logo-1.png\",\"contentUrl\":\"https:\\\/\\\/www.france.fi\\\/wp-content\\\/uploads\\\/2024\\\/02\\\/if-logo-1.png\",\"width\":687,\"height\":459,\"caption\":\"Institut fran\u00e7ais de Finlande\"},\"image\":{\"@id\":\"https:\\\/\\\/www.france.fi\\\/#\\\/schema\\\/logo\\\/image\\\/\"},\"sameAs\":[\"https:\\\/\\\/www.facebook.com\\\/institutfrancaisfi\",\"https:\\\/\\\/x.com\\\/IFFinlande\",\"https:\\\/\\\/www.instagram.com\\\/iffinlande\\\/\",\"https:\\\/\\\/fr.linkedin.com\\\/organization-guest\\\/company\\\/institut-fran-ais-de-finlande\",\"https:\\\/\\\/www.youtube.com\\\/channel\\\/UCHAitdpmSbeP78eL49XMotA\"]},{\"@type\":\"Person\",\"@id\":\"https:\\\/\\\/www.france.fi\\\/#\\\/schema\\\/person\\\/ed873f29db1d0af6a3600d15d3b65bfd\",\"name\":\"Equipe IFF\",\"image\":{\"@type\":\"ImageObject\",\"inLanguage\":\"en-US\",\"@id\":\"https:\\\/\\\/secure.gravatar.com\\\/avatar\\\/3c4ba80228d01014b25e45e90abb28ce315a02c6572751a7fb2298e4274989fc?s=96&d=mm&r=g\",\"url\":\"https:\\\/\\\/secure.gravatar.com\\\/avatar\\\/3c4ba80228d01014b25e45e90abb28ce315a02c6572751a7fb2298e4274989fc?s=96&d=mm&r=g\",\"contentUrl\":\"https:\\\/\\\/secure.gravatar.com\\\/avatar\\\/3c4ba80228d01014b25e45e90abb28ce315a02c6572751a7fb2298e4274989fc?s=96&d=mm&r=g\",\"caption\":\"Equipe IFF\"},\"url\":\"https:\\\/\\\/www.france.fi\\\/en\\\/author\\\/iffadmin\\\/\"}]}<\/script>\n<!-- \/ Yoast SEO plugin. -->","yoast_head_json":{"title":"R\u00e9ception en l'honneur des laudaturs aux \u00e9preuves de fran\u00e7ais du baccalaur\u00e9at - Institut fran\u00e7ais","robots":{"index":"index","follow":"follow","max-snippet":"max-snippet:-1","max-image-preview":"max-image-preview:large","max-video-preview":"max-video-preview:-1"},"canonical":"https:\/\/www.france.fi\/en\/french-language\/reception-en-lhonneur-des-laudaturs-aux-epreuves-de-francais-du-baccalaureat\/","og_locale":"en_US","og_type":"article","og_title":"R\u00e9ception en l'honneur des laudaturs aux \u00e9preuves de fran\u00e7ais du baccalaur\u00e9at - Institut fran\u00e7ais","og_description":"Mardi 8 juin, une c\u00e9r\u00e9monie a \u00e9t\u00e9 donn\u00e9e \u00e0 l\u2019ambassade pour f\u00e9liciter les \u00e9l\u00e8ves ayant eu les meilleurs r\u00e9sultats aux \u00e9preuves de fran\u00e7ais du baccalaur\u00e9at.","og_url":"https:\/\/www.france.fi\/en\/french-language\/reception-en-lhonneur-des-laudaturs-aux-epreuves-de-francais-du-baccalaureat\/","og_site_name":"Institut fran\u00e7ais","article_publisher":"https:\/\/www.facebook.com\/institutfrancaisfi","article_published_time":"2021-06-10T07:06:36+00:00","article_modified_time":"2021-09-08T07:35:15+00:00","og_image":[{"width":1280,"height":720,"url":"https:\/\/www.france.fi\/wp-content\/uploads\/2021\/06\/laudatur-2021-1098x617.jpg","type":"image\/jpeg"}],"author":"Equipe IFF","twitter_card":"summary_large_image","twitter_creator":"@IFFinlande","twitter_site":"@IFFinlande","twitter_misc":{"Written by":"Equipe IFF","Est. reading time":"1 minute"},"schema":{"@context":"https:\/\/schema.org","@graph":[{"@type":"Article","@id":"https:\/\/www.france.fi\/en\/french-language\/reception-en-lhonneur-des-laudaturs-aux-epreuves-de-francais-du-baccalaureat\/#article","isPartOf":{"@id":"https:\/\/www.france.fi\/en\/french-language\/reception-en-lhonneur-des-laudaturs-aux-epreuves-de-francais-du-baccalaureat\/"},"author":{"name":"Equipe IFF","@id":"https:\/\/www.france.fi\/#\/schema\/person\/ed873f29db1d0af6a3600d15d3b65bfd"},"headline":"R\u00e9ception en l&#8217;honneur des laudaturs aux \u00e9preuves de fran\u00e7ais du baccalaur\u00e9at","datePublished":"2021-06-10T07:06:36+00:00","dateModified":"2021-09-08T07:35:15+00:00","mainEntityOfPage":{"@id":"https:\/\/www.france.fi\/en\/french-language\/reception-en-lhonneur-des-laudaturs-aux-epreuves-de-francais-du-baccalaureat\/"},"wordCount":139,"publisher":{"@id":"https:\/\/www.france.fi\/#organization"},"image":{"@id":"https:\/\/www.france.fi\/en\/french-language\/reception-en-lhonneur-des-laudaturs-aux-epreuves-de-francais-du-baccalaureat\/#primaryimage"},"thumbnailUrl":"https:\/\/www.france.fi\/wp-content\/uploads\/2021\/06\/laudatur-2021-1098x617.jpg","articleSection":["French language"],"inLanguage":"en-US"},{"@type":"WebPage","@id":"https:\/\/www.france.fi\/en\/french-language\/reception-en-lhonneur-des-laudaturs-aux-epreuves-de-francais-du-baccalaureat\/","url":"https:\/\/www.france.fi\/en\/french-language\/reception-en-lhonneur-des-laudaturs-aux-epreuves-de-francais-du-baccalaureat\/","name":"R\u00e9ception en l'honneur des laudaturs aux \u00e9preuves de fran\u00e7ais du baccalaur\u00e9at - Institut fran\u00e7ais","isPartOf":{"@id":"https:\/\/www.france.fi\/#website"},"primaryImageOfPage":{"@id":"https:\/\/www.france.fi\/en\/french-language\/reception-en-lhonneur-des-laudaturs-aux-epreuves-de-francais-du-baccalaureat\/#primaryimage"},"image":{"@id":"https:\/\/www.france.fi\/en\/french-language\/reception-en-lhonneur-des-laudaturs-aux-epreuves-de-francais-du-baccalaureat\/#primaryimage"},"thumbnailUrl":"https:\/\/www.france.fi\/wp-content\/uploads\/2021\/06\/laudatur-2021-1098x617.jpg","datePublished":"2021-06-10T07:06:36+00:00","dateModified":"2021-09-08T07:35:15+00:00","breadcrumb":{"@id":"https:\/\/www.france.fi\/en\/french-language\/reception-en-lhonneur-des-laudaturs-aux-epreuves-de-francais-du-baccalaureat\/#breadcrumb"},"inLanguage":"en-US","potentialAction":[{"@type":"ReadAction","target":["https:\/\/www.france.fi\/en\/french-language\/reception-en-lhonneur-des-laudaturs-aux-epreuves-de-francais-du-baccalaureat\/"]}]},{"@type":"ImageObject","inLanguage":"en-US","@id":"https:\/\/www.france.fi\/en\/french-language\/reception-en-lhonneur-des-laudaturs-aux-epreuves-de-francais-du-baccalaureat\/#primaryimage","url":"https:\/\/www.france.fi\/wp-content\/uploads\/2021\/06\/laudatur-2021-1098x617.jpg","contentUrl":"https:\/\/www.france.fi\/wp-content\/uploads\/2021\/06\/laudatur-2021-1098x617.jpg","width":1280,"height":720},{"@type":"BreadcrumbList","@id":"https:\/\/www.france.fi\/en\/french-language\/reception-en-lhonneur-des-laudaturs-aux-epreuves-de-francais-du-baccalaureat\/#breadcrumb","itemListElement":[{"@type":"ListItem","position":1,"name":"Home","item":"https:\/\/www.france.fi\/en\/"},{"@type":"ListItem","position":2,"name":"Langue fran\u00e7aise","item":"https:\/\/www.france.fi\/fr\/category\/langue-francaise\/"},{"@type":"ListItem","position":3,"name":"R\u00e9ception en l&#8217;honneur des laudaturs aux \u00e9preuves de fran\u00e7ais du baccalaur\u00e9at"}]},{"@type":"WebSite","@id":"https:\/\/www.france.fi\/#website","url":"https:\/\/www.france.fi\/","name":"Institut fran\u00e7ais de Finlande","description":"","publisher":{"@id":"https:\/\/www.france.fi\/#organization"},"potentialAction":[{"@type":"SearchAction","target":{"@type":"EntryPoint","urlTemplate":"https:\/\/www.france.fi\/?s={search_term_string}"},"query-input":{"@type":"PropertyValueSpecification","valueRequired":true,"valueName":"search_term_string"}}],"inLanguage":"en-US"},{"@type":"Organization","@id":"https:\/\/www.france.fi\/#organization","name":"Institut fran\u00e7ais de Finlande","url":"https:\/\/www.france.fi\/","logo":{"@type":"ImageObject","inLanguage":"en-US","@id":"https:\/\/www.france.fi\/#\/schema\/logo\/image\/","url":"https:\/\/www.france.fi\/wp-content\/uploads\/2024\/02\/if-logo-1.png","contentUrl":"https:\/\/www.france.fi\/wp-content\/uploads\/2024\/02\/if-logo-1.png","width":687,"height":459,"caption":"Institut fran\u00e7ais de Finlande"},"image":{"@id":"https:\/\/www.france.fi\/#\/schema\/logo\/image\/"},"sameAs":["https:\/\/www.facebook.com\/institutfrancaisfi","https:\/\/x.com\/IFFinlande","https:\/\/www.instagram.com\/iffinlande\/","https:\/\/fr.linkedin.com\/organization-guest\/company\/institut-fran-ais-de-finlande","https:\/\/www.youtube.com\/channel\/UCHAitdpmSbeP78eL49XMotA"]},{"@type":"Person","@id":"https:\/\/www.france.fi\/#\/schema\/person\/ed873f29db1d0af6a3600d15d3b65bfd","name":"Equipe IFF","image":{"@type":"ImageObject","inLanguage":"en-US","@id":"https:\/\/secure.gravatar.com\/avatar\/3c4ba80228d01014b25e45e90abb28ce315a02c6572751a7fb2298e4274989fc?s=96&d=mm&r=g","url":"https:\/\/secure.gravatar.com\/avatar\/3c4ba80228d01014b25e45e90abb28ce315a02c6572751a7fb2298e4274989fc?s=96&d=mm&r=g","contentUrl":"https:\/\/secure.gravatar.com\/avatar\/3c4ba80228d01014b25e45e90abb28ce315a02c6572751a7fb2298e4274989fc?s=96&d=mm&r=g","caption":"Equipe IFF"},"url":"https:\/\/www.france.fi\/en\/author\/iffadmin\/"}]}},"_links":{"self":[{"href":"https:\/\/www.france.fi\/en\/wp-json\/wp\/v2\/posts\/5577","targetHints":{"allow":["GET"]}}],"collection":[{"href":"https:\/\/www.france.fi\/en\/wp-json\/wp\/v2\/posts"}],"about":[{"href":"https:\/\/www.france.fi\/en\/wp-json\/wp\/v2\/types\/post"}],"author":[{"embeddable":true,"href":"https:\/\/www.france.fi\/en\/wp-json\/wp\/v2\/users\/2"}],"replies":[{"embeddable":true,"href":"https:\/\/www.france.fi\/en\/wp-json\/wp\/v2\/comments?post=5577"}],"version-history":[{"count":0,"href":"https:\/\/www.france.fi\/en\/wp-json\/wp\/v2\/posts\/5577\/revisions"}],"wp:featuredmedia":[{"embeddable":true,"href":"https:\/\/www.france.fi\/en\/wp-json\/wp\/v2\/media\/5573"}],"wp:attachment":[{"href":"https:\/\/www.france.fi\/en\/wp-json\/wp\/v2\/media?parent=5577"}],"wp:term":[{"taxonomy":"category","embeddable":true,"href":"https:\/\/www.france.fi\/en\/wp-json\/wp\/v2\/categories?post=5577"},{"taxonomy":"post_tag","embeddable":true,"href":"https:\/\/www.france.fi\/en\/wp-json\/wp\/v2\/tags?post=5577"}],"curies":[{"name":"wp","href":"https:\/\/api.w.org\/{rel}","templated":true}]}}