{"id":6157,"date":"2021-08-13T09:19:57","date_gmt":"2021-08-13T06:19:57","guid":{"rendered":"http:\/\/www.france.fi\/culture\/le-david-chevallier-trio-en-tournee-finlandaise\/"},"modified":"2021-09-17T10:25:46","modified_gmt":"2021-09-17T07:25:46","slug":"david-chevallier-trio-finland-tour","status":"publish","type":"post","link":"https:\/\/www.france.fi\/en\/culture\/david-chevallier-trio-finland-tour\/","title":{"rendered":"David Chevallier Trio Finland Tour"},"content":{"rendered":"\n<p class=\"has-text-align-center\" style=\"font-size:14px\">David Chevallier, S\u00e9bastien Boisseau, Christophe Lavergne \u00a9 Anne Magou\u00ebt<\/p>\n\n\n\n<p>The multitalented guitarist David Chevallier forms a telepathic unit with double bassist S\u00e9bastien Boisseau and drummer Christophe Lavergne. Following a successful five concerts tour in Estonia in February 2021 with the singer Anett Tamm, the French trio comes back to the Nordic Baltic area in August 2021. Their journey starts in Finland where they perform nine concerts from August 11th to 20th, out of which three will feature the trumpetist Tomi Nikku on the brand-new program Curiosity. On August 21st they perform in Estonia with Anett Tamm. The tour will reach its final point in Latvia with four concerts from August 22nd to 27th.<\/p>\n<p>David Chevallier has been one of the outstanding figures on the French creative jazz scene for many years.<\/p>\n<p>David Chevallier, S\u00e9bastien Boisseau, Christophe Lavergne (c) Anne Magou\u00ebt<\/p>\n<p>Tour program in Finland, Estonia and Latvia from August 11th to 27th<\/p>\n<p><a href=\"https:\/\/www.vapaataanet.fi\/david-chevallier-trio-finnish-baltic-jazz-journey-on-august-2021\/\" target=\"_blank\" rel=\"noopener\"><strong>\u21d2Read more<\/strong><\/a><\/p>\n<p><strong>FINLAND<\/strong><br \/>Wed 11\/08 Kotka, Merikeskus Vellamo \/ Kotka Jazz*<br \/>Thu 12\/08 Janakkala, Keltainen talo \/ cooperation with Kumu drums<br \/>Fri 13\/08 \u00c4\u00e4nekoski, Wille olohuone ja keitti\u00f6<br \/>Sat 14\/08 M\u00e4ntt\u00e4-Vilppula, Serlachius-museo G\u00f6sta<br \/>Sun 15\/08 Pori, Validi Karkia -Klubi<br \/>Mon 16\/08 Helsinki, Hakasalmen Huvila \/ jaZZanti*<br \/>Tue 17\/08 Savonlinna, Kulttuurikellari \/ Olavin Jazz<br \/>Wed 18\/08 Joensuu, Pakkahuone \/Jazzkerho 76<br \/>Fri 20\/08 Turku, Turun konservatorio ja musiikkiopisto*<br \/>* David Chevallier trio Curiosity with Tomi Nikku<\/p>\n<p><strong>ESTONIA<\/strong><br \/>Sat 21\/08 Haapsalu, Liivia Le\u0161kin gallery \/ The Ophelia Songbook, with Anett Tamm<\/p>\n<p><strong>LATVIA<\/strong><br \/>Sun 22\/08 Cesvaine Castle (District of Madona)<br \/>Tue 24\/08 Grasi orphan house \/ workshop<br \/>Wed 25\/08 Preili, Cultural Centre \/ concert<br \/>Thu 26\/08 Daugavpils, Theater of Union<br \/>Fri 27\/08 Luznava Manor House<\/p>\n","protected":false},"excerpt":{"rendered":"<p>Following a successful five concerts tour in Estonia in February 2021 with the singer Anett Tamm, the French trio comes back to the Nordic Baltic area in August 2021 with the support of the French institute in Finland.<\/p>\n","protected":false},"author":2,"featured_media":6154,"comment_status":"closed","ping_status":"closed","sticky":false,"template":"","format":"standard","meta":{"footnotes":""},"categories":[25],"tags":[],"class_list":["post-6157","post","type-post","status-publish","format-standard","has-post-thumbnail","hentry","category-culture"],"yoast_head":"<!-- This site is optimized with the Yoast SEO plugin v27.4 - https:\/\/yoast.com\/product\/yoast-seo-wordpress\/ -->\n<title>David Chevallier Trio Finland Tour - Institut fran\u00e7ais<\/title>\n<meta name=\"robots\" content=\"index, follow, max-snippet:-1, max-image-preview:large, max-video-preview:-1\" \/>\n<link rel=\"canonical\" href=\"https:\/\/www.france.fi\/en\/culture\/david-chevallier-trio-finland-tour\/\" \/>\n<meta property=\"og:locale\" content=\"en_US\" \/>\n<meta property=\"og:type\" content=\"article\" \/>\n<meta property=\"og:title\" content=\"David Chevallier Trio Finland Tour - Institut fran\u00e7ais\" \/>\n<meta property=\"og:description\" content=\"Following a successful five concerts tour in Estonia in February 2021 with the singer Anett Tamm, the French trio comes back to the Nordic Baltic area in August 2021 with the support of the French institute in Finland.\" \/>\n<meta property=\"og:url\" content=\"https:\/\/www.france.fi\/en\/culture\/david-chevallier-trio-finland-tour\/\" \/>\n<meta property=\"og:site_name\" content=\"Institut fran\u00e7ais\" \/>\n<meta property=\"article:publisher\" content=\"https:\/\/www.facebook.com\/institutfrancaisfi\" \/>\n<meta property=\"article:published_time\" content=\"2021-08-13T06:19:57+00:00\" \/>\n<meta property=\"article:modified_time\" content=\"2021-09-17T07:25:46+00:00\" \/>\n<meta property=\"og:image\" content=\"https:\/\/www.france.fi\/wp-content\/uploads\/2021\/08\/david-chevallier-trio-c-anne-magouet-1098x617.jpeg\" \/>\n\t<meta property=\"og:image:width\" content=\"1280\" \/>\n\t<meta property=\"og:image:height\" content=\"720\" \/>\n\t<meta property=\"og:image:type\" content=\"image\/jpeg\" \/>\n<meta name=\"author\" content=\"Equipe IFF\" \/>\n<meta name=\"twitter:card\" content=\"summary_large_image\" \/>\n<meta name=\"twitter:creator\" content=\"@IFFinlande\" \/>\n<meta name=\"twitter:site\" content=\"@IFFinlande\" \/>\n<meta name=\"twitter:label1\" content=\"Written by\" \/>\n\t<meta name=\"twitter:data1\" content=\"Equipe IFF\" \/>\n\t<meta name=\"twitter:label2\" content=\"Est. reading time\" \/>\n\t<meta name=\"twitter:data2\" content=\"2 minutes\" \/>\n<script type=\"application\/ld+json\" class=\"yoast-schema-graph\">{\"@context\":\"https:\\\/\\\/schema.org\",\"@graph\":[{\"@type\":\"Article\",\"@id\":\"https:\\\/\\\/www.france.fi\\\/en\\\/culture\\\/david-chevallier-trio-finland-tour\\\/#article\",\"isPartOf\":{\"@id\":\"https:\\\/\\\/www.france.fi\\\/en\\\/culture\\\/david-chevallier-trio-finland-tour\\\/\"},\"author\":{\"name\":\"Equipe IFF\",\"@id\":\"https:\\\/\\\/www.france.fi\\\/#\\\/schema\\\/person\\\/ed873f29db1d0af6a3600d15d3b65bfd\"},\"headline\":\"David Chevallier Trio Finland Tour\",\"datePublished\":\"2021-08-13T06:19:57+00:00\",\"dateModified\":\"2021-09-17T07:25:46+00:00\",\"mainEntityOfPage\":{\"@id\":\"https:\\\/\\\/www.france.fi\\\/en\\\/culture\\\/david-chevallier-trio-finland-tour\\\/\"},\"wordCount\":253,\"publisher\":{\"@id\":\"https:\\\/\\\/www.france.fi\\\/#organization\"},\"image\":{\"@id\":\"https:\\\/\\\/www.france.fi\\\/en\\\/culture\\\/david-chevallier-trio-finland-tour\\\/#primaryimage\"},\"thumbnailUrl\":\"https:\\\/\\\/www.france.fi\\\/wp-content\\\/uploads\\\/2021\\\/08\\\/david-chevallier-trio-c-anne-magouet-1098x617.jpeg\",\"articleSection\":[\"Culture\"],\"inLanguage\":\"en-US\"},{\"@type\":\"WebPage\",\"@id\":\"https:\\\/\\\/www.france.fi\\\/en\\\/culture\\\/david-chevallier-trio-finland-tour\\\/\",\"url\":\"https:\\\/\\\/www.france.fi\\\/en\\\/culture\\\/david-chevallier-trio-finland-tour\\\/\",\"name\":\"David Chevallier Trio Finland Tour - Institut fran\u00e7ais\",\"isPartOf\":{\"@id\":\"https:\\\/\\\/www.france.fi\\\/#website\"},\"primaryImageOfPage\":{\"@id\":\"https:\\\/\\\/www.france.fi\\\/en\\\/culture\\\/david-chevallier-trio-finland-tour\\\/#primaryimage\"},\"image\":{\"@id\":\"https:\\\/\\\/www.france.fi\\\/en\\\/culture\\\/david-chevallier-trio-finland-tour\\\/#primaryimage\"},\"thumbnailUrl\":\"https:\\\/\\\/www.france.fi\\\/wp-content\\\/uploads\\\/2021\\\/08\\\/david-chevallier-trio-c-anne-magouet-1098x617.jpeg\",\"datePublished\":\"2021-08-13T06:19:57+00:00\",\"dateModified\":\"2021-09-17T07:25:46+00:00\",\"breadcrumb\":{\"@id\":\"https:\\\/\\\/www.france.fi\\\/en\\\/culture\\\/david-chevallier-trio-finland-tour\\\/#breadcrumb\"},\"inLanguage\":\"en-US\",\"potentialAction\":[{\"@type\":\"ReadAction\",\"target\":[\"https:\\\/\\\/www.france.fi\\\/en\\\/culture\\\/david-chevallier-trio-finland-tour\\\/\"]}]},{\"@type\":\"ImageObject\",\"inLanguage\":\"en-US\",\"@id\":\"https:\\\/\\\/www.france.fi\\\/en\\\/culture\\\/david-chevallier-trio-finland-tour\\\/#primaryimage\",\"url\":\"https:\\\/\\\/www.france.fi\\\/wp-content\\\/uploads\\\/2021\\\/08\\\/david-chevallier-trio-c-anne-magouet-1098x617.jpeg\",\"contentUrl\":\"https:\\\/\\\/www.france.fi\\\/wp-content\\\/uploads\\\/2021\\\/08\\\/david-chevallier-trio-c-anne-magouet-1098x617.jpeg\",\"width\":1280,\"height\":720},{\"@type\":\"BreadcrumbList\",\"@id\":\"https:\\\/\\\/www.france.fi\\\/en\\\/culture\\\/david-chevallier-trio-finland-tour\\\/#breadcrumb\",\"itemListElement\":[{\"@type\":\"ListItem\",\"position\":1,\"name\":\"Home\",\"item\":\"https:\\\/\\\/www.france.fi\\\/en\\\/\"},{\"@type\":\"ListItem\",\"position\":2,\"name\":\"Culture\",\"item\":\"https:\\\/\\\/www.france.fi\\\/fr\\\/category\\\/culture\\\/\"},{\"@type\":\"ListItem\",\"position\":3,\"name\":\"David Chevallier Trio Finland Tour\"}]},{\"@type\":\"WebSite\",\"@id\":\"https:\\\/\\\/www.france.fi\\\/#website\",\"url\":\"https:\\\/\\\/www.france.fi\\\/\",\"name\":\"Institut fran\u00e7ais de Finlande\",\"description\":\"\",\"publisher\":{\"@id\":\"https:\\\/\\\/www.france.fi\\\/#organization\"},\"potentialAction\":[{\"@type\":\"SearchAction\",\"target\":{\"@type\":\"EntryPoint\",\"urlTemplate\":\"https:\\\/\\\/www.france.fi\\\/?s={search_term_string}\"},\"query-input\":{\"@type\":\"PropertyValueSpecification\",\"valueRequired\":true,\"valueName\":\"search_term_string\"}}],\"inLanguage\":\"en-US\"},{\"@type\":\"Organization\",\"@id\":\"https:\\\/\\\/www.france.fi\\\/#organization\",\"name\":\"Institut fran\u00e7ais de Finlande\",\"url\":\"https:\\\/\\\/www.france.fi\\\/\",\"logo\":{\"@type\":\"ImageObject\",\"inLanguage\":\"en-US\",\"@id\":\"https:\\\/\\\/www.france.fi\\\/#\\\/schema\\\/logo\\\/image\\\/\",\"url\":\"https:\\\/\\\/www.france.fi\\\/wp-content\\\/uploads\\\/2024\\\/02\\\/if-logo-1.png\",\"contentUrl\":\"https:\\\/\\\/www.france.fi\\\/wp-content\\\/uploads\\\/2024\\\/02\\\/if-logo-1.png\",\"width\":687,\"height\":459,\"caption\":\"Institut fran\u00e7ais de Finlande\"},\"image\":{\"@id\":\"https:\\\/\\\/www.france.fi\\\/#\\\/schema\\\/logo\\\/image\\\/\"},\"sameAs\":[\"https:\\\/\\\/www.facebook.com\\\/institutfrancaisfi\",\"https:\\\/\\\/x.com\\\/IFFinlande\",\"https:\\\/\\\/www.instagram.com\\\/iffinlande\\\/\",\"https:\\\/\\\/fr.linkedin.com\\\/organization-guest\\\/company\\\/institut-fran-ais-de-finlande\",\"https:\\\/\\\/www.youtube.com\\\/channel\\\/UCHAitdpmSbeP78eL49XMotA\"]},{\"@type\":\"Person\",\"@id\":\"https:\\\/\\\/www.france.fi\\\/#\\\/schema\\\/person\\\/ed873f29db1d0af6a3600d15d3b65bfd\",\"name\":\"Equipe IFF\",\"image\":{\"@type\":\"ImageObject\",\"inLanguage\":\"en-US\",\"@id\":\"https:\\\/\\\/secure.gravatar.com\\\/avatar\\\/3c4ba80228d01014b25e45e90abb28ce315a02c6572751a7fb2298e4274989fc?s=96&d=mm&r=g\",\"url\":\"https:\\\/\\\/secure.gravatar.com\\\/avatar\\\/3c4ba80228d01014b25e45e90abb28ce315a02c6572751a7fb2298e4274989fc?s=96&d=mm&r=g\",\"contentUrl\":\"https:\\\/\\\/secure.gravatar.com\\\/avatar\\\/3c4ba80228d01014b25e45e90abb28ce315a02c6572751a7fb2298e4274989fc?s=96&d=mm&r=g\",\"caption\":\"Equipe IFF\"},\"url\":\"https:\\\/\\\/www.france.fi\\\/en\\\/author\\\/iffadmin\\\/\"}]}<\/script>\n<!-- \/ Yoast SEO plugin. -->","yoast_head_json":{"title":"David Chevallier Trio Finland Tour - Institut fran\u00e7ais","robots":{"index":"index","follow":"follow","max-snippet":"max-snippet:-1","max-image-preview":"max-image-preview:large","max-video-preview":"max-video-preview:-1"},"canonical":"https:\/\/www.france.fi\/en\/culture\/david-chevallier-trio-finland-tour\/","og_locale":"en_US","og_type":"article","og_title":"David Chevallier Trio Finland Tour - Institut fran\u00e7ais","og_description":"Following a successful five concerts tour in Estonia in February 2021 with the singer Anett Tamm, the French trio comes back to the Nordic Baltic area in August 2021 with the support of the French institute in Finland.","og_url":"https:\/\/www.france.fi\/en\/culture\/david-chevallier-trio-finland-tour\/","og_site_name":"Institut fran\u00e7ais","article_publisher":"https:\/\/www.facebook.com\/institutfrancaisfi","article_published_time":"2021-08-13T06:19:57+00:00","article_modified_time":"2021-09-17T07:25:46+00:00","og_image":[{"width":1280,"height":720,"url":"https:\/\/www.france.fi\/wp-content\/uploads\/2021\/08\/david-chevallier-trio-c-anne-magouet-1098x617.jpeg","type":"image\/jpeg"}],"author":"Equipe IFF","twitter_card":"summary_large_image","twitter_creator":"@IFFinlande","twitter_site":"@IFFinlande","twitter_misc":{"Written by":"Equipe IFF","Est. reading time":"2 minutes"},"schema":{"@context":"https:\/\/schema.org","@graph":[{"@type":"Article","@id":"https:\/\/www.france.fi\/en\/culture\/david-chevallier-trio-finland-tour\/#article","isPartOf":{"@id":"https:\/\/www.france.fi\/en\/culture\/david-chevallier-trio-finland-tour\/"},"author":{"name":"Equipe IFF","@id":"https:\/\/www.france.fi\/#\/schema\/person\/ed873f29db1d0af6a3600d15d3b65bfd"},"headline":"David Chevallier Trio Finland Tour","datePublished":"2021-08-13T06:19:57+00:00","dateModified":"2021-09-17T07:25:46+00:00","mainEntityOfPage":{"@id":"https:\/\/www.france.fi\/en\/culture\/david-chevallier-trio-finland-tour\/"},"wordCount":253,"publisher":{"@id":"https:\/\/www.france.fi\/#organization"},"image":{"@id":"https:\/\/www.france.fi\/en\/culture\/david-chevallier-trio-finland-tour\/#primaryimage"},"thumbnailUrl":"https:\/\/www.france.fi\/wp-content\/uploads\/2021\/08\/david-chevallier-trio-c-anne-magouet-1098x617.jpeg","articleSection":["Culture"],"inLanguage":"en-US"},{"@type":"WebPage","@id":"https:\/\/www.france.fi\/en\/culture\/david-chevallier-trio-finland-tour\/","url":"https:\/\/www.france.fi\/en\/culture\/david-chevallier-trio-finland-tour\/","name":"David Chevallier Trio Finland Tour - Institut fran\u00e7ais","isPartOf":{"@id":"https:\/\/www.france.fi\/#website"},"primaryImageOfPage":{"@id":"https:\/\/www.france.fi\/en\/culture\/david-chevallier-trio-finland-tour\/#primaryimage"},"image":{"@id":"https:\/\/www.france.fi\/en\/culture\/david-chevallier-trio-finland-tour\/#primaryimage"},"thumbnailUrl":"https:\/\/www.france.fi\/wp-content\/uploads\/2021\/08\/david-chevallier-trio-c-anne-magouet-1098x617.jpeg","datePublished":"2021-08-13T06:19:57+00:00","dateModified":"2021-09-17T07:25:46+00:00","breadcrumb":{"@id":"https:\/\/www.france.fi\/en\/culture\/david-chevallier-trio-finland-tour\/#breadcrumb"},"inLanguage":"en-US","potentialAction":[{"@type":"ReadAction","target":["https:\/\/www.france.fi\/en\/culture\/david-chevallier-trio-finland-tour\/"]}]},{"@type":"ImageObject","inLanguage":"en-US","@id":"https:\/\/www.france.fi\/en\/culture\/david-chevallier-trio-finland-tour\/#primaryimage","url":"https:\/\/www.france.fi\/wp-content\/uploads\/2021\/08\/david-chevallier-trio-c-anne-magouet-1098x617.jpeg","contentUrl":"https:\/\/www.france.fi\/wp-content\/uploads\/2021\/08\/david-chevallier-trio-c-anne-magouet-1098x617.jpeg","width":1280,"height":720},{"@type":"BreadcrumbList","@id":"https:\/\/www.france.fi\/en\/culture\/david-chevallier-trio-finland-tour\/#breadcrumb","itemListElement":[{"@type":"ListItem","position":1,"name":"Home","item":"https:\/\/www.france.fi\/en\/"},{"@type":"ListItem","position":2,"name":"Culture","item":"https:\/\/www.france.fi\/fr\/category\/culture\/"},{"@type":"ListItem","position":3,"name":"David Chevallier Trio Finland Tour"}]},{"@type":"WebSite","@id":"https:\/\/www.france.fi\/#website","url":"https:\/\/www.france.fi\/","name":"Institut fran\u00e7ais de Finlande","description":"","publisher":{"@id":"https:\/\/www.france.fi\/#organization"},"potentialAction":[{"@type":"SearchAction","target":{"@type":"EntryPoint","urlTemplate":"https:\/\/www.france.fi\/?s={search_term_string}"},"query-input":{"@type":"PropertyValueSpecification","valueRequired":true,"valueName":"search_term_string"}}],"inLanguage":"en-US"},{"@type":"Organization","@id":"https:\/\/www.france.fi\/#organization","name":"Institut fran\u00e7ais de Finlande","url":"https:\/\/www.france.fi\/","logo":{"@type":"ImageObject","inLanguage":"en-US","@id":"https:\/\/www.france.fi\/#\/schema\/logo\/image\/","url":"https:\/\/www.france.fi\/wp-content\/uploads\/2024\/02\/if-logo-1.png","contentUrl":"https:\/\/www.france.fi\/wp-content\/uploads\/2024\/02\/if-logo-1.png","width":687,"height":459,"caption":"Institut fran\u00e7ais de Finlande"},"image":{"@id":"https:\/\/www.france.fi\/#\/schema\/logo\/image\/"},"sameAs":["https:\/\/www.facebook.com\/institutfrancaisfi","https:\/\/x.com\/IFFinlande","https:\/\/www.instagram.com\/iffinlande\/","https:\/\/fr.linkedin.com\/organization-guest\/company\/institut-fran-ais-de-finlande","https:\/\/www.youtube.com\/channel\/UCHAitdpmSbeP78eL49XMotA"]},{"@type":"Person","@id":"https:\/\/www.france.fi\/#\/schema\/person\/ed873f29db1d0af6a3600d15d3b65bfd","name":"Equipe IFF","image":{"@type":"ImageObject","inLanguage":"en-US","@id":"https:\/\/secure.gravatar.com\/avatar\/3c4ba80228d01014b25e45e90abb28ce315a02c6572751a7fb2298e4274989fc?s=96&d=mm&r=g","url":"https:\/\/secure.gravatar.com\/avatar\/3c4ba80228d01014b25e45e90abb28ce315a02c6572751a7fb2298e4274989fc?s=96&d=mm&r=g","contentUrl":"https:\/\/secure.gravatar.com\/avatar\/3c4ba80228d01014b25e45e90abb28ce315a02c6572751a7fb2298e4274989fc?s=96&d=mm&r=g","caption":"Equipe IFF"},"url":"https:\/\/www.france.fi\/en\/author\/iffadmin\/"}]}},"_links":{"self":[{"href":"https:\/\/www.france.fi\/en\/wp-json\/wp\/v2\/posts\/6157","targetHints":{"allow":["GET"]}}],"collection":[{"href":"https:\/\/www.france.fi\/en\/wp-json\/wp\/v2\/posts"}],"about":[{"href":"https:\/\/www.france.fi\/en\/wp-json\/wp\/v2\/types\/post"}],"author":[{"embeddable":true,"href":"https:\/\/www.france.fi\/en\/wp-json\/wp\/v2\/users\/2"}],"replies":[{"embeddable":true,"href":"https:\/\/www.france.fi\/en\/wp-json\/wp\/v2\/comments?post=6157"}],"version-history":[{"count":0,"href":"https:\/\/www.france.fi\/en\/wp-json\/wp\/v2\/posts\/6157\/revisions"}],"wp:featuredmedia":[{"embeddable":true,"href":"https:\/\/www.france.fi\/en\/wp-json\/wp\/v2\/media\/6154"}],"wp:attachment":[{"href":"https:\/\/www.france.fi\/en\/wp-json\/wp\/v2\/media?parent=6157"}],"wp:term":[{"taxonomy":"category","embeddable":true,"href":"https:\/\/www.france.fi\/en\/wp-json\/wp\/v2\/categories?post=6157"},{"taxonomy":"post_tag","embeddable":true,"href":"https:\/\/www.france.fi\/en\/wp-json\/wp\/v2\/tags?post=6157"}],"curies":[{"name":"wp","href":"https:\/\/api.w.org\/{rel}","templated":true}]}}