{"id":6296,"date":"2021-08-19T12:02:26","date_gmt":"2021-08-19T09:02:26","guid":{"rendered":"http:\/\/www.france.fi\/culture\/aistit-coming-to-our-sense\/"},"modified":"2021-09-06T15:51:33","modified_gmt":"2021-09-06T12:51:33","slug":"aistit-coming-to-our-sense","status":"publish","type":"post","link":"https:\/\/www.france.fi\/en\/culture\/aistit-coming-to-our-sense\/","title":{"rendered":"Aistit \u2013 Coming to our senses"},"content":{"rendered":"\n<p><strong>A I S T I T \/ coming to our senses<\/strong> awakens our awareness with an invitation for corporeal empathy<\/p>\n<p>Four Finnish cultural institutes, together with the Helsinki Festival, will bring the contemporary visual and performance art project A I S T I T \/ coming to our senses to Kunsthalle Helsinki. The participating artists consistently base their work on sensory perception, with an invitation to relate to the surrounding world reciprocally.<\/p>\n<p>The exhibition consists of works where corporeality, intimacy, vulnerability, and connection communicate to collectively ask: How can we be in touch with others? In addition to observations and sensations, A I S T I T offers a route to bodily empathy. The works included in the exhibition arouse a compassionate and conscientious relationship with other sentient beings and environments. The project\u2019s works place footholds in Kunsthalle Helsinki as well as in the cityscape by the T\u00f6\u00f6l\u00f6nlahti Bay and the cultural centre Stoa.<\/p>\n<p>Kunsthalle Helsinki will feature sculptures, photography, drawings, installations, videos, and a performance. Anna Maria H\u00e4kkinen and Maija Mustonen\u2019s performance Treat examines the concept of a touch that nurtures. Four of the works included in A I S T I T \/ coming to our senses are commissioned ones, such as Dafna Maimon\u2019s crawling out of the cavities of the body in Leaky Tooth, Terike Haapoja\u2019s multi-level examination combining ecological and social analysis, and the sonic installation Weaving, yearning by Kalle Nio and Hans Rosentr\u00f6m which leads listeners from the Kunsthalle towards the nearby Temppeliaukio hill at sunset. . Other new works include a participation from Axel Antas, as well as the collaboration by Etel Adnan and Simone Fattal, titled Five Senses for One Death. A poem in seven pieces. The work commissioned from Kid Kokko, Disappearing \u2013 passion, will be performed at the cultural centre Stoa from 1\u20135 September.<\/p>\n<p>The exhibition at Kunsthalle Helsinki is part of a wider project presented in phases in Paris, London, Berlin, Helsinki, and Ghent in 2021 and 2022. Most of the works seen in Helsinki will have been presented in Paris, London, and Berlin in Spring 2021. The organisers of the international collaboration are four Finnish cultural institutes: the Finnish Cultural Institute for the Benelux, the Finnish Institute in the UK and Ireland, the Finnish Institute in France, and the Finnish Institute in Germany. Choreographer-curator Satu Herrala and visual artist Hans Rosenstr\u00f6m act as the curators of the project.<\/p>\n<h5>Artists:<\/h5>\n<p>Etel Adnan &amp; Simone Fattal, Axel Antas, Terike Haapoja, Anna Maria H\u00e4kkinen &amp; Maija Mustonen, Kapwani Kiwanga, Dominique Knowles, Kid Kokko, Minna L\u00e5ngstr\u00f6m, Dafna Maimon, Kalle Nio &amp; Hans Rosenstr\u00f6m, Laure Prouvost, Monira Al Qadiri, and Kati Roover.<\/p>\n<p><strong><a href=\"http:\/\/www.aistit-senses.com\" target=\"_blank\" rel=\"noopener\">www.aistit-senses.com<\/a><\/strong><\/p>\n<p>The exhibition is supported by the French institut in Finland<\/p>\n","protected":false},"excerpt":{"rendered":"<p>our Finnish cultural institutes, together with the Helsinki Festival, will bring the contemporary visual and performance art project A I S T I T \/ coming to our senses to Kunsthalle Helsinki.<br \/>\nThe exhibition shows work by French  or France based artists Etel Adnan, Simone Fattal, Kapwani Kiwanga et Laure Prouvost.<\/p>\n","protected":false},"author":2,"featured_media":6293,"comment_status":"closed","ping_status":"closed","sticky":false,"template":"","format":"standard","meta":{"footnotes":""},"categories":[25],"tags":[],"class_list":["post-6296","post","type-post","status-publish","format-standard","has-post-thumbnail","hentry","category-culture"],"yoast_head":"<!-- This site is optimized with the Yoast SEO plugin v27.4 - https:\/\/yoast.com\/product\/yoast-seo-wordpress\/ -->\n<title>Aistit \u2013 Coming to our senses - Institut fran\u00e7ais<\/title>\n<meta name=\"robots\" content=\"index, follow, max-snippet:-1, max-image-preview:large, max-video-preview:-1\" \/>\n<link rel=\"canonical\" href=\"https:\/\/www.france.fi\/en\/culture\/aistit-coming-to-our-sense\/\" \/>\n<meta property=\"og:locale\" content=\"en_US\" \/>\n<meta property=\"og:type\" content=\"article\" \/>\n<meta property=\"og:title\" content=\"Aistit \u2013 Coming to our senses - Institut fran\u00e7ais\" \/>\n<meta property=\"og:description\" content=\"our Finnish cultural institutes, together with the Helsinki Festival, will bring the contemporary visual and performance art project A I S T I T \/ coming to our senses to Kunsthalle Helsinki. The exhibition shows work by French or France based artists Etel Adnan, Simone Fattal, Kapwani Kiwanga et Laure Prouvost.\" \/>\n<meta property=\"og:url\" content=\"https:\/\/www.france.fi\/en\/culture\/aistit-coming-to-our-sense\/\" \/>\n<meta property=\"og:site_name\" content=\"Institut fran\u00e7ais\" \/>\n<meta property=\"article:publisher\" content=\"https:\/\/www.facebook.com\/institutfrancaisfi\" \/>\n<meta property=\"article:published_time\" content=\"2021-08-19T09:02:26+00:00\" \/>\n<meta property=\"article:modified_time\" content=\"2021-09-06T12:51:33+00:00\" \/>\n<meta property=\"og:image\" content=\"https:\/\/www.france.fi\/wp-content\/uploads\/2021\/08\/7.Aistit_Terike-Haapoja_-20160130_red-head-from-the-series-Gravitation-2017-1-1098x617.jpg\" \/>\n\t<meta property=\"og:image:width\" content=\"1280\" \/>\n\t<meta property=\"og:image:height\" content=\"720\" \/>\n\t<meta property=\"og:image:type\" content=\"image\/jpeg\" \/>\n<meta name=\"author\" content=\"Equipe IFF\" \/>\n<meta name=\"twitter:card\" content=\"summary_large_image\" \/>\n<meta name=\"twitter:creator\" content=\"@IFFinlande\" \/>\n<meta name=\"twitter:site\" content=\"@IFFinlande\" \/>\n<meta name=\"twitter:label1\" content=\"Written by\" \/>\n\t<meta name=\"twitter:data1\" content=\"Equipe IFF\" \/>\n\t<meta name=\"twitter:label2\" content=\"Est. reading time\" \/>\n\t<meta name=\"twitter:data2\" content=\"2 minutes\" \/>\n<script type=\"application\/ld+json\" class=\"yoast-schema-graph\">{\"@context\":\"https:\\\/\\\/schema.org\",\"@graph\":[{\"@type\":\"Article\",\"@id\":\"https:\\\/\\\/www.france.fi\\\/en\\\/culture\\\/aistit-coming-to-our-sense\\\/#article\",\"isPartOf\":{\"@id\":\"https:\\\/\\\/www.france.fi\\\/en\\\/culture\\\/aistit-coming-to-our-sense\\\/\"},\"author\":{\"name\":\"Equipe IFF\",\"@id\":\"https:\\\/\\\/www.france.fi\\\/#\\\/schema\\\/person\\\/ed873f29db1d0af6a3600d15d3b65bfd\"},\"headline\":\"Aistit \u2013 Coming to our senses\",\"datePublished\":\"2021-08-19T09:02:26+00:00\",\"dateModified\":\"2021-09-06T12:51:33+00:00\",\"mainEntityOfPage\":{\"@id\":\"https:\\\/\\\/www.france.fi\\\/en\\\/culture\\\/aistit-coming-to-our-sense\\\/\"},\"wordCount\":460,\"publisher\":{\"@id\":\"https:\\\/\\\/www.france.fi\\\/#organization\"},\"image\":{\"@id\":\"https:\\\/\\\/www.france.fi\\\/en\\\/culture\\\/aistit-coming-to-our-sense\\\/#primaryimage\"},\"thumbnailUrl\":\"https:\\\/\\\/www.france.fi\\\/wp-content\\\/uploads\\\/2021\\\/08\\\/7.Aistit_Terike-Haapoja_-20160130_red-head-from-the-series-Gravitation-2017-1-1098x617.jpg\",\"articleSection\":[\"Culture\"],\"inLanguage\":\"en-US\"},{\"@type\":\"WebPage\",\"@id\":\"https:\\\/\\\/www.france.fi\\\/en\\\/culture\\\/aistit-coming-to-our-sense\\\/\",\"url\":\"https:\\\/\\\/www.france.fi\\\/en\\\/culture\\\/aistit-coming-to-our-sense\\\/\",\"name\":\"Aistit \u2013 Coming to our senses - Institut fran\u00e7ais\",\"isPartOf\":{\"@id\":\"https:\\\/\\\/www.france.fi\\\/#website\"},\"primaryImageOfPage\":{\"@id\":\"https:\\\/\\\/www.france.fi\\\/en\\\/culture\\\/aistit-coming-to-our-sense\\\/#primaryimage\"},\"image\":{\"@id\":\"https:\\\/\\\/www.france.fi\\\/en\\\/culture\\\/aistit-coming-to-our-sense\\\/#primaryimage\"},\"thumbnailUrl\":\"https:\\\/\\\/www.france.fi\\\/wp-content\\\/uploads\\\/2021\\\/08\\\/7.Aistit_Terike-Haapoja_-20160130_red-head-from-the-series-Gravitation-2017-1-1098x617.jpg\",\"datePublished\":\"2021-08-19T09:02:26+00:00\",\"dateModified\":\"2021-09-06T12:51:33+00:00\",\"breadcrumb\":{\"@id\":\"https:\\\/\\\/www.france.fi\\\/en\\\/culture\\\/aistit-coming-to-our-sense\\\/#breadcrumb\"},\"inLanguage\":\"en-US\",\"potentialAction\":[{\"@type\":\"ReadAction\",\"target\":[\"https:\\\/\\\/www.france.fi\\\/en\\\/culture\\\/aistit-coming-to-our-sense\\\/\"]}]},{\"@type\":\"ImageObject\",\"inLanguage\":\"en-US\",\"@id\":\"https:\\\/\\\/www.france.fi\\\/en\\\/culture\\\/aistit-coming-to-our-sense\\\/#primaryimage\",\"url\":\"https:\\\/\\\/www.france.fi\\\/wp-content\\\/uploads\\\/2021\\\/08\\\/7.Aistit_Terike-Haapoja_-20160130_red-head-from-the-series-Gravitation-2017-1-1098x617.jpg\",\"contentUrl\":\"https:\\\/\\\/www.france.fi\\\/wp-content\\\/uploads\\\/2021\\\/08\\\/7.Aistit_Terike-Haapoja_-20160130_red-head-from-the-series-Gravitation-2017-1-1098x617.jpg\",\"width\":1280,\"height\":720},{\"@type\":\"BreadcrumbList\",\"@id\":\"https:\\\/\\\/www.france.fi\\\/en\\\/culture\\\/aistit-coming-to-our-sense\\\/#breadcrumb\",\"itemListElement\":[{\"@type\":\"ListItem\",\"position\":1,\"name\":\"Home\",\"item\":\"https:\\\/\\\/www.france.fi\\\/en\\\/\"},{\"@type\":\"ListItem\",\"position\":2,\"name\":\"Culture\",\"item\":\"https:\\\/\\\/www.france.fi\\\/fr\\\/category\\\/culture\\\/\"},{\"@type\":\"ListItem\",\"position\":3,\"name\":\"Aistit \u2013 Coming to our senses\"}]},{\"@type\":\"WebSite\",\"@id\":\"https:\\\/\\\/www.france.fi\\\/#website\",\"url\":\"https:\\\/\\\/www.france.fi\\\/\",\"name\":\"Institut fran\u00e7ais de Finlande\",\"description\":\"\",\"publisher\":{\"@id\":\"https:\\\/\\\/www.france.fi\\\/#organization\"},\"potentialAction\":[{\"@type\":\"SearchAction\",\"target\":{\"@type\":\"EntryPoint\",\"urlTemplate\":\"https:\\\/\\\/www.france.fi\\\/?s={search_term_string}\"},\"query-input\":{\"@type\":\"PropertyValueSpecification\",\"valueRequired\":true,\"valueName\":\"search_term_string\"}}],\"inLanguage\":\"en-US\"},{\"@type\":\"Organization\",\"@id\":\"https:\\\/\\\/www.france.fi\\\/#organization\",\"name\":\"Institut fran\u00e7ais de Finlande\",\"url\":\"https:\\\/\\\/www.france.fi\\\/\",\"logo\":{\"@type\":\"ImageObject\",\"inLanguage\":\"en-US\",\"@id\":\"https:\\\/\\\/www.france.fi\\\/#\\\/schema\\\/logo\\\/image\\\/\",\"url\":\"https:\\\/\\\/www.france.fi\\\/wp-content\\\/uploads\\\/2024\\\/02\\\/if-logo-1.png\",\"contentUrl\":\"https:\\\/\\\/www.france.fi\\\/wp-content\\\/uploads\\\/2024\\\/02\\\/if-logo-1.png\",\"width\":687,\"height\":459,\"caption\":\"Institut fran\u00e7ais de Finlande\"},\"image\":{\"@id\":\"https:\\\/\\\/www.france.fi\\\/#\\\/schema\\\/logo\\\/image\\\/\"},\"sameAs\":[\"https:\\\/\\\/www.facebook.com\\\/institutfrancaisfi\",\"https:\\\/\\\/x.com\\\/IFFinlande\",\"https:\\\/\\\/www.instagram.com\\\/iffinlande\\\/\",\"https:\\\/\\\/fr.linkedin.com\\\/organization-guest\\\/company\\\/institut-fran-ais-de-finlande\",\"https:\\\/\\\/www.youtube.com\\\/channel\\\/UCHAitdpmSbeP78eL49XMotA\"]},{\"@type\":\"Person\",\"@id\":\"https:\\\/\\\/www.france.fi\\\/#\\\/schema\\\/person\\\/ed873f29db1d0af6a3600d15d3b65bfd\",\"name\":\"Equipe IFF\",\"image\":{\"@type\":\"ImageObject\",\"inLanguage\":\"en-US\",\"@id\":\"https:\\\/\\\/secure.gravatar.com\\\/avatar\\\/3c4ba80228d01014b25e45e90abb28ce315a02c6572751a7fb2298e4274989fc?s=96&d=mm&r=g\",\"url\":\"https:\\\/\\\/secure.gravatar.com\\\/avatar\\\/3c4ba80228d01014b25e45e90abb28ce315a02c6572751a7fb2298e4274989fc?s=96&d=mm&r=g\",\"contentUrl\":\"https:\\\/\\\/secure.gravatar.com\\\/avatar\\\/3c4ba80228d01014b25e45e90abb28ce315a02c6572751a7fb2298e4274989fc?s=96&d=mm&r=g\",\"caption\":\"Equipe IFF\"},\"url\":\"https:\\\/\\\/www.france.fi\\\/en\\\/author\\\/iffadmin\\\/\"}]}<\/script>\n<!-- \/ Yoast SEO plugin. -->","yoast_head_json":{"title":"Aistit \u2013 Coming to our senses - Institut fran\u00e7ais","robots":{"index":"index","follow":"follow","max-snippet":"max-snippet:-1","max-image-preview":"max-image-preview:large","max-video-preview":"max-video-preview:-1"},"canonical":"https:\/\/www.france.fi\/en\/culture\/aistit-coming-to-our-sense\/","og_locale":"en_US","og_type":"article","og_title":"Aistit \u2013 Coming to our senses - Institut fran\u00e7ais","og_description":"our Finnish cultural institutes, together with the Helsinki Festival, will bring the contemporary visual and performance art project A I S T I T \/ coming to our senses to Kunsthalle Helsinki. The exhibition shows work by French or France based artists Etel Adnan, Simone Fattal, Kapwani Kiwanga et Laure Prouvost.","og_url":"https:\/\/www.france.fi\/en\/culture\/aistit-coming-to-our-sense\/","og_site_name":"Institut fran\u00e7ais","article_publisher":"https:\/\/www.facebook.com\/institutfrancaisfi","article_published_time":"2021-08-19T09:02:26+00:00","article_modified_time":"2021-09-06T12:51:33+00:00","og_image":[{"width":1280,"height":720,"url":"https:\/\/www.france.fi\/wp-content\/uploads\/2021\/08\/7.Aistit_Terike-Haapoja_-20160130_red-head-from-the-series-Gravitation-2017-1-1098x617.jpg","type":"image\/jpeg"}],"author":"Equipe IFF","twitter_card":"summary_large_image","twitter_creator":"@IFFinlande","twitter_site":"@IFFinlande","twitter_misc":{"Written by":"Equipe IFF","Est. reading time":"2 minutes"},"schema":{"@context":"https:\/\/schema.org","@graph":[{"@type":"Article","@id":"https:\/\/www.france.fi\/en\/culture\/aistit-coming-to-our-sense\/#article","isPartOf":{"@id":"https:\/\/www.france.fi\/en\/culture\/aistit-coming-to-our-sense\/"},"author":{"name":"Equipe IFF","@id":"https:\/\/www.france.fi\/#\/schema\/person\/ed873f29db1d0af6a3600d15d3b65bfd"},"headline":"Aistit \u2013 Coming to our senses","datePublished":"2021-08-19T09:02:26+00:00","dateModified":"2021-09-06T12:51:33+00:00","mainEntityOfPage":{"@id":"https:\/\/www.france.fi\/en\/culture\/aistit-coming-to-our-sense\/"},"wordCount":460,"publisher":{"@id":"https:\/\/www.france.fi\/#organization"},"image":{"@id":"https:\/\/www.france.fi\/en\/culture\/aistit-coming-to-our-sense\/#primaryimage"},"thumbnailUrl":"https:\/\/www.france.fi\/wp-content\/uploads\/2021\/08\/7.Aistit_Terike-Haapoja_-20160130_red-head-from-the-series-Gravitation-2017-1-1098x617.jpg","articleSection":["Culture"],"inLanguage":"en-US"},{"@type":"WebPage","@id":"https:\/\/www.france.fi\/en\/culture\/aistit-coming-to-our-sense\/","url":"https:\/\/www.france.fi\/en\/culture\/aistit-coming-to-our-sense\/","name":"Aistit \u2013 Coming to our senses - Institut fran\u00e7ais","isPartOf":{"@id":"https:\/\/www.france.fi\/#website"},"primaryImageOfPage":{"@id":"https:\/\/www.france.fi\/en\/culture\/aistit-coming-to-our-sense\/#primaryimage"},"image":{"@id":"https:\/\/www.france.fi\/en\/culture\/aistit-coming-to-our-sense\/#primaryimage"},"thumbnailUrl":"https:\/\/www.france.fi\/wp-content\/uploads\/2021\/08\/7.Aistit_Terike-Haapoja_-20160130_red-head-from-the-series-Gravitation-2017-1-1098x617.jpg","datePublished":"2021-08-19T09:02:26+00:00","dateModified":"2021-09-06T12:51:33+00:00","breadcrumb":{"@id":"https:\/\/www.france.fi\/en\/culture\/aistit-coming-to-our-sense\/#breadcrumb"},"inLanguage":"en-US","potentialAction":[{"@type":"ReadAction","target":["https:\/\/www.france.fi\/en\/culture\/aistit-coming-to-our-sense\/"]}]},{"@type":"ImageObject","inLanguage":"en-US","@id":"https:\/\/www.france.fi\/en\/culture\/aistit-coming-to-our-sense\/#primaryimage","url":"https:\/\/www.france.fi\/wp-content\/uploads\/2021\/08\/7.Aistit_Terike-Haapoja_-20160130_red-head-from-the-series-Gravitation-2017-1-1098x617.jpg","contentUrl":"https:\/\/www.france.fi\/wp-content\/uploads\/2021\/08\/7.Aistit_Terike-Haapoja_-20160130_red-head-from-the-series-Gravitation-2017-1-1098x617.jpg","width":1280,"height":720},{"@type":"BreadcrumbList","@id":"https:\/\/www.france.fi\/en\/culture\/aistit-coming-to-our-sense\/#breadcrumb","itemListElement":[{"@type":"ListItem","position":1,"name":"Home","item":"https:\/\/www.france.fi\/en\/"},{"@type":"ListItem","position":2,"name":"Culture","item":"https:\/\/www.france.fi\/fr\/category\/culture\/"},{"@type":"ListItem","position":3,"name":"Aistit \u2013 Coming to our senses"}]},{"@type":"WebSite","@id":"https:\/\/www.france.fi\/#website","url":"https:\/\/www.france.fi\/","name":"Institut fran\u00e7ais de Finlande","description":"","publisher":{"@id":"https:\/\/www.france.fi\/#organization"},"potentialAction":[{"@type":"SearchAction","target":{"@type":"EntryPoint","urlTemplate":"https:\/\/www.france.fi\/?s={search_term_string}"},"query-input":{"@type":"PropertyValueSpecification","valueRequired":true,"valueName":"search_term_string"}}],"inLanguage":"en-US"},{"@type":"Organization","@id":"https:\/\/www.france.fi\/#organization","name":"Institut fran\u00e7ais de Finlande","url":"https:\/\/www.france.fi\/","logo":{"@type":"ImageObject","inLanguage":"en-US","@id":"https:\/\/www.france.fi\/#\/schema\/logo\/image\/","url":"https:\/\/www.france.fi\/wp-content\/uploads\/2024\/02\/if-logo-1.png","contentUrl":"https:\/\/www.france.fi\/wp-content\/uploads\/2024\/02\/if-logo-1.png","width":687,"height":459,"caption":"Institut fran\u00e7ais de Finlande"},"image":{"@id":"https:\/\/www.france.fi\/#\/schema\/logo\/image\/"},"sameAs":["https:\/\/www.facebook.com\/institutfrancaisfi","https:\/\/x.com\/IFFinlande","https:\/\/www.instagram.com\/iffinlande\/","https:\/\/fr.linkedin.com\/organization-guest\/company\/institut-fran-ais-de-finlande","https:\/\/www.youtube.com\/channel\/UCHAitdpmSbeP78eL49XMotA"]},{"@type":"Person","@id":"https:\/\/www.france.fi\/#\/schema\/person\/ed873f29db1d0af6a3600d15d3b65bfd","name":"Equipe IFF","image":{"@type":"ImageObject","inLanguage":"en-US","@id":"https:\/\/secure.gravatar.com\/avatar\/3c4ba80228d01014b25e45e90abb28ce315a02c6572751a7fb2298e4274989fc?s=96&d=mm&r=g","url":"https:\/\/secure.gravatar.com\/avatar\/3c4ba80228d01014b25e45e90abb28ce315a02c6572751a7fb2298e4274989fc?s=96&d=mm&r=g","contentUrl":"https:\/\/secure.gravatar.com\/avatar\/3c4ba80228d01014b25e45e90abb28ce315a02c6572751a7fb2298e4274989fc?s=96&d=mm&r=g","caption":"Equipe IFF"},"url":"https:\/\/www.france.fi\/en\/author\/iffadmin\/"}]}},"_links":{"self":[{"href":"https:\/\/www.france.fi\/en\/wp-json\/wp\/v2\/posts\/6296","targetHints":{"allow":["GET"]}}],"collection":[{"href":"https:\/\/www.france.fi\/en\/wp-json\/wp\/v2\/posts"}],"about":[{"href":"https:\/\/www.france.fi\/en\/wp-json\/wp\/v2\/types\/post"}],"author":[{"embeddable":true,"href":"https:\/\/www.france.fi\/en\/wp-json\/wp\/v2\/users\/2"}],"replies":[{"embeddable":true,"href":"https:\/\/www.france.fi\/en\/wp-json\/wp\/v2\/comments?post=6296"}],"version-history":[{"count":0,"href":"https:\/\/www.france.fi\/en\/wp-json\/wp\/v2\/posts\/6296\/revisions"}],"wp:featuredmedia":[{"embeddable":true,"href":"https:\/\/www.france.fi\/en\/wp-json\/wp\/v2\/media\/6293"}],"wp:attachment":[{"href":"https:\/\/www.france.fi\/en\/wp-json\/wp\/v2\/media?parent=6296"}],"wp:term":[{"taxonomy":"category","embeddable":true,"href":"https:\/\/www.france.fi\/en\/wp-json\/wp\/v2\/categories?post=6296"},{"taxonomy":"post_tag","embeddable":true,"href":"https:\/\/www.france.fi\/en\/wp-json\/wp\/v2\/tags?post=6296"}],"curies":[{"name":"wp","href":"https:\/\/api.w.org\/{rel}","templated":true}]}}