{"id":6328,"date":"2021-08-20T14:14:10","date_gmt":"2021-08-20T11:14:10","guid":{"rendered":"http:\/\/www.france.fi\/?p=6328"},"modified":"2021-11-15T09:16:19","modified_gmt":"2021-11-15T07:16:19","slug":"stadtschreiber-residenz-helsinki","status":"publish","type":"post","link":"https:\/\/www.france.fi\/en\/culture\/stadtschreiber-residenz-helsinki\/","title":{"rendered":"STADTSCHREIBER-RESIDENZ HELSINKI"},"content":{"rendered":"\n<p>Das Goethe-Institut Finnland und das Institut Fran\u00e7ais de Finlande sowie die Literaturorganisation Nuoren Voiman Liitto m\u00f6chten im Rahmen eines Residenzaufenthalts in Helsinki eine*n bilinguale*n Autor*in einladen. Der\/ die Autor*in kann in den Genres Prosa, Poesie, Drama, Essays oder experimentellere\/ hybride Literatur schreiben. Seine\/ihre Werke auf sollten auf Deutsch und Franz\u00f6sisch ver\u00f6ffentlicht sein.<br \/><br \/>Ziel der Residenz ist:<\/p>\n<ul>\n<li>junge Menschen f\u00fcr die Mehrsprachigkeit und ihr kreatives Potential in Form eines bilingualen deutsch-franz\u00f6sischen Schreibprojekts in Finnland zu sensibilisieren<\/li>\n<li>Schreibworkshops f\u00fcr Sch\u00fcler*innen sowie Lesungen oder Diskussionsveranstaltungen auf Deutsch\/ Franz\u00f6sisch\/ Englisch f\u00fcr ein allgemeines Publikum anzubieten<\/li>\n<li>eigene Netzwerke mit lokalen Institutionen aus dem Literatur- und Bildungsbereich zu entwickeln<\/li>\n<\/ul>\n<h5>VORAUSSETZUNGEN<\/h5>\n<p>Die K\u00fcnstlerresidenz hat eine Dauer von 4 Wochen, von Mitte\/ Ende August bis Mitte\/ Ende September (M\u00f6glichkeit, die Zeit flexibel zu nutzen).<br \/><br \/>Der Residenzvertrag umschlie\u00dft folgende Aufgaben:<\/p>\n<ul>\n<li>Workshops in Deutsch und Franz\u00f6sisch an finnischen Schulen im ganzen Land, an denen die Sprachen unterrichtet werden und in zweisprachigen Schulen (2-4 Schulen)<\/li>\n<li>Mitarbeit an der abschlie\u00dfenden Zusammenstellung von zweisprachigen Sch\u00fclertexten in Kooperation mit den \u00f6rtlichen Schulen<\/li>\n<li>Workshops und Lesungen am IFF und GI sowie w\u00e4hrend des Poesiefestivals Poetry Moon in Helsinki (Ende August), aber auch z.B. im Rahmen der Buchmesse Turku (Oktober)<\/li>\n<li>Kurze Videoclips oder Blogeintr\u00e4ge \u00fcber in Finnland gesammelte Erfahrungen sowie \u00fcber die Arbeit mit den Jugendlichen\/Kindern f\u00fcr die Internetseiten des IFF und GI<\/li>\n<\/ul>\n<h5>LEISTUNGSUMFANG DES PROGRAMMS<\/h5>\n<p>Der\/ die Residenzautor*in erh\u00e4lt ein Aufenthaltsstipendium \u00fcber 375 \u20ac\/ Woche. Zus\u00e4tzlich wird ein Honorar f\u00fcr vier \u00f6ffentliche Auftritte (1600 \u20ac insgesamt) und sechs Workshops an Schulen (3000 \u20ac insgesamt) bezahlt. <br \/><br \/>Der Aufenthalt umfasst auch Reisen au\u00dferhalb von Helsinki, die von den Instituten organisiert werden. Die anfallenden Reisekosten w\u00e4hrend des Aufenthalts, sowie An-\/Abreise nach\/ aus Finnland sowie die \u00dcbernachtungskosten in Finnland f\u00fcr die Dauer der Residenz \u00fcbernehmen die organisierenden Institute.<br \/><br \/>Das Goethe-Institut Finnland und das Institut Fran\u00e7ais de la Finlande finanzieren zudem die \u00dcbersetzung von 10 Seiten des letzten Buchs des\/der Autor*in und eine eventuelle Ver\u00f6ffentlichung in einer finnischen Literaturzeitschrift.<\/p>\n<h5>ZEITPLAN<\/h5>\n<p>Januar 2022 : virtuelles Treffen mit dem\/der Autor*in<br \/>August-Oktober 2022: Residenz, Workshops und Auftritte in Finnland<\/p>\n<h5>BEWERBUNG<\/h5>\n<p><strong>Die Bewerbungsfrist f\u00fcr die Residenz 2022 ist 20.8.-19.9.2021.<\/strong><br \/><br \/><strong>Die Bewerbung muss \u00fcber das <\/strong><a href=\"https:\/\/survey.goethe.de\/index.php\/515222?lang=de\"><strong>Bewerbungsformular<\/strong><\/a><strong> geschickt werden<\/strong>. Nur \u00fcber das Formular eingegangene Bewerbungen k\u00f6nnen ber\u00fccksichtigt werden.<br \/><br \/>F\u00fcr die Bewerbung via Formular ben\u00f6tigte Unterlagen:<\/p>\n<ul>\n<li>CV mit Ver\u00f6ffentlichungen (auf Deutsch oder Englisch)<\/li>\n<li>ein Motivationsschreiben auf Englisch, aus dem hervorgeht, woran Sie derzeit arbeiten und was f\u00fcr die Zeit der Residenz geplant ist<\/li>\n<li>ein repr\u00e4sentativer Textauszug aus einem Werk.<\/li>\n<\/ul>\n<p>Wenn Sie ein Profil in den sozialen Medien haben, das Sie gerne nutzen m\u00f6chten, um \u00fcber Ihren Residenzaufenthalt zu berichten, sollten Sie dieses in Ihrer Bewerbung ebenfalls nennen.<\/p>\n<h5>PARTNER<\/h5>\n<p>\u00dcber die Vergabe entscheidet das Goethe-Institut Finnland zusammen mit der finnischen Literaturorganisation <a href=\"https:\/\/nuorenvoimanliitto.fi\/in-english\">Nuoren Voiman Liitto<\/a>. Ebenso werden die Veranstaltungen und das Programm f\u00fcr die Residenz gemeinsam geplant.<\/p>\n<p><strong>Kontakt<\/strong><br \/>Dr. Alexandra Stang<br \/>Head of Information Services<br \/>Literature Programmes, Translation Funding<br \/>Tel. + 358 44 7222704<br \/>alexandra.stang@goethe.de<\/p>\n","protected":false},"excerpt":{"rendered":"<p>Das Goethe-Institut Finnland und das Institut Fran\u00e7ais de Finlande sowie die Literaturorganisation Nuoren Voiman Liitto m\u00f6chten im Rahmen eines Residenzaufenthalts in Helsinki eine*n bilinguale*n Autor*in einladen. Der\/ die Autor*in kann in den Genres Prosa, Poesie, Drama, Essays oder experimentellere\/ hybride Literatur schreiben. Seine\/ihre Werke auf sollten auf Deutsch und Franz\u00f6sisch ver\u00f6ffentlicht sein. Ziel der Residenz [&hellip;]<\/p>\n","protected":false},"author":2,"featured_media":6321,"comment_status":"closed","ping_status":"closed","sticky":false,"template":"","format":"standard","meta":{"footnotes":""},"categories":[25],"tags":[],"class_list":["post-6328","post","type-post","status-publish","format-standard","has-post-thumbnail","hentry","category-culture"],"yoast_head":"<!-- This site is optimized with the Yoast SEO plugin v27.4 - https:\/\/yoast.com\/product\/yoast-seo-wordpress\/ -->\n<title>STADTSCHREIBER-RESIDENZ HELSINKI - Institut fran\u00e7ais<\/title>\n<meta name=\"robots\" content=\"index, follow, max-snippet:-1, max-image-preview:large, max-video-preview:-1\" \/>\n<link rel=\"canonical\" href=\"https:\/\/www.france.fi\/en\/culture\/stadtschreiber-residenz-helsinki\/\" \/>\n<meta property=\"og:locale\" content=\"en_US\" \/>\n<meta property=\"og:type\" content=\"article\" \/>\n<meta property=\"og:title\" content=\"STADTSCHREIBER-RESIDENZ HELSINKI - Institut fran\u00e7ais\" \/>\n<meta property=\"og:description\" content=\"Das Goethe-Institut Finnland und das Institut Fran\u00e7ais de Finlande sowie die Literaturorganisation Nuoren Voiman Liitto m\u00f6chten im Rahmen eines Residenzaufenthalts in Helsinki eine*n bilinguale*n Autor*in einladen. Der\/ die Autor*in kann in den Genres Prosa, Poesie, Drama, Essays oder experimentellere\/ hybride Literatur schreiben. Seine\/ihre Werke auf sollten auf Deutsch und Franz\u00f6sisch ver\u00f6ffentlicht sein. Ziel der Residenz [&hellip;]\" \/>\n<meta property=\"og:url\" content=\"https:\/\/www.france.fi\/en\/culture\/stadtschreiber-residenz-helsinki\/\" \/>\n<meta property=\"og:site_name\" content=\"Institut fran\u00e7ais\" \/>\n<meta property=\"article:publisher\" content=\"https:\/\/www.facebook.com\/institutfrancaisfi\" \/>\n<meta property=\"article:published_time\" content=\"2021-08-20T11:14:10+00:00\" \/>\n<meta property=\"article:modified_time\" content=\"2021-11-15T07:16:19+00:00\" \/>\n<meta property=\"og:image\" content=\"https:\/\/www.france.fi\/wp-content\/uploads\/2021\/08\/Stadtschreiber-Residenz-1-1098x617.jpg\" \/>\n\t<meta property=\"og:image:width\" content=\"1280\" \/>\n\t<meta property=\"og:image:height\" content=\"720\" \/>\n\t<meta property=\"og:image:type\" content=\"image\/jpeg\" \/>\n<meta name=\"author\" content=\"Equipe IFF\" \/>\n<meta name=\"twitter:card\" content=\"summary_large_image\" \/>\n<meta name=\"twitter:creator\" content=\"@IFFinlande\" \/>\n<meta name=\"twitter:site\" content=\"@IFFinlande\" \/>\n<meta name=\"twitter:label1\" content=\"Written by\" \/>\n\t<meta name=\"twitter:data1\" content=\"Equipe IFF\" \/>\n\t<meta name=\"twitter:label2\" content=\"Est. reading time\" \/>\n\t<meta name=\"twitter:data2\" content=\"3 minutes\" \/>\n<script type=\"application\/ld+json\" class=\"yoast-schema-graph\">{\"@context\":\"https:\\\/\\\/schema.org\",\"@graph\":[{\"@type\":\"Article\",\"@id\":\"https:\\\/\\\/www.france.fi\\\/en\\\/culture\\\/stadtschreiber-residenz-helsinki\\\/#article\",\"isPartOf\":{\"@id\":\"https:\\\/\\\/www.france.fi\\\/en\\\/culture\\\/stadtschreiber-residenz-helsinki\\\/\"},\"author\":{\"name\":\"Equipe IFF\",\"@id\":\"https:\\\/\\\/www.france.fi\\\/#\\\/schema\\\/person\\\/ed873f29db1d0af6a3600d15d3b65bfd\"},\"headline\":\"STADTSCHREIBER-RESIDENZ HELSINKI\",\"datePublished\":\"2021-08-20T11:14:10+00:00\",\"dateModified\":\"2021-11-15T07:16:19+00:00\",\"mainEntityOfPage\":{\"@id\":\"https:\\\/\\\/www.france.fi\\\/en\\\/culture\\\/stadtschreiber-residenz-helsinki\\\/\"},\"wordCount\":512,\"publisher\":{\"@id\":\"https:\\\/\\\/www.france.fi\\\/#organization\"},\"image\":{\"@id\":\"https:\\\/\\\/www.france.fi\\\/en\\\/culture\\\/stadtschreiber-residenz-helsinki\\\/#primaryimage\"},\"thumbnailUrl\":\"https:\\\/\\\/www.france.fi\\\/wp-content\\\/uploads\\\/2021\\\/08\\\/Stadtschreiber-Residenz-1-1098x617.jpg\",\"articleSection\":[\"Culture\"],\"inLanguage\":\"en-US\"},{\"@type\":\"WebPage\",\"@id\":\"https:\\\/\\\/www.france.fi\\\/en\\\/culture\\\/stadtschreiber-residenz-helsinki\\\/\",\"url\":\"https:\\\/\\\/www.france.fi\\\/en\\\/culture\\\/stadtschreiber-residenz-helsinki\\\/\",\"name\":\"STADTSCHREIBER-RESIDENZ HELSINKI - Institut fran\u00e7ais\",\"isPartOf\":{\"@id\":\"https:\\\/\\\/www.france.fi\\\/#website\"},\"primaryImageOfPage\":{\"@id\":\"https:\\\/\\\/www.france.fi\\\/en\\\/culture\\\/stadtschreiber-residenz-helsinki\\\/#primaryimage\"},\"image\":{\"@id\":\"https:\\\/\\\/www.france.fi\\\/en\\\/culture\\\/stadtschreiber-residenz-helsinki\\\/#primaryimage\"},\"thumbnailUrl\":\"https:\\\/\\\/www.france.fi\\\/wp-content\\\/uploads\\\/2021\\\/08\\\/Stadtschreiber-Residenz-1-1098x617.jpg\",\"datePublished\":\"2021-08-20T11:14:10+00:00\",\"dateModified\":\"2021-11-15T07:16:19+00:00\",\"breadcrumb\":{\"@id\":\"https:\\\/\\\/www.france.fi\\\/en\\\/culture\\\/stadtschreiber-residenz-helsinki\\\/#breadcrumb\"},\"inLanguage\":\"en-US\",\"potentialAction\":[{\"@type\":\"ReadAction\",\"target\":[\"https:\\\/\\\/www.france.fi\\\/en\\\/culture\\\/stadtschreiber-residenz-helsinki\\\/\"]}]},{\"@type\":\"ImageObject\",\"inLanguage\":\"en-US\",\"@id\":\"https:\\\/\\\/www.france.fi\\\/en\\\/culture\\\/stadtschreiber-residenz-helsinki\\\/#primaryimage\",\"url\":\"https:\\\/\\\/www.france.fi\\\/wp-content\\\/uploads\\\/2021\\\/08\\\/Stadtschreiber-Residenz-1-1098x617.jpg\",\"contentUrl\":\"https:\\\/\\\/www.france.fi\\\/wp-content\\\/uploads\\\/2021\\\/08\\\/Stadtschreiber-Residenz-1-1098x617.jpg\",\"width\":1280,\"height\":720},{\"@type\":\"BreadcrumbList\",\"@id\":\"https:\\\/\\\/www.france.fi\\\/en\\\/culture\\\/stadtschreiber-residenz-helsinki\\\/#breadcrumb\",\"itemListElement\":[{\"@type\":\"ListItem\",\"position\":1,\"name\":\"Home\",\"item\":\"https:\\\/\\\/www.france.fi\\\/en\\\/\"},{\"@type\":\"ListItem\",\"position\":2,\"name\":\"Culture\",\"item\":\"https:\\\/\\\/www.france.fi\\\/fr\\\/category\\\/culture\\\/\"},{\"@type\":\"ListItem\",\"position\":3,\"name\":\"STADTSCHREIBER-RESIDENZ HELSINKI\"}]},{\"@type\":\"WebSite\",\"@id\":\"https:\\\/\\\/www.france.fi\\\/#website\",\"url\":\"https:\\\/\\\/www.france.fi\\\/\",\"name\":\"Institut fran\u00e7ais de Finlande\",\"description\":\"\",\"publisher\":{\"@id\":\"https:\\\/\\\/www.france.fi\\\/#organization\"},\"potentialAction\":[{\"@type\":\"SearchAction\",\"target\":{\"@type\":\"EntryPoint\",\"urlTemplate\":\"https:\\\/\\\/www.france.fi\\\/?s={search_term_string}\"},\"query-input\":{\"@type\":\"PropertyValueSpecification\",\"valueRequired\":true,\"valueName\":\"search_term_string\"}}],\"inLanguage\":\"en-US\"},{\"@type\":\"Organization\",\"@id\":\"https:\\\/\\\/www.france.fi\\\/#organization\",\"name\":\"Institut fran\u00e7ais de Finlande\",\"url\":\"https:\\\/\\\/www.france.fi\\\/\",\"logo\":{\"@type\":\"ImageObject\",\"inLanguage\":\"en-US\",\"@id\":\"https:\\\/\\\/www.france.fi\\\/#\\\/schema\\\/logo\\\/image\\\/\",\"url\":\"https:\\\/\\\/www.france.fi\\\/wp-content\\\/uploads\\\/2024\\\/02\\\/if-logo-1.png\",\"contentUrl\":\"https:\\\/\\\/www.france.fi\\\/wp-content\\\/uploads\\\/2024\\\/02\\\/if-logo-1.png\",\"width\":687,\"height\":459,\"caption\":\"Institut fran\u00e7ais de Finlande\"},\"image\":{\"@id\":\"https:\\\/\\\/www.france.fi\\\/#\\\/schema\\\/logo\\\/image\\\/\"},\"sameAs\":[\"https:\\\/\\\/www.facebook.com\\\/institutfrancaisfi\",\"https:\\\/\\\/x.com\\\/IFFinlande\",\"https:\\\/\\\/www.instagram.com\\\/iffinlande\\\/\",\"https:\\\/\\\/fr.linkedin.com\\\/organization-guest\\\/company\\\/institut-fran-ais-de-finlande\",\"https:\\\/\\\/www.youtube.com\\\/channel\\\/UCHAitdpmSbeP78eL49XMotA\"]},{\"@type\":\"Person\",\"@id\":\"https:\\\/\\\/www.france.fi\\\/#\\\/schema\\\/person\\\/ed873f29db1d0af6a3600d15d3b65bfd\",\"name\":\"Equipe IFF\",\"image\":{\"@type\":\"ImageObject\",\"inLanguage\":\"en-US\",\"@id\":\"https:\\\/\\\/secure.gravatar.com\\\/avatar\\\/3c4ba80228d01014b25e45e90abb28ce315a02c6572751a7fb2298e4274989fc?s=96&d=mm&r=g\",\"url\":\"https:\\\/\\\/secure.gravatar.com\\\/avatar\\\/3c4ba80228d01014b25e45e90abb28ce315a02c6572751a7fb2298e4274989fc?s=96&d=mm&r=g\",\"contentUrl\":\"https:\\\/\\\/secure.gravatar.com\\\/avatar\\\/3c4ba80228d01014b25e45e90abb28ce315a02c6572751a7fb2298e4274989fc?s=96&d=mm&r=g\",\"caption\":\"Equipe IFF\"},\"url\":\"https:\\\/\\\/www.france.fi\\\/en\\\/author\\\/iffadmin\\\/\"}]}<\/script>\n<!-- \/ Yoast SEO plugin. -->","yoast_head_json":{"title":"STADTSCHREIBER-RESIDENZ HELSINKI - Institut fran\u00e7ais","robots":{"index":"index","follow":"follow","max-snippet":"max-snippet:-1","max-image-preview":"max-image-preview:large","max-video-preview":"max-video-preview:-1"},"canonical":"https:\/\/www.france.fi\/en\/culture\/stadtschreiber-residenz-helsinki\/","og_locale":"en_US","og_type":"article","og_title":"STADTSCHREIBER-RESIDENZ HELSINKI - Institut fran\u00e7ais","og_description":"Das Goethe-Institut Finnland und das Institut Fran\u00e7ais de Finlande sowie die Literaturorganisation Nuoren Voiman Liitto m\u00f6chten im Rahmen eines Residenzaufenthalts in Helsinki eine*n bilinguale*n Autor*in einladen. Der\/ die Autor*in kann in den Genres Prosa, Poesie, Drama, Essays oder experimentellere\/ hybride Literatur schreiben. Seine\/ihre Werke auf sollten auf Deutsch und Franz\u00f6sisch ver\u00f6ffentlicht sein. Ziel der Residenz [&hellip;]","og_url":"https:\/\/www.france.fi\/en\/culture\/stadtschreiber-residenz-helsinki\/","og_site_name":"Institut fran\u00e7ais","article_publisher":"https:\/\/www.facebook.com\/institutfrancaisfi","article_published_time":"2021-08-20T11:14:10+00:00","article_modified_time":"2021-11-15T07:16:19+00:00","og_image":[{"width":1280,"height":720,"url":"https:\/\/www.france.fi\/wp-content\/uploads\/2021\/08\/Stadtschreiber-Residenz-1-1098x617.jpg","type":"image\/jpeg"}],"author":"Equipe IFF","twitter_card":"summary_large_image","twitter_creator":"@IFFinlande","twitter_site":"@IFFinlande","twitter_misc":{"Written by":"Equipe IFF","Est. reading time":"3 minutes"},"schema":{"@context":"https:\/\/schema.org","@graph":[{"@type":"Article","@id":"https:\/\/www.france.fi\/en\/culture\/stadtschreiber-residenz-helsinki\/#article","isPartOf":{"@id":"https:\/\/www.france.fi\/en\/culture\/stadtschreiber-residenz-helsinki\/"},"author":{"name":"Equipe IFF","@id":"https:\/\/www.france.fi\/#\/schema\/person\/ed873f29db1d0af6a3600d15d3b65bfd"},"headline":"STADTSCHREIBER-RESIDENZ HELSINKI","datePublished":"2021-08-20T11:14:10+00:00","dateModified":"2021-11-15T07:16:19+00:00","mainEntityOfPage":{"@id":"https:\/\/www.france.fi\/en\/culture\/stadtschreiber-residenz-helsinki\/"},"wordCount":512,"publisher":{"@id":"https:\/\/www.france.fi\/#organization"},"image":{"@id":"https:\/\/www.france.fi\/en\/culture\/stadtschreiber-residenz-helsinki\/#primaryimage"},"thumbnailUrl":"https:\/\/www.france.fi\/wp-content\/uploads\/2021\/08\/Stadtschreiber-Residenz-1-1098x617.jpg","articleSection":["Culture"],"inLanguage":"en-US"},{"@type":"WebPage","@id":"https:\/\/www.france.fi\/en\/culture\/stadtschreiber-residenz-helsinki\/","url":"https:\/\/www.france.fi\/en\/culture\/stadtschreiber-residenz-helsinki\/","name":"STADTSCHREIBER-RESIDENZ HELSINKI - Institut fran\u00e7ais","isPartOf":{"@id":"https:\/\/www.france.fi\/#website"},"primaryImageOfPage":{"@id":"https:\/\/www.france.fi\/en\/culture\/stadtschreiber-residenz-helsinki\/#primaryimage"},"image":{"@id":"https:\/\/www.france.fi\/en\/culture\/stadtschreiber-residenz-helsinki\/#primaryimage"},"thumbnailUrl":"https:\/\/www.france.fi\/wp-content\/uploads\/2021\/08\/Stadtschreiber-Residenz-1-1098x617.jpg","datePublished":"2021-08-20T11:14:10+00:00","dateModified":"2021-11-15T07:16:19+00:00","breadcrumb":{"@id":"https:\/\/www.france.fi\/en\/culture\/stadtschreiber-residenz-helsinki\/#breadcrumb"},"inLanguage":"en-US","potentialAction":[{"@type":"ReadAction","target":["https:\/\/www.france.fi\/en\/culture\/stadtschreiber-residenz-helsinki\/"]}]},{"@type":"ImageObject","inLanguage":"en-US","@id":"https:\/\/www.france.fi\/en\/culture\/stadtschreiber-residenz-helsinki\/#primaryimage","url":"https:\/\/www.france.fi\/wp-content\/uploads\/2021\/08\/Stadtschreiber-Residenz-1-1098x617.jpg","contentUrl":"https:\/\/www.france.fi\/wp-content\/uploads\/2021\/08\/Stadtschreiber-Residenz-1-1098x617.jpg","width":1280,"height":720},{"@type":"BreadcrumbList","@id":"https:\/\/www.france.fi\/en\/culture\/stadtschreiber-residenz-helsinki\/#breadcrumb","itemListElement":[{"@type":"ListItem","position":1,"name":"Home","item":"https:\/\/www.france.fi\/en\/"},{"@type":"ListItem","position":2,"name":"Culture","item":"https:\/\/www.france.fi\/fr\/category\/culture\/"},{"@type":"ListItem","position":3,"name":"STADTSCHREIBER-RESIDENZ HELSINKI"}]},{"@type":"WebSite","@id":"https:\/\/www.france.fi\/#website","url":"https:\/\/www.france.fi\/","name":"Institut fran\u00e7ais de Finlande","description":"","publisher":{"@id":"https:\/\/www.france.fi\/#organization"},"potentialAction":[{"@type":"SearchAction","target":{"@type":"EntryPoint","urlTemplate":"https:\/\/www.france.fi\/?s={search_term_string}"},"query-input":{"@type":"PropertyValueSpecification","valueRequired":true,"valueName":"search_term_string"}}],"inLanguage":"en-US"},{"@type":"Organization","@id":"https:\/\/www.france.fi\/#organization","name":"Institut fran\u00e7ais de Finlande","url":"https:\/\/www.france.fi\/","logo":{"@type":"ImageObject","inLanguage":"en-US","@id":"https:\/\/www.france.fi\/#\/schema\/logo\/image\/","url":"https:\/\/www.france.fi\/wp-content\/uploads\/2024\/02\/if-logo-1.png","contentUrl":"https:\/\/www.france.fi\/wp-content\/uploads\/2024\/02\/if-logo-1.png","width":687,"height":459,"caption":"Institut fran\u00e7ais de Finlande"},"image":{"@id":"https:\/\/www.france.fi\/#\/schema\/logo\/image\/"},"sameAs":["https:\/\/www.facebook.com\/institutfrancaisfi","https:\/\/x.com\/IFFinlande","https:\/\/www.instagram.com\/iffinlande\/","https:\/\/fr.linkedin.com\/organization-guest\/company\/institut-fran-ais-de-finlande","https:\/\/www.youtube.com\/channel\/UCHAitdpmSbeP78eL49XMotA"]},{"@type":"Person","@id":"https:\/\/www.france.fi\/#\/schema\/person\/ed873f29db1d0af6a3600d15d3b65bfd","name":"Equipe IFF","image":{"@type":"ImageObject","inLanguage":"en-US","@id":"https:\/\/secure.gravatar.com\/avatar\/3c4ba80228d01014b25e45e90abb28ce315a02c6572751a7fb2298e4274989fc?s=96&d=mm&r=g","url":"https:\/\/secure.gravatar.com\/avatar\/3c4ba80228d01014b25e45e90abb28ce315a02c6572751a7fb2298e4274989fc?s=96&d=mm&r=g","contentUrl":"https:\/\/secure.gravatar.com\/avatar\/3c4ba80228d01014b25e45e90abb28ce315a02c6572751a7fb2298e4274989fc?s=96&d=mm&r=g","caption":"Equipe IFF"},"url":"https:\/\/www.france.fi\/en\/author\/iffadmin\/"}]}},"_links":{"self":[{"href":"https:\/\/www.france.fi\/en\/wp-json\/wp\/v2\/posts\/6328","targetHints":{"allow":["GET"]}}],"collection":[{"href":"https:\/\/www.france.fi\/en\/wp-json\/wp\/v2\/posts"}],"about":[{"href":"https:\/\/www.france.fi\/en\/wp-json\/wp\/v2\/types\/post"}],"author":[{"embeddable":true,"href":"https:\/\/www.france.fi\/en\/wp-json\/wp\/v2\/users\/2"}],"replies":[{"embeddable":true,"href":"https:\/\/www.france.fi\/en\/wp-json\/wp\/v2\/comments?post=6328"}],"version-history":[{"count":0,"href":"https:\/\/www.france.fi\/en\/wp-json\/wp\/v2\/posts\/6328\/revisions"}],"wp:featuredmedia":[{"embeddable":true,"href":"https:\/\/www.france.fi\/en\/wp-json\/wp\/v2\/media\/6321"}],"wp:attachment":[{"href":"https:\/\/www.france.fi\/en\/wp-json\/wp\/v2\/media?parent=6328"}],"wp:term":[{"taxonomy":"category","embeddable":true,"href":"https:\/\/www.france.fi\/en\/wp-json\/wp\/v2\/categories?post=6328"},{"taxonomy":"post_tag","embeddable":true,"href":"https:\/\/www.france.fi\/en\/wp-json\/wp\/v2\/tags?post=6328"}],"curies":[{"name":"wp","href":"https:\/\/api.w.org\/{rel}","templated":true}]}}