{"id":6401,"date":"2021-08-25T12:36:53","date_gmt":"2021-08-25T09:36:53","guid":{"rendered":"http:\/\/www.france.fi\/culture\/apprendre-le-francais-en-musique\/"},"modified":"2022-02-14T11:03:42","modified_gmt":"2022-02-14T09:03:42","slug":"apprendre-le-francais-en-musique","status":"publish","type":"post","link":"https:\/\/www.france.fi\/en\/media-library\/apprendre-le-francais-en-musique\/","title":{"rendered":"Apprendre le fran\u00e7ais en musique"},"content":{"rendered":"\n<p>Notre plateforme de ressources num\u00e9riques <strong><a href=\"https:\/\/www.culturetheque.com\/FIN\/\" target=\"_blank\" rel=\"noopener\">Cultureth\u00e8que<\/a><\/strong> contient aussi de la musique fran\u00e7aise que vous pouvez \u00e9couter. En ce moment, on vous propose aussi une playlist de chansons \u00ab Apprendre le fran\u00e7ais en musique \u00bb avec des fiches p\u00e9dagogiques pour \u00e9tudier chaque chanson en d\u00e9tail. Pour \u00e9couter les chansons, vous serez redirig\u00e9 vers la plateforme Divercities. D\u00e9couvrez la playlist <strong><a href=\"https:\/\/app.divercities.eu\/capsules\/1797\" target=\"_blank\" rel=\"noopener\">ici<\/a><\/strong><\/p>\n","protected":false},"excerpt":{"rendered":"<p>Musique sur notre biblioth\u00e8que num\u00e9rique Cultureth\u00e8que<\/p>\n","protected":false},"author":2,"featured_media":6398,"comment_status":"closed","ping_status":"closed","sticky":false,"template":"","format":"standard","meta":{"footnotes":""},"categories":[50],"tags":[],"class_list":["post-6401","post","type-post","status-publish","format-standard","has-post-thumbnail","hentry","category-media-library"],"yoast_head":"<!-- This site is optimized with the Yoast SEO plugin v27.4 - https:\/\/yoast.com\/product\/yoast-seo-wordpress\/ -->\n<title>Apprendre le fran\u00e7ais en musique - Institut fran\u00e7ais<\/title>\n<meta name=\"robots\" content=\"index, follow, max-snippet:-1, max-image-preview:large, max-video-preview:-1\" \/>\n<link rel=\"canonical\" href=\"https:\/\/www.france.fi\/en\/media-library\/apprendre-le-francais-en-musique\/\" \/>\n<meta property=\"og:locale\" content=\"en_US\" \/>\n<meta property=\"og:type\" content=\"article\" \/>\n<meta property=\"og:title\" content=\"Apprendre le fran\u00e7ais en musique - Institut fran\u00e7ais\" \/>\n<meta property=\"og:description\" content=\"Musique sur notre biblioth\u00e8que num\u00e9rique Cultureth\u00e8que\" \/>\n<meta property=\"og:url\" content=\"https:\/\/www.france.fi\/en\/media-library\/apprendre-le-francais-en-musique\/\" \/>\n<meta property=\"og:site_name\" content=\"Institut fran\u00e7ais\" \/>\n<meta property=\"article:publisher\" content=\"https:\/\/www.facebook.com\/institutfrancaisfi\" \/>\n<meta property=\"article:published_time\" content=\"2021-08-25T09:36:53+00:00\" \/>\n<meta property=\"article:modified_time\" content=\"2022-02-14T09:03:42+00:00\" \/>\n<meta property=\"og:image\" content=\"https:\/\/www.france.fi\/wp-content\/uploads\/2021\/08\/francais-en-musique-1098x617.jpg\" \/>\n\t<meta property=\"og:image:width\" content=\"1280\" \/>\n\t<meta property=\"og:image:height\" content=\"720\" \/>\n\t<meta property=\"og:image:type\" content=\"image\/jpeg\" \/>\n<meta name=\"author\" content=\"Equipe IFF\" \/>\n<meta name=\"twitter:card\" content=\"summary_large_image\" \/>\n<meta name=\"twitter:creator\" content=\"@IFFinlande\" \/>\n<meta name=\"twitter:site\" content=\"@IFFinlande\" \/>\n<meta name=\"twitter:label1\" content=\"Written by\" \/>\n\t<meta name=\"twitter:data1\" content=\"Equipe IFF\" \/>\n\t<meta name=\"twitter:label2\" content=\"Est. reading time\" \/>\n\t<meta name=\"twitter:data2\" content=\"1 minute\" \/>\n<script type=\"application\/ld+json\" class=\"yoast-schema-graph\">{\"@context\":\"https:\\\/\\\/schema.org\",\"@graph\":[{\"@type\":\"Article\",\"@id\":\"https:\\\/\\\/www.france.fi\\\/en\\\/media-library\\\/apprendre-le-francais-en-musique\\\/#article\",\"isPartOf\":{\"@id\":\"https:\\\/\\\/www.france.fi\\\/en\\\/media-library\\\/apprendre-le-francais-en-musique\\\/\"},\"author\":{\"name\":\"Equipe IFF\",\"@id\":\"https:\\\/\\\/www.france.fi\\\/#\\\/schema\\\/person\\\/ed873f29db1d0af6a3600d15d3b65bfd\"},\"headline\":\"Apprendre le fran\u00e7ais en musique\",\"datePublished\":\"2021-08-25T09:36:53+00:00\",\"dateModified\":\"2022-02-14T09:03:42+00:00\",\"mainEntityOfPage\":{\"@id\":\"https:\\\/\\\/www.france.fi\\\/en\\\/media-library\\\/apprendre-le-francais-en-musique\\\/\"},\"wordCount\":70,\"publisher\":{\"@id\":\"https:\\\/\\\/www.france.fi\\\/#organization\"},\"image\":{\"@id\":\"https:\\\/\\\/www.france.fi\\\/en\\\/media-library\\\/apprendre-le-francais-en-musique\\\/#primaryimage\"},\"thumbnailUrl\":\"https:\\\/\\\/www.france.fi\\\/wp-content\\\/uploads\\\/2021\\\/08\\\/francais-en-musique-1098x617.jpg\",\"articleSection\":[\"Media Library\"],\"inLanguage\":\"en-US\"},{\"@type\":\"WebPage\",\"@id\":\"https:\\\/\\\/www.france.fi\\\/en\\\/media-library\\\/apprendre-le-francais-en-musique\\\/\",\"url\":\"https:\\\/\\\/www.france.fi\\\/en\\\/media-library\\\/apprendre-le-francais-en-musique\\\/\",\"name\":\"Apprendre le fran\u00e7ais en musique - Institut fran\u00e7ais\",\"isPartOf\":{\"@id\":\"https:\\\/\\\/www.france.fi\\\/#website\"},\"primaryImageOfPage\":{\"@id\":\"https:\\\/\\\/www.france.fi\\\/en\\\/media-library\\\/apprendre-le-francais-en-musique\\\/#primaryimage\"},\"image\":{\"@id\":\"https:\\\/\\\/www.france.fi\\\/en\\\/media-library\\\/apprendre-le-francais-en-musique\\\/#primaryimage\"},\"thumbnailUrl\":\"https:\\\/\\\/www.france.fi\\\/wp-content\\\/uploads\\\/2021\\\/08\\\/francais-en-musique-1098x617.jpg\",\"datePublished\":\"2021-08-25T09:36:53+00:00\",\"dateModified\":\"2022-02-14T09:03:42+00:00\",\"breadcrumb\":{\"@id\":\"https:\\\/\\\/www.france.fi\\\/en\\\/media-library\\\/apprendre-le-francais-en-musique\\\/#breadcrumb\"},\"inLanguage\":\"en-US\",\"potentialAction\":[{\"@type\":\"ReadAction\",\"target\":[\"https:\\\/\\\/www.france.fi\\\/en\\\/media-library\\\/apprendre-le-francais-en-musique\\\/\"]}]},{\"@type\":\"ImageObject\",\"inLanguage\":\"en-US\",\"@id\":\"https:\\\/\\\/www.france.fi\\\/en\\\/media-library\\\/apprendre-le-francais-en-musique\\\/#primaryimage\",\"url\":\"https:\\\/\\\/www.france.fi\\\/wp-content\\\/uploads\\\/2021\\\/08\\\/francais-en-musique-1098x617.jpg\",\"contentUrl\":\"https:\\\/\\\/www.france.fi\\\/wp-content\\\/uploads\\\/2021\\\/08\\\/francais-en-musique-1098x617.jpg\",\"width\":1280,\"height\":720},{\"@type\":\"BreadcrumbList\",\"@id\":\"https:\\\/\\\/www.france.fi\\\/en\\\/media-library\\\/apprendre-le-francais-en-musique\\\/#breadcrumb\",\"itemListElement\":[{\"@type\":\"ListItem\",\"position\":1,\"name\":\"Home\",\"item\":\"https:\\\/\\\/www.france.fi\\\/en\\\/\"},{\"@type\":\"ListItem\",\"position\":2,\"name\":\"M\u00e9diath\u00e8que\",\"item\":\"https:\\\/\\\/www.france.fi\\\/fr\\\/category\\\/mediatheque\\\/\"},{\"@type\":\"ListItem\",\"position\":3,\"name\":\"Apprendre le fran\u00e7ais en musique\"}]},{\"@type\":\"WebSite\",\"@id\":\"https:\\\/\\\/www.france.fi\\\/#website\",\"url\":\"https:\\\/\\\/www.france.fi\\\/\",\"name\":\"Institut fran\u00e7ais de Finlande\",\"description\":\"\",\"publisher\":{\"@id\":\"https:\\\/\\\/www.france.fi\\\/#organization\"},\"potentialAction\":[{\"@type\":\"SearchAction\",\"target\":{\"@type\":\"EntryPoint\",\"urlTemplate\":\"https:\\\/\\\/www.france.fi\\\/?s={search_term_string}\"},\"query-input\":{\"@type\":\"PropertyValueSpecification\",\"valueRequired\":true,\"valueName\":\"search_term_string\"}}],\"inLanguage\":\"en-US\"},{\"@type\":\"Organization\",\"@id\":\"https:\\\/\\\/www.france.fi\\\/#organization\",\"name\":\"Institut fran\u00e7ais de Finlande\",\"url\":\"https:\\\/\\\/www.france.fi\\\/\",\"logo\":{\"@type\":\"ImageObject\",\"inLanguage\":\"en-US\",\"@id\":\"https:\\\/\\\/www.france.fi\\\/#\\\/schema\\\/logo\\\/image\\\/\",\"url\":\"https:\\\/\\\/www.france.fi\\\/wp-content\\\/uploads\\\/2024\\\/02\\\/if-logo-1.png\",\"contentUrl\":\"https:\\\/\\\/www.france.fi\\\/wp-content\\\/uploads\\\/2024\\\/02\\\/if-logo-1.png\",\"width\":687,\"height\":459,\"caption\":\"Institut fran\u00e7ais de Finlande\"},\"image\":{\"@id\":\"https:\\\/\\\/www.france.fi\\\/#\\\/schema\\\/logo\\\/image\\\/\"},\"sameAs\":[\"https:\\\/\\\/www.facebook.com\\\/institutfrancaisfi\",\"https:\\\/\\\/x.com\\\/IFFinlande\",\"https:\\\/\\\/www.instagram.com\\\/iffinlande\\\/\",\"https:\\\/\\\/fr.linkedin.com\\\/organization-guest\\\/company\\\/institut-fran-ais-de-finlande\",\"https:\\\/\\\/www.youtube.com\\\/channel\\\/UCHAitdpmSbeP78eL49XMotA\"]},{\"@type\":\"Person\",\"@id\":\"https:\\\/\\\/www.france.fi\\\/#\\\/schema\\\/person\\\/ed873f29db1d0af6a3600d15d3b65bfd\",\"name\":\"Equipe IFF\",\"image\":{\"@type\":\"ImageObject\",\"inLanguage\":\"en-US\",\"@id\":\"https:\\\/\\\/secure.gravatar.com\\\/avatar\\\/3c4ba80228d01014b25e45e90abb28ce315a02c6572751a7fb2298e4274989fc?s=96&d=mm&r=g\",\"url\":\"https:\\\/\\\/secure.gravatar.com\\\/avatar\\\/3c4ba80228d01014b25e45e90abb28ce315a02c6572751a7fb2298e4274989fc?s=96&d=mm&r=g\",\"contentUrl\":\"https:\\\/\\\/secure.gravatar.com\\\/avatar\\\/3c4ba80228d01014b25e45e90abb28ce315a02c6572751a7fb2298e4274989fc?s=96&d=mm&r=g\",\"caption\":\"Equipe IFF\"},\"url\":\"https:\\\/\\\/www.france.fi\\\/en\\\/author\\\/iffadmin\\\/\"}]}<\/script>\n<!-- \/ Yoast SEO plugin. -->","yoast_head_json":{"title":"Apprendre le fran\u00e7ais en musique - Institut fran\u00e7ais","robots":{"index":"index","follow":"follow","max-snippet":"max-snippet:-1","max-image-preview":"max-image-preview:large","max-video-preview":"max-video-preview:-1"},"canonical":"https:\/\/www.france.fi\/en\/media-library\/apprendre-le-francais-en-musique\/","og_locale":"en_US","og_type":"article","og_title":"Apprendre le fran\u00e7ais en musique - Institut fran\u00e7ais","og_description":"Musique sur notre biblioth\u00e8que num\u00e9rique Cultureth\u00e8que","og_url":"https:\/\/www.france.fi\/en\/media-library\/apprendre-le-francais-en-musique\/","og_site_name":"Institut fran\u00e7ais","article_publisher":"https:\/\/www.facebook.com\/institutfrancaisfi","article_published_time":"2021-08-25T09:36:53+00:00","article_modified_time":"2022-02-14T09:03:42+00:00","og_image":[{"width":1280,"height":720,"url":"https:\/\/www.france.fi\/wp-content\/uploads\/2021\/08\/francais-en-musique-1098x617.jpg","type":"image\/jpeg"}],"author":"Equipe IFF","twitter_card":"summary_large_image","twitter_creator":"@IFFinlande","twitter_site":"@IFFinlande","twitter_misc":{"Written by":"Equipe IFF","Est. reading time":"1 minute"},"schema":{"@context":"https:\/\/schema.org","@graph":[{"@type":"Article","@id":"https:\/\/www.france.fi\/en\/media-library\/apprendre-le-francais-en-musique\/#article","isPartOf":{"@id":"https:\/\/www.france.fi\/en\/media-library\/apprendre-le-francais-en-musique\/"},"author":{"name":"Equipe IFF","@id":"https:\/\/www.france.fi\/#\/schema\/person\/ed873f29db1d0af6a3600d15d3b65bfd"},"headline":"Apprendre le fran\u00e7ais en musique","datePublished":"2021-08-25T09:36:53+00:00","dateModified":"2022-02-14T09:03:42+00:00","mainEntityOfPage":{"@id":"https:\/\/www.france.fi\/en\/media-library\/apprendre-le-francais-en-musique\/"},"wordCount":70,"publisher":{"@id":"https:\/\/www.france.fi\/#organization"},"image":{"@id":"https:\/\/www.france.fi\/en\/media-library\/apprendre-le-francais-en-musique\/#primaryimage"},"thumbnailUrl":"https:\/\/www.france.fi\/wp-content\/uploads\/2021\/08\/francais-en-musique-1098x617.jpg","articleSection":["Media Library"],"inLanguage":"en-US"},{"@type":"WebPage","@id":"https:\/\/www.france.fi\/en\/media-library\/apprendre-le-francais-en-musique\/","url":"https:\/\/www.france.fi\/en\/media-library\/apprendre-le-francais-en-musique\/","name":"Apprendre le fran\u00e7ais en musique - Institut fran\u00e7ais","isPartOf":{"@id":"https:\/\/www.france.fi\/#website"},"primaryImageOfPage":{"@id":"https:\/\/www.france.fi\/en\/media-library\/apprendre-le-francais-en-musique\/#primaryimage"},"image":{"@id":"https:\/\/www.france.fi\/en\/media-library\/apprendre-le-francais-en-musique\/#primaryimage"},"thumbnailUrl":"https:\/\/www.france.fi\/wp-content\/uploads\/2021\/08\/francais-en-musique-1098x617.jpg","datePublished":"2021-08-25T09:36:53+00:00","dateModified":"2022-02-14T09:03:42+00:00","breadcrumb":{"@id":"https:\/\/www.france.fi\/en\/media-library\/apprendre-le-francais-en-musique\/#breadcrumb"},"inLanguage":"en-US","potentialAction":[{"@type":"ReadAction","target":["https:\/\/www.france.fi\/en\/media-library\/apprendre-le-francais-en-musique\/"]}]},{"@type":"ImageObject","inLanguage":"en-US","@id":"https:\/\/www.france.fi\/en\/media-library\/apprendre-le-francais-en-musique\/#primaryimage","url":"https:\/\/www.france.fi\/wp-content\/uploads\/2021\/08\/francais-en-musique-1098x617.jpg","contentUrl":"https:\/\/www.france.fi\/wp-content\/uploads\/2021\/08\/francais-en-musique-1098x617.jpg","width":1280,"height":720},{"@type":"BreadcrumbList","@id":"https:\/\/www.france.fi\/en\/media-library\/apprendre-le-francais-en-musique\/#breadcrumb","itemListElement":[{"@type":"ListItem","position":1,"name":"Home","item":"https:\/\/www.france.fi\/en\/"},{"@type":"ListItem","position":2,"name":"M\u00e9diath\u00e8que","item":"https:\/\/www.france.fi\/fr\/category\/mediatheque\/"},{"@type":"ListItem","position":3,"name":"Apprendre le fran\u00e7ais en musique"}]},{"@type":"WebSite","@id":"https:\/\/www.france.fi\/#website","url":"https:\/\/www.france.fi\/","name":"Institut fran\u00e7ais de Finlande","description":"","publisher":{"@id":"https:\/\/www.france.fi\/#organization"},"potentialAction":[{"@type":"SearchAction","target":{"@type":"EntryPoint","urlTemplate":"https:\/\/www.france.fi\/?s={search_term_string}"},"query-input":{"@type":"PropertyValueSpecification","valueRequired":true,"valueName":"search_term_string"}}],"inLanguage":"en-US"},{"@type":"Organization","@id":"https:\/\/www.france.fi\/#organization","name":"Institut fran\u00e7ais de Finlande","url":"https:\/\/www.france.fi\/","logo":{"@type":"ImageObject","inLanguage":"en-US","@id":"https:\/\/www.france.fi\/#\/schema\/logo\/image\/","url":"https:\/\/www.france.fi\/wp-content\/uploads\/2024\/02\/if-logo-1.png","contentUrl":"https:\/\/www.france.fi\/wp-content\/uploads\/2024\/02\/if-logo-1.png","width":687,"height":459,"caption":"Institut fran\u00e7ais de Finlande"},"image":{"@id":"https:\/\/www.france.fi\/#\/schema\/logo\/image\/"},"sameAs":["https:\/\/www.facebook.com\/institutfrancaisfi","https:\/\/x.com\/IFFinlande","https:\/\/www.instagram.com\/iffinlande\/","https:\/\/fr.linkedin.com\/organization-guest\/company\/institut-fran-ais-de-finlande","https:\/\/www.youtube.com\/channel\/UCHAitdpmSbeP78eL49XMotA"]},{"@type":"Person","@id":"https:\/\/www.france.fi\/#\/schema\/person\/ed873f29db1d0af6a3600d15d3b65bfd","name":"Equipe IFF","image":{"@type":"ImageObject","inLanguage":"en-US","@id":"https:\/\/secure.gravatar.com\/avatar\/3c4ba80228d01014b25e45e90abb28ce315a02c6572751a7fb2298e4274989fc?s=96&d=mm&r=g","url":"https:\/\/secure.gravatar.com\/avatar\/3c4ba80228d01014b25e45e90abb28ce315a02c6572751a7fb2298e4274989fc?s=96&d=mm&r=g","contentUrl":"https:\/\/secure.gravatar.com\/avatar\/3c4ba80228d01014b25e45e90abb28ce315a02c6572751a7fb2298e4274989fc?s=96&d=mm&r=g","caption":"Equipe IFF"},"url":"https:\/\/www.france.fi\/en\/author\/iffadmin\/"}]}},"_links":{"self":[{"href":"https:\/\/www.france.fi\/en\/wp-json\/wp\/v2\/posts\/6401","targetHints":{"allow":["GET"]}}],"collection":[{"href":"https:\/\/www.france.fi\/en\/wp-json\/wp\/v2\/posts"}],"about":[{"href":"https:\/\/www.france.fi\/en\/wp-json\/wp\/v2\/types\/post"}],"author":[{"embeddable":true,"href":"https:\/\/www.france.fi\/en\/wp-json\/wp\/v2\/users\/2"}],"replies":[{"embeddable":true,"href":"https:\/\/www.france.fi\/en\/wp-json\/wp\/v2\/comments?post=6401"}],"version-history":[{"count":0,"href":"https:\/\/www.france.fi\/en\/wp-json\/wp\/v2\/posts\/6401\/revisions"}],"wp:featuredmedia":[{"embeddable":true,"href":"https:\/\/www.france.fi\/en\/wp-json\/wp\/v2\/media\/6398"}],"wp:attachment":[{"href":"https:\/\/www.france.fi\/en\/wp-json\/wp\/v2\/media?parent=6401"}],"wp:term":[{"taxonomy":"category","embeddable":true,"href":"https:\/\/www.france.fi\/en\/wp-json\/wp\/v2\/categories?post=6401"},{"taxonomy":"post_tag","embeddable":true,"href":"https:\/\/www.france.fi\/en\/wp-json\/wp\/v2\/tags?post=6401"}],"curies":[{"name":"wp","href":"https:\/\/api.w.org\/{rel}","templated":true}]}}