{"id":6409,"date":"2021-08-25T14:07:51","date_gmt":"2021-08-25T11:07:51","guid":{"rendered":"http:\/\/www.france.fi\/culture\/cafe-pedagogique-cafe-professionnel\/"},"modified":"2021-11-26T14:07:34","modified_gmt":"2021-11-26T12:07:34","slug":"cafe-pedagogique-cafe-professionnel","status":"publish","type":"post","link":"https:\/\/www.france.fi\/en\/french-language\/cafe-pedagogique-cafe-professionnel\/","title":{"rendered":"Caf\u00e9 p\u00e9dagogique, caf\u00e9 professionnel"},"content":{"rendered":"\n<p>Catherine David est<strong>\u00a0<\/strong><strong>chercheuse et formatrice en didactique du FLE\u00a0: \u00e0 l\u2019universit\u00e9 d\u2019Aix-Marseille, elle anime, outre ses cours \u00e0 l\u2019universit\u00e9, des formations \u00e0 destination des enseignants de fran\u00e7ais. Ses<\/strong> recherches portent sur <strong>la prise en compte de l&#8217;h\u00e9t\u00e9rog\u00e9n\u00e9it\u00e9 en classe de langues (avec un focus FLE\/S) et sur les d\u00e9marches de diff\u00e9renciation p\u00e9dagogique<\/strong>.<\/p>\n<p><strong>Le jeudi 30 septembre, \u00e0 17h,<\/strong> elle dialoguera avec <strong>M\u00e9lanie Buchart<\/strong>, de l\u2019universit\u00e9 de Helsinki, sur la question de la diff\u00e9renciation p\u00e9dagogique\u00a0: comment, pour un enseignant, individualiser ses supports et ses d\u00e9marches\u00a0? Comment faire de l\u2019h\u00e9t\u00e9rog\u00e9n\u00e9it\u00e9 une richesse, plut\u00f4t qu\u2019un poids\u00a0? Ces questions seront abord\u00e9es de mani\u00e8re \u00e0 engager la discussion avec tous\u00a0: ce caf\u00e9 p\u00e9dagogique est ouvert \u00e0 tous les publics.<\/p>\n<p>L\u2019\u00e9v\u00e9nement aura lieu en fran\u00e7ais et en pr\u00e9sence <strong>\u00e0 l\u2019Institut fran\u00e7ais de Finlande<\/strong>, de 17h \u00e0 19h. Apr\u00e8s une pr\u00e9sentation sur les \u00e9l\u00e9ments \u00e0 retenir de la d\u00e9marche de diff\u00e9renciation, Catherine David \u00e9changera avec M\u00e9lanie Buchart, qui apportera \u00e9galement le point de vue de l\u2019enseignement en Finlande. Le public sera, enfin, invit\u00e9 \u00e0 poser des questions.<\/p>\n<p><strong>Entr\u00e9e libre sur inscription.<\/strong> (maximum 24 personnes)<\/p>\n<p>L\u2019\u00e9v\u00e9nement sera aussi diffus\u00e9 en direct sur notre page\u00a0<strong><a href=\"https:\/\/www.facebook.com\/institutfrancaisfi\/\" target=\"_blank\" rel=\"noopener\">Facebook<\/a><\/strong>\u00a0puis en replay sur notre\u00a0<strong><a href=\"https:\/\/www.youtube.com\/channel\/UCHAitdpmSbeP78eL49XMotA\" target=\"_blank\" rel=\"noopener\">Cha\u00eene Youtube<\/a><\/strong><\/p>\n<p><div class=\"rve\" data-content-width=\"580\"><iframe loading=\"lazy\" title=\"La p\u00e9dagogie diff\u00e9renci\u00e9e\" width=\"580\" height=\"326\" src=\"https:\/\/www.youtube.com\/embed\/vMdueWfzdoc?feature=oembed\" frameborder=\"0\" allow=\"accelerometer; autoplay; clipboard-write; encrypted-media; gyroscope; picture-in-picture; web-share\" referrerpolicy=\"strict-origin-when-cross-origin\" allowfullscreen><\/iframe><\/div><!-- Responsive Video Embeds plugin by www.kevinleary.net --><\/p>\n","protected":false},"excerpt":{"rendered":"<p>Catherine David participera \u00e0 un caf\u00e9 p\u00e9dagogique sur la p\u00e9dagogie diff\u00e9renci\u00e9e.<\/p>\n","protected":false},"author":2,"featured_media":6406,"comment_status":"closed","ping_status":"closed","sticky":false,"template":"","format":"standard","meta":{"footnotes":""},"categories":[51],"tags":[],"class_list":["post-6409","post","type-post","status-publish","format-standard","has-post-thumbnail","hentry","category-french-language"],"yoast_head":"<!-- This site is optimized with the Yoast SEO plugin v27.4 - https:\/\/yoast.com\/product\/yoast-seo-wordpress\/ -->\n<title>Caf\u00e9 p\u00e9dagogique, caf\u00e9 professionnel - Institut fran\u00e7ais<\/title>\n<meta name=\"robots\" content=\"index, follow, max-snippet:-1, max-image-preview:large, max-video-preview:-1\" \/>\n<link rel=\"canonical\" href=\"https:\/\/www.france.fi\/en\/french-language\/cafe-pedagogique-cafe-professionnel\/\" \/>\n<meta property=\"og:locale\" content=\"en_US\" \/>\n<meta property=\"og:type\" content=\"article\" \/>\n<meta property=\"og:title\" content=\"Caf\u00e9 p\u00e9dagogique, caf\u00e9 professionnel - Institut fran\u00e7ais\" \/>\n<meta property=\"og:description\" content=\"Catherine David participera \u00e0 un caf\u00e9 p\u00e9dagogique sur la p\u00e9dagogie diff\u00e9renci\u00e9e.\" \/>\n<meta property=\"og:url\" content=\"https:\/\/www.france.fi\/en\/french-language\/cafe-pedagogique-cafe-professionnel\/\" \/>\n<meta property=\"og:site_name\" content=\"Institut fran\u00e7ais\" \/>\n<meta property=\"article:publisher\" content=\"https:\/\/www.facebook.com\/institutfrancaisfi\" \/>\n<meta property=\"article:published_time\" content=\"2021-08-25T11:07:51+00:00\" \/>\n<meta property=\"article:modified_time\" content=\"2021-11-26T12:07:34+00:00\" \/>\n<meta property=\"og:image\" content=\"https:\/\/www.france.fi\/wp-content\/uploads\/2021\/08\/LA-PEDAGOGIE-differenciee-1098x617.jpg\" \/>\n\t<meta property=\"og:image:width\" content=\"1280\" \/>\n\t<meta property=\"og:image:height\" content=\"720\" \/>\n\t<meta property=\"og:image:type\" content=\"image\/jpeg\" \/>\n<meta name=\"author\" content=\"Equipe IFF\" \/>\n<meta name=\"twitter:card\" content=\"summary_large_image\" \/>\n<meta name=\"twitter:creator\" content=\"@IFFinlande\" \/>\n<meta name=\"twitter:site\" content=\"@IFFinlande\" \/>\n<meta name=\"twitter:label1\" content=\"Written by\" \/>\n\t<meta name=\"twitter:data1\" content=\"Equipe IFF\" \/>\n\t<meta name=\"twitter:label2\" content=\"Est. reading time\" \/>\n\t<meta name=\"twitter:data2\" content=\"1 minute\" \/>\n<script type=\"application\/ld+json\" class=\"yoast-schema-graph\">{\"@context\":\"https:\\\/\\\/schema.org\",\"@graph\":[{\"@type\":\"Article\",\"@id\":\"https:\\\/\\\/www.france.fi\\\/en\\\/french-language\\\/cafe-pedagogique-cafe-professionnel\\\/#article\",\"isPartOf\":{\"@id\":\"https:\\\/\\\/www.france.fi\\\/en\\\/french-language\\\/cafe-pedagogique-cafe-professionnel\\\/\"},\"author\":{\"name\":\"Equipe IFF\",\"@id\":\"https:\\\/\\\/www.france.fi\\\/#\\\/schema\\\/person\\\/ed873f29db1d0af6a3600d15d3b65bfd\"},\"headline\":\"Caf\u00e9 p\u00e9dagogique, caf\u00e9 professionnel\",\"datePublished\":\"2021-08-25T11:07:51+00:00\",\"dateModified\":\"2021-11-26T12:07:34+00:00\",\"mainEntityOfPage\":{\"@id\":\"https:\\\/\\\/www.france.fi\\\/en\\\/french-language\\\/cafe-pedagogique-cafe-professionnel\\\/\"},\"wordCount\":237,\"publisher\":{\"@id\":\"https:\\\/\\\/www.france.fi\\\/#organization\"},\"image\":{\"@id\":\"https:\\\/\\\/www.france.fi\\\/en\\\/french-language\\\/cafe-pedagogique-cafe-professionnel\\\/#primaryimage\"},\"thumbnailUrl\":\"https:\\\/\\\/www.france.fi\\\/wp-content\\\/uploads\\\/2021\\\/08\\\/LA-PEDAGOGIE-differenciee-1098x617.jpg\",\"articleSection\":[\"French language\"],\"inLanguage\":\"en-US\"},{\"@type\":\"WebPage\",\"@id\":\"https:\\\/\\\/www.france.fi\\\/en\\\/french-language\\\/cafe-pedagogique-cafe-professionnel\\\/\",\"url\":\"https:\\\/\\\/www.france.fi\\\/en\\\/french-language\\\/cafe-pedagogique-cafe-professionnel\\\/\",\"name\":\"Caf\u00e9 p\u00e9dagogique, caf\u00e9 professionnel - Institut fran\u00e7ais\",\"isPartOf\":{\"@id\":\"https:\\\/\\\/www.france.fi\\\/#website\"},\"primaryImageOfPage\":{\"@id\":\"https:\\\/\\\/www.france.fi\\\/en\\\/french-language\\\/cafe-pedagogique-cafe-professionnel\\\/#primaryimage\"},\"image\":{\"@id\":\"https:\\\/\\\/www.france.fi\\\/en\\\/french-language\\\/cafe-pedagogique-cafe-professionnel\\\/#primaryimage\"},\"thumbnailUrl\":\"https:\\\/\\\/www.france.fi\\\/wp-content\\\/uploads\\\/2021\\\/08\\\/LA-PEDAGOGIE-differenciee-1098x617.jpg\",\"datePublished\":\"2021-08-25T11:07:51+00:00\",\"dateModified\":\"2021-11-26T12:07:34+00:00\",\"breadcrumb\":{\"@id\":\"https:\\\/\\\/www.france.fi\\\/en\\\/french-language\\\/cafe-pedagogique-cafe-professionnel\\\/#breadcrumb\"},\"inLanguage\":\"en-US\",\"potentialAction\":[{\"@type\":\"ReadAction\",\"target\":[\"https:\\\/\\\/www.france.fi\\\/en\\\/french-language\\\/cafe-pedagogique-cafe-professionnel\\\/\"]}]},{\"@type\":\"ImageObject\",\"inLanguage\":\"en-US\",\"@id\":\"https:\\\/\\\/www.france.fi\\\/en\\\/french-language\\\/cafe-pedagogique-cafe-professionnel\\\/#primaryimage\",\"url\":\"https:\\\/\\\/www.france.fi\\\/wp-content\\\/uploads\\\/2021\\\/08\\\/LA-PEDAGOGIE-differenciee-1098x617.jpg\",\"contentUrl\":\"https:\\\/\\\/www.france.fi\\\/wp-content\\\/uploads\\\/2021\\\/08\\\/LA-PEDAGOGIE-differenciee-1098x617.jpg\",\"width\":1280,\"height\":720},{\"@type\":\"BreadcrumbList\",\"@id\":\"https:\\\/\\\/www.france.fi\\\/en\\\/french-language\\\/cafe-pedagogique-cafe-professionnel\\\/#breadcrumb\",\"itemListElement\":[{\"@type\":\"ListItem\",\"position\":1,\"name\":\"Home\",\"item\":\"https:\\\/\\\/www.france.fi\\\/en\\\/\"},{\"@type\":\"ListItem\",\"position\":2,\"name\":\"Langue fran\u00e7aise\",\"item\":\"https:\\\/\\\/www.france.fi\\\/fr\\\/category\\\/langue-francaise\\\/\"},{\"@type\":\"ListItem\",\"position\":3,\"name\":\"Caf\u00e9 p\u00e9dagogique, caf\u00e9 professionnel\"}]},{\"@type\":\"WebSite\",\"@id\":\"https:\\\/\\\/www.france.fi\\\/#website\",\"url\":\"https:\\\/\\\/www.france.fi\\\/\",\"name\":\"Institut fran\u00e7ais de Finlande\",\"description\":\"\",\"publisher\":{\"@id\":\"https:\\\/\\\/www.france.fi\\\/#organization\"},\"potentialAction\":[{\"@type\":\"SearchAction\",\"target\":{\"@type\":\"EntryPoint\",\"urlTemplate\":\"https:\\\/\\\/www.france.fi\\\/?s={search_term_string}\"},\"query-input\":{\"@type\":\"PropertyValueSpecification\",\"valueRequired\":true,\"valueName\":\"search_term_string\"}}],\"inLanguage\":\"en-US\"},{\"@type\":\"Organization\",\"@id\":\"https:\\\/\\\/www.france.fi\\\/#organization\",\"name\":\"Institut fran\u00e7ais de Finlande\",\"url\":\"https:\\\/\\\/www.france.fi\\\/\",\"logo\":{\"@type\":\"ImageObject\",\"inLanguage\":\"en-US\",\"@id\":\"https:\\\/\\\/www.france.fi\\\/#\\\/schema\\\/logo\\\/image\\\/\",\"url\":\"https:\\\/\\\/www.france.fi\\\/wp-content\\\/uploads\\\/2024\\\/02\\\/if-logo-1.png\",\"contentUrl\":\"https:\\\/\\\/www.france.fi\\\/wp-content\\\/uploads\\\/2024\\\/02\\\/if-logo-1.png\",\"width\":687,\"height\":459,\"caption\":\"Institut fran\u00e7ais de Finlande\"},\"image\":{\"@id\":\"https:\\\/\\\/www.france.fi\\\/#\\\/schema\\\/logo\\\/image\\\/\"},\"sameAs\":[\"https:\\\/\\\/www.facebook.com\\\/institutfrancaisfi\",\"https:\\\/\\\/x.com\\\/IFFinlande\",\"https:\\\/\\\/www.instagram.com\\\/iffinlande\\\/\",\"https:\\\/\\\/fr.linkedin.com\\\/organization-guest\\\/company\\\/institut-fran-ais-de-finlande\",\"https:\\\/\\\/www.youtube.com\\\/channel\\\/UCHAitdpmSbeP78eL49XMotA\"]},{\"@type\":\"Person\",\"@id\":\"https:\\\/\\\/www.france.fi\\\/#\\\/schema\\\/person\\\/ed873f29db1d0af6a3600d15d3b65bfd\",\"name\":\"Equipe IFF\",\"image\":{\"@type\":\"ImageObject\",\"inLanguage\":\"en-US\",\"@id\":\"https:\\\/\\\/secure.gravatar.com\\\/avatar\\\/3c4ba80228d01014b25e45e90abb28ce315a02c6572751a7fb2298e4274989fc?s=96&d=mm&r=g\",\"url\":\"https:\\\/\\\/secure.gravatar.com\\\/avatar\\\/3c4ba80228d01014b25e45e90abb28ce315a02c6572751a7fb2298e4274989fc?s=96&d=mm&r=g\",\"contentUrl\":\"https:\\\/\\\/secure.gravatar.com\\\/avatar\\\/3c4ba80228d01014b25e45e90abb28ce315a02c6572751a7fb2298e4274989fc?s=96&d=mm&r=g\",\"caption\":\"Equipe IFF\"},\"url\":\"https:\\\/\\\/www.france.fi\\\/en\\\/author\\\/iffadmin\\\/\"}]}<\/script>\n<!-- \/ Yoast SEO plugin. -->","yoast_head_json":{"title":"Caf\u00e9 p\u00e9dagogique, caf\u00e9 professionnel - Institut fran\u00e7ais","robots":{"index":"index","follow":"follow","max-snippet":"max-snippet:-1","max-image-preview":"max-image-preview:large","max-video-preview":"max-video-preview:-1"},"canonical":"https:\/\/www.france.fi\/en\/french-language\/cafe-pedagogique-cafe-professionnel\/","og_locale":"en_US","og_type":"article","og_title":"Caf\u00e9 p\u00e9dagogique, caf\u00e9 professionnel - Institut fran\u00e7ais","og_description":"Catherine David participera \u00e0 un caf\u00e9 p\u00e9dagogique sur la p\u00e9dagogie diff\u00e9renci\u00e9e.","og_url":"https:\/\/www.france.fi\/en\/french-language\/cafe-pedagogique-cafe-professionnel\/","og_site_name":"Institut fran\u00e7ais","article_publisher":"https:\/\/www.facebook.com\/institutfrancaisfi","article_published_time":"2021-08-25T11:07:51+00:00","article_modified_time":"2021-11-26T12:07:34+00:00","og_image":[{"width":1280,"height":720,"url":"https:\/\/www.france.fi\/wp-content\/uploads\/2021\/08\/LA-PEDAGOGIE-differenciee-1098x617.jpg","type":"image\/jpeg"}],"author":"Equipe IFF","twitter_card":"summary_large_image","twitter_creator":"@IFFinlande","twitter_site":"@IFFinlande","twitter_misc":{"Written by":"Equipe IFF","Est. reading time":"1 minute"},"schema":{"@context":"https:\/\/schema.org","@graph":[{"@type":"Article","@id":"https:\/\/www.france.fi\/en\/french-language\/cafe-pedagogique-cafe-professionnel\/#article","isPartOf":{"@id":"https:\/\/www.france.fi\/en\/french-language\/cafe-pedagogique-cafe-professionnel\/"},"author":{"name":"Equipe IFF","@id":"https:\/\/www.france.fi\/#\/schema\/person\/ed873f29db1d0af6a3600d15d3b65bfd"},"headline":"Caf\u00e9 p\u00e9dagogique, caf\u00e9 professionnel","datePublished":"2021-08-25T11:07:51+00:00","dateModified":"2021-11-26T12:07:34+00:00","mainEntityOfPage":{"@id":"https:\/\/www.france.fi\/en\/french-language\/cafe-pedagogique-cafe-professionnel\/"},"wordCount":237,"publisher":{"@id":"https:\/\/www.france.fi\/#organization"},"image":{"@id":"https:\/\/www.france.fi\/en\/french-language\/cafe-pedagogique-cafe-professionnel\/#primaryimage"},"thumbnailUrl":"https:\/\/www.france.fi\/wp-content\/uploads\/2021\/08\/LA-PEDAGOGIE-differenciee-1098x617.jpg","articleSection":["French language"],"inLanguage":"en-US"},{"@type":"WebPage","@id":"https:\/\/www.france.fi\/en\/french-language\/cafe-pedagogique-cafe-professionnel\/","url":"https:\/\/www.france.fi\/en\/french-language\/cafe-pedagogique-cafe-professionnel\/","name":"Caf\u00e9 p\u00e9dagogique, caf\u00e9 professionnel - Institut fran\u00e7ais","isPartOf":{"@id":"https:\/\/www.france.fi\/#website"},"primaryImageOfPage":{"@id":"https:\/\/www.france.fi\/en\/french-language\/cafe-pedagogique-cafe-professionnel\/#primaryimage"},"image":{"@id":"https:\/\/www.france.fi\/en\/french-language\/cafe-pedagogique-cafe-professionnel\/#primaryimage"},"thumbnailUrl":"https:\/\/www.france.fi\/wp-content\/uploads\/2021\/08\/LA-PEDAGOGIE-differenciee-1098x617.jpg","datePublished":"2021-08-25T11:07:51+00:00","dateModified":"2021-11-26T12:07:34+00:00","breadcrumb":{"@id":"https:\/\/www.france.fi\/en\/french-language\/cafe-pedagogique-cafe-professionnel\/#breadcrumb"},"inLanguage":"en-US","potentialAction":[{"@type":"ReadAction","target":["https:\/\/www.france.fi\/en\/french-language\/cafe-pedagogique-cafe-professionnel\/"]}]},{"@type":"ImageObject","inLanguage":"en-US","@id":"https:\/\/www.france.fi\/en\/french-language\/cafe-pedagogique-cafe-professionnel\/#primaryimage","url":"https:\/\/www.france.fi\/wp-content\/uploads\/2021\/08\/LA-PEDAGOGIE-differenciee-1098x617.jpg","contentUrl":"https:\/\/www.france.fi\/wp-content\/uploads\/2021\/08\/LA-PEDAGOGIE-differenciee-1098x617.jpg","width":1280,"height":720},{"@type":"BreadcrumbList","@id":"https:\/\/www.france.fi\/en\/french-language\/cafe-pedagogique-cafe-professionnel\/#breadcrumb","itemListElement":[{"@type":"ListItem","position":1,"name":"Home","item":"https:\/\/www.france.fi\/en\/"},{"@type":"ListItem","position":2,"name":"Langue fran\u00e7aise","item":"https:\/\/www.france.fi\/fr\/category\/langue-francaise\/"},{"@type":"ListItem","position":3,"name":"Caf\u00e9 p\u00e9dagogique, caf\u00e9 professionnel"}]},{"@type":"WebSite","@id":"https:\/\/www.france.fi\/#website","url":"https:\/\/www.france.fi\/","name":"Institut fran\u00e7ais de Finlande","description":"","publisher":{"@id":"https:\/\/www.france.fi\/#organization"},"potentialAction":[{"@type":"SearchAction","target":{"@type":"EntryPoint","urlTemplate":"https:\/\/www.france.fi\/?s={search_term_string}"},"query-input":{"@type":"PropertyValueSpecification","valueRequired":true,"valueName":"search_term_string"}}],"inLanguage":"en-US"},{"@type":"Organization","@id":"https:\/\/www.france.fi\/#organization","name":"Institut fran\u00e7ais de Finlande","url":"https:\/\/www.france.fi\/","logo":{"@type":"ImageObject","inLanguage":"en-US","@id":"https:\/\/www.france.fi\/#\/schema\/logo\/image\/","url":"https:\/\/www.france.fi\/wp-content\/uploads\/2024\/02\/if-logo-1.png","contentUrl":"https:\/\/www.france.fi\/wp-content\/uploads\/2024\/02\/if-logo-1.png","width":687,"height":459,"caption":"Institut fran\u00e7ais de Finlande"},"image":{"@id":"https:\/\/www.france.fi\/#\/schema\/logo\/image\/"},"sameAs":["https:\/\/www.facebook.com\/institutfrancaisfi","https:\/\/x.com\/IFFinlande","https:\/\/www.instagram.com\/iffinlande\/","https:\/\/fr.linkedin.com\/organization-guest\/company\/institut-fran-ais-de-finlande","https:\/\/www.youtube.com\/channel\/UCHAitdpmSbeP78eL49XMotA"]},{"@type":"Person","@id":"https:\/\/www.france.fi\/#\/schema\/person\/ed873f29db1d0af6a3600d15d3b65bfd","name":"Equipe IFF","image":{"@type":"ImageObject","inLanguage":"en-US","@id":"https:\/\/secure.gravatar.com\/avatar\/3c4ba80228d01014b25e45e90abb28ce315a02c6572751a7fb2298e4274989fc?s=96&d=mm&r=g","url":"https:\/\/secure.gravatar.com\/avatar\/3c4ba80228d01014b25e45e90abb28ce315a02c6572751a7fb2298e4274989fc?s=96&d=mm&r=g","contentUrl":"https:\/\/secure.gravatar.com\/avatar\/3c4ba80228d01014b25e45e90abb28ce315a02c6572751a7fb2298e4274989fc?s=96&d=mm&r=g","caption":"Equipe IFF"},"url":"https:\/\/www.france.fi\/en\/author\/iffadmin\/"}]}},"_links":{"self":[{"href":"https:\/\/www.france.fi\/en\/wp-json\/wp\/v2\/posts\/6409","targetHints":{"allow":["GET"]}}],"collection":[{"href":"https:\/\/www.france.fi\/en\/wp-json\/wp\/v2\/posts"}],"about":[{"href":"https:\/\/www.france.fi\/en\/wp-json\/wp\/v2\/types\/post"}],"author":[{"embeddable":true,"href":"https:\/\/www.france.fi\/en\/wp-json\/wp\/v2\/users\/2"}],"replies":[{"embeddable":true,"href":"https:\/\/www.france.fi\/en\/wp-json\/wp\/v2\/comments?post=6409"}],"version-history":[{"count":0,"href":"https:\/\/www.france.fi\/en\/wp-json\/wp\/v2\/posts\/6409\/revisions"}],"wp:featuredmedia":[{"embeddable":true,"href":"https:\/\/www.france.fi\/en\/wp-json\/wp\/v2\/media\/6406"}],"wp:attachment":[{"href":"https:\/\/www.france.fi\/en\/wp-json\/wp\/v2\/media?parent=6409"}],"wp:term":[{"taxonomy":"category","embeddable":true,"href":"https:\/\/www.france.fi\/en\/wp-json\/wp\/v2\/categories?post=6409"},{"taxonomy":"post_tag","embeddable":true,"href":"https:\/\/www.france.fi\/en\/wp-json\/wp\/v2\/tags?post=6409"}],"curies":[{"name":"wp","href":"https:\/\/api.w.org\/{rel}","templated":true}]}}