{"id":6885,"date":"2021-10-04T14:41:26","date_gmt":"2021-10-04T11:41:26","guid":{"rendered":"http:\/\/www.france.fi\/culture\/viinia-keittiossa-theatre-et-diner-francais\/"},"modified":"2021-12-10T09:56:23","modified_gmt":"2021-12-10T07:56:23","slug":"viinia-keittiossa-theatre-et-diner-francais","status":"publish","type":"post","link":"https:\/\/www.france.fi\/en\/culture\/viinia-keittiossa-theatre-et-diner-francais\/","title":{"rendered":"Viini\u00e4 keitti\u00f6ss\u00e4 &#8211; th\u00e9\u00e2tre et d\u00eener fran\u00e7ais"},"content":{"rendered":"\n<p>Le th\u00e9\u00e2tre de Keski Uudenmaa pr\u00e9sente son adaptation du roman<em> Je l\u2019aimais<\/em> d\u2019Anna Gavalda. Le 23 octobre, le th\u00e9\u00e2tre s\u2019associe au restaurant Muru autour d\u2019<strong><a href=\"https:\/\/www.kut.fi\/single-post\/ranskalainen-illallinen-23-10\" target=\"_blank\" rel=\"noopener\">une soir\u00e9e gastronomique<\/a><\/strong> et th\u00e9\u00e2trale \u00e0 la fran\u00e7aise !<\/p>\n<p>A-t-on le droit de tout quitter, femme et enfants, simplement parce que l&#8217;on se rend compte &#8211; un peu tard &#8211; que l&#8217;on s&#8217;est peut-\u00eatre tromp\u00e9 ? Adrien est parti. Chlo\u00e9 et leurs deux filles sont sous le choc. Le p\u00e8re d&#8217;Adrien apporte \u00e0 la jeune femme son r\u00e9confort. \u00c0 sa mani\u00e8re: plut\u00f4t que d&#8217;accabler son fils, il semble lui porter une certaine admiration. Son geste est \u00e9go\u00efste, certes, mais courageux. Lui n&#8217;en a pas \u00e9t\u00e9 capable. Tout au long d&#8217;une \u00e9mouvante confidence, il raconte \u00e0 sa belle-fille comment, jadis, en voulant l\u00e2chement pr\u00e9server sa vie, il a tout g\u00e2ch\u00e9.<\/p>\n<p><strong><a href=\"https:\/\/www.kut.fi\/viinia-keittiossa\" target=\"_blank\" rel=\"noopener\">Informations et r\u00e9servations ici<\/a><\/strong><\/p>\n","protected":false},"excerpt":{"rendered":"<p>Et si quitter, c\u2019\u00e9tait parfois une preuve de courage, rester une preuve de l\u00e2cheter ?<\/p>\n","protected":false},"author":2,"featured_media":6882,"comment_status":"closed","ping_status":"closed","sticky":false,"template":"","format":"standard","meta":{"footnotes":""},"categories":[25],"tags":[],"class_list":["post-6885","post","type-post","status-publish","format-standard","has-post-thumbnail","hentry","category-culture"],"yoast_head":"<!-- This site is optimized with the Yoast SEO plugin v27.4 - https:\/\/yoast.com\/product\/yoast-seo-wordpress\/ -->\n<title>Viini\u00e4 keitti\u00f6ss\u00e4 - th\u00e9\u00e2tre et d\u00eener fran\u00e7ais - Institut fran\u00e7ais<\/title>\n<meta name=\"robots\" content=\"index, follow, max-snippet:-1, max-image-preview:large, max-video-preview:-1\" \/>\n<link rel=\"canonical\" href=\"https:\/\/www.france.fi\/en\/culture\/viinia-keittiossa-theatre-et-diner-francais\/\" \/>\n<meta property=\"og:locale\" content=\"en_US\" \/>\n<meta property=\"og:type\" content=\"article\" \/>\n<meta property=\"og:title\" content=\"Viini\u00e4 keitti\u00f6ss\u00e4 - th\u00e9\u00e2tre et d\u00eener fran\u00e7ais - Institut fran\u00e7ais\" \/>\n<meta property=\"og:description\" content=\"Et si quitter, c\u2019\u00e9tait parfois une preuve de courage, rester une preuve de l\u00e2cheter ?\" \/>\n<meta property=\"og:url\" content=\"https:\/\/www.france.fi\/en\/culture\/viinia-keittiossa-theatre-et-diner-francais\/\" \/>\n<meta property=\"og:site_name\" content=\"Institut fran\u00e7ais\" \/>\n<meta property=\"article:publisher\" content=\"https:\/\/www.facebook.com\/institutfrancaisfi\" \/>\n<meta property=\"article:published_time\" content=\"2021-10-04T11:41:26+00:00\" \/>\n<meta property=\"article:modified_time\" content=\"2021-12-10T07:56:23+00:00\" \/>\n<meta property=\"og:image\" content=\"https:\/\/www.france.fi\/wp-content\/uploads\/2021\/10\/Viinia-keittiossa-1098x617.jpg\" \/>\n\t<meta property=\"og:image:width\" content=\"1280\" \/>\n\t<meta property=\"og:image:height\" content=\"720\" \/>\n\t<meta property=\"og:image:type\" content=\"image\/jpeg\" \/>\n<meta name=\"author\" content=\"Equipe IFF\" \/>\n<meta name=\"twitter:card\" content=\"summary_large_image\" \/>\n<meta name=\"twitter:creator\" content=\"@IFFinlande\" \/>\n<meta name=\"twitter:site\" content=\"@IFFinlande\" \/>\n<meta name=\"twitter:label1\" content=\"Written by\" \/>\n\t<meta name=\"twitter:data1\" content=\"Equipe IFF\" \/>\n\t<meta name=\"twitter:label2\" content=\"Est. reading time\" \/>\n\t<meta name=\"twitter:data2\" content=\"1 minute\" \/>\n<script type=\"application\/ld+json\" class=\"yoast-schema-graph\">{\"@context\":\"https:\\\/\\\/schema.org\",\"@graph\":[{\"@type\":\"Article\",\"@id\":\"https:\\\/\\\/www.france.fi\\\/en\\\/culture\\\/viinia-keittiossa-theatre-et-diner-francais\\\/#article\",\"isPartOf\":{\"@id\":\"https:\\\/\\\/www.france.fi\\\/en\\\/culture\\\/viinia-keittiossa-theatre-et-diner-francais\\\/\"},\"author\":{\"name\":\"Equipe IFF\",\"@id\":\"https:\\\/\\\/www.france.fi\\\/#\\\/schema\\\/person\\\/ed873f29db1d0af6a3600d15d3b65bfd\"},\"headline\":\"Viini\u00e4 keitti\u00f6ss\u00e4 &#8211; th\u00e9\u00e2tre et d\u00eener fran\u00e7ais\",\"datePublished\":\"2021-10-04T11:41:26+00:00\",\"dateModified\":\"2021-12-10T07:56:23+00:00\",\"mainEntityOfPage\":{\"@id\":\"https:\\\/\\\/www.france.fi\\\/en\\\/culture\\\/viinia-keittiossa-theatre-et-diner-francais\\\/\"},\"wordCount\":168,\"publisher\":{\"@id\":\"https:\\\/\\\/www.france.fi\\\/#organization\"},\"image\":{\"@id\":\"https:\\\/\\\/www.france.fi\\\/en\\\/culture\\\/viinia-keittiossa-theatre-et-diner-francais\\\/#primaryimage\"},\"thumbnailUrl\":\"https:\\\/\\\/www.france.fi\\\/wp-content\\\/uploads\\\/2021\\\/10\\\/Viinia-keittiossa-1098x617.jpg\",\"articleSection\":[\"Culture\"],\"inLanguage\":\"en-US\"},{\"@type\":\"WebPage\",\"@id\":\"https:\\\/\\\/www.france.fi\\\/en\\\/culture\\\/viinia-keittiossa-theatre-et-diner-francais\\\/\",\"url\":\"https:\\\/\\\/www.france.fi\\\/en\\\/culture\\\/viinia-keittiossa-theatre-et-diner-francais\\\/\",\"name\":\"Viini\u00e4 keitti\u00f6ss\u00e4 - th\u00e9\u00e2tre et d\u00eener fran\u00e7ais - Institut fran\u00e7ais\",\"isPartOf\":{\"@id\":\"https:\\\/\\\/www.france.fi\\\/#website\"},\"primaryImageOfPage\":{\"@id\":\"https:\\\/\\\/www.france.fi\\\/en\\\/culture\\\/viinia-keittiossa-theatre-et-diner-francais\\\/#primaryimage\"},\"image\":{\"@id\":\"https:\\\/\\\/www.france.fi\\\/en\\\/culture\\\/viinia-keittiossa-theatre-et-diner-francais\\\/#primaryimage\"},\"thumbnailUrl\":\"https:\\\/\\\/www.france.fi\\\/wp-content\\\/uploads\\\/2021\\\/10\\\/Viinia-keittiossa-1098x617.jpg\",\"datePublished\":\"2021-10-04T11:41:26+00:00\",\"dateModified\":\"2021-12-10T07:56:23+00:00\",\"breadcrumb\":{\"@id\":\"https:\\\/\\\/www.france.fi\\\/en\\\/culture\\\/viinia-keittiossa-theatre-et-diner-francais\\\/#breadcrumb\"},\"inLanguage\":\"en-US\",\"potentialAction\":[{\"@type\":\"ReadAction\",\"target\":[\"https:\\\/\\\/www.france.fi\\\/en\\\/culture\\\/viinia-keittiossa-theatre-et-diner-francais\\\/\"]}]},{\"@type\":\"ImageObject\",\"inLanguage\":\"en-US\",\"@id\":\"https:\\\/\\\/www.france.fi\\\/en\\\/culture\\\/viinia-keittiossa-theatre-et-diner-francais\\\/#primaryimage\",\"url\":\"https:\\\/\\\/www.france.fi\\\/wp-content\\\/uploads\\\/2021\\\/10\\\/Viinia-keittiossa-1098x617.jpg\",\"contentUrl\":\"https:\\\/\\\/www.france.fi\\\/wp-content\\\/uploads\\\/2021\\\/10\\\/Viinia-keittiossa-1098x617.jpg\",\"width\":1280,\"height\":720},{\"@type\":\"BreadcrumbList\",\"@id\":\"https:\\\/\\\/www.france.fi\\\/en\\\/culture\\\/viinia-keittiossa-theatre-et-diner-francais\\\/#breadcrumb\",\"itemListElement\":[{\"@type\":\"ListItem\",\"position\":1,\"name\":\"Home\",\"item\":\"https:\\\/\\\/www.france.fi\\\/en\\\/\"},{\"@type\":\"ListItem\",\"position\":2,\"name\":\"Culture\",\"item\":\"https:\\\/\\\/www.france.fi\\\/fr\\\/category\\\/culture\\\/\"},{\"@type\":\"ListItem\",\"position\":3,\"name\":\"Viini\u00e4 keitti\u00f6ss\u00e4 &#8211; th\u00e9\u00e2tre et d\u00eener fran\u00e7ais\"}]},{\"@type\":\"WebSite\",\"@id\":\"https:\\\/\\\/www.france.fi\\\/#website\",\"url\":\"https:\\\/\\\/www.france.fi\\\/\",\"name\":\"Institut fran\u00e7ais de Finlande\",\"description\":\"\",\"publisher\":{\"@id\":\"https:\\\/\\\/www.france.fi\\\/#organization\"},\"potentialAction\":[{\"@type\":\"SearchAction\",\"target\":{\"@type\":\"EntryPoint\",\"urlTemplate\":\"https:\\\/\\\/www.france.fi\\\/?s={search_term_string}\"},\"query-input\":{\"@type\":\"PropertyValueSpecification\",\"valueRequired\":true,\"valueName\":\"search_term_string\"}}],\"inLanguage\":\"en-US\"},{\"@type\":\"Organization\",\"@id\":\"https:\\\/\\\/www.france.fi\\\/#organization\",\"name\":\"Institut fran\u00e7ais de Finlande\",\"url\":\"https:\\\/\\\/www.france.fi\\\/\",\"logo\":{\"@type\":\"ImageObject\",\"inLanguage\":\"en-US\",\"@id\":\"https:\\\/\\\/www.france.fi\\\/#\\\/schema\\\/logo\\\/image\\\/\",\"url\":\"https:\\\/\\\/www.france.fi\\\/wp-content\\\/uploads\\\/2024\\\/02\\\/if-logo-1.png\",\"contentUrl\":\"https:\\\/\\\/www.france.fi\\\/wp-content\\\/uploads\\\/2024\\\/02\\\/if-logo-1.png\",\"width\":687,\"height\":459,\"caption\":\"Institut fran\u00e7ais de Finlande\"},\"image\":{\"@id\":\"https:\\\/\\\/www.france.fi\\\/#\\\/schema\\\/logo\\\/image\\\/\"},\"sameAs\":[\"https:\\\/\\\/www.facebook.com\\\/institutfrancaisfi\",\"https:\\\/\\\/x.com\\\/IFFinlande\",\"https:\\\/\\\/www.instagram.com\\\/iffinlande\\\/\",\"https:\\\/\\\/fr.linkedin.com\\\/organization-guest\\\/company\\\/institut-fran-ais-de-finlande\",\"https:\\\/\\\/www.youtube.com\\\/channel\\\/UCHAitdpmSbeP78eL49XMotA\"]},{\"@type\":\"Person\",\"@id\":\"https:\\\/\\\/www.france.fi\\\/#\\\/schema\\\/person\\\/ed873f29db1d0af6a3600d15d3b65bfd\",\"name\":\"Equipe IFF\",\"image\":{\"@type\":\"ImageObject\",\"inLanguage\":\"en-US\",\"@id\":\"https:\\\/\\\/secure.gravatar.com\\\/avatar\\\/3c4ba80228d01014b25e45e90abb28ce315a02c6572751a7fb2298e4274989fc?s=96&d=mm&r=g\",\"url\":\"https:\\\/\\\/secure.gravatar.com\\\/avatar\\\/3c4ba80228d01014b25e45e90abb28ce315a02c6572751a7fb2298e4274989fc?s=96&d=mm&r=g\",\"contentUrl\":\"https:\\\/\\\/secure.gravatar.com\\\/avatar\\\/3c4ba80228d01014b25e45e90abb28ce315a02c6572751a7fb2298e4274989fc?s=96&d=mm&r=g\",\"caption\":\"Equipe IFF\"},\"url\":\"https:\\\/\\\/www.france.fi\\\/en\\\/author\\\/iffadmin\\\/\"}]}<\/script>\n<!-- \/ Yoast SEO plugin. -->","yoast_head_json":{"title":"Viini\u00e4 keitti\u00f6ss\u00e4 - th\u00e9\u00e2tre et d\u00eener fran\u00e7ais - Institut fran\u00e7ais","robots":{"index":"index","follow":"follow","max-snippet":"max-snippet:-1","max-image-preview":"max-image-preview:large","max-video-preview":"max-video-preview:-1"},"canonical":"https:\/\/www.france.fi\/en\/culture\/viinia-keittiossa-theatre-et-diner-francais\/","og_locale":"en_US","og_type":"article","og_title":"Viini\u00e4 keitti\u00f6ss\u00e4 - th\u00e9\u00e2tre et d\u00eener fran\u00e7ais - Institut fran\u00e7ais","og_description":"Et si quitter, c\u2019\u00e9tait parfois une preuve de courage, rester une preuve de l\u00e2cheter ?","og_url":"https:\/\/www.france.fi\/en\/culture\/viinia-keittiossa-theatre-et-diner-francais\/","og_site_name":"Institut fran\u00e7ais","article_publisher":"https:\/\/www.facebook.com\/institutfrancaisfi","article_published_time":"2021-10-04T11:41:26+00:00","article_modified_time":"2021-12-10T07:56:23+00:00","og_image":[{"width":1280,"height":720,"url":"https:\/\/www.france.fi\/wp-content\/uploads\/2021\/10\/Viinia-keittiossa-1098x617.jpg","type":"image\/jpeg"}],"author":"Equipe IFF","twitter_card":"summary_large_image","twitter_creator":"@IFFinlande","twitter_site":"@IFFinlande","twitter_misc":{"Written by":"Equipe IFF","Est. reading time":"1 minute"},"schema":{"@context":"https:\/\/schema.org","@graph":[{"@type":"Article","@id":"https:\/\/www.france.fi\/en\/culture\/viinia-keittiossa-theatre-et-diner-francais\/#article","isPartOf":{"@id":"https:\/\/www.france.fi\/en\/culture\/viinia-keittiossa-theatre-et-diner-francais\/"},"author":{"name":"Equipe IFF","@id":"https:\/\/www.france.fi\/#\/schema\/person\/ed873f29db1d0af6a3600d15d3b65bfd"},"headline":"Viini\u00e4 keitti\u00f6ss\u00e4 &#8211; th\u00e9\u00e2tre et d\u00eener fran\u00e7ais","datePublished":"2021-10-04T11:41:26+00:00","dateModified":"2021-12-10T07:56:23+00:00","mainEntityOfPage":{"@id":"https:\/\/www.france.fi\/en\/culture\/viinia-keittiossa-theatre-et-diner-francais\/"},"wordCount":168,"publisher":{"@id":"https:\/\/www.france.fi\/#organization"},"image":{"@id":"https:\/\/www.france.fi\/en\/culture\/viinia-keittiossa-theatre-et-diner-francais\/#primaryimage"},"thumbnailUrl":"https:\/\/www.france.fi\/wp-content\/uploads\/2021\/10\/Viinia-keittiossa-1098x617.jpg","articleSection":["Culture"],"inLanguage":"en-US"},{"@type":"WebPage","@id":"https:\/\/www.france.fi\/en\/culture\/viinia-keittiossa-theatre-et-diner-francais\/","url":"https:\/\/www.france.fi\/en\/culture\/viinia-keittiossa-theatre-et-diner-francais\/","name":"Viini\u00e4 keitti\u00f6ss\u00e4 - th\u00e9\u00e2tre et d\u00eener fran\u00e7ais - Institut fran\u00e7ais","isPartOf":{"@id":"https:\/\/www.france.fi\/#website"},"primaryImageOfPage":{"@id":"https:\/\/www.france.fi\/en\/culture\/viinia-keittiossa-theatre-et-diner-francais\/#primaryimage"},"image":{"@id":"https:\/\/www.france.fi\/en\/culture\/viinia-keittiossa-theatre-et-diner-francais\/#primaryimage"},"thumbnailUrl":"https:\/\/www.france.fi\/wp-content\/uploads\/2021\/10\/Viinia-keittiossa-1098x617.jpg","datePublished":"2021-10-04T11:41:26+00:00","dateModified":"2021-12-10T07:56:23+00:00","breadcrumb":{"@id":"https:\/\/www.france.fi\/en\/culture\/viinia-keittiossa-theatre-et-diner-francais\/#breadcrumb"},"inLanguage":"en-US","potentialAction":[{"@type":"ReadAction","target":["https:\/\/www.france.fi\/en\/culture\/viinia-keittiossa-theatre-et-diner-francais\/"]}]},{"@type":"ImageObject","inLanguage":"en-US","@id":"https:\/\/www.france.fi\/en\/culture\/viinia-keittiossa-theatre-et-diner-francais\/#primaryimage","url":"https:\/\/www.france.fi\/wp-content\/uploads\/2021\/10\/Viinia-keittiossa-1098x617.jpg","contentUrl":"https:\/\/www.france.fi\/wp-content\/uploads\/2021\/10\/Viinia-keittiossa-1098x617.jpg","width":1280,"height":720},{"@type":"BreadcrumbList","@id":"https:\/\/www.france.fi\/en\/culture\/viinia-keittiossa-theatre-et-diner-francais\/#breadcrumb","itemListElement":[{"@type":"ListItem","position":1,"name":"Home","item":"https:\/\/www.france.fi\/en\/"},{"@type":"ListItem","position":2,"name":"Culture","item":"https:\/\/www.france.fi\/fr\/category\/culture\/"},{"@type":"ListItem","position":3,"name":"Viini\u00e4 keitti\u00f6ss\u00e4 &#8211; th\u00e9\u00e2tre et d\u00eener fran\u00e7ais"}]},{"@type":"WebSite","@id":"https:\/\/www.france.fi\/#website","url":"https:\/\/www.france.fi\/","name":"Institut fran\u00e7ais de Finlande","description":"","publisher":{"@id":"https:\/\/www.france.fi\/#organization"},"potentialAction":[{"@type":"SearchAction","target":{"@type":"EntryPoint","urlTemplate":"https:\/\/www.france.fi\/?s={search_term_string}"},"query-input":{"@type":"PropertyValueSpecification","valueRequired":true,"valueName":"search_term_string"}}],"inLanguage":"en-US"},{"@type":"Organization","@id":"https:\/\/www.france.fi\/#organization","name":"Institut fran\u00e7ais de Finlande","url":"https:\/\/www.france.fi\/","logo":{"@type":"ImageObject","inLanguage":"en-US","@id":"https:\/\/www.france.fi\/#\/schema\/logo\/image\/","url":"https:\/\/www.france.fi\/wp-content\/uploads\/2024\/02\/if-logo-1.png","contentUrl":"https:\/\/www.france.fi\/wp-content\/uploads\/2024\/02\/if-logo-1.png","width":687,"height":459,"caption":"Institut fran\u00e7ais de Finlande"},"image":{"@id":"https:\/\/www.france.fi\/#\/schema\/logo\/image\/"},"sameAs":["https:\/\/www.facebook.com\/institutfrancaisfi","https:\/\/x.com\/IFFinlande","https:\/\/www.instagram.com\/iffinlande\/","https:\/\/fr.linkedin.com\/organization-guest\/company\/institut-fran-ais-de-finlande","https:\/\/www.youtube.com\/channel\/UCHAitdpmSbeP78eL49XMotA"]},{"@type":"Person","@id":"https:\/\/www.france.fi\/#\/schema\/person\/ed873f29db1d0af6a3600d15d3b65bfd","name":"Equipe IFF","image":{"@type":"ImageObject","inLanguage":"en-US","@id":"https:\/\/secure.gravatar.com\/avatar\/3c4ba80228d01014b25e45e90abb28ce315a02c6572751a7fb2298e4274989fc?s=96&d=mm&r=g","url":"https:\/\/secure.gravatar.com\/avatar\/3c4ba80228d01014b25e45e90abb28ce315a02c6572751a7fb2298e4274989fc?s=96&d=mm&r=g","contentUrl":"https:\/\/secure.gravatar.com\/avatar\/3c4ba80228d01014b25e45e90abb28ce315a02c6572751a7fb2298e4274989fc?s=96&d=mm&r=g","caption":"Equipe IFF"},"url":"https:\/\/www.france.fi\/en\/author\/iffadmin\/"}]}},"_links":{"self":[{"href":"https:\/\/www.france.fi\/en\/wp-json\/wp\/v2\/posts\/6885","targetHints":{"allow":["GET"]}}],"collection":[{"href":"https:\/\/www.france.fi\/en\/wp-json\/wp\/v2\/posts"}],"about":[{"href":"https:\/\/www.france.fi\/en\/wp-json\/wp\/v2\/types\/post"}],"author":[{"embeddable":true,"href":"https:\/\/www.france.fi\/en\/wp-json\/wp\/v2\/users\/2"}],"replies":[{"embeddable":true,"href":"https:\/\/www.france.fi\/en\/wp-json\/wp\/v2\/comments?post=6885"}],"version-history":[{"count":0,"href":"https:\/\/www.france.fi\/en\/wp-json\/wp\/v2\/posts\/6885\/revisions"}],"wp:featuredmedia":[{"embeddable":true,"href":"https:\/\/www.france.fi\/en\/wp-json\/wp\/v2\/media\/6882"}],"wp:attachment":[{"href":"https:\/\/www.france.fi\/en\/wp-json\/wp\/v2\/media?parent=6885"}],"wp:term":[{"taxonomy":"category","embeddable":true,"href":"https:\/\/www.france.fi\/en\/wp-json\/wp\/v2\/categories?post=6885"},{"taxonomy":"post_tag","embeddable":true,"href":"https:\/\/www.france.fi\/en\/wp-json\/wp\/v2\/tags?post=6885"}],"curies":[{"name":"wp","href":"https:\/\/api.w.org\/{rel}","templated":true}]}}