{"id":7044,"date":"2021-10-22T15:05:19","date_gmt":"2021-10-22T12:05:19","guid":{"rendered":"http:\/\/www.france.fi\/culture\/serge-gainsbourg-un-auteur-de-genie\/"},"modified":"2022-02-14T11:13:40","modified_gmt":"2022-02-14T09:13:40","slug":"serge-gainsbourg-un-auteur-de-genie","status":"publish","type":"post","link":"https:\/\/www.france.fi\/en\/media-library\/serge-gainsbourg-un-auteur-de-genie\/","title":{"rendered":"Serge Gainsbourg : un auteur de g\u00e9nie"},"content":{"rendered":"\n<p>L\u2019album\u00a0<i>Les chansons de Gainsbourg<\/i>\u00a0(Volutes 1, Polars polaires (Soleil, 2015)) est un recueil de chansons de Serge Gainsbourg adapt\u00e9es en BD. Ce livre exceptionnel est le premier volume d\u2019une trilogie d\u00e9di\u00e9e au travail de l\u2019artiste. Dans une ambiance sombre, il nous fait d\u00e9couvrir des chansons immortelles comme\u00a0<i>Le poin\u00e7onneur des Lilas, Bonnie &amp; Clyde\u00a0<\/i>et<i>\u00a0Dr Jekyll et Mr Hyde<\/i>\u00a0sous forme de BD. Les BDs sont anim\u00e9es par des auteurs comme \u00c9ric H\u00fcbsch, Ptiluc, Vincent Malli\u00e9 et Dany. Cette \u0153uvre rend hommage \u00e0 la fois \u00e0 un g\u00e9nie ainsi qu\u2019\u00e0 ses admirateurs qui le suivent encore aujourd\u2019hui. Elle peut \u00eatre emprunt\u00e9e dans notre m\u00e9diath\u00e8que.<\/p>\n<p><i>\u00ab\u00a0J\u2019ai un trop grand sens de l\u2019esth\u00e9tique pour m\u2019accepter tel que je suis. Je suis bien oblig\u00e9, au bout de quarante ans de vie commune avec moi-m\u00eame, mais difficilement.\u00a0\u00bb<\/i>\u00a0-Serge Gainsbourg in Rock &amp; Folk, Septembre 1969<\/p>\n","protected":false},"excerpt":{"rendered":"<p>Auteur-compositeur-interpr\u00e8te, provocateur avec une \u00e2me romantique, g\u00e9nie de la musique et de la controverse, Serge Gainsbourg est l\u2019un des plus beaux po\u00e8tes de la chanson fran\u00e7aise. Son h\u00e9ritage musical est l\u00e9gendaire et ses chansons prouvent d\u2019une modernit\u00e9 exceptionnelle. Jouant avec les mots et avec le sens, l\u2019ic\u00f4ne fran\u00e7aise fascine toujours autant les g\u00e9n\u00e9rations, m\u00eame 30 ans apr\u00e8s sa disparition.<\/p>\n","protected":false},"author":2,"featured_media":7041,"comment_status":"closed","ping_status":"closed","sticky":false,"template":"","format":"standard","meta":{"footnotes":""},"categories":[50],"tags":[],"class_list":["post-7044","post","type-post","status-publish","format-standard","has-post-thumbnail","hentry","category-media-library"],"yoast_head":"<!-- This site is optimized with the Yoast SEO plugin v27.4 - https:\/\/yoast.com\/product\/yoast-seo-wordpress\/ -->\n<title>Serge Gainsbourg : un auteur de g\u00e9nie - Institut fran\u00e7ais<\/title>\n<meta name=\"robots\" content=\"index, follow, max-snippet:-1, max-image-preview:large, max-video-preview:-1\" \/>\n<link rel=\"canonical\" href=\"https:\/\/www.france.fi\/en\/media-library\/serge-gainsbourg-un-auteur-de-genie\/\" \/>\n<meta property=\"og:locale\" content=\"en_US\" \/>\n<meta property=\"og:type\" content=\"article\" \/>\n<meta property=\"og:title\" content=\"Serge Gainsbourg : un auteur de g\u00e9nie - Institut fran\u00e7ais\" \/>\n<meta property=\"og:description\" content=\"Auteur-compositeur-interpr\u00e8te, provocateur avec une \u00e2me romantique, g\u00e9nie de la musique et de la controverse, Serge Gainsbourg est l\u2019un des plus beaux po\u00e8tes de la chanson fran\u00e7aise. Son h\u00e9ritage musical est l\u00e9gendaire et ses chansons prouvent d\u2019une modernit\u00e9 exceptionnelle. Jouant avec les mots et avec le sens, l\u2019ic\u00f4ne fran\u00e7aise fascine toujours autant les g\u00e9n\u00e9rations, m\u00eame 30 ans apr\u00e8s sa disparition.\" \/>\n<meta property=\"og:url\" content=\"https:\/\/www.france.fi\/en\/media-library\/serge-gainsbourg-un-auteur-de-genie\/\" \/>\n<meta property=\"og:site_name\" content=\"Institut fran\u00e7ais\" \/>\n<meta property=\"article:publisher\" content=\"https:\/\/www.facebook.com\/institutfrancaisfi\" \/>\n<meta property=\"article:published_time\" content=\"2021-10-22T12:05:19+00:00\" \/>\n<meta property=\"article:modified_time\" content=\"2022-02-14T09:13:40+00:00\" \/>\n<meta property=\"og:image\" content=\"https:\/\/www.france.fi\/wp-content\/uploads\/2021\/10\/Serge-Gainsbourg-un-auteur-de-genie-1098x617.jpg\" \/>\n\t<meta property=\"og:image:width\" content=\"1280\" \/>\n\t<meta property=\"og:image:height\" content=\"720\" \/>\n\t<meta property=\"og:image:type\" content=\"image\/jpeg\" \/>\n<meta name=\"author\" content=\"Equipe IFF\" \/>\n<meta name=\"twitter:card\" content=\"summary_large_image\" \/>\n<meta name=\"twitter:creator\" content=\"@IFFinlande\" \/>\n<meta name=\"twitter:site\" content=\"@IFFinlande\" \/>\n<meta name=\"twitter:label1\" content=\"Written by\" \/>\n\t<meta name=\"twitter:data1\" content=\"Equipe IFF\" \/>\n\t<meta name=\"twitter:label2\" content=\"Est. reading time\" \/>\n\t<meta name=\"twitter:data2\" content=\"1 minute\" \/>\n<script type=\"application\/ld+json\" class=\"yoast-schema-graph\">{\"@context\":\"https:\\\/\\\/schema.org\",\"@graph\":[{\"@type\":\"Article\",\"@id\":\"https:\\\/\\\/www.france.fi\\\/en\\\/media-library\\\/serge-gainsbourg-un-auteur-de-genie\\\/#article\",\"isPartOf\":{\"@id\":\"https:\\\/\\\/www.france.fi\\\/en\\\/media-library\\\/serge-gainsbourg-un-auteur-de-genie\\\/\"},\"author\":{\"name\":\"Equipe IFF\",\"@id\":\"https:\\\/\\\/www.france.fi\\\/#\\\/schema\\\/person\\\/ed873f29db1d0af6a3600d15d3b65bfd\"},\"headline\":\"Serge Gainsbourg : un auteur de g\u00e9nie\",\"datePublished\":\"2021-10-22T12:05:19+00:00\",\"dateModified\":\"2022-02-14T09:13:40+00:00\",\"mainEntityOfPage\":{\"@id\":\"https:\\\/\\\/www.france.fi\\\/en\\\/media-library\\\/serge-gainsbourg-un-auteur-de-genie\\\/\"},\"wordCount\":165,\"publisher\":{\"@id\":\"https:\\\/\\\/www.france.fi\\\/#organization\"},\"image\":{\"@id\":\"https:\\\/\\\/www.france.fi\\\/en\\\/media-library\\\/serge-gainsbourg-un-auteur-de-genie\\\/#primaryimage\"},\"thumbnailUrl\":\"https:\\\/\\\/www.france.fi\\\/wp-content\\\/uploads\\\/2021\\\/10\\\/Serge-Gainsbourg-un-auteur-de-genie-1098x617.jpg\",\"articleSection\":[\"Media Library\"],\"inLanguage\":\"en-US\"},{\"@type\":\"WebPage\",\"@id\":\"https:\\\/\\\/www.france.fi\\\/en\\\/media-library\\\/serge-gainsbourg-un-auteur-de-genie\\\/\",\"url\":\"https:\\\/\\\/www.france.fi\\\/en\\\/media-library\\\/serge-gainsbourg-un-auteur-de-genie\\\/\",\"name\":\"Serge Gainsbourg : un auteur de g\u00e9nie - Institut fran\u00e7ais\",\"isPartOf\":{\"@id\":\"https:\\\/\\\/www.france.fi\\\/#website\"},\"primaryImageOfPage\":{\"@id\":\"https:\\\/\\\/www.france.fi\\\/en\\\/media-library\\\/serge-gainsbourg-un-auteur-de-genie\\\/#primaryimage\"},\"image\":{\"@id\":\"https:\\\/\\\/www.france.fi\\\/en\\\/media-library\\\/serge-gainsbourg-un-auteur-de-genie\\\/#primaryimage\"},\"thumbnailUrl\":\"https:\\\/\\\/www.france.fi\\\/wp-content\\\/uploads\\\/2021\\\/10\\\/Serge-Gainsbourg-un-auteur-de-genie-1098x617.jpg\",\"datePublished\":\"2021-10-22T12:05:19+00:00\",\"dateModified\":\"2022-02-14T09:13:40+00:00\",\"breadcrumb\":{\"@id\":\"https:\\\/\\\/www.france.fi\\\/en\\\/media-library\\\/serge-gainsbourg-un-auteur-de-genie\\\/#breadcrumb\"},\"inLanguage\":\"en-US\",\"potentialAction\":[{\"@type\":\"ReadAction\",\"target\":[\"https:\\\/\\\/www.france.fi\\\/en\\\/media-library\\\/serge-gainsbourg-un-auteur-de-genie\\\/\"]}]},{\"@type\":\"ImageObject\",\"inLanguage\":\"en-US\",\"@id\":\"https:\\\/\\\/www.france.fi\\\/en\\\/media-library\\\/serge-gainsbourg-un-auteur-de-genie\\\/#primaryimage\",\"url\":\"https:\\\/\\\/www.france.fi\\\/wp-content\\\/uploads\\\/2021\\\/10\\\/Serge-Gainsbourg-un-auteur-de-genie-1098x617.jpg\",\"contentUrl\":\"https:\\\/\\\/www.france.fi\\\/wp-content\\\/uploads\\\/2021\\\/10\\\/Serge-Gainsbourg-un-auteur-de-genie-1098x617.jpg\",\"width\":1280,\"height\":720},{\"@type\":\"BreadcrumbList\",\"@id\":\"https:\\\/\\\/www.france.fi\\\/en\\\/media-library\\\/serge-gainsbourg-un-auteur-de-genie\\\/#breadcrumb\",\"itemListElement\":[{\"@type\":\"ListItem\",\"position\":1,\"name\":\"Home\",\"item\":\"https:\\\/\\\/www.france.fi\\\/en\\\/\"},{\"@type\":\"ListItem\",\"position\":2,\"name\":\"M\u00e9diath\u00e8que\",\"item\":\"https:\\\/\\\/www.france.fi\\\/fr\\\/category\\\/mediatheque\\\/\"},{\"@type\":\"ListItem\",\"position\":3,\"name\":\"Serge Gainsbourg : un auteur de g\u00e9nie\"}]},{\"@type\":\"WebSite\",\"@id\":\"https:\\\/\\\/www.france.fi\\\/#website\",\"url\":\"https:\\\/\\\/www.france.fi\\\/\",\"name\":\"Institut fran\u00e7ais de Finlande\",\"description\":\"\",\"publisher\":{\"@id\":\"https:\\\/\\\/www.france.fi\\\/#organization\"},\"potentialAction\":[{\"@type\":\"SearchAction\",\"target\":{\"@type\":\"EntryPoint\",\"urlTemplate\":\"https:\\\/\\\/www.france.fi\\\/?s={search_term_string}\"},\"query-input\":{\"@type\":\"PropertyValueSpecification\",\"valueRequired\":true,\"valueName\":\"search_term_string\"}}],\"inLanguage\":\"en-US\"},{\"@type\":\"Organization\",\"@id\":\"https:\\\/\\\/www.france.fi\\\/#organization\",\"name\":\"Institut fran\u00e7ais de Finlande\",\"url\":\"https:\\\/\\\/www.france.fi\\\/\",\"logo\":{\"@type\":\"ImageObject\",\"inLanguage\":\"en-US\",\"@id\":\"https:\\\/\\\/www.france.fi\\\/#\\\/schema\\\/logo\\\/image\\\/\",\"url\":\"https:\\\/\\\/www.france.fi\\\/wp-content\\\/uploads\\\/2024\\\/02\\\/if-logo-1.png\",\"contentUrl\":\"https:\\\/\\\/www.france.fi\\\/wp-content\\\/uploads\\\/2024\\\/02\\\/if-logo-1.png\",\"width\":687,\"height\":459,\"caption\":\"Institut fran\u00e7ais de Finlande\"},\"image\":{\"@id\":\"https:\\\/\\\/www.france.fi\\\/#\\\/schema\\\/logo\\\/image\\\/\"},\"sameAs\":[\"https:\\\/\\\/www.facebook.com\\\/institutfrancaisfi\",\"https:\\\/\\\/x.com\\\/IFFinlande\",\"https:\\\/\\\/www.instagram.com\\\/iffinlande\\\/\",\"https:\\\/\\\/fr.linkedin.com\\\/organization-guest\\\/company\\\/institut-fran-ais-de-finlande\",\"https:\\\/\\\/www.youtube.com\\\/channel\\\/UCHAitdpmSbeP78eL49XMotA\"]},{\"@type\":\"Person\",\"@id\":\"https:\\\/\\\/www.france.fi\\\/#\\\/schema\\\/person\\\/ed873f29db1d0af6a3600d15d3b65bfd\",\"name\":\"Equipe IFF\",\"image\":{\"@type\":\"ImageObject\",\"inLanguage\":\"en-US\",\"@id\":\"https:\\\/\\\/secure.gravatar.com\\\/avatar\\\/3c4ba80228d01014b25e45e90abb28ce315a02c6572751a7fb2298e4274989fc?s=96&d=mm&r=g\",\"url\":\"https:\\\/\\\/secure.gravatar.com\\\/avatar\\\/3c4ba80228d01014b25e45e90abb28ce315a02c6572751a7fb2298e4274989fc?s=96&d=mm&r=g\",\"contentUrl\":\"https:\\\/\\\/secure.gravatar.com\\\/avatar\\\/3c4ba80228d01014b25e45e90abb28ce315a02c6572751a7fb2298e4274989fc?s=96&d=mm&r=g\",\"caption\":\"Equipe IFF\"},\"url\":\"https:\\\/\\\/www.france.fi\\\/en\\\/author\\\/iffadmin\\\/\"}]}<\/script>\n<!-- \/ Yoast SEO plugin. -->","yoast_head_json":{"title":"Serge Gainsbourg : un auteur de g\u00e9nie - Institut fran\u00e7ais","robots":{"index":"index","follow":"follow","max-snippet":"max-snippet:-1","max-image-preview":"max-image-preview:large","max-video-preview":"max-video-preview:-1"},"canonical":"https:\/\/www.france.fi\/en\/media-library\/serge-gainsbourg-un-auteur-de-genie\/","og_locale":"en_US","og_type":"article","og_title":"Serge Gainsbourg : un auteur de g\u00e9nie - Institut fran\u00e7ais","og_description":"Auteur-compositeur-interpr\u00e8te, provocateur avec une \u00e2me romantique, g\u00e9nie de la musique et de la controverse, Serge Gainsbourg est l\u2019un des plus beaux po\u00e8tes de la chanson fran\u00e7aise. Son h\u00e9ritage musical est l\u00e9gendaire et ses chansons prouvent d\u2019une modernit\u00e9 exceptionnelle. Jouant avec les mots et avec le sens, l\u2019ic\u00f4ne fran\u00e7aise fascine toujours autant les g\u00e9n\u00e9rations, m\u00eame 30 ans apr\u00e8s sa disparition.","og_url":"https:\/\/www.france.fi\/en\/media-library\/serge-gainsbourg-un-auteur-de-genie\/","og_site_name":"Institut fran\u00e7ais","article_publisher":"https:\/\/www.facebook.com\/institutfrancaisfi","article_published_time":"2021-10-22T12:05:19+00:00","article_modified_time":"2022-02-14T09:13:40+00:00","og_image":[{"width":1280,"height":720,"url":"https:\/\/www.france.fi\/wp-content\/uploads\/2021\/10\/Serge-Gainsbourg-un-auteur-de-genie-1098x617.jpg","type":"image\/jpeg"}],"author":"Equipe IFF","twitter_card":"summary_large_image","twitter_creator":"@IFFinlande","twitter_site":"@IFFinlande","twitter_misc":{"Written by":"Equipe IFF","Est. reading time":"1 minute"},"schema":{"@context":"https:\/\/schema.org","@graph":[{"@type":"Article","@id":"https:\/\/www.france.fi\/en\/media-library\/serge-gainsbourg-un-auteur-de-genie\/#article","isPartOf":{"@id":"https:\/\/www.france.fi\/en\/media-library\/serge-gainsbourg-un-auteur-de-genie\/"},"author":{"name":"Equipe IFF","@id":"https:\/\/www.france.fi\/#\/schema\/person\/ed873f29db1d0af6a3600d15d3b65bfd"},"headline":"Serge Gainsbourg : un auteur de g\u00e9nie","datePublished":"2021-10-22T12:05:19+00:00","dateModified":"2022-02-14T09:13:40+00:00","mainEntityOfPage":{"@id":"https:\/\/www.france.fi\/en\/media-library\/serge-gainsbourg-un-auteur-de-genie\/"},"wordCount":165,"publisher":{"@id":"https:\/\/www.france.fi\/#organization"},"image":{"@id":"https:\/\/www.france.fi\/en\/media-library\/serge-gainsbourg-un-auteur-de-genie\/#primaryimage"},"thumbnailUrl":"https:\/\/www.france.fi\/wp-content\/uploads\/2021\/10\/Serge-Gainsbourg-un-auteur-de-genie-1098x617.jpg","articleSection":["Media Library"],"inLanguage":"en-US"},{"@type":"WebPage","@id":"https:\/\/www.france.fi\/en\/media-library\/serge-gainsbourg-un-auteur-de-genie\/","url":"https:\/\/www.france.fi\/en\/media-library\/serge-gainsbourg-un-auteur-de-genie\/","name":"Serge Gainsbourg : un auteur de g\u00e9nie - Institut fran\u00e7ais","isPartOf":{"@id":"https:\/\/www.france.fi\/#website"},"primaryImageOfPage":{"@id":"https:\/\/www.france.fi\/en\/media-library\/serge-gainsbourg-un-auteur-de-genie\/#primaryimage"},"image":{"@id":"https:\/\/www.france.fi\/en\/media-library\/serge-gainsbourg-un-auteur-de-genie\/#primaryimage"},"thumbnailUrl":"https:\/\/www.france.fi\/wp-content\/uploads\/2021\/10\/Serge-Gainsbourg-un-auteur-de-genie-1098x617.jpg","datePublished":"2021-10-22T12:05:19+00:00","dateModified":"2022-02-14T09:13:40+00:00","breadcrumb":{"@id":"https:\/\/www.france.fi\/en\/media-library\/serge-gainsbourg-un-auteur-de-genie\/#breadcrumb"},"inLanguage":"en-US","potentialAction":[{"@type":"ReadAction","target":["https:\/\/www.france.fi\/en\/media-library\/serge-gainsbourg-un-auteur-de-genie\/"]}]},{"@type":"ImageObject","inLanguage":"en-US","@id":"https:\/\/www.france.fi\/en\/media-library\/serge-gainsbourg-un-auteur-de-genie\/#primaryimage","url":"https:\/\/www.france.fi\/wp-content\/uploads\/2021\/10\/Serge-Gainsbourg-un-auteur-de-genie-1098x617.jpg","contentUrl":"https:\/\/www.france.fi\/wp-content\/uploads\/2021\/10\/Serge-Gainsbourg-un-auteur-de-genie-1098x617.jpg","width":1280,"height":720},{"@type":"BreadcrumbList","@id":"https:\/\/www.france.fi\/en\/media-library\/serge-gainsbourg-un-auteur-de-genie\/#breadcrumb","itemListElement":[{"@type":"ListItem","position":1,"name":"Home","item":"https:\/\/www.france.fi\/en\/"},{"@type":"ListItem","position":2,"name":"M\u00e9diath\u00e8que","item":"https:\/\/www.france.fi\/fr\/category\/mediatheque\/"},{"@type":"ListItem","position":3,"name":"Serge Gainsbourg : un auteur de g\u00e9nie"}]},{"@type":"WebSite","@id":"https:\/\/www.france.fi\/#website","url":"https:\/\/www.france.fi\/","name":"Institut fran\u00e7ais de Finlande","description":"","publisher":{"@id":"https:\/\/www.france.fi\/#organization"},"potentialAction":[{"@type":"SearchAction","target":{"@type":"EntryPoint","urlTemplate":"https:\/\/www.france.fi\/?s={search_term_string}"},"query-input":{"@type":"PropertyValueSpecification","valueRequired":true,"valueName":"search_term_string"}}],"inLanguage":"en-US"},{"@type":"Organization","@id":"https:\/\/www.france.fi\/#organization","name":"Institut fran\u00e7ais de Finlande","url":"https:\/\/www.france.fi\/","logo":{"@type":"ImageObject","inLanguage":"en-US","@id":"https:\/\/www.france.fi\/#\/schema\/logo\/image\/","url":"https:\/\/www.france.fi\/wp-content\/uploads\/2024\/02\/if-logo-1.png","contentUrl":"https:\/\/www.france.fi\/wp-content\/uploads\/2024\/02\/if-logo-1.png","width":687,"height":459,"caption":"Institut fran\u00e7ais de Finlande"},"image":{"@id":"https:\/\/www.france.fi\/#\/schema\/logo\/image\/"},"sameAs":["https:\/\/www.facebook.com\/institutfrancaisfi","https:\/\/x.com\/IFFinlande","https:\/\/www.instagram.com\/iffinlande\/","https:\/\/fr.linkedin.com\/organization-guest\/company\/institut-fran-ais-de-finlande","https:\/\/www.youtube.com\/channel\/UCHAitdpmSbeP78eL49XMotA"]},{"@type":"Person","@id":"https:\/\/www.france.fi\/#\/schema\/person\/ed873f29db1d0af6a3600d15d3b65bfd","name":"Equipe IFF","image":{"@type":"ImageObject","inLanguage":"en-US","@id":"https:\/\/secure.gravatar.com\/avatar\/3c4ba80228d01014b25e45e90abb28ce315a02c6572751a7fb2298e4274989fc?s=96&d=mm&r=g","url":"https:\/\/secure.gravatar.com\/avatar\/3c4ba80228d01014b25e45e90abb28ce315a02c6572751a7fb2298e4274989fc?s=96&d=mm&r=g","contentUrl":"https:\/\/secure.gravatar.com\/avatar\/3c4ba80228d01014b25e45e90abb28ce315a02c6572751a7fb2298e4274989fc?s=96&d=mm&r=g","caption":"Equipe IFF"},"url":"https:\/\/www.france.fi\/en\/author\/iffadmin\/"}]}},"_links":{"self":[{"href":"https:\/\/www.france.fi\/en\/wp-json\/wp\/v2\/posts\/7044","targetHints":{"allow":["GET"]}}],"collection":[{"href":"https:\/\/www.france.fi\/en\/wp-json\/wp\/v2\/posts"}],"about":[{"href":"https:\/\/www.france.fi\/en\/wp-json\/wp\/v2\/types\/post"}],"author":[{"embeddable":true,"href":"https:\/\/www.france.fi\/en\/wp-json\/wp\/v2\/users\/2"}],"replies":[{"embeddable":true,"href":"https:\/\/www.france.fi\/en\/wp-json\/wp\/v2\/comments?post=7044"}],"version-history":[{"count":0,"href":"https:\/\/www.france.fi\/en\/wp-json\/wp\/v2\/posts\/7044\/revisions"}],"wp:featuredmedia":[{"embeddable":true,"href":"https:\/\/www.france.fi\/en\/wp-json\/wp\/v2\/media\/7041"}],"wp:attachment":[{"href":"https:\/\/www.france.fi\/en\/wp-json\/wp\/v2\/media?parent=7044"}],"wp:term":[{"taxonomy":"category","embeddable":true,"href":"https:\/\/www.france.fi\/en\/wp-json\/wp\/v2\/categories?post=7044"},{"taxonomy":"post_tag","embeddable":true,"href":"https:\/\/www.france.fi\/en\/wp-json\/wp\/v2\/tags?post=7044"}],"curies":[{"name":"wp","href":"https:\/\/api.w.org\/{rel}","templated":true}]}}