{"id":7263,"date":"2021-11-18T10:30:49","date_gmt":"2021-11-18T08:30:49","guid":{"rendered":"http:\/\/www.france.fi\/culture\/les-meilleurs-classiques-de-la-litterature-francaise\/"},"modified":"2022-02-14T11:14:43","modified_gmt":"2022-02-14T09:14:43","slug":"les-meilleurs-classiques-de-la-litterature-francaise","status":"publish","type":"post","link":"https:\/\/www.france.fi\/en\/media-library\/les-meilleurs-classiques-de-la-litterature-francaise\/","title":{"rendered":"Les meilleurs classiques de la litt\u00e9rature fran\u00e7aise"},"content":{"rendered":"\n<p>Des nouvelles de Maupassant, des pi\u00e8ces de th\u00e9\u00e2tre de Moli\u00e8re, des romans de Verne, Zola et Dumas \u2026 La m\u00e9diath\u00e8que de l\u2019institut fran\u00e7ais vient de recevoir un don d\u2019un passionn\u00e9 de litt\u00e9rature et les meilleurs classiques de la litt\u00e9rature fran\u00e7aise y sont d\u00e9sormais disponibles\u00a0! Vous pouvez d\u00e9couvrir entre autres\u00a0<em>Le Horla<\/em>\u00a0de Guy de Maupassant,\u00a0<em>Vingt Mille Lieuses sous les mers<\/em>\u00a0de Jules Verne,\u00a0<em>Bug-Jargal<\/em>\u00a0de Victor Hugo,\u00a0<em>L\u2019Assommoir<\/em>\u00a0d\u2019\u00c9mile Zola ainsi que\u00a0<em>Cyrano de Bergerac<\/em>\u00a0d\u2019Edmond Rostand dans la m\u00e9diath\u00e8que.<\/p>\n<p><span style=\"font-style: inherit; font-weight: inherit;\">Dans la nouvelle fantastique<em>\u00a0Le Horla<\/em>\u00a0de Guy de Maupassant (1887), le narrateur d\u00e9crit dans son journal intime la pr\u00e9sence d\u2019un \u00eatre invisible qui le hante et demeure chez lui lorsque son \u00e9tat de sant\u00e9 commence \u00e0 s\u2019affaiblir. Peu \u00e0 peu, le narrateur aper\u00e7oit que quelqu\u2019un boit dans son verre, d\u00e9place ses objets et encore s\u2019interpose entre lui et son reflet dans le miroir. Le narrateur d\u00e9crit ses angoisses, sa terreur et sa folie en vivant dans une h\u00e9sitation permanente. Cette cr\u00e9ature invisible existe-t-elle vraiment ou bien est-elle tout simplement un pur produit de l\u2019imagination d\u2019un narrateur d\u00e9raisonn\u00e9 ?<\/span><\/p>\n<p>\u00a0<\/p>\n","protected":false},"excerpt":{"rendered":"<p>Les plus grands classiques de la litt\u00e9rature fran\u00e7aise sont disponibles dans la m\u00e9diath\u00e8que de l\u2019institut fran\u00e7ais !<\/p>\n","protected":false},"author":2,"featured_media":7258,"comment_status":"closed","ping_status":"closed","sticky":false,"template":"","format":"standard","meta":{"footnotes":""},"categories":[50],"tags":[],"class_list":["post-7263","post","type-post","status-publish","format-standard","has-post-thumbnail","hentry","category-media-library"],"yoast_head":"<!-- This site is optimized with the Yoast SEO plugin v27.4 - https:\/\/yoast.com\/product\/yoast-seo-wordpress\/ -->\n<title>Les meilleurs classiques de la litt\u00e9rature fran\u00e7aise - Institut fran\u00e7ais<\/title>\n<meta name=\"robots\" content=\"index, follow, max-snippet:-1, max-image-preview:large, max-video-preview:-1\" \/>\n<link rel=\"canonical\" href=\"https:\/\/www.france.fi\/en\/media-library\/les-meilleurs-classiques-de-la-litterature-francaise\/\" \/>\n<meta property=\"og:locale\" content=\"en_US\" \/>\n<meta property=\"og:type\" content=\"article\" \/>\n<meta property=\"og:title\" content=\"Les meilleurs classiques de la litt\u00e9rature fran\u00e7aise - Institut fran\u00e7ais\" \/>\n<meta property=\"og:description\" content=\"Les plus grands classiques de la litt\u00e9rature fran\u00e7aise sont disponibles dans la m\u00e9diath\u00e8que de l\u2019institut fran\u00e7ais !\" \/>\n<meta property=\"og:url\" content=\"https:\/\/www.france.fi\/en\/media-library\/les-meilleurs-classiques-de-la-litterature-francaise\/\" \/>\n<meta property=\"og:site_name\" content=\"Institut fran\u00e7ais\" \/>\n<meta property=\"article:publisher\" content=\"https:\/\/www.facebook.com\/institutfrancaisfi\" \/>\n<meta property=\"article:published_time\" content=\"2021-11-18T08:30:49+00:00\" \/>\n<meta property=\"article:modified_time\" content=\"2022-02-14T09:14:43+00:00\" \/>\n<meta property=\"og:image\" content=\"https:\/\/www.france.fi\/wp-content\/uploads\/2021\/11\/Classiques-IFF-1098x617.jpg\" \/>\n\t<meta property=\"og:image:width\" content=\"1280\" \/>\n\t<meta property=\"og:image:height\" content=\"720\" \/>\n\t<meta property=\"og:image:type\" content=\"image\/jpeg\" \/>\n<meta name=\"author\" content=\"Equipe IFF\" \/>\n<meta name=\"twitter:card\" content=\"summary_large_image\" \/>\n<meta name=\"twitter:creator\" content=\"@IFFinlande\" \/>\n<meta name=\"twitter:site\" content=\"@IFFinlande\" \/>\n<meta name=\"twitter:label1\" content=\"Written by\" \/>\n\t<meta name=\"twitter:data1\" content=\"Equipe IFF\" \/>\n\t<meta name=\"twitter:label2\" content=\"Est. reading time\" \/>\n\t<meta name=\"twitter:data2\" content=\"1 minute\" \/>\n<script type=\"application\/ld+json\" class=\"yoast-schema-graph\">{\"@context\":\"https:\\\/\\\/schema.org\",\"@graph\":[{\"@type\":\"Article\",\"@id\":\"https:\\\/\\\/www.france.fi\\\/en\\\/media-library\\\/les-meilleurs-classiques-de-la-litterature-francaise\\\/#article\",\"isPartOf\":{\"@id\":\"https:\\\/\\\/www.france.fi\\\/en\\\/media-library\\\/les-meilleurs-classiques-de-la-litterature-francaise\\\/\"},\"author\":{\"name\":\"Equipe IFF\",\"@id\":\"https:\\\/\\\/www.france.fi\\\/#\\\/schema\\\/person\\\/ed873f29db1d0af6a3600d15d3b65bfd\"},\"headline\":\"Les meilleurs classiques de la litt\u00e9rature fran\u00e7aise\",\"datePublished\":\"2021-11-18T08:30:49+00:00\",\"dateModified\":\"2022-02-14T09:14:43+00:00\",\"mainEntityOfPage\":{\"@id\":\"https:\\\/\\\/www.france.fi\\\/en\\\/media-library\\\/les-meilleurs-classiques-de-la-litterature-francaise\\\/\"},\"wordCount\":216,\"publisher\":{\"@id\":\"https:\\\/\\\/www.france.fi\\\/#organization\"},\"image\":{\"@id\":\"https:\\\/\\\/www.france.fi\\\/en\\\/media-library\\\/les-meilleurs-classiques-de-la-litterature-francaise\\\/#primaryimage\"},\"thumbnailUrl\":\"https:\\\/\\\/www.france.fi\\\/wp-content\\\/uploads\\\/2021\\\/11\\\/Classiques-IFF-1098x617.jpg\",\"articleSection\":[\"Media Library\"],\"inLanguage\":\"en-US\"},{\"@type\":\"WebPage\",\"@id\":\"https:\\\/\\\/www.france.fi\\\/en\\\/media-library\\\/les-meilleurs-classiques-de-la-litterature-francaise\\\/\",\"url\":\"https:\\\/\\\/www.france.fi\\\/en\\\/media-library\\\/les-meilleurs-classiques-de-la-litterature-francaise\\\/\",\"name\":\"Les meilleurs classiques de la litt\u00e9rature fran\u00e7aise - Institut fran\u00e7ais\",\"isPartOf\":{\"@id\":\"https:\\\/\\\/www.france.fi\\\/#website\"},\"primaryImageOfPage\":{\"@id\":\"https:\\\/\\\/www.france.fi\\\/en\\\/media-library\\\/les-meilleurs-classiques-de-la-litterature-francaise\\\/#primaryimage\"},\"image\":{\"@id\":\"https:\\\/\\\/www.france.fi\\\/en\\\/media-library\\\/les-meilleurs-classiques-de-la-litterature-francaise\\\/#primaryimage\"},\"thumbnailUrl\":\"https:\\\/\\\/www.france.fi\\\/wp-content\\\/uploads\\\/2021\\\/11\\\/Classiques-IFF-1098x617.jpg\",\"datePublished\":\"2021-11-18T08:30:49+00:00\",\"dateModified\":\"2022-02-14T09:14:43+00:00\",\"breadcrumb\":{\"@id\":\"https:\\\/\\\/www.france.fi\\\/en\\\/media-library\\\/les-meilleurs-classiques-de-la-litterature-francaise\\\/#breadcrumb\"},\"inLanguage\":\"en-US\",\"potentialAction\":[{\"@type\":\"ReadAction\",\"target\":[\"https:\\\/\\\/www.france.fi\\\/en\\\/media-library\\\/les-meilleurs-classiques-de-la-litterature-francaise\\\/\"]}]},{\"@type\":\"ImageObject\",\"inLanguage\":\"en-US\",\"@id\":\"https:\\\/\\\/www.france.fi\\\/en\\\/media-library\\\/les-meilleurs-classiques-de-la-litterature-francaise\\\/#primaryimage\",\"url\":\"https:\\\/\\\/www.france.fi\\\/wp-content\\\/uploads\\\/2021\\\/11\\\/Classiques-IFF-1098x617.jpg\",\"contentUrl\":\"https:\\\/\\\/www.france.fi\\\/wp-content\\\/uploads\\\/2021\\\/11\\\/Classiques-IFF-1098x617.jpg\",\"width\":1280,\"height\":720},{\"@type\":\"BreadcrumbList\",\"@id\":\"https:\\\/\\\/www.france.fi\\\/en\\\/media-library\\\/les-meilleurs-classiques-de-la-litterature-francaise\\\/#breadcrumb\",\"itemListElement\":[{\"@type\":\"ListItem\",\"position\":1,\"name\":\"Home\",\"item\":\"https:\\\/\\\/www.france.fi\\\/en\\\/\"},{\"@type\":\"ListItem\",\"position\":2,\"name\":\"M\u00e9diath\u00e8que\",\"item\":\"https:\\\/\\\/www.france.fi\\\/fr\\\/category\\\/mediatheque\\\/\"},{\"@type\":\"ListItem\",\"position\":3,\"name\":\"Les meilleurs classiques de la litt\u00e9rature fran\u00e7aise\"}]},{\"@type\":\"WebSite\",\"@id\":\"https:\\\/\\\/www.france.fi\\\/#website\",\"url\":\"https:\\\/\\\/www.france.fi\\\/\",\"name\":\"Institut fran\u00e7ais de Finlande\",\"description\":\"\",\"publisher\":{\"@id\":\"https:\\\/\\\/www.france.fi\\\/#organization\"},\"potentialAction\":[{\"@type\":\"SearchAction\",\"target\":{\"@type\":\"EntryPoint\",\"urlTemplate\":\"https:\\\/\\\/www.france.fi\\\/?s={search_term_string}\"},\"query-input\":{\"@type\":\"PropertyValueSpecification\",\"valueRequired\":true,\"valueName\":\"search_term_string\"}}],\"inLanguage\":\"en-US\"},{\"@type\":\"Organization\",\"@id\":\"https:\\\/\\\/www.france.fi\\\/#organization\",\"name\":\"Institut fran\u00e7ais de Finlande\",\"url\":\"https:\\\/\\\/www.france.fi\\\/\",\"logo\":{\"@type\":\"ImageObject\",\"inLanguage\":\"en-US\",\"@id\":\"https:\\\/\\\/www.france.fi\\\/#\\\/schema\\\/logo\\\/image\\\/\",\"url\":\"https:\\\/\\\/www.france.fi\\\/wp-content\\\/uploads\\\/2024\\\/02\\\/if-logo-1.png\",\"contentUrl\":\"https:\\\/\\\/www.france.fi\\\/wp-content\\\/uploads\\\/2024\\\/02\\\/if-logo-1.png\",\"width\":687,\"height\":459,\"caption\":\"Institut fran\u00e7ais de Finlande\"},\"image\":{\"@id\":\"https:\\\/\\\/www.france.fi\\\/#\\\/schema\\\/logo\\\/image\\\/\"},\"sameAs\":[\"https:\\\/\\\/www.facebook.com\\\/institutfrancaisfi\",\"https:\\\/\\\/x.com\\\/IFFinlande\",\"https:\\\/\\\/www.instagram.com\\\/iffinlande\\\/\",\"https:\\\/\\\/fr.linkedin.com\\\/organization-guest\\\/company\\\/institut-fran-ais-de-finlande\",\"https:\\\/\\\/www.youtube.com\\\/channel\\\/UCHAitdpmSbeP78eL49XMotA\"]},{\"@type\":\"Person\",\"@id\":\"https:\\\/\\\/www.france.fi\\\/#\\\/schema\\\/person\\\/ed873f29db1d0af6a3600d15d3b65bfd\",\"name\":\"Equipe IFF\",\"image\":{\"@type\":\"ImageObject\",\"inLanguage\":\"en-US\",\"@id\":\"https:\\\/\\\/secure.gravatar.com\\\/avatar\\\/3c4ba80228d01014b25e45e90abb28ce315a02c6572751a7fb2298e4274989fc?s=96&d=mm&r=g\",\"url\":\"https:\\\/\\\/secure.gravatar.com\\\/avatar\\\/3c4ba80228d01014b25e45e90abb28ce315a02c6572751a7fb2298e4274989fc?s=96&d=mm&r=g\",\"contentUrl\":\"https:\\\/\\\/secure.gravatar.com\\\/avatar\\\/3c4ba80228d01014b25e45e90abb28ce315a02c6572751a7fb2298e4274989fc?s=96&d=mm&r=g\",\"caption\":\"Equipe IFF\"},\"url\":\"https:\\\/\\\/www.france.fi\\\/en\\\/author\\\/iffadmin\\\/\"}]}<\/script>\n<!-- \/ Yoast SEO plugin. -->","yoast_head_json":{"title":"Les meilleurs classiques de la litt\u00e9rature fran\u00e7aise - Institut fran\u00e7ais","robots":{"index":"index","follow":"follow","max-snippet":"max-snippet:-1","max-image-preview":"max-image-preview:large","max-video-preview":"max-video-preview:-1"},"canonical":"https:\/\/www.france.fi\/en\/media-library\/les-meilleurs-classiques-de-la-litterature-francaise\/","og_locale":"en_US","og_type":"article","og_title":"Les meilleurs classiques de la litt\u00e9rature fran\u00e7aise - Institut fran\u00e7ais","og_description":"Les plus grands classiques de la litt\u00e9rature fran\u00e7aise sont disponibles dans la m\u00e9diath\u00e8que de l\u2019institut fran\u00e7ais !","og_url":"https:\/\/www.france.fi\/en\/media-library\/les-meilleurs-classiques-de-la-litterature-francaise\/","og_site_name":"Institut fran\u00e7ais","article_publisher":"https:\/\/www.facebook.com\/institutfrancaisfi","article_published_time":"2021-11-18T08:30:49+00:00","article_modified_time":"2022-02-14T09:14:43+00:00","og_image":[{"width":1280,"height":720,"url":"https:\/\/www.france.fi\/wp-content\/uploads\/2021\/11\/Classiques-IFF-1098x617.jpg","type":"image\/jpeg"}],"author":"Equipe IFF","twitter_card":"summary_large_image","twitter_creator":"@IFFinlande","twitter_site":"@IFFinlande","twitter_misc":{"Written by":"Equipe IFF","Est. reading time":"1 minute"},"schema":{"@context":"https:\/\/schema.org","@graph":[{"@type":"Article","@id":"https:\/\/www.france.fi\/en\/media-library\/les-meilleurs-classiques-de-la-litterature-francaise\/#article","isPartOf":{"@id":"https:\/\/www.france.fi\/en\/media-library\/les-meilleurs-classiques-de-la-litterature-francaise\/"},"author":{"name":"Equipe IFF","@id":"https:\/\/www.france.fi\/#\/schema\/person\/ed873f29db1d0af6a3600d15d3b65bfd"},"headline":"Les meilleurs classiques de la litt\u00e9rature fran\u00e7aise","datePublished":"2021-11-18T08:30:49+00:00","dateModified":"2022-02-14T09:14:43+00:00","mainEntityOfPage":{"@id":"https:\/\/www.france.fi\/en\/media-library\/les-meilleurs-classiques-de-la-litterature-francaise\/"},"wordCount":216,"publisher":{"@id":"https:\/\/www.france.fi\/#organization"},"image":{"@id":"https:\/\/www.france.fi\/en\/media-library\/les-meilleurs-classiques-de-la-litterature-francaise\/#primaryimage"},"thumbnailUrl":"https:\/\/www.france.fi\/wp-content\/uploads\/2021\/11\/Classiques-IFF-1098x617.jpg","articleSection":["Media Library"],"inLanguage":"en-US"},{"@type":"WebPage","@id":"https:\/\/www.france.fi\/en\/media-library\/les-meilleurs-classiques-de-la-litterature-francaise\/","url":"https:\/\/www.france.fi\/en\/media-library\/les-meilleurs-classiques-de-la-litterature-francaise\/","name":"Les meilleurs classiques de la litt\u00e9rature fran\u00e7aise - Institut fran\u00e7ais","isPartOf":{"@id":"https:\/\/www.france.fi\/#website"},"primaryImageOfPage":{"@id":"https:\/\/www.france.fi\/en\/media-library\/les-meilleurs-classiques-de-la-litterature-francaise\/#primaryimage"},"image":{"@id":"https:\/\/www.france.fi\/en\/media-library\/les-meilleurs-classiques-de-la-litterature-francaise\/#primaryimage"},"thumbnailUrl":"https:\/\/www.france.fi\/wp-content\/uploads\/2021\/11\/Classiques-IFF-1098x617.jpg","datePublished":"2021-11-18T08:30:49+00:00","dateModified":"2022-02-14T09:14:43+00:00","breadcrumb":{"@id":"https:\/\/www.france.fi\/en\/media-library\/les-meilleurs-classiques-de-la-litterature-francaise\/#breadcrumb"},"inLanguage":"en-US","potentialAction":[{"@type":"ReadAction","target":["https:\/\/www.france.fi\/en\/media-library\/les-meilleurs-classiques-de-la-litterature-francaise\/"]}]},{"@type":"ImageObject","inLanguage":"en-US","@id":"https:\/\/www.france.fi\/en\/media-library\/les-meilleurs-classiques-de-la-litterature-francaise\/#primaryimage","url":"https:\/\/www.france.fi\/wp-content\/uploads\/2021\/11\/Classiques-IFF-1098x617.jpg","contentUrl":"https:\/\/www.france.fi\/wp-content\/uploads\/2021\/11\/Classiques-IFF-1098x617.jpg","width":1280,"height":720},{"@type":"BreadcrumbList","@id":"https:\/\/www.france.fi\/en\/media-library\/les-meilleurs-classiques-de-la-litterature-francaise\/#breadcrumb","itemListElement":[{"@type":"ListItem","position":1,"name":"Home","item":"https:\/\/www.france.fi\/en\/"},{"@type":"ListItem","position":2,"name":"M\u00e9diath\u00e8que","item":"https:\/\/www.france.fi\/fr\/category\/mediatheque\/"},{"@type":"ListItem","position":3,"name":"Les meilleurs classiques de la litt\u00e9rature fran\u00e7aise"}]},{"@type":"WebSite","@id":"https:\/\/www.france.fi\/#website","url":"https:\/\/www.france.fi\/","name":"Institut fran\u00e7ais de Finlande","description":"","publisher":{"@id":"https:\/\/www.france.fi\/#organization"},"potentialAction":[{"@type":"SearchAction","target":{"@type":"EntryPoint","urlTemplate":"https:\/\/www.france.fi\/?s={search_term_string}"},"query-input":{"@type":"PropertyValueSpecification","valueRequired":true,"valueName":"search_term_string"}}],"inLanguage":"en-US"},{"@type":"Organization","@id":"https:\/\/www.france.fi\/#organization","name":"Institut fran\u00e7ais de Finlande","url":"https:\/\/www.france.fi\/","logo":{"@type":"ImageObject","inLanguage":"en-US","@id":"https:\/\/www.france.fi\/#\/schema\/logo\/image\/","url":"https:\/\/www.france.fi\/wp-content\/uploads\/2024\/02\/if-logo-1.png","contentUrl":"https:\/\/www.france.fi\/wp-content\/uploads\/2024\/02\/if-logo-1.png","width":687,"height":459,"caption":"Institut fran\u00e7ais de Finlande"},"image":{"@id":"https:\/\/www.france.fi\/#\/schema\/logo\/image\/"},"sameAs":["https:\/\/www.facebook.com\/institutfrancaisfi","https:\/\/x.com\/IFFinlande","https:\/\/www.instagram.com\/iffinlande\/","https:\/\/fr.linkedin.com\/organization-guest\/company\/institut-fran-ais-de-finlande","https:\/\/www.youtube.com\/channel\/UCHAitdpmSbeP78eL49XMotA"]},{"@type":"Person","@id":"https:\/\/www.france.fi\/#\/schema\/person\/ed873f29db1d0af6a3600d15d3b65bfd","name":"Equipe IFF","image":{"@type":"ImageObject","inLanguage":"en-US","@id":"https:\/\/secure.gravatar.com\/avatar\/3c4ba80228d01014b25e45e90abb28ce315a02c6572751a7fb2298e4274989fc?s=96&d=mm&r=g","url":"https:\/\/secure.gravatar.com\/avatar\/3c4ba80228d01014b25e45e90abb28ce315a02c6572751a7fb2298e4274989fc?s=96&d=mm&r=g","contentUrl":"https:\/\/secure.gravatar.com\/avatar\/3c4ba80228d01014b25e45e90abb28ce315a02c6572751a7fb2298e4274989fc?s=96&d=mm&r=g","caption":"Equipe IFF"},"url":"https:\/\/www.france.fi\/en\/author\/iffadmin\/"}]}},"_links":{"self":[{"href":"https:\/\/www.france.fi\/en\/wp-json\/wp\/v2\/posts\/7263","targetHints":{"allow":["GET"]}}],"collection":[{"href":"https:\/\/www.france.fi\/en\/wp-json\/wp\/v2\/posts"}],"about":[{"href":"https:\/\/www.france.fi\/en\/wp-json\/wp\/v2\/types\/post"}],"author":[{"embeddable":true,"href":"https:\/\/www.france.fi\/en\/wp-json\/wp\/v2\/users\/2"}],"replies":[{"embeddable":true,"href":"https:\/\/www.france.fi\/en\/wp-json\/wp\/v2\/comments?post=7263"}],"version-history":[{"count":0,"href":"https:\/\/www.france.fi\/en\/wp-json\/wp\/v2\/posts\/7263\/revisions"}],"wp:featuredmedia":[{"embeddable":true,"href":"https:\/\/www.france.fi\/en\/wp-json\/wp\/v2\/media\/7258"}],"wp:attachment":[{"href":"https:\/\/www.france.fi\/en\/wp-json\/wp\/v2\/media?parent=7263"}],"wp:term":[{"taxonomy":"category","embeddable":true,"href":"https:\/\/www.france.fi\/en\/wp-json\/wp\/v2\/categories?post=7263"},{"taxonomy":"post_tag","embeddable":true,"href":"https:\/\/www.france.fi\/en\/wp-json\/wp\/v2\/tags?post=7263"}],"curies":[{"name":"wp","href":"https:\/\/api.w.org\/{rel}","templated":true}]}}