{"id":8550,"date":"2022-03-07T16:29:57","date_gmt":"2022-03-07T14:29:57","guid":{"rendered":"http:\/\/www.france.fi\/culture\/la-pratique-de-la-langue-francaise-et-lacces-a-la-citoyennete-dans-lafrique-coloniale\/"},"modified":"2022-04-04T13:58:29","modified_gmt":"2022-04-04T10:58:29","slug":"french-language-and-social-ascension-in-colonial-africa","status":"publish","type":"post","link":"https:\/\/www.france.fi\/en\/science-and-universities\/french-language-and-social-ascension-in-colonial-africa\/","title":{"rendered":"French language and social ascension in colonial Africa"},"content":{"rendered":"\n<p>The French Institute will host the French sociolinguist C\u00e9cile Van den Avenne on Thursday, March 31 at 5:00 pm on the theme of the practice of the French language and social ascension in colonial Africa. Starting from the observation that the diffusion of the French language was the object of a consensus while remaining reserved to a French-speaking elite, she will review the path of some Africans, famous or forgotten, for whom the access to the French language was the possibility of a social ascension in their own society and beyond.<\/p>\n<p>The conference will be held in French and will be followed by a discussion with the public.<\/p>\n<p><a href=\"http:\/\/www.france.fi\/wp-content\/uploads\/2022\/03\/Cecile-van-den-Avenne-NB.png\"><img loading=\"lazy\" decoding=\"async\" class=\"size-full wp-image-8545 aligncenter\" src=\"http:\/\/www.france.fi\/wp-content\/uploads\/2022\/03\/Cecile-van-den-Avenne-NB.png\" alt=\"\" width=\"150\" height=\"150\" \/><\/a><\/p>\n<p><strong>C\u00e9cile Van den Avenne<\/strong>: C\u00e9cile Van den Avenne is a director of studies of the Ecole des Hautes Etudes en Sciences Sociales (EHESS), after having been a professor at the Universit\u00e9 Sorbonne Nouvelle-Paris 3 and a lecturer at the ENS in Lyon. Her work in sociolinguistics focuses on language practices in situations of colonial contact in West Africa. She is notably the author of De la bouche m\u00eame des indig\u00e8nes. Echanges linguistiques en Afrique coloniale (Vend\u00e9miaire, 2017) and recently coordinated a special issue of the journal Langue fran\u00e7aise (2019) with the title &#8220;Fran\u00e7ais d&#8217;Afrique. En Afrique. Hors d&#8217;Afrique&#8221;. In Finland, she collaborates with the University of Helsinki and the University of \u00c5bo Akademy.<\/p>\n<p><div class=\"rve\" data-content-width=\"580\"><iframe loading=\"lazy\" title=\"Parole d&#039;expert : C\u00e9cile Van den Avenne\" width=\"580\" height=\"435\" src=\"https:\/\/www.youtube.com\/embed\/HTpp2qw0SjM?feature=oembed\" frameborder=\"0\" allow=\"accelerometer; autoplay; clipboard-write; encrypted-media; gyroscope; picture-in-picture; web-share\" referrerpolicy=\"strict-origin-when-cross-origin\" allowfullscreen><\/iframe><\/div><!-- Responsive Video Embeds plugin by www.kevinleary.net --><\/p>\n<p><div class=\"rve\" data-content-width=\"580\"><iframe loading=\"lazy\" title=\"Langue fran\u00e7aise et ascension sociale en Afrique coloniale\" width=\"580\" height=\"326\" src=\"https:\/\/www.youtube.com\/embed\/EDC1Zn2GiIA?feature=oembed\" frameborder=\"0\" allow=\"accelerometer; autoplay; clipboard-write; encrypted-media; gyroscope; picture-in-picture; web-share\" referrerpolicy=\"strict-origin-when-cross-origin\" allowfullscreen><\/iframe><\/div><!-- Responsive Video Embeds plugin by www.kevinleary.net --><\/p>\n","protected":false},"excerpt":{"rendered":"<p>Caf\u00e9 scientifique with C\u00e9cile Van den Avenne.<br \/>\nAs part of the month of Francophonie and in cooperation with the University of Helsinki, a series of workshops is organized on the theme &#8220;Multilingualism and Francophonie: Spaces, interactions and language modalities&#8221;. <\/p>\n","protected":false},"author":2,"featured_media":8543,"comment_status":"closed","ping_status":"closed","sticky":false,"template":"","format":"standard","meta":{"footnotes":""},"categories":[52],"tags":[],"class_list":["post-8550","post","type-post","status-publish","format-standard","has-post-thumbnail","hentry","category-science-and-universities"],"yoast_head":"<!-- This site is optimized with the Yoast SEO plugin v27.4 - https:\/\/yoast.com\/product\/yoast-seo-wordpress\/ -->\n<title>French language and social ascension in colonial Africa - Institut fran\u00e7ais<\/title>\n<meta name=\"robots\" content=\"index, follow, max-snippet:-1, max-image-preview:large, max-video-preview:-1\" \/>\n<link rel=\"canonical\" href=\"https:\/\/www.france.fi\/en\/science-and-universities\/french-language-and-social-ascension-in-colonial-africa\/\" \/>\n<meta property=\"og:locale\" content=\"en_US\" \/>\n<meta property=\"og:type\" content=\"article\" \/>\n<meta property=\"og:title\" content=\"French language and social ascension in colonial Africa - Institut fran\u00e7ais\" \/>\n<meta property=\"og:description\" content=\"Caf\u00e9 scientifique with C\u00e9cile Van den Avenne. As part of the month of Francophonie and in cooperation with the University of Helsinki, a series of workshops is organized on the theme &quot;Multilingualism and Francophonie: Spaces, interactions and language modalities&quot;.\" \/>\n<meta property=\"og:url\" content=\"https:\/\/www.france.fi\/en\/science-and-universities\/french-language-and-social-ascension-in-colonial-africa\/\" \/>\n<meta property=\"og:site_name\" content=\"Institut fran\u00e7ais\" \/>\n<meta property=\"article:publisher\" content=\"https:\/\/www.facebook.com\/institutfrancaisfi\" \/>\n<meta property=\"article:published_time\" content=\"2022-03-07T14:29:57+00:00\" \/>\n<meta property=\"article:modified_time\" content=\"2022-04-04T10:58:29+00:00\" \/>\n<meta property=\"og:image\" content=\"https:\/\/www.france.fi\/wp-content\/uploads\/2022\/03\/multilinguisme-1098x617.jpg\" \/>\n\t<meta property=\"og:image:width\" content=\"1280\" \/>\n\t<meta property=\"og:image:height\" content=\"720\" \/>\n\t<meta property=\"og:image:type\" content=\"image\/jpeg\" \/>\n<meta name=\"author\" content=\"Equipe IFF\" \/>\n<meta name=\"twitter:card\" content=\"summary_large_image\" \/>\n<meta name=\"twitter:creator\" content=\"@IFFinlande\" \/>\n<meta name=\"twitter:site\" content=\"@IFFinlande\" \/>\n<meta name=\"twitter:label1\" content=\"Written by\" \/>\n\t<meta name=\"twitter:data1\" content=\"Equipe IFF\" \/>\n\t<meta name=\"twitter:label2\" content=\"Est. reading time\" \/>\n\t<meta name=\"twitter:data2\" content=\"2 minutes\" \/>\n<script type=\"application\/ld+json\" class=\"yoast-schema-graph\">{\"@context\":\"https:\\\/\\\/schema.org\",\"@graph\":[{\"@type\":\"Article\",\"@id\":\"https:\\\/\\\/www.france.fi\\\/en\\\/science-and-universities\\\/french-language-and-social-ascension-in-colonial-africa\\\/#article\",\"isPartOf\":{\"@id\":\"https:\\\/\\\/www.france.fi\\\/en\\\/science-and-universities\\\/french-language-and-social-ascension-in-colonial-africa\\\/\"},\"author\":{\"name\":\"Equipe IFF\",\"@id\":\"https:\\\/\\\/www.france.fi\\\/#\\\/schema\\\/person\\\/ed873f29db1d0af6a3600d15d3b65bfd\"},\"headline\":\"French language and social ascension in colonial Africa\",\"datePublished\":\"2022-03-07T14:29:57+00:00\",\"dateModified\":\"2022-04-04T10:58:29+00:00\",\"mainEntityOfPage\":{\"@id\":\"https:\\\/\\\/www.france.fi\\\/en\\\/science-and-universities\\\/french-language-and-social-ascension-in-colonial-africa\\\/\"},\"wordCount\":246,\"publisher\":{\"@id\":\"https:\\\/\\\/www.france.fi\\\/#organization\"},\"image\":{\"@id\":\"https:\\\/\\\/www.france.fi\\\/en\\\/science-and-universities\\\/french-language-and-social-ascension-in-colonial-africa\\\/#primaryimage\"},\"thumbnailUrl\":\"https:\\\/\\\/www.france.fi\\\/wp-content\\\/uploads\\\/2022\\\/03\\\/multilinguisme-1098x617.jpg\",\"articleSection\":[\"Science and universities\"],\"inLanguage\":\"en-US\"},{\"@type\":\"WebPage\",\"@id\":\"https:\\\/\\\/www.france.fi\\\/en\\\/science-and-universities\\\/french-language-and-social-ascension-in-colonial-africa\\\/\",\"url\":\"https:\\\/\\\/www.france.fi\\\/en\\\/science-and-universities\\\/french-language-and-social-ascension-in-colonial-africa\\\/\",\"name\":\"French language and social ascension in colonial Africa - Institut fran\u00e7ais\",\"isPartOf\":{\"@id\":\"https:\\\/\\\/www.france.fi\\\/#website\"},\"primaryImageOfPage\":{\"@id\":\"https:\\\/\\\/www.france.fi\\\/en\\\/science-and-universities\\\/french-language-and-social-ascension-in-colonial-africa\\\/#primaryimage\"},\"image\":{\"@id\":\"https:\\\/\\\/www.france.fi\\\/en\\\/science-and-universities\\\/french-language-and-social-ascension-in-colonial-africa\\\/#primaryimage\"},\"thumbnailUrl\":\"https:\\\/\\\/www.france.fi\\\/wp-content\\\/uploads\\\/2022\\\/03\\\/multilinguisme-1098x617.jpg\",\"datePublished\":\"2022-03-07T14:29:57+00:00\",\"dateModified\":\"2022-04-04T10:58:29+00:00\",\"breadcrumb\":{\"@id\":\"https:\\\/\\\/www.france.fi\\\/en\\\/science-and-universities\\\/french-language-and-social-ascension-in-colonial-africa\\\/#breadcrumb\"},\"inLanguage\":\"en-US\",\"potentialAction\":[{\"@type\":\"ReadAction\",\"target\":[\"https:\\\/\\\/www.france.fi\\\/en\\\/science-and-universities\\\/french-language-and-social-ascension-in-colonial-africa\\\/\"]}]},{\"@type\":\"ImageObject\",\"inLanguage\":\"en-US\",\"@id\":\"https:\\\/\\\/www.france.fi\\\/en\\\/science-and-universities\\\/french-language-and-social-ascension-in-colonial-africa\\\/#primaryimage\",\"url\":\"https:\\\/\\\/www.france.fi\\\/wp-content\\\/uploads\\\/2022\\\/03\\\/multilinguisme-1098x617.jpg\",\"contentUrl\":\"https:\\\/\\\/www.france.fi\\\/wp-content\\\/uploads\\\/2022\\\/03\\\/multilinguisme-1098x617.jpg\",\"width\":1280,\"height\":720},{\"@type\":\"BreadcrumbList\",\"@id\":\"https:\\\/\\\/www.france.fi\\\/en\\\/science-and-universities\\\/french-language-and-social-ascension-in-colonial-africa\\\/#breadcrumb\",\"itemListElement\":[{\"@type\":\"ListItem\",\"position\":1,\"name\":\"Home\",\"item\":\"https:\\\/\\\/www.france.fi\\\/en\\\/\"},{\"@type\":\"ListItem\",\"position\":2,\"name\":\"Science and universities\",\"item\":\"https:\\\/\\\/www.france.fi\\\/en\\\/category\\\/science-and-universities\\\/\"},{\"@type\":\"ListItem\",\"position\":3,\"name\":\"French language and social ascension in colonial Africa\"}]},{\"@type\":\"WebSite\",\"@id\":\"https:\\\/\\\/www.france.fi\\\/#website\",\"url\":\"https:\\\/\\\/www.france.fi\\\/\",\"name\":\"Institut fran\u00e7ais de Finlande\",\"description\":\"\",\"publisher\":{\"@id\":\"https:\\\/\\\/www.france.fi\\\/#organization\"},\"potentialAction\":[{\"@type\":\"SearchAction\",\"target\":{\"@type\":\"EntryPoint\",\"urlTemplate\":\"https:\\\/\\\/www.france.fi\\\/?s={search_term_string}\"},\"query-input\":{\"@type\":\"PropertyValueSpecification\",\"valueRequired\":true,\"valueName\":\"search_term_string\"}}],\"inLanguage\":\"en-US\"},{\"@type\":\"Organization\",\"@id\":\"https:\\\/\\\/www.france.fi\\\/#organization\",\"name\":\"Institut fran\u00e7ais de Finlande\",\"url\":\"https:\\\/\\\/www.france.fi\\\/\",\"logo\":{\"@type\":\"ImageObject\",\"inLanguage\":\"en-US\",\"@id\":\"https:\\\/\\\/www.france.fi\\\/#\\\/schema\\\/logo\\\/image\\\/\",\"url\":\"https:\\\/\\\/www.france.fi\\\/wp-content\\\/uploads\\\/2024\\\/02\\\/if-logo-1.png\",\"contentUrl\":\"https:\\\/\\\/www.france.fi\\\/wp-content\\\/uploads\\\/2024\\\/02\\\/if-logo-1.png\",\"width\":687,\"height\":459,\"caption\":\"Institut fran\u00e7ais de Finlande\"},\"image\":{\"@id\":\"https:\\\/\\\/www.france.fi\\\/#\\\/schema\\\/logo\\\/image\\\/\"},\"sameAs\":[\"https:\\\/\\\/www.facebook.com\\\/institutfrancaisfi\",\"https:\\\/\\\/x.com\\\/IFFinlande\",\"https:\\\/\\\/www.instagram.com\\\/iffinlande\\\/\",\"https:\\\/\\\/fr.linkedin.com\\\/organization-guest\\\/company\\\/institut-fran-ais-de-finlande\",\"https:\\\/\\\/www.youtube.com\\\/channel\\\/UCHAitdpmSbeP78eL49XMotA\"]},{\"@type\":\"Person\",\"@id\":\"https:\\\/\\\/www.france.fi\\\/#\\\/schema\\\/person\\\/ed873f29db1d0af6a3600d15d3b65bfd\",\"name\":\"Equipe IFF\",\"image\":{\"@type\":\"ImageObject\",\"inLanguage\":\"en-US\",\"@id\":\"https:\\\/\\\/secure.gravatar.com\\\/avatar\\\/3c4ba80228d01014b25e45e90abb28ce315a02c6572751a7fb2298e4274989fc?s=96&d=mm&r=g\",\"url\":\"https:\\\/\\\/secure.gravatar.com\\\/avatar\\\/3c4ba80228d01014b25e45e90abb28ce315a02c6572751a7fb2298e4274989fc?s=96&d=mm&r=g\",\"contentUrl\":\"https:\\\/\\\/secure.gravatar.com\\\/avatar\\\/3c4ba80228d01014b25e45e90abb28ce315a02c6572751a7fb2298e4274989fc?s=96&d=mm&r=g\",\"caption\":\"Equipe IFF\"},\"url\":\"https:\\\/\\\/www.france.fi\\\/en\\\/author\\\/iffadmin\\\/\"}]}<\/script>\n<!-- \/ Yoast SEO plugin. -->","yoast_head_json":{"title":"French language and social ascension in colonial Africa - Institut fran\u00e7ais","robots":{"index":"index","follow":"follow","max-snippet":"max-snippet:-1","max-image-preview":"max-image-preview:large","max-video-preview":"max-video-preview:-1"},"canonical":"https:\/\/www.france.fi\/en\/science-and-universities\/french-language-and-social-ascension-in-colonial-africa\/","og_locale":"en_US","og_type":"article","og_title":"French language and social ascension in colonial Africa - Institut fran\u00e7ais","og_description":"Caf\u00e9 scientifique with C\u00e9cile Van den Avenne. As part of the month of Francophonie and in cooperation with the University of Helsinki, a series of workshops is organized on the theme \"Multilingualism and Francophonie: Spaces, interactions and language modalities\".","og_url":"https:\/\/www.france.fi\/en\/science-and-universities\/french-language-and-social-ascension-in-colonial-africa\/","og_site_name":"Institut fran\u00e7ais","article_publisher":"https:\/\/www.facebook.com\/institutfrancaisfi","article_published_time":"2022-03-07T14:29:57+00:00","article_modified_time":"2022-04-04T10:58:29+00:00","og_image":[{"width":1280,"height":720,"url":"https:\/\/www.france.fi\/wp-content\/uploads\/2022\/03\/multilinguisme-1098x617.jpg","type":"image\/jpeg"}],"author":"Equipe IFF","twitter_card":"summary_large_image","twitter_creator":"@IFFinlande","twitter_site":"@IFFinlande","twitter_misc":{"Written by":"Equipe IFF","Est. reading time":"2 minutes"},"schema":{"@context":"https:\/\/schema.org","@graph":[{"@type":"Article","@id":"https:\/\/www.france.fi\/en\/science-and-universities\/french-language-and-social-ascension-in-colonial-africa\/#article","isPartOf":{"@id":"https:\/\/www.france.fi\/en\/science-and-universities\/french-language-and-social-ascension-in-colonial-africa\/"},"author":{"name":"Equipe IFF","@id":"https:\/\/www.france.fi\/#\/schema\/person\/ed873f29db1d0af6a3600d15d3b65bfd"},"headline":"French language and social ascension in colonial Africa","datePublished":"2022-03-07T14:29:57+00:00","dateModified":"2022-04-04T10:58:29+00:00","mainEntityOfPage":{"@id":"https:\/\/www.france.fi\/en\/science-and-universities\/french-language-and-social-ascension-in-colonial-africa\/"},"wordCount":246,"publisher":{"@id":"https:\/\/www.france.fi\/#organization"},"image":{"@id":"https:\/\/www.france.fi\/en\/science-and-universities\/french-language-and-social-ascension-in-colonial-africa\/#primaryimage"},"thumbnailUrl":"https:\/\/www.france.fi\/wp-content\/uploads\/2022\/03\/multilinguisme-1098x617.jpg","articleSection":["Science and universities"],"inLanguage":"en-US"},{"@type":"WebPage","@id":"https:\/\/www.france.fi\/en\/science-and-universities\/french-language-and-social-ascension-in-colonial-africa\/","url":"https:\/\/www.france.fi\/en\/science-and-universities\/french-language-and-social-ascension-in-colonial-africa\/","name":"French language and social ascension in colonial Africa - Institut fran\u00e7ais","isPartOf":{"@id":"https:\/\/www.france.fi\/#website"},"primaryImageOfPage":{"@id":"https:\/\/www.france.fi\/en\/science-and-universities\/french-language-and-social-ascension-in-colonial-africa\/#primaryimage"},"image":{"@id":"https:\/\/www.france.fi\/en\/science-and-universities\/french-language-and-social-ascension-in-colonial-africa\/#primaryimage"},"thumbnailUrl":"https:\/\/www.france.fi\/wp-content\/uploads\/2022\/03\/multilinguisme-1098x617.jpg","datePublished":"2022-03-07T14:29:57+00:00","dateModified":"2022-04-04T10:58:29+00:00","breadcrumb":{"@id":"https:\/\/www.france.fi\/en\/science-and-universities\/french-language-and-social-ascension-in-colonial-africa\/#breadcrumb"},"inLanguage":"en-US","potentialAction":[{"@type":"ReadAction","target":["https:\/\/www.france.fi\/en\/science-and-universities\/french-language-and-social-ascension-in-colonial-africa\/"]}]},{"@type":"ImageObject","inLanguage":"en-US","@id":"https:\/\/www.france.fi\/en\/science-and-universities\/french-language-and-social-ascension-in-colonial-africa\/#primaryimage","url":"https:\/\/www.france.fi\/wp-content\/uploads\/2022\/03\/multilinguisme-1098x617.jpg","contentUrl":"https:\/\/www.france.fi\/wp-content\/uploads\/2022\/03\/multilinguisme-1098x617.jpg","width":1280,"height":720},{"@type":"BreadcrumbList","@id":"https:\/\/www.france.fi\/en\/science-and-universities\/french-language-and-social-ascension-in-colonial-africa\/#breadcrumb","itemListElement":[{"@type":"ListItem","position":1,"name":"Home","item":"https:\/\/www.france.fi\/en\/"},{"@type":"ListItem","position":2,"name":"Science and universities","item":"https:\/\/www.france.fi\/en\/category\/science-and-universities\/"},{"@type":"ListItem","position":3,"name":"French language and social ascension in colonial Africa"}]},{"@type":"WebSite","@id":"https:\/\/www.france.fi\/#website","url":"https:\/\/www.france.fi\/","name":"Institut fran\u00e7ais de Finlande","description":"","publisher":{"@id":"https:\/\/www.france.fi\/#organization"},"potentialAction":[{"@type":"SearchAction","target":{"@type":"EntryPoint","urlTemplate":"https:\/\/www.france.fi\/?s={search_term_string}"},"query-input":{"@type":"PropertyValueSpecification","valueRequired":true,"valueName":"search_term_string"}}],"inLanguage":"en-US"},{"@type":"Organization","@id":"https:\/\/www.france.fi\/#organization","name":"Institut fran\u00e7ais de Finlande","url":"https:\/\/www.france.fi\/","logo":{"@type":"ImageObject","inLanguage":"en-US","@id":"https:\/\/www.france.fi\/#\/schema\/logo\/image\/","url":"https:\/\/www.france.fi\/wp-content\/uploads\/2024\/02\/if-logo-1.png","contentUrl":"https:\/\/www.france.fi\/wp-content\/uploads\/2024\/02\/if-logo-1.png","width":687,"height":459,"caption":"Institut fran\u00e7ais de Finlande"},"image":{"@id":"https:\/\/www.france.fi\/#\/schema\/logo\/image\/"},"sameAs":["https:\/\/www.facebook.com\/institutfrancaisfi","https:\/\/x.com\/IFFinlande","https:\/\/www.instagram.com\/iffinlande\/","https:\/\/fr.linkedin.com\/organization-guest\/company\/institut-fran-ais-de-finlande","https:\/\/www.youtube.com\/channel\/UCHAitdpmSbeP78eL49XMotA"]},{"@type":"Person","@id":"https:\/\/www.france.fi\/#\/schema\/person\/ed873f29db1d0af6a3600d15d3b65bfd","name":"Equipe IFF","image":{"@type":"ImageObject","inLanguage":"en-US","@id":"https:\/\/secure.gravatar.com\/avatar\/3c4ba80228d01014b25e45e90abb28ce315a02c6572751a7fb2298e4274989fc?s=96&d=mm&r=g","url":"https:\/\/secure.gravatar.com\/avatar\/3c4ba80228d01014b25e45e90abb28ce315a02c6572751a7fb2298e4274989fc?s=96&d=mm&r=g","contentUrl":"https:\/\/secure.gravatar.com\/avatar\/3c4ba80228d01014b25e45e90abb28ce315a02c6572751a7fb2298e4274989fc?s=96&d=mm&r=g","caption":"Equipe IFF"},"url":"https:\/\/www.france.fi\/en\/author\/iffadmin\/"}]}},"_links":{"self":[{"href":"https:\/\/www.france.fi\/en\/wp-json\/wp\/v2\/posts\/8550","targetHints":{"allow":["GET"]}}],"collection":[{"href":"https:\/\/www.france.fi\/en\/wp-json\/wp\/v2\/posts"}],"about":[{"href":"https:\/\/www.france.fi\/en\/wp-json\/wp\/v2\/types\/post"}],"author":[{"embeddable":true,"href":"https:\/\/www.france.fi\/en\/wp-json\/wp\/v2\/users\/2"}],"replies":[{"embeddable":true,"href":"https:\/\/www.france.fi\/en\/wp-json\/wp\/v2\/comments?post=8550"}],"version-history":[{"count":0,"href":"https:\/\/www.france.fi\/en\/wp-json\/wp\/v2\/posts\/8550\/revisions"}],"wp:featuredmedia":[{"embeddable":true,"href":"https:\/\/www.france.fi\/en\/wp-json\/wp\/v2\/media\/8543"}],"wp:attachment":[{"href":"https:\/\/www.france.fi\/en\/wp-json\/wp\/v2\/media?parent=8550"}],"wp:term":[{"taxonomy":"category","embeddable":true,"href":"https:\/\/www.france.fi\/en\/wp-json\/wp\/v2\/categories?post=8550"},{"taxonomy":"post_tag","embeddable":true,"href":"https:\/\/www.france.fi\/en\/wp-json\/wp\/v2\/tags?post=8550"}],"curies":[{"name":"wp","href":"https:\/\/api.w.org\/{rel}","templated":true}]}}