{"id":8581,"date":"2022-03-09T14:00:57","date_gmt":"2022-03-09T12:00:57","guid":{"rendered":"http:\/\/www.france.fi\/culture\/le-futur-du-francais-est-en-afrique-mais-de-quel-futur-sagit-il\/"},"modified":"2022-04-11T14:20:31","modified_gmt":"2022-04-11T11:20:31","slug":"the-future-of-french-is-in-africa-but-what-kind-of-future-is-it","status":"publish","type":"post","link":"https:\/\/www.france.fi\/en\/science-and-universities\/the-future-of-french-is-in-africa-but-what-kind-of-future-is-it\/","title":{"rendered":"The future of French is in Africa, but what kind of future is it?\u00a0"},"content":{"rendered":"\n<p>Dr. Ibrahima Ciss\u00e9, from the doctoral school of Mali, will speak on Thursday, April 7 at 5:00 pm on &#8220;The future of French is in Africa, but what kind of future is it?&#8221; and will be introduced by L\u00fcpke Friederike.<\/p>\n<p>Half of all French speakers come from the African continent and are distributed in a heterogeneous way according to the country. Although only 17% of Malians are French-speaking, French is still one of the three most spoken languages in the country. In order to better understand the future of French in Mali, the following questions will be addressed: What is the future of French if the current linguistic policy is maintained? What impact would the officialization of national languages have on French? What language policy should be adopted for inclusive multilingualism\/plurilingualism in the service of good governance, peace and social cohesion in Mali?<\/p>\n<p>The conference will be held in French and will be followed by a discussion with the audience.<\/p>\n<h4><strong>Ibrahima Ciss\u00e9:<\/strong><\/h4>\n<p>Doctoral student at the University of Grenoble Alpes in cotutelle with the University of Leiden in the Netherlands, he is an assistant Lecturer at the Institute of University Pedagogy (Doctoral School), a consultant in the fields of Education, Culture, and Communication and Information at the UNESCO Office in Bamako and Coordinator of Operations at the UNESCO Chair of Community Research on the Levers of Development: &#8220;Emergence through Innovation&#8221; in Bamako, Mali. His research interests include the relationship between language and power, language and human rights, language and education in Africa, and language acquisition in children living in multilingual environments.<\/p>\n<p><div class=\"rve\" data-content-width=\"580\"><iframe loading=\"lazy\" title=\"Le futur du fran\u00e7ais est en Afrique, mais de quel futur s\u2019agit il ?\" width=\"580\" height=\"326\" src=\"https:\/\/www.youtube.com\/embed\/dsQvcjtHNj0?feature=oembed\" frameborder=\"0\" allow=\"accelerometer; autoplay; clipboard-write; encrypted-media; gyroscope; picture-in-picture; web-share\" referrerpolicy=\"strict-origin-when-cross-origin\" allowfullscreen><\/iframe><\/div><!-- Responsive Video Embeds plugin by www.kevinleary.net --><\/p>\n\n\n\n<p><\/p>\n","protected":false},"excerpt":{"rendered":"<p>Caf\u00e9 scientifique with Ibrahima Ciss\u00e9.<br \/>\nAs part of the month of Francophonie and in cooperation with the University of Helsinki, a series of workshops is organized on the theme &#8220;Multilingualism and Francophonie: Spaces, interactions and language modalities&#8221;. <\/p>\n","protected":false},"author":2,"featured_media":8577,"comment_status":"closed","ping_status":"closed","sticky":false,"template":"","format":"standard","meta":{"footnotes":""},"categories":[52],"tags":[],"class_list":["post-8581","post","type-post","status-publish","format-standard","has-post-thumbnail","hentry","category-science-and-universities"],"yoast_head":"<!-- This site is optimized with the Yoast SEO plugin v27.4 - https:\/\/yoast.com\/product\/yoast-seo-wordpress\/ -->\n<title>The future of French is in Africa, but what kind of future is it?\u00a0 - Institut fran\u00e7ais<\/title>\n<meta name=\"robots\" content=\"index, follow, max-snippet:-1, max-image-preview:large, max-video-preview:-1\" \/>\n<link rel=\"canonical\" href=\"https:\/\/www.france.fi\/en\/science-and-universities\/the-future-of-french-is-in-africa-but-what-kind-of-future-is-it\/\" \/>\n<meta property=\"og:locale\" content=\"en_US\" \/>\n<meta property=\"og:type\" content=\"article\" \/>\n<meta property=\"og:title\" content=\"The future of French is in Africa, but what kind of future is it?\u00a0 - Institut fran\u00e7ais\" \/>\n<meta property=\"og:description\" content=\"Caf\u00e9 scientifique with Ibrahima Ciss\u00e9. As part of the month of Francophonie and in cooperation with the University of Helsinki, a series of workshops is organized on the theme &quot;Multilingualism and Francophonie: Spaces, interactions and language modalities&quot;.\" \/>\n<meta property=\"og:url\" content=\"https:\/\/www.france.fi\/en\/science-and-universities\/the-future-of-french-is-in-africa-but-what-kind-of-future-is-it\/\" \/>\n<meta property=\"og:site_name\" content=\"Institut fran\u00e7ais\" \/>\n<meta property=\"article:publisher\" content=\"https:\/\/www.facebook.com\/institutfrancaisfi\" \/>\n<meta property=\"article:published_time\" content=\"2022-03-09T12:00:57+00:00\" \/>\n<meta property=\"article:modified_time\" content=\"2022-04-11T11:20:31+00:00\" \/>\n<meta property=\"og:image\" content=\"https:\/\/www.france.fi\/wp-content\/uploads\/2022\/03\/francais-afrique-1098x617.jpg\" \/>\n\t<meta property=\"og:image:width\" content=\"1280\" \/>\n\t<meta property=\"og:image:height\" content=\"720\" \/>\n\t<meta property=\"og:image:type\" content=\"image\/jpeg\" \/>\n<meta name=\"author\" content=\"Equipe IFF\" \/>\n<meta name=\"twitter:card\" content=\"summary_large_image\" \/>\n<meta name=\"twitter:creator\" content=\"@IFFinlande\" \/>\n<meta name=\"twitter:site\" content=\"@IFFinlande\" \/>\n<meta name=\"twitter:label1\" content=\"Written by\" \/>\n\t<meta name=\"twitter:data1\" content=\"Equipe IFF\" \/>\n\t<meta name=\"twitter:label2\" content=\"Est. reading time\" \/>\n\t<meta name=\"twitter:data2\" content=\"2 minutes\" \/>\n<script type=\"application\/ld+json\" class=\"yoast-schema-graph\">{\"@context\":\"https:\\\/\\\/schema.org\",\"@graph\":[{\"@type\":\"Article\",\"@id\":\"https:\\\/\\\/www.france.fi\\\/en\\\/science-and-universities\\\/the-future-of-french-is-in-africa-but-what-kind-of-future-is-it\\\/#article\",\"isPartOf\":{\"@id\":\"https:\\\/\\\/www.france.fi\\\/en\\\/science-and-universities\\\/the-future-of-french-is-in-africa-but-what-kind-of-future-is-it\\\/\"},\"author\":{\"name\":\"Equipe IFF\",\"@id\":\"https:\\\/\\\/www.france.fi\\\/#\\\/schema\\\/person\\\/ed873f29db1d0af6a3600d15d3b65bfd\"},\"headline\":\"The future of French is in Africa, but what kind of future is it?\u00a0\",\"datePublished\":\"2022-03-09T12:00:57+00:00\",\"dateModified\":\"2022-04-11T11:20:31+00:00\",\"mainEntityOfPage\":{\"@id\":\"https:\\\/\\\/www.france.fi\\\/en\\\/science-and-universities\\\/the-future-of-french-is-in-africa-but-what-kind-of-future-is-it\\\/\"},\"wordCount\":278,\"publisher\":{\"@id\":\"https:\\\/\\\/www.france.fi\\\/#organization\"},\"image\":{\"@id\":\"https:\\\/\\\/www.france.fi\\\/en\\\/science-and-universities\\\/the-future-of-french-is-in-africa-but-what-kind-of-future-is-it\\\/#primaryimage\"},\"thumbnailUrl\":\"https:\\\/\\\/www.france.fi\\\/wp-content\\\/uploads\\\/2022\\\/03\\\/francais-afrique-1098x617.jpg\",\"articleSection\":[\"Science and universities\"],\"inLanguage\":\"en-US\"},{\"@type\":\"WebPage\",\"@id\":\"https:\\\/\\\/www.france.fi\\\/en\\\/science-and-universities\\\/the-future-of-french-is-in-africa-but-what-kind-of-future-is-it\\\/\",\"url\":\"https:\\\/\\\/www.france.fi\\\/en\\\/science-and-universities\\\/the-future-of-french-is-in-africa-but-what-kind-of-future-is-it\\\/\",\"name\":\"The future of French is in Africa, but what kind of future is it?\u00a0 - Institut fran\u00e7ais\",\"isPartOf\":{\"@id\":\"https:\\\/\\\/www.france.fi\\\/#website\"},\"primaryImageOfPage\":{\"@id\":\"https:\\\/\\\/www.france.fi\\\/en\\\/science-and-universities\\\/the-future-of-french-is-in-africa-but-what-kind-of-future-is-it\\\/#primaryimage\"},\"image\":{\"@id\":\"https:\\\/\\\/www.france.fi\\\/en\\\/science-and-universities\\\/the-future-of-french-is-in-africa-but-what-kind-of-future-is-it\\\/#primaryimage\"},\"thumbnailUrl\":\"https:\\\/\\\/www.france.fi\\\/wp-content\\\/uploads\\\/2022\\\/03\\\/francais-afrique-1098x617.jpg\",\"datePublished\":\"2022-03-09T12:00:57+00:00\",\"dateModified\":\"2022-04-11T11:20:31+00:00\",\"breadcrumb\":{\"@id\":\"https:\\\/\\\/www.france.fi\\\/en\\\/science-and-universities\\\/the-future-of-french-is-in-africa-but-what-kind-of-future-is-it\\\/#breadcrumb\"},\"inLanguage\":\"en-US\",\"potentialAction\":[{\"@type\":\"ReadAction\",\"target\":[\"https:\\\/\\\/www.france.fi\\\/en\\\/science-and-universities\\\/the-future-of-french-is-in-africa-but-what-kind-of-future-is-it\\\/\"]}]},{\"@type\":\"ImageObject\",\"inLanguage\":\"en-US\",\"@id\":\"https:\\\/\\\/www.france.fi\\\/en\\\/science-and-universities\\\/the-future-of-french-is-in-africa-but-what-kind-of-future-is-it\\\/#primaryimage\",\"url\":\"https:\\\/\\\/www.france.fi\\\/wp-content\\\/uploads\\\/2022\\\/03\\\/francais-afrique-1098x617.jpg\",\"contentUrl\":\"https:\\\/\\\/www.france.fi\\\/wp-content\\\/uploads\\\/2022\\\/03\\\/francais-afrique-1098x617.jpg\",\"width\":1280,\"height\":720},{\"@type\":\"BreadcrumbList\",\"@id\":\"https:\\\/\\\/www.france.fi\\\/en\\\/science-and-universities\\\/the-future-of-french-is-in-africa-but-what-kind-of-future-is-it\\\/#breadcrumb\",\"itemListElement\":[{\"@type\":\"ListItem\",\"position\":1,\"name\":\"Home\",\"item\":\"https:\\\/\\\/www.france.fi\\\/en\\\/\"},{\"@type\":\"ListItem\",\"position\":2,\"name\":\"Science and universities\",\"item\":\"https:\\\/\\\/www.france.fi\\\/en\\\/category\\\/science-and-universities\\\/\"},{\"@type\":\"ListItem\",\"position\":3,\"name\":\"The future of French is in Africa, but what kind of future is it?\u00a0\"}]},{\"@type\":\"WebSite\",\"@id\":\"https:\\\/\\\/www.france.fi\\\/#website\",\"url\":\"https:\\\/\\\/www.france.fi\\\/\",\"name\":\"Institut fran\u00e7ais de Finlande\",\"description\":\"\",\"publisher\":{\"@id\":\"https:\\\/\\\/www.france.fi\\\/#organization\"},\"potentialAction\":[{\"@type\":\"SearchAction\",\"target\":{\"@type\":\"EntryPoint\",\"urlTemplate\":\"https:\\\/\\\/www.france.fi\\\/?s={search_term_string}\"},\"query-input\":{\"@type\":\"PropertyValueSpecification\",\"valueRequired\":true,\"valueName\":\"search_term_string\"}}],\"inLanguage\":\"en-US\"},{\"@type\":\"Organization\",\"@id\":\"https:\\\/\\\/www.france.fi\\\/#organization\",\"name\":\"Institut fran\u00e7ais de Finlande\",\"url\":\"https:\\\/\\\/www.france.fi\\\/\",\"logo\":{\"@type\":\"ImageObject\",\"inLanguage\":\"en-US\",\"@id\":\"https:\\\/\\\/www.france.fi\\\/#\\\/schema\\\/logo\\\/image\\\/\",\"url\":\"https:\\\/\\\/www.france.fi\\\/wp-content\\\/uploads\\\/2024\\\/02\\\/if-logo-1.png\",\"contentUrl\":\"https:\\\/\\\/www.france.fi\\\/wp-content\\\/uploads\\\/2024\\\/02\\\/if-logo-1.png\",\"width\":687,\"height\":459,\"caption\":\"Institut fran\u00e7ais de Finlande\"},\"image\":{\"@id\":\"https:\\\/\\\/www.france.fi\\\/#\\\/schema\\\/logo\\\/image\\\/\"},\"sameAs\":[\"https:\\\/\\\/www.facebook.com\\\/institutfrancaisfi\",\"https:\\\/\\\/x.com\\\/IFFinlande\",\"https:\\\/\\\/www.instagram.com\\\/iffinlande\\\/\",\"https:\\\/\\\/fr.linkedin.com\\\/organization-guest\\\/company\\\/institut-fran-ais-de-finlande\",\"https:\\\/\\\/www.youtube.com\\\/channel\\\/UCHAitdpmSbeP78eL49XMotA\"]},{\"@type\":\"Person\",\"@id\":\"https:\\\/\\\/www.france.fi\\\/#\\\/schema\\\/person\\\/ed873f29db1d0af6a3600d15d3b65bfd\",\"name\":\"Equipe IFF\",\"image\":{\"@type\":\"ImageObject\",\"inLanguage\":\"en-US\",\"@id\":\"https:\\\/\\\/secure.gravatar.com\\\/avatar\\\/3c4ba80228d01014b25e45e90abb28ce315a02c6572751a7fb2298e4274989fc?s=96&d=mm&r=g\",\"url\":\"https:\\\/\\\/secure.gravatar.com\\\/avatar\\\/3c4ba80228d01014b25e45e90abb28ce315a02c6572751a7fb2298e4274989fc?s=96&d=mm&r=g\",\"contentUrl\":\"https:\\\/\\\/secure.gravatar.com\\\/avatar\\\/3c4ba80228d01014b25e45e90abb28ce315a02c6572751a7fb2298e4274989fc?s=96&d=mm&r=g\",\"caption\":\"Equipe IFF\"},\"url\":\"https:\\\/\\\/www.france.fi\\\/en\\\/author\\\/iffadmin\\\/\"}]}<\/script>\n<!-- \/ Yoast SEO plugin. -->","yoast_head_json":{"title":"The future of French is in Africa, but what kind of future is it?\u00a0 - Institut fran\u00e7ais","robots":{"index":"index","follow":"follow","max-snippet":"max-snippet:-1","max-image-preview":"max-image-preview:large","max-video-preview":"max-video-preview:-1"},"canonical":"https:\/\/www.france.fi\/en\/science-and-universities\/the-future-of-french-is-in-africa-but-what-kind-of-future-is-it\/","og_locale":"en_US","og_type":"article","og_title":"The future of French is in Africa, but what kind of future is it?\u00a0 - Institut fran\u00e7ais","og_description":"Caf\u00e9 scientifique with Ibrahima Ciss\u00e9. As part of the month of Francophonie and in cooperation with the University of Helsinki, a series of workshops is organized on the theme \"Multilingualism and Francophonie: Spaces, interactions and language modalities\".","og_url":"https:\/\/www.france.fi\/en\/science-and-universities\/the-future-of-french-is-in-africa-but-what-kind-of-future-is-it\/","og_site_name":"Institut fran\u00e7ais","article_publisher":"https:\/\/www.facebook.com\/institutfrancaisfi","article_published_time":"2022-03-09T12:00:57+00:00","article_modified_time":"2022-04-11T11:20:31+00:00","og_image":[{"width":1280,"height":720,"url":"https:\/\/www.france.fi\/wp-content\/uploads\/2022\/03\/francais-afrique-1098x617.jpg","type":"image\/jpeg"}],"author":"Equipe IFF","twitter_card":"summary_large_image","twitter_creator":"@IFFinlande","twitter_site":"@IFFinlande","twitter_misc":{"Written by":"Equipe IFF","Est. reading time":"2 minutes"},"schema":{"@context":"https:\/\/schema.org","@graph":[{"@type":"Article","@id":"https:\/\/www.france.fi\/en\/science-and-universities\/the-future-of-french-is-in-africa-but-what-kind-of-future-is-it\/#article","isPartOf":{"@id":"https:\/\/www.france.fi\/en\/science-and-universities\/the-future-of-french-is-in-africa-but-what-kind-of-future-is-it\/"},"author":{"name":"Equipe IFF","@id":"https:\/\/www.france.fi\/#\/schema\/person\/ed873f29db1d0af6a3600d15d3b65bfd"},"headline":"The future of French is in Africa, but what kind of future is it?\u00a0","datePublished":"2022-03-09T12:00:57+00:00","dateModified":"2022-04-11T11:20:31+00:00","mainEntityOfPage":{"@id":"https:\/\/www.france.fi\/en\/science-and-universities\/the-future-of-french-is-in-africa-but-what-kind-of-future-is-it\/"},"wordCount":278,"publisher":{"@id":"https:\/\/www.france.fi\/#organization"},"image":{"@id":"https:\/\/www.france.fi\/en\/science-and-universities\/the-future-of-french-is-in-africa-but-what-kind-of-future-is-it\/#primaryimage"},"thumbnailUrl":"https:\/\/www.france.fi\/wp-content\/uploads\/2022\/03\/francais-afrique-1098x617.jpg","articleSection":["Science and universities"],"inLanguage":"en-US"},{"@type":"WebPage","@id":"https:\/\/www.france.fi\/en\/science-and-universities\/the-future-of-french-is-in-africa-but-what-kind-of-future-is-it\/","url":"https:\/\/www.france.fi\/en\/science-and-universities\/the-future-of-french-is-in-africa-but-what-kind-of-future-is-it\/","name":"The future of French is in Africa, but what kind of future is it?\u00a0 - Institut fran\u00e7ais","isPartOf":{"@id":"https:\/\/www.france.fi\/#website"},"primaryImageOfPage":{"@id":"https:\/\/www.france.fi\/en\/science-and-universities\/the-future-of-french-is-in-africa-but-what-kind-of-future-is-it\/#primaryimage"},"image":{"@id":"https:\/\/www.france.fi\/en\/science-and-universities\/the-future-of-french-is-in-africa-but-what-kind-of-future-is-it\/#primaryimage"},"thumbnailUrl":"https:\/\/www.france.fi\/wp-content\/uploads\/2022\/03\/francais-afrique-1098x617.jpg","datePublished":"2022-03-09T12:00:57+00:00","dateModified":"2022-04-11T11:20:31+00:00","breadcrumb":{"@id":"https:\/\/www.france.fi\/en\/science-and-universities\/the-future-of-french-is-in-africa-but-what-kind-of-future-is-it\/#breadcrumb"},"inLanguage":"en-US","potentialAction":[{"@type":"ReadAction","target":["https:\/\/www.france.fi\/en\/science-and-universities\/the-future-of-french-is-in-africa-but-what-kind-of-future-is-it\/"]}]},{"@type":"ImageObject","inLanguage":"en-US","@id":"https:\/\/www.france.fi\/en\/science-and-universities\/the-future-of-french-is-in-africa-but-what-kind-of-future-is-it\/#primaryimage","url":"https:\/\/www.france.fi\/wp-content\/uploads\/2022\/03\/francais-afrique-1098x617.jpg","contentUrl":"https:\/\/www.france.fi\/wp-content\/uploads\/2022\/03\/francais-afrique-1098x617.jpg","width":1280,"height":720},{"@type":"BreadcrumbList","@id":"https:\/\/www.france.fi\/en\/science-and-universities\/the-future-of-french-is-in-africa-but-what-kind-of-future-is-it\/#breadcrumb","itemListElement":[{"@type":"ListItem","position":1,"name":"Home","item":"https:\/\/www.france.fi\/en\/"},{"@type":"ListItem","position":2,"name":"Science and universities","item":"https:\/\/www.france.fi\/en\/category\/science-and-universities\/"},{"@type":"ListItem","position":3,"name":"The future of French is in Africa, but what kind of future is it?\u00a0"}]},{"@type":"WebSite","@id":"https:\/\/www.france.fi\/#website","url":"https:\/\/www.france.fi\/","name":"Institut fran\u00e7ais de Finlande","description":"","publisher":{"@id":"https:\/\/www.france.fi\/#organization"},"potentialAction":[{"@type":"SearchAction","target":{"@type":"EntryPoint","urlTemplate":"https:\/\/www.france.fi\/?s={search_term_string}"},"query-input":{"@type":"PropertyValueSpecification","valueRequired":true,"valueName":"search_term_string"}}],"inLanguage":"en-US"},{"@type":"Organization","@id":"https:\/\/www.france.fi\/#organization","name":"Institut fran\u00e7ais de Finlande","url":"https:\/\/www.france.fi\/","logo":{"@type":"ImageObject","inLanguage":"en-US","@id":"https:\/\/www.france.fi\/#\/schema\/logo\/image\/","url":"https:\/\/www.france.fi\/wp-content\/uploads\/2024\/02\/if-logo-1.png","contentUrl":"https:\/\/www.france.fi\/wp-content\/uploads\/2024\/02\/if-logo-1.png","width":687,"height":459,"caption":"Institut fran\u00e7ais de Finlande"},"image":{"@id":"https:\/\/www.france.fi\/#\/schema\/logo\/image\/"},"sameAs":["https:\/\/www.facebook.com\/institutfrancaisfi","https:\/\/x.com\/IFFinlande","https:\/\/www.instagram.com\/iffinlande\/","https:\/\/fr.linkedin.com\/organization-guest\/company\/institut-fran-ais-de-finlande","https:\/\/www.youtube.com\/channel\/UCHAitdpmSbeP78eL49XMotA"]},{"@type":"Person","@id":"https:\/\/www.france.fi\/#\/schema\/person\/ed873f29db1d0af6a3600d15d3b65bfd","name":"Equipe IFF","image":{"@type":"ImageObject","inLanguage":"en-US","@id":"https:\/\/secure.gravatar.com\/avatar\/3c4ba80228d01014b25e45e90abb28ce315a02c6572751a7fb2298e4274989fc?s=96&d=mm&r=g","url":"https:\/\/secure.gravatar.com\/avatar\/3c4ba80228d01014b25e45e90abb28ce315a02c6572751a7fb2298e4274989fc?s=96&d=mm&r=g","contentUrl":"https:\/\/secure.gravatar.com\/avatar\/3c4ba80228d01014b25e45e90abb28ce315a02c6572751a7fb2298e4274989fc?s=96&d=mm&r=g","caption":"Equipe IFF"},"url":"https:\/\/www.france.fi\/en\/author\/iffadmin\/"}]}},"_links":{"self":[{"href":"https:\/\/www.france.fi\/en\/wp-json\/wp\/v2\/posts\/8581","targetHints":{"allow":["GET"]}}],"collection":[{"href":"https:\/\/www.france.fi\/en\/wp-json\/wp\/v2\/posts"}],"about":[{"href":"https:\/\/www.france.fi\/en\/wp-json\/wp\/v2\/types\/post"}],"author":[{"embeddable":true,"href":"https:\/\/www.france.fi\/en\/wp-json\/wp\/v2\/users\/2"}],"replies":[{"embeddable":true,"href":"https:\/\/www.france.fi\/en\/wp-json\/wp\/v2\/comments?post=8581"}],"version-history":[{"count":0,"href":"https:\/\/www.france.fi\/en\/wp-json\/wp\/v2\/posts\/8581\/revisions"}],"wp:featuredmedia":[{"embeddable":true,"href":"https:\/\/www.france.fi\/en\/wp-json\/wp\/v2\/media\/8577"}],"wp:attachment":[{"href":"https:\/\/www.france.fi\/en\/wp-json\/wp\/v2\/media?parent=8581"}],"wp:term":[{"taxonomy":"category","embeddable":true,"href":"https:\/\/www.france.fi\/en\/wp-json\/wp\/v2\/categories?post=8581"},{"taxonomy":"post_tag","embeddable":true,"href":"https:\/\/www.france.fi\/en\/wp-json\/wp\/v2\/tags?post=8581"}],"curies":[{"name":"wp","href":"https:\/\/api.w.org\/{rel}","templated":true}]}}