{"id":8616,"date":"2022-03-10T13:25:26","date_gmt":"2022-03-10T11:25:26","guid":{"rendered":"http:\/\/www.france.fi\/culture\/propositions-en-faveur-du-plurilinguisme-a-lecole\/"},"modified":"2022-06-15T15:43:45","modified_gmt":"2022-06-15T12:43:45","slug":"propositions-en-faveur-du-plurilinguisme-a-lecole","status":"publish","type":"post","link":"https:\/\/www.france.fi\/en\/french-language\/propositions-en-faveur-du-plurilinguisme-a-lecole\/","title":{"rendered":"Propositions en faveur du plurilinguisme \u00e0 l\u2019\u00e9cole"},"content":{"rendered":"\n<p>L\u2019adoption de l\u2019anglais comme lingua franca en vient \u00e0 menacer l\u2019apprentissage des langues \u00e9trang\u00e8res autres que l\u2019anglais \u00e0 l\u2019\u00e9cole. Le constat est commun \u00e0 l\u2019ensemble des pays repr\u00e9sent\u00e9s\u00a0: les langues nordiques sont peu pr\u00e9sentes dans les curricula fran\u00e7ais, comme le fran\u00e7ais dans l\u2019offre de langues en Europe du Nord. Or chaque langue donne acc\u00e8s \u00e0 une culture.<\/p>\n<p>Quelle politique linguistique mener\u00a0? Comment promouvoir la diversit\u00e9 linguistique et culturelle\u00a0? Comment enseigner plusieurs langues en m\u00eame temps\u00a0?<\/p>\n<p>C\u2019est \u00e0 ces questions que 15 sp\u00e9cialistes de l\u2019\u00e9ducation nordiques (Danemark, Estonie, Finlande, Norv\u00e8ge, Su\u00e8de) et fran\u00e7ais (Rectorat de Normandie, Universit\u00e9 de Caen) ont tent\u00e9 de r\u00e9pondre en proposant des solutions concr\u00e8tes, \u00e0 l\u2019issue de deux jours de discussion. Si les pays nordiques sont reconnus comme des mod\u00e8les dans le domaine \u00e9ducatif, la France soutient depuis longtemps l\u2019enseignement d\u2019une seconde langue vivante \u00e0 l\u2019\u00e9cole et le d\u00e9veloppement des fili\u00e8res bilingues. De ce dialogue, na\u00eetront des pistes \u00e0 explorer pour l\u2019avenir du plurilinguisme scolaire. L\u2019\u00e9v\u00e9nement est exceptionnel par l\u2019ampleur de la coop\u00e9ration franco-nordique qu\u2019il repr\u00e9sente et Caen en est le centre n\u00e9vralgique.<\/p>\n<p>Les conclusions de ces discussions sont partag\u00e9es le 12 mars \u00e0 9h(heure fran\u00e7aise) \u00e0 la biblioth\u00e8que Tocqueville, au cours d\u2019un \u00e9v\u00e9nement public.<\/p>\n<p>Les deux participantes finlandaises sont Eija Raitala, pr\u00e9sidente de l\u2019association des professeurs de fran\u00e7ais, et Najat Ouakrim-Soivio, proviseure du lyc\u00e9e franco-finlandais et experte des questions \u00e9ducatives.<\/p>\n<p>L\u2019\u00e9v\u00e9nement (en fran\u00e7ais) pourra \u00eatre suivi en direct sur notre page Facebook <strong>samedi 12 mars \u00e0 10h heure de Finlande\u00a0<\/strong>(9h heure fran\u00e7aise) :<\/p>\n<p><strong><a href=\"https:\/\/www.facebook.com\/events\/498642801633359\/\" target=\"_blank\" rel=\"noopener\">https:\/\/www.facebook.com\/events\/498642801633359\/<\/a><\/strong><\/p>\n<p><div class=\"rve\" data-content-width=\"580\"><iframe loading=\"lazy\" title=\"L&#039;Europe des langues\" width=\"580\" height=\"326\" src=\"https:\/\/www.youtube.com\/embed\/-fzknpdJAcM?feature=oembed\" frameborder=\"0\" allow=\"accelerometer; autoplay; clipboard-write; encrypted-media; gyroscope; picture-in-picture; web-share\" referrerpolicy=\"strict-origin-when-cross-origin\" allowfullscreen><\/iframe><\/div><!-- Responsive Video Embeds plugin by www.kevinleary.net --><\/p>\n\n\n\n<p><\/p>\n","protected":false},"excerpt":{"rendered":"<p>Le 12 mars 2022, un \u00e9v\u00e9nement Caen Nordic exceptionnel \u00e0 la biblioth\u00e8que Tocqueville de Caen retransmis sur Facebook \u00e0 10 h : des sp\u00e9cialistes de l\u2019\u00e9ducation nordiques et fran\u00e7ais pr\u00e9senteront des mesures \u00e0 mettre en place en faveur du plurilinguisme \u00e0 l\u2019\u00e9cole.<\/p>\n","protected":false},"author":2,"featured_media":8613,"comment_status":"closed","ping_status":"closed","sticky":false,"template":"","format":"standard","meta":{"footnotes":""},"categories":[51],"tags":[],"class_list":["post-8616","post","type-post","status-publish","format-standard","has-post-thumbnail","hentry","category-french-language"],"yoast_head":"<!-- This site is optimized with the Yoast SEO plugin v27.4 - https:\/\/yoast.com\/product\/yoast-seo-wordpress\/ -->\n<title>Propositions en faveur du plurilinguisme \u00e0 l\u2019\u00e9cole - Institut fran\u00e7ais<\/title>\n<meta name=\"robots\" content=\"index, follow, max-snippet:-1, max-image-preview:large, max-video-preview:-1\" \/>\n<link rel=\"canonical\" href=\"https:\/\/www.france.fi\/en\/french-language\/propositions-en-faveur-du-plurilinguisme-a-lecole\/\" \/>\n<meta property=\"og:locale\" content=\"en_US\" \/>\n<meta property=\"og:type\" content=\"article\" \/>\n<meta property=\"og:title\" content=\"Propositions en faveur du plurilinguisme \u00e0 l\u2019\u00e9cole - Institut fran\u00e7ais\" \/>\n<meta property=\"og:description\" content=\"Le 12 mars 2022, un \u00e9v\u00e9nement Caen Nordic exceptionnel \u00e0 la biblioth\u00e8que Tocqueville de Caen retransmis sur Facebook \u00e0 10 h : des sp\u00e9cialistes de l\u2019\u00e9ducation nordiques et fran\u00e7ais pr\u00e9senteront des mesures \u00e0 mettre en place en faveur du plurilinguisme \u00e0 l\u2019\u00e9cole.\" \/>\n<meta property=\"og:url\" content=\"https:\/\/www.france.fi\/en\/french-language\/propositions-en-faveur-du-plurilinguisme-a-lecole\/\" \/>\n<meta property=\"og:site_name\" content=\"Institut fran\u00e7ais\" \/>\n<meta property=\"article:publisher\" content=\"https:\/\/www.facebook.com\/institutfrancaisfi\" \/>\n<meta property=\"article:published_time\" content=\"2022-03-10T11:25:26+00:00\" \/>\n<meta property=\"article:modified_time\" content=\"2022-06-15T12:43:45+00:00\" \/>\n<meta property=\"og:image\" content=\"https:\/\/www.france.fi\/wp-content\/uploads\/2022\/03\/hackathon_facebook_public-1098x617.jpg\" \/>\n\t<meta property=\"og:image:width\" content=\"1280\" \/>\n\t<meta property=\"og:image:height\" content=\"720\" \/>\n\t<meta property=\"og:image:type\" content=\"image\/jpeg\" \/>\n<meta name=\"author\" content=\"Equipe IFF\" \/>\n<meta name=\"twitter:card\" content=\"summary_large_image\" \/>\n<meta name=\"twitter:creator\" content=\"@IFFinlande\" \/>\n<meta name=\"twitter:site\" content=\"@IFFinlande\" \/>\n<meta name=\"twitter:label1\" content=\"Written by\" \/>\n\t<meta name=\"twitter:data1\" content=\"Equipe IFF\" \/>\n\t<meta name=\"twitter:label2\" content=\"Est. reading time\" \/>\n\t<meta name=\"twitter:data2\" content=\"2 minutes\" \/>\n<script type=\"application\/ld+json\" class=\"yoast-schema-graph\">{\"@context\":\"https:\\\/\\\/schema.org\",\"@graph\":[{\"@type\":\"Article\",\"@id\":\"https:\\\/\\\/www.france.fi\\\/en\\\/french-language\\\/propositions-en-faveur-du-plurilinguisme-a-lecole\\\/#article\",\"isPartOf\":{\"@id\":\"https:\\\/\\\/www.france.fi\\\/en\\\/french-language\\\/propositions-en-faveur-du-plurilinguisme-a-lecole\\\/\"},\"author\":{\"name\":\"Equipe IFF\",\"@id\":\"https:\\\/\\\/www.france.fi\\\/#\\\/schema\\\/person\\\/ed873f29db1d0af6a3600d15d3b65bfd\"},\"headline\":\"Propositions en faveur du plurilinguisme \u00e0 l\u2019\u00e9cole\",\"datePublished\":\"2022-03-10T11:25:26+00:00\",\"dateModified\":\"2022-06-15T12:43:45+00:00\",\"mainEntityOfPage\":{\"@id\":\"https:\\\/\\\/www.france.fi\\\/en\\\/french-language\\\/propositions-en-faveur-du-plurilinguisme-a-lecole\\\/\"},\"wordCount\":302,\"publisher\":{\"@id\":\"https:\\\/\\\/www.france.fi\\\/#organization\"},\"image\":{\"@id\":\"https:\\\/\\\/www.france.fi\\\/en\\\/french-language\\\/propositions-en-faveur-du-plurilinguisme-a-lecole\\\/#primaryimage\"},\"thumbnailUrl\":\"https:\\\/\\\/www.france.fi\\\/wp-content\\\/uploads\\\/2022\\\/03\\\/hackathon_facebook_public-1098x617.jpg\",\"articleSection\":[\"French language\"],\"inLanguage\":\"en-US\"},{\"@type\":\"WebPage\",\"@id\":\"https:\\\/\\\/www.france.fi\\\/en\\\/french-language\\\/propositions-en-faveur-du-plurilinguisme-a-lecole\\\/\",\"url\":\"https:\\\/\\\/www.france.fi\\\/en\\\/french-language\\\/propositions-en-faveur-du-plurilinguisme-a-lecole\\\/\",\"name\":\"Propositions en faveur du plurilinguisme \u00e0 l\u2019\u00e9cole - Institut fran\u00e7ais\",\"isPartOf\":{\"@id\":\"https:\\\/\\\/www.france.fi\\\/#website\"},\"primaryImageOfPage\":{\"@id\":\"https:\\\/\\\/www.france.fi\\\/en\\\/french-language\\\/propositions-en-faveur-du-plurilinguisme-a-lecole\\\/#primaryimage\"},\"image\":{\"@id\":\"https:\\\/\\\/www.france.fi\\\/en\\\/french-language\\\/propositions-en-faveur-du-plurilinguisme-a-lecole\\\/#primaryimage\"},\"thumbnailUrl\":\"https:\\\/\\\/www.france.fi\\\/wp-content\\\/uploads\\\/2022\\\/03\\\/hackathon_facebook_public-1098x617.jpg\",\"datePublished\":\"2022-03-10T11:25:26+00:00\",\"dateModified\":\"2022-06-15T12:43:45+00:00\",\"breadcrumb\":{\"@id\":\"https:\\\/\\\/www.france.fi\\\/en\\\/french-language\\\/propositions-en-faveur-du-plurilinguisme-a-lecole\\\/#breadcrumb\"},\"inLanguage\":\"en-US\",\"potentialAction\":[{\"@type\":\"ReadAction\",\"target\":[\"https:\\\/\\\/www.france.fi\\\/en\\\/french-language\\\/propositions-en-faveur-du-plurilinguisme-a-lecole\\\/\"]}]},{\"@type\":\"ImageObject\",\"inLanguage\":\"en-US\",\"@id\":\"https:\\\/\\\/www.france.fi\\\/en\\\/french-language\\\/propositions-en-faveur-du-plurilinguisme-a-lecole\\\/#primaryimage\",\"url\":\"https:\\\/\\\/www.france.fi\\\/wp-content\\\/uploads\\\/2022\\\/03\\\/hackathon_facebook_public-1098x617.jpg\",\"contentUrl\":\"https:\\\/\\\/www.france.fi\\\/wp-content\\\/uploads\\\/2022\\\/03\\\/hackathon_facebook_public-1098x617.jpg\",\"width\":1280,\"height\":720},{\"@type\":\"BreadcrumbList\",\"@id\":\"https:\\\/\\\/www.france.fi\\\/en\\\/french-language\\\/propositions-en-faveur-du-plurilinguisme-a-lecole\\\/#breadcrumb\",\"itemListElement\":[{\"@type\":\"ListItem\",\"position\":1,\"name\":\"Home\",\"item\":\"https:\\\/\\\/www.france.fi\\\/en\\\/\"},{\"@type\":\"ListItem\",\"position\":2,\"name\":\"French language\",\"item\":\"https:\\\/\\\/www.france.fi\\\/en\\\/category\\\/french-language\\\/\"},{\"@type\":\"ListItem\",\"position\":3,\"name\":\"Propositions en faveur du plurilinguisme \u00e0 l\u2019\u00e9cole\"}]},{\"@type\":\"WebSite\",\"@id\":\"https:\\\/\\\/www.france.fi\\\/#website\",\"url\":\"https:\\\/\\\/www.france.fi\\\/\",\"name\":\"Institut fran\u00e7ais de Finlande\",\"description\":\"\",\"publisher\":{\"@id\":\"https:\\\/\\\/www.france.fi\\\/#organization\"},\"potentialAction\":[{\"@type\":\"SearchAction\",\"target\":{\"@type\":\"EntryPoint\",\"urlTemplate\":\"https:\\\/\\\/www.france.fi\\\/?s={search_term_string}\"},\"query-input\":{\"@type\":\"PropertyValueSpecification\",\"valueRequired\":true,\"valueName\":\"search_term_string\"}}],\"inLanguage\":\"en-US\"},{\"@type\":\"Organization\",\"@id\":\"https:\\\/\\\/www.france.fi\\\/#organization\",\"name\":\"Institut fran\u00e7ais de Finlande\",\"url\":\"https:\\\/\\\/www.france.fi\\\/\",\"logo\":{\"@type\":\"ImageObject\",\"inLanguage\":\"en-US\",\"@id\":\"https:\\\/\\\/www.france.fi\\\/#\\\/schema\\\/logo\\\/image\\\/\",\"url\":\"https:\\\/\\\/www.france.fi\\\/wp-content\\\/uploads\\\/2024\\\/02\\\/if-logo-1.png\",\"contentUrl\":\"https:\\\/\\\/www.france.fi\\\/wp-content\\\/uploads\\\/2024\\\/02\\\/if-logo-1.png\",\"width\":687,\"height\":459,\"caption\":\"Institut fran\u00e7ais de Finlande\"},\"image\":{\"@id\":\"https:\\\/\\\/www.france.fi\\\/#\\\/schema\\\/logo\\\/image\\\/\"},\"sameAs\":[\"https:\\\/\\\/www.facebook.com\\\/institutfrancaisfi\",\"https:\\\/\\\/x.com\\\/IFFinlande\",\"https:\\\/\\\/www.instagram.com\\\/iffinlande\\\/\",\"https:\\\/\\\/fr.linkedin.com\\\/organization-guest\\\/company\\\/institut-fran-ais-de-finlande\",\"https:\\\/\\\/www.youtube.com\\\/channel\\\/UCHAitdpmSbeP78eL49XMotA\"]},{\"@type\":\"Person\",\"@id\":\"https:\\\/\\\/www.france.fi\\\/#\\\/schema\\\/person\\\/ed873f29db1d0af6a3600d15d3b65bfd\",\"name\":\"Equipe IFF\",\"image\":{\"@type\":\"ImageObject\",\"inLanguage\":\"en-US\",\"@id\":\"https:\\\/\\\/secure.gravatar.com\\\/avatar\\\/3c4ba80228d01014b25e45e90abb28ce315a02c6572751a7fb2298e4274989fc?s=96&d=mm&r=g\",\"url\":\"https:\\\/\\\/secure.gravatar.com\\\/avatar\\\/3c4ba80228d01014b25e45e90abb28ce315a02c6572751a7fb2298e4274989fc?s=96&d=mm&r=g\",\"contentUrl\":\"https:\\\/\\\/secure.gravatar.com\\\/avatar\\\/3c4ba80228d01014b25e45e90abb28ce315a02c6572751a7fb2298e4274989fc?s=96&d=mm&r=g\",\"caption\":\"Equipe IFF\"},\"url\":\"https:\\\/\\\/www.france.fi\\\/en\\\/author\\\/iffadmin\\\/\"}]}<\/script>\n<!-- \/ Yoast SEO plugin. -->","yoast_head_json":{"title":"Propositions en faveur du plurilinguisme \u00e0 l\u2019\u00e9cole - Institut fran\u00e7ais","robots":{"index":"index","follow":"follow","max-snippet":"max-snippet:-1","max-image-preview":"max-image-preview:large","max-video-preview":"max-video-preview:-1"},"canonical":"https:\/\/www.france.fi\/en\/french-language\/propositions-en-faveur-du-plurilinguisme-a-lecole\/","og_locale":"en_US","og_type":"article","og_title":"Propositions en faveur du plurilinguisme \u00e0 l\u2019\u00e9cole - Institut fran\u00e7ais","og_description":"Le 12 mars 2022, un \u00e9v\u00e9nement Caen Nordic exceptionnel \u00e0 la biblioth\u00e8que Tocqueville de Caen retransmis sur Facebook \u00e0 10 h : des sp\u00e9cialistes de l\u2019\u00e9ducation nordiques et fran\u00e7ais pr\u00e9senteront des mesures \u00e0 mettre en place en faveur du plurilinguisme \u00e0 l\u2019\u00e9cole.","og_url":"https:\/\/www.france.fi\/en\/french-language\/propositions-en-faveur-du-plurilinguisme-a-lecole\/","og_site_name":"Institut fran\u00e7ais","article_publisher":"https:\/\/www.facebook.com\/institutfrancaisfi","article_published_time":"2022-03-10T11:25:26+00:00","article_modified_time":"2022-06-15T12:43:45+00:00","og_image":[{"width":1280,"height":720,"url":"https:\/\/www.france.fi\/wp-content\/uploads\/2022\/03\/hackathon_facebook_public-1098x617.jpg","type":"image\/jpeg"}],"author":"Equipe IFF","twitter_card":"summary_large_image","twitter_creator":"@IFFinlande","twitter_site":"@IFFinlande","twitter_misc":{"Written by":"Equipe IFF","Est. reading time":"2 minutes"},"schema":{"@context":"https:\/\/schema.org","@graph":[{"@type":"Article","@id":"https:\/\/www.france.fi\/en\/french-language\/propositions-en-faveur-du-plurilinguisme-a-lecole\/#article","isPartOf":{"@id":"https:\/\/www.france.fi\/en\/french-language\/propositions-en-faveur-du-plurilinguisme-a-lecole\/"},"author":{"name":"Equipe IFF","@id":"https:\/\/www.france.fi\/#\/schema\/person\/ed873f29db1d0af6a3600d15d3b65bfd"},"headline":"Propositions en faveur du plurilinguisme \u00e0 l\u2019\u00e9cole","datePublished":"2022-03-10T11:25:26+00:00","dateModified":"2022-06-15T12:43:45+00:00","mainEntityOfPage":{"@id":"https:\/\/www.france.fi\/en\/french-language\/propositions-en-faveur-du-plurilinguisme-a-lecole\/"},"wordCount":302,"publisher":{"@id":"https:\/\/www.france.fi\/#organization"},"image":{"@id":"https:\/\/www.france.fi\/en\/french-language\/propositions-en-faveur-du-plurilinguisme-a-lecole\/#primaryimage"},"thumbnailUrl":"https:\/\/www.france.fi\/wp-content\/uploads\/2022\/03\/hackathon_facebook_public-1098x617.jpg","articleSection":["French language"],"inLanguage":"en-US"},{"@type":"WebPage","@id":"https:\/\/www.france.fi\/en\/french-language\/propositions-en-faveur-du-plurilinguisme-a-lecole\/","url":"https:\/\/www.france.fi\/en\/french-language\/propositions-en-faveur-du-plurilinguisme-a-lecole\/","name":"Propositions en faveur du plurilinguisme \u00e0 l\u2019\u00e9cole - Institut fran\u00e7ais","isPartOf":{"@id":"https:\/\/www.france.fi\/#website"},"primaryImageOfPage":{"@id":"https:\/\/www.france.fi\/en\/french-language\/propositions-en-faveur-du-plurilinguisme-a-lecole\/#primaryimage"},"image":{"@id":"https:\/\/www.france.fi\/en\/french-language\/propositions-en-faveur-du-plurilinguisme-a-lecole\/#primaryimage"},"thumbnailUrl":"https:\/\/www.france.fi\/wp-content\/uploads\/2022\/03\/hackathon_facebook_public-1098x617.jpg","datePublished":"2022-03-10T11:25:26+00:00","dateModified":"2022-06-15T12:43:45+00:00","breadcrumb":{"@id":"https:\/\/www.france.fi\/en\/french-language\/propositions-en-faveur-du-plurilinguisme-a-lecole\/#breadcrumb"},"inLanguage":"en-US","potentialAction":[{"@type":"ReadAction","target":["https:\/\/www.france.fi\/en\/french-language\/propositions-en-faveur-du-plurilinguisme-a-lecole\/"]}]},{"@type":"ImageObject","inLanguage":"en-US","@id":"https:\/\/www.france.fi\/en\/french-language\/propositions-en-faveur-du-plurilinguisme-a-lecole\/#primaryimage","url":"https:\/\/www.france.fi\/wp-content\/uploads\/2022\/03\/hackathon_facebook_public-1098x617.jpg","contentUrl":"https:\/\/www.france.fi\/wp-content\/uploads\/2022\/03\/hackathon_facebook_public-1098x617.jpg","width":1280,"height":720},{"@type":"BreadcrumbList","@id":"https:\/\/www.france.fi\/en\/french-language\/propositions-en-faveur-du-plurilinguisme-a-lecole\/#breadcrumb","itemListElement":[{"@type":"ListItem","position":1,"name":"Home","item":"https:\/\/www.france.fi\/en\/"},{"@type":"ListItem","position":2,"name":"French language","item":"https:\/\/www.france.fi\/en\/category\/french-language\/"},{"@type":"ListItem","position":3,"name":"Propositions en faveur du plurilinguisme \u00e0 l\u2019\u00e9cole"}]},{"@type":"WebSite","@id":"https:\/\/www.france.fi\/#website","url":"https:\/\/www.france.fi\/","name":"Institut fran\u00e7ais de Finlande","description":"","publisher":{"@id":"https:\/\/www.france.fi\/#organization"},"potentialAction":[{"@type":"SearchAction","target":{"@type":"EntryPoint","urlTemplate":"https:\/\/www.france.fi\/?s={search_term_string}"},"query-input":{"@type":"PropertyValueSpecification","valueRequired":true,"valueName":"search_term_string"}}],"inLanguage":"en-US"},{"@type":"Organization","@id":"https:\/\/www.france.fi\/#organization","name":"Institut fran\u00e7ais de Finlande","url":"https:\/\/www.france.fi\/","logo":{"@type":"ImageObject","inLanguage":"en-US","@id":"https:\/\/www.france.fi\/#\/schema\/logo\/image\/","url":"https:\/\/www.france.fi\/wp-content\/uploads\/2024\/02\/if-logo-1.png","contentUrl":"https:\/\/www.france.fi\/wp-content\/uploads\/2024\/02\/if-logo-1.png","width":687,"height":459,"caption":"Institut fran\u00e7ais de Finlande"},"image":{"@id":"https:\/\/www.france.fi\/#\/schema\/logo\/image\/"},"sameAs":["https:\/\/www.facebook.com\/institutfrancaisfi","https:\/\/x.com\/IFFinlande","https:\/\/www.instagram.com\/iffinlande\/","https:\/\/fr.linkedin.com\/organization-guest\/company\/institut-fran-ais-de-finlande","https:\/\/www.youtube.com\/channel\/UCHAitdpmSbeP78eL49XMotA"]},{"@type":"Person","@id":"https:\/\/www.france.fi\/#\/schema\/person\/ed873f29db1d0af6a3600d15d3b65bfd","name":"Equipe IFF","image":{"@type":"ImageObject","inLanguage":"en-US","@id":"https:\/\/secure.gravatar.com\/avatar\/3c4ba80228d01014b25e45e90abb28ce315a02c6572751a7fb2298e4274989fc?s=96&d=mm&r=g","url":"https:\/\/secure.gravatar.com\/avatar\/3c4ba80228d01014b25e45e90abb28ce315a02c6572751a7fb2298e4274989fc?s=96&d=mm&r=g","contentUrl":"https:\/\/secure.gravatar.com\/avatar\/3c4ba80228d01014b25e45e90abb28ce315a02c6572751a7fb2298e4274989fc?s=96&d=mm&r=g","caption":"Equipe IFF"},"url":"https:\/\/www.france.fi\/en\/author\/iffadmin\/"}]}},"_links":{"self":[{"href":"https:\/\/www.france.fi\/en\/wp-json\/wp\/v2\/posts\/8616","targetHints":{"allow":["GET"]}}],"collection":[{"href":"https:\/\/www.france.fi\/en\/wp-json\/wp\/v2\/posts"}],"about":[{"href":"https:\/\/www.france.fi\/en\/wp-json\/wp\/v2\/types\/post"}],"author":[{"embeddable":true,"href":"https:\/\/www.france.fi\/en\/wp-json\/wp\/v2\/users\/2"}],"replies":[{"embeddable":true,"href":"https:\/\/www.france.fi\/en\/wp-json\/wp\/v2\/comments?post=8616"}],"version-history":[{"count":0,"href":"https:\/\/www.france.fi\/en\/wp-json\/wp\/v2\/posts\/8616\/revisions"}],"wp:featuredmedia":[{"embeddable":true,"href":"https:\/\/www.france.fi\/en\/wp-json\/wp\/v2\/media\/8613"}],"wp:attachment":[{"href":"https:\/\/www.france.fi\/en\/wp-json\/wp\/v2\/media?parent=8616"}],"wp:term":[{"taxonomy":"category","embeddable":true,"href":"https:\/\/www.france.fi\/en\/wp-json\/wp\/v2\/categories?post=8616"},{"taxonomy":"post_tag","embeddable":true,"href":"https:\/\/www.france.fi\/en\/wp-json\/wp\/v2\/tags?post=8616"}],"curies":[{"name":"wp","href":"https:\/\/api.w.org\/{rel}","templated":true}]}}