{"id":8931,"date":"2022-03-25T13:42:17","date_gmt":"2022-03-25T11:42:17","guid":{"rendered":"http:\/\/www.france.fi\/culture\/diadie-dembele-le-duel-des-grands-meres\/"},"modified":"2022-09-12T11:36:42","modified_gmt":"2022-09-12T08:36:42","slug":"diadie-dembele-le-duel-des-grands-meres","status":"publish","type":"post","link":"https:\/\/www.france.fi\/en\/media-library\/diadie-dembele-le-duel-des-grands-meres\/","title":{"rendered":"Diadi\u00e9 Demb\u00e9l\u00e9 : Le Duel des grands-m\u00e8res"},"content":{"rendered":"\n<p>Comme ses parents ont peur qu\u2019il devienne trop indisciplin\u00e9 et qu\u2019il oublie ses propres traditions et sa langue natale, le sonink\u00e9, ils d\u00e9cident de l\u2019envoyer dans le village o\u00f9 vivent ses deux grands-m\u00e8res pour un s\u00e9jour de redressement. L\u00e0-bas, il reviendra \u00e0 ses racines et d\u00e9couvrira l\u2019histoire des siens, les secrets de sa famille et sa v\u00e9ritable identit\u00e9. &nbsp;<\/p>\n<p><em>Le Duel des grands-m\u00e8res<\/em> est le premier roman de Diadi\u00e9 Demb\u00e9l\u00e9. Demb\u00e9l\u00e9 est n\u00e9 au Mali et il est dipl\u00f4m\u00e9 du Master de cr\u00e9ation litt\u00e9raire de l\u2019universit\u00e9 Paris VIII. <em>Le Duel des grands-m\u00e8res<\/em> est disponible sur <strong><a href=\"https:\/\/www.culturetheque.com\/FIN\/search.aspx?SC=DEFAULT&amp;QUERY=Diadi%C3%A9+Demb%C3%A9l%C3%A9&amp;QUERY_LABEL=#\/Detail\/(query:(Id:'1_OFFSET_0',Index:2,NBResults:3,PageRange:3,SearchQuery:(FacetFilter:%7B%7D,ForceSearch:!f,InitialSearch:!f,Page:0,PageRange:3,QueryGuid:d625cc3f-946e-4511-a3bf-117efde875b8,QueryString:'Diadi%C3%A9%20Demb%C3%A9l%C3%A9',ResultSize:10,ScenarioCode:DEFAULT,ScenarioDisplayMode:display-standard,SearchGridFieldsShownOnResultsDTO:!(),SearchLabel:'',SearchTerms:'Diadi%C3%A9%20Demb%C3%A9l%C3%A9',SortField:!n,SortOrder:0,TemplateParams:(Scenario:'',Scope:FIN,Size:!n,Source:'',Support:'',UseCompact:!f),UseSpellChecking:!n)))\" target=\"_blank\" rel=\"noopener\">Cultureth\u00e8que<\/a><\/strong>.<\/p>\n<p>\u201c\u00c0 la maison tout le monde parle songhay, peul, bambara, sonink\u00e9, senoufo, dogon, mandinka, tamasheq, hassanya, wolof, bwa. Mais, \u00e0 l\u2019\u00e9cole, personne n\u2019a le choix&nbsp;: il faut parler fran\u00e7ais.&nbsp;[\u2026] Je veux retrouver ma langue.\u201d<\/p>\n\n\n\n<p><\/p>\n","protected":false},"excerpt":{"rendered":"<p>Le Duel des grands-m\u00e8res (2022) met en sc\u00e8ne Hamet, un jeune gar\u00e7on de Bamako qui adore la litt\u00e9rature fran\u00e7aise&#8230;<\/p>\n","protected":false},"author":2,"featured_media":8928,"comment_status":"closed","ping_status":"closed","sticky":false,"template":"","format":"standard","meta":{"footnotes":""},"categories":[50],"tags":[],"class_list":["post-8931","post","type-post","status-publish","format-standard","has-post-thumbnail","hentry","category-media-library"],"yoast_head":"<!-- This site is optimized with the Yoast SEO plugin v27.4 - https:\/\/yoast.com\/product\/yoast-seo-wordpress\/ -->\n<title>Diadi\u00e9 Demb\u00e9l\u00e9 : Le Duel des grands-m\u00e8res - Institut fran\u00e7ais<\/title>\n<meta name=\"robots\" content=\"index, follow, max-snippet:-1, max-image-preview:large, max-video-preview:-1\" \/>\n<link rel=\"canonical\" href=\"https:\/\/www.france.fi\/en\/media-library\/diadie-dembele-le-duel-des-grands-meres\/\" \/>\n<meta property=\"og:locale\" content=\"en_US\" \/>\n<meta property=\"og:type\" content=\"article\" \/>\n<meta property=\"og:title\" content=\"Diadi\u00e9 Demb\u00e9l\u00e9 : Le Duel des grands-m\u00e8res - Institut fran\u00e7ais\" \/>\n<meta property=\"og:description\" content=\"Le Duel des grands-m\u00e8res (2022) met en sc\u00e8ne Hamet, un jeune gar\u00e7on de Bamako qui adore la litt\u00e9rature fran\u00e7aise...\" \/>\n<meta property=\"og:url\" content=\"https:\/\/www.france.fi\/en\/media-library\/diadie-dembele-le-duel-des-grands-meres\/\" \/>\n<meta property=\"og:site_name\" content=\"Institut fran\u00e7ais\" \/>\n<meta property=\"article:publisher\" content=\"https:\/\/www.facebook.com\/institutfrancaisfi\" \/>\n<meta property=\"article:published_time\" content=\"2022-03-25T11:42:17+00:00\" \/>\n<meta property=\"article:modified_time\" content=\"2022-09-12T08:36:42+00:00\" \/>\n<meta property=\"og:image\" content=\"https:\/\/www.france.fi\/wp-content\/uploads\/2022\/03\/Le-Duel-des-grands-meres-1098x617.jpg\" \/>\n\t<meta property=\"og:image:width\" content=\"1280\" \/>\n\t<meta property=\"og:image:height\" content=\"720\" \/>\n\t<meta property=\"og:image:type\" content=\"image\/jpeg\" \/>\n<meta name=\"author\" content=\"Equipe IFF\" \/>\n<meta name=\"twitter:card\" content=\"summary_large_image\" \/>\n<meta name=\"twitter:creator\" content=\"@IFFinlande\" \/>\n<meta name=\"twitter:site\" content=\"@IFFinlande\" \/>\n<meta name=\"twitter:label1\" content=\"Written by\" \/>\n\t<meta name=\"twitter:data1\" content=\"Equipe IFF\" \/>\n\t<meta name=\"twitter:label2\" content=\"Est. reading time\" \/>\n\t<meta name=\"twitter:data2\" content=\"1 minute\" \/>\n<script type=\"application\/ld+json\" class=\"yoast-schema-graph\">{\"@context\":\"https:\\\/\\\/schema.org\",\"@graph\":[{\"@type\":\"Article\",\"@id\":\"https:\\\/\\\/www.france.fi\\\/en\\\/media-library\\\/diadie-dembele-le-duel-des-grands-meres\\\/#article\",\"isPartOf\":{\"@id\":\"https:\\\/\\\/www.france.fi\\\/en\\\/media-library\\\/diadie-dembele-le-duel-des-grands-meres\\\/\"},\"author\":{\"name\":\"Equipe IFF\",\"@id\":\"https:\\\/\\\/www.france.fi\\\/#\\\/schema\\\/person\\\/ed873f29db1d0af6a3600d15d3b65bfd\"},\"headline\":\"Diadi\u00e9 Demb\u00e9l\u00e9 : Le Duel des grands-m\u00e8res\",\"datePublished\":\"2022-03-25T11:42:17+00:00\",\"dateModified\":\"2022-09-12T08:36:42+00:00\",\"mainEntityOfPage\":{\"@id\":\"https:\\\/\\\/www.france.fi\\\/en\\\/media-library\\\/diadie-dembele-le-duel-des-grands-meres\\\/\"},\"wordCount\":159,\"publisher\":{\"@id\":\"https:\\\/\\\/www.france.fi\\\/#organization\"},\"image\":{\"@id\":\"https:\\\/\\\/www.france.fi\\\/en\\\/media-library\\\/diadie-dembele-le-duel-des-grands-meres\\\/#primaryimage\"},\"thumbnailUrl\":\"https:\\\/\\\/www.france.fi\\\/wp-content\\\/uploads\\\/2022\\\/03\\\/Le-Duel-des-grands-meres-1098x617.jpg\",\"articleSection\":[\"Media Library\"],\"inLanguage\":\"en-US\"},{\"@type\":\"WebPage\",\"@id\":\"https:\\\/\\\/www.france.fi\\\/en\\\/media-library\\\/diadie-dembele-le-duel-des-grands-meres\\\/\",\"url\":\"https:\\\/\\\/www.france.fi\\\/en\\\/media-library\\\/diadie-dembele-le-duel-des-grands-meres\\\/\",\"name\":\"Diadi\u00e9 Demb\u00e9l\u00e9 : Le Duel des grands-m\u00e8res - Institut fran\u00e7ais\",\"isPartOf\":{\"@id\":\"https:\\\/\\\/www.france.fi\\\/#website\"},\"primaryImageOfPage\":{\"@id\":\"https:\\\/\\\/www.france.fi\\\/en\\\/media-library\\\/diadie-dembele-le-duel-des-grands-meres\\\/#primaryimage\"},\"image\":{\"@id\":\"https:\\\/\\\/www.france.fi\\\/en\\\/media-library\\\/diadie-dembele-le-duel-des-grands-meres\\\/#primaryimage\"},\"thumbnailUrl\":\"https:\\\/\\\/www.france.fi\\\/wp-content\\\/uploads\\\/2022\\\/03\\\/Le-Duel-des-grands-meres-1098x617.jpg\",\"datePublished\":\"2022-03-25T11:42:17+00:00\",\"dateModified\":\"2022-09-12T08:36:42+00:00\",\"breadcrumb\":{\"@id\":\"https:\\\/\\\/www.france.fi\\\/en\\\/media-library\\\/diadie-dembele-le-duel-des-grands-meres\\\/#breadcrumb\"},\"inLanguage\":\"en-US\",\"potentialAction\":[{\"@type\":\"ReadAction\",\"target\":[\"https:\\\/\\\/www.france.fi\\\/en\\\/media-library\\\/diadie-dembele-le-duel-des-grands-meres\\\/\"]}]},{\"@type\":\"ImageObject\",\"inLanguage\":\"en-US\",\"@id\":\"https:\\\/\\\/www.france.fi\\\/en\\\/media-library\\\/diadie-dembele-le-duel-des-grands-meres\\\/#primaryimage\",\"url\":\"https:\\\/\\\/www.france.fi\\\/wp-content\\\/uploads\\\/2022\\\/03\\\/Le-Duel-des-grands-meres-1098x617.jpg\",\"contentUrl\":\"https:\\\/\\\/www.france.fi\\\/wp-content\\\/uploads\\\/2022\\\/03\\\/Le-Duel-des-grands-meres-1098x617.jpg\",\"width\":1280,\"height\":720},{\"@type\":\"BreadcrumbList\",\"@id\":\"https:\\\/\\\/www.france.fi\\\/en\\\/media-library\\\/diadie-dembele-le-duel-des-grands-meres\\\/#breadcrumb\",\"itemListElement\":[{\"@type\":\"ListItem\",\"position\":1,\"name\":\"Home\",\"item\":\"https:\\\/\\\/www.france.fi\\\/en\\\/\"},{\"@type\":\"ListItem\",\"position\":2,\"name\":\"M\u00e9diath\u00e8que\",\"item\":\"https:\\\/\\\/www.france.fi\\\/fr\\\/category\\\/mediatheque\\\/\"},{\"@type\":\"ListItem\",\"position\":3,\"name\":\"Diadi\u00e9 Demb\u00e9l\u00e9 : Le Duel des grands-m\u00e8res\"}]},{\"@type\":\"WebSite\",\"@id\":\"https:\\\/\\\/www.france.fi\\\/#website\",\"url\":\"https:\\\/\\\/www.france.fi\\\/\",\"name\":\"Institut fran\u00e7ais de Finlande\",\"description\":\"\",\"publisher\":{\"@id\":\"https:\\\/\\\/www.france.fi\\\/#organization\"},\"potentialAction\":[{\"@type\":\"SearchAction\",\"target\":{\"@type\":\"EntryPoint\",\"urlTemplate\":\"https:\\\/\\\/www.france.fi\\\/?s={search_term_string}\"},\"query-input\":{\"@type\":\"PropertyValueSpecification\",\"valueRequired\":true,\"valueName\":\"search_term_string\"}}],\"inLanguage\":\"en-US\"},{\"@type\":\"Organization\",\"@id\":\"https:\\\/\\\/www.france.fi\\\/#organization\",\"name\":\"Institut fran\u00e7ais de Finlande\",\"url\":\"https:\\\/\\\/www.france.fi\\\/\",\"logo\":{\"@type\":\"ImageObject\",\"inLanguage\":\"en-US\",\"@id\":\"https:\\\/\\\/www.france.fi\\\/#\\\/schema\\\/logo\\\/image\\\/\",\"url\":\"https:\\\/\\\/www.france.fi\\\/wp-content\\\/uploads\\\/2024\\\/02\\\/if-logo-1.png\",\"contentUrl\":\"https:\\\/\\\/www.france.fi\\\/wp-content\\\/uploads\\\/2024\\\/02\\\/if-logo-1.png\",\"width\":687,\"height\":459,\"caption\":\"Institut fran\u00e7ais de Finlande\"},\"image\":{\"@id\":\"https:\\\/\\\/www.france.fi\\\/#\\\/schema\\\/logo\\\/image\\\/\"},\"sameAs\":[\"https:\\\/\\\/www.facebook.com\\\/institutfrancaisfi\",\"https:\\\/\\\/x.com\\\/IFFinlande\",\"https:\\\/\\\/www.instagram.com\\\/iffinlande\\\/\",\"https:\\\/\\\/fr.linkedin.com\\\/organization-guest\\\/company\\\/institut-fran-ais-de-finlande\",\"https:\\\/\\\/www.youtube.com\\\/channel\\\/UCHAitdpmSbeP78eL49XMotA\"]},{\"@type\":\"Person\",\"@id\":\"https:\\\/\\\/www.france.fi\\\/#\\\/schema\\\/person\\\/ed873f29db1d0af6a3600d15d3b65bfd\",\"name\":\"Equipe IFF\",\"image\":{\"@type\":\"ImageObject\",\"inLanguage\":\"en-US\",\"@id\":\"https:\\\/\\\/secure.gravatar.com\\\/avatar\\\/3c4ba80228d01014b25e45e90abb28ce315a02c6572751a7fb2298e4274989fc?s=96&d=mm&r=g\",\"url\":\"https:\\\/\\\/secure.gravatar.com\\\/avatar\\\/3c4ba80228d01014b25e45e90abb28ce315a02c6572751a7fb2298e4274989fc?s=96&d=mm&r=g\",\"contentUrl\":\"https:\\\/\\\/secure.gravatar.com\\\/avatar\\\/3c4ba80228d01014b25e45e90abb28ce315a02c6572751a7fb2298e4274989fc?s=96&d=mm&r=g\",\"caption\":\"Equipe IFF\"},\"url\":\"https:\\\/\\\/www.france.fi\\\/en\\\/author\\\/iffadmin\\\/\"}]}<\/script>\n<!-- \/ Yoast SEO plugin. -->","yoast_head_json":{"title":"Diadi\u00e9 Demb\u00e9l\u00e9 : Le Duel des grands-m\u00e8res - Institut fran\u00e7ais","robots":{"index":"index","follow":"follow","max-snippet":"max-snippet:-1","max-image-preview":"max-image-preview:large","max-video-preview":"max-video-preview:-1"},"canonical":"https:\/\/www.france.fi\/en\/media-library\/diadie-dembele-le-duel-des-grands-meres\/","og_locale":"en_US","og_type":"article","og_title":"Diadi\u00e9 Demb\u00e9l\u00e9 : Le Duel des grands-m\u00e8res - Institut fran\u00e7ais","og_description":"Le Duel des grands-m\u00e8res (2022) met en sc\u00e8ne Hamet, un jeune gar\u00e7on de Bamako qui adore la litt\u00e9rature fran\u00e7aise...","og_url":"https:\/\/www.france.fi\/en\/media-library\/diadie-dembele-le-duel-des-grands-meres\/","og_site_name":"Institut fran\u00e7ais","article_publisher":"https:\/\/www.facebook.com\/institutfrancaisfi","article_published_time":"2022-03-25T11:42:17+00:00","article_modified_time":"2022-09-12T08:36:42+00:00","og_image":[{"width":1280,"height":720,"url":"https:\/\/www.france.fi\/wp-content\/uploads\/2022\/03\/Le-Duel-des-grands-meres-1098x617.jpg","type":"image\/jpeg"}],"author":"Equipe IFF","twitter_card":"summary_large_image","twitter_creator":"@IFFinlande","twitter_site":"@IFFinlande","twitter_misc":{"Written by":"Equipe IFF","Est. reading time":"1 minute"},"schema":{"@context":"https:\/\/schema.org","@graph":[{"@type":"Article","@id":"https:\/\/www.france.fi\/en\/media-library\/diadie-dembele-le-duel-des-grands-meres\/#article","isPartOf":{"@id":"https:\/\/www.france.fi\/en\/media-library\/diadie-dembele-le-duel-des-grands-meres\/"},"author":{"name":"Equipe IFF","@id":"https:\/\/www.france.fi\/#\/schema\/person\/ed873f29db1d0af6a3600d15d3b65bfd"},"headline":"Diadi\u00e9 Demb\u00e9l\u00e9 : Le Duel des grands-m\u00e8res","datePublished":"2022-03-25T11:42:17+00:00","dateModified":"2022-09-12T08:36:42+00:00","mainEntityOfPage":{"@id":"https:\/\/www.france.fi\/en\/media-library\/diadie-dembele-le-duel-des-grands-meres\/"},"wordCount":159,"publisher":{"@id":"https:\/\/www.france.fi\/#organization"},"image":{"@id":"https:\/\/www.france.fi\/en\/media-library\/diadie-dembele-le-duel-des-grands-meres\/#primaryimage"},"thumbnailUrl":"https:\/\/www.france.fi\/wp-content\/uploads\/2022\/03\/Le-Duel-des-grands-meres-1098x617.jpg","articleSection":["Media Library"],"inLanguage":"en-US"},{"@type":"WebPage","@id":"https:\/\/www.france.fi\/en\/media-library\/diadie-dembele-le-duel-des-grands-meres\/","url":"https:\/\/www.france.fi\/en\/media-library\/diadie-dembele-le-duel-des-grands-meres\/","name":"Diadi\u00e9 Demb\u00e9l\u00e9 : Le Duel des grands-m\u00e8res - Institut fran\u00e7ais","isPartOf":{"@id":"https:\/\/www.france.fi\/#website"},"primaryImageOfPage":{"@id":"https:\/\/www.france.fi\/en\/media-library\/diadie-dembele-le-duel-des-grands-meres\/#primaryimage"},"image":{"@id":"https:\/\/www.france.fi\/en\/media-library\/diadie-dembele-le-duel-des-grands-meres\/#primaryimage"},"thumbnailUrl":"https:\/\/www.france.fi\/wp-content\/uploads\/2022\/03\/Le-Duel-des-grands-meres-1098x617.jpg","datePublished":"2022-03-25T11:42:17+00:00","dateModified":"2022-09-12T08:36:42+00:00","breadcrumb":{"@id":"https:\/\/www.france.fi\/en\/media-library\/diadie-dembele-le-duel-des-grands-meres\/#breadcrumb"},"inLanguage":"en-US","potentialAction":[{"@type":"ReadAction","target":["https:\/\/www.france.fi\/en\/media-library\/diadie-dembele-le-duel-des-grands-meres\/"]}]},{"@type":"ImageObject","inLanguage":"en-US","@id":"https:\/\/www.france.fi\/en\/media-library\/diadie-dembele-le-duel-des-grands-meres\/#primaryimage","url":"https:\/\/www.france.fi\/wp-content\/uploads\/2022\/03\/Le-Duel-des-grands-meres-1098x617.jpg","contentUrl":"https:\/\/www.france.fi\/wp-content\/uploads\/2022\/03\/Le-Duel-des-grands-meres-1098x617.jpg","width":1280,"height":720},{"@type":"BreadcrumbList","@id":"https:\/\/www.france.fi\/en\/media-library\/diadie-dembele-le-duel-des-grands-meres\/#breadcrumb","itemListElement":[{"@type":"ListItem","position":1,"name":"Home","item":"https:\/\/www.france.fi\/en\/"},{"@type":"ListItem","position":2,"name":"M\u00e9diath\u00e8que","item":"https:\/\/www.france.fi\/fr\/category\/mediatheque\/"},{"@type":"ListItem","position":3,"name":"Diadi\u00e9 Demb\u00e9l\u00e9 : Le Duel des grands-m\u00e8res"}]},{"@type":"WebSite","@id":"https:\/\/www.france.fi\/#website","url":"https:\/\/www.france.fi\/","name":"Institut fran\u00e7ais de Finlande","description":"","publisher":{"@id":"https:\/\/www.france.fi\/#organization"},"potentialAction":[{"@type":"SearchAction","target":{"@type":"EntryPoint","urlTemplate":"https:\/\/www.france.fi\/?s={search_term_string}"},"query-input":{"@type":"PropertyValueSpecification","valueRequired":true,"valueName":"search_term_string"}}],"inLanguage":"en-US"},{"@type":"Organization","@id":"https:\/\/www.france.fi\/#organization","name":"Institut fran\u00e7ais de Finlande","url":"https:\/\/www.france.fi\/","logo":{"@type":"ImageObject","inLanguage":"en-US","@id":"https:\/\/www.france.fi\/#\/schema\/logo\/image\/","url":"https:\/\/www.france.fi\/wp-content\/uploads\/2024\/02\/if-logo-1.png","contentUrl":"https:\/\/www.france.fi\/wp-content\/uploads\/2024\/02\/if-logo-1.png","width":687,"height":459,"caption":"Institut fran\u00e7ais de Finlande"},"image":{"@id":"https:\/\/www.france.fi\/#\/schema\/logo\/image\/"},"sameAs":["https:\/\/www.facebook.com\/institutfrancaisfi","https:\/\/x.com\/IFFinlande","https:\/\/www.instagram.com\/iffinlande\/","https:\/\/fr.linkedin.com\/organization-guest\/company\/institut-fran-ais-de-finlande","https:\/\/www.youtube.com\/channel\/UCHAitdpmSbeP78eL49XMotA"]},{"@type":"Person","@id":"https:\/\/www.france.fi\/#\/schema\/person\/ed873f29db1d0af6a3600d15d3b65bfd","name":"Equipe IFF","image":{"@type":"ImageObject","inLanguage":"en-US","@id":"https:\/\/secure.gravatar.com\/avatar\/3c4ba80228d01014b25e45e90abb28ce315a02c6572751a7fb2298e4274989fc?s=96&d=mm&r=g","url":"https:\/\/secure.gravatar.com\/avatar\/3c4ba80228d01014b25e45e90abb28ce315a02c6572751a7fb2298e4274989fc?s=96&d=mm&r=g","contentUrl":"https:\/\/secure.gravatar.com\/avatar\/3c4ba80228d01014b25e45e90abb28ce315a02c6572751a7fb2298e4274989fc?s=96&d=mm&r=g","caption":"Equipe IFF"},"url":"https:\/\/www.france.fi\/en\/author\/iffadmin\/"}]}},"_links":{"self":[{"href":"https:\/\/www.france.fi\/en\/wp-json\/wp\/v2\/posts\/8931","targetHints":{"allow":["GET"]}}],"collection":[{"href":"https:\/\/www.france.fi\/en\/wp-json\/wp\/v2\/posts"}],"about":[{"href":"https:\/\/www.france.fi\/en\/wp-json\/wp\/v2\/types\/post"}],"author":[{"embeddable":true,"href":"https:\/\/www.france.fi\/en\/wp-json\/wp\/v2\/users\/2"}],"replies":[{"embeddable":true,"href":"https:\/\/www.france.fi\/en\/wp-json\/wp\/v2\/comments?post=8931"}],"version-history":[{"count":0,"href":"https:\/\/www.france.fi\/en\/wp-json\/wp\/v2\/posts\/8931\/revisions"}],"wp:featuredmedia":[{"embeddable":true,"href":"https:\/\/www.france.fi\/en\/wp-json\/wp\/v2\/media\/8928"}],"wp:attachment":[{"href":"https:\/\/www.france.fi\/en\/wp-json\/wp\/v2\/media?parent=8931"}],"wp:term":[{"taxonomy":"category","embeddable":true,"href":"https:\/\/www.france.fi\/en\/wp-json\/wp\/v2\/categories?post=8931"},{"taxonomy":"post_tag","embeddable":true,"href":"https:\/\/www.france.fi\/en\/wp-json\/wp\/v2\/tags?post=8931"}],"curies":[{"name":"wp","href":"https:\/\/api.w.org\/{rel}","templated":true}]}}