{"id":9267,"date":"2022-04-25T10:53:47","date_gmt":"2022-04-25T07:53:47","guid":{"rendered":"http:\/\/www.france.fi\/culture\/destination-francophonie-en-finlande-tv5-monde\/"},"modified":"2022-10-18T10:52:48","modified_gmt":"2022-10-18T07:52:48","slug":"destination-francophonie-en-finlande-tv5-monde","status":"publish","type":"post","link":"https:\/\/www.france.fi\/en\/french-language\/destination-francophonie-en-finlande-tv5-monde\/","title":{"rendered":"Destination francophonie en Finlande\u00a0(TV5 Monde)"},"content":{"rendered":"\n<p style=\"text-align: left;\"><strong>Destination francophonie Finlande est maintenant disponible dans un \u00e9pisode de 26 minutes, diffus\u00e9 sur le site de TV5 Monde\u00a0:<\/strong><\/p>\n<ul style=\"text-align: left;\">\n<li>Sur TV5MONDE PLUS:\u00a0<a href=\"https:\/\/www.tv5mondeplus.com\/player\/106979244_74079A\" target=\"_blank\" rel=\"noopener\">https:\/\/www.tv5mondeplus.com\/player\/106979244_74079A<\/a><\/li>\n<li>Sur le site de TV5MONDE :\u00a0<a href=\"https:\/\/www.tv5monde.com\/emissions\/episode\/destination-francophonie-la-mensuelle-destination-finlande\" target=\"_blank\" rel=\"noopener\">https:\/\/www.tv5monde.com\/emissions\/episode\/destination-francophonie-la-mensuelle-destination-finlande<\/a><\/li>\n<\/ul>\n<p style=\"text-align: left;\"><strong>\u00a0<\/strong><\/p>\n<p style=\"text-align: left;\"><strong>N\u2019h\u00e9sitez pas \u00e0 revoir les 7 \u00e9pisodes courts qui ont permis de composer ce documentaire\u00a0!<\/strong><\/p>\n<h4 style=\"text-align: left;\"><strong>Episode 1<\/strong> :<\/h4>\n<p style=\"text-align: left;\">Rencontre avec un traducteur fran\u00e7ais-finnois fou de litt\u00e9rature fran\u00e7aise et de nature, Sampsa Peltonen, et avec un com\u00e9dien finlandais qui joue en fran\u00e7ais au th\u00e9\u00e2tre, au cin\u00e9ma et dans des s\u00e9ries fran\u00e7aises, Timo Torikka.<br \/><a href=\"http:\/\/www.tv5monde.com\/emissions\/episode\/destination-francophonie-destination-finlande-1\" target=\"_blank\" rel=\"noopener\">http:\/\/www.tv5monde.com\/emissions\/episode\/destination-francophonie-destination-finlande-1<\/a><\/p>\n<p style=\"text-align: left;\">\u00a0<\/p>\n<h4 style=\"text-align: left;\"><strong>Episode 2<\/strong><\/h4>\n<p style=\"text-align: left;\">Ivan Kabacoff rencontre la directrice francophone de l&#8217;Ateneum, le plus grand mus\u00e9e des Beaux-Arts du pays, Marja Sakari, et la directrice, tout aussi francophone, du festival de musique de Turku, Liisa Ket\u00f6maki.<br \/><a href=\"http:\/\/www.tv5monde.com\/emissions\/episode\/destination-francophonie-destination-finlande-2\" target=\"_blank\" rel=\"noopener\">http:\/\/www.tv5monde.com\/emissions\/episode\/destination-francophonie-destination-finlande-2<\/a><\/p>\n<p style=\"text-align: left;\">\u00a0<\/p>\n<h4 style=\"text-align: left;\"><strong>Episode 3<\/strong><\/h4>\n<p style=\"text-align: left;\">Le projet RoboLang est men\u00e9 \u00e0 l\u2019universit\u00e9 de Turku par Marjut Johansson et fait l\u2019objet d\u2019une recherche action par Liisa Peura, dans sa classe de fran\u00e7ais de Jousenkaaren koulu d\u2019Espoo.<br \/><a href=\"http:\/\/www.tv5monde.com\/emissions\/episode\/destination-francophonie-destination-finlande-3\" target=\"_blank\" rel=\"noopener\">http:\/\/www.tv5monde.com\/emissions\/episode\/destination-francophonie-destination-finlande-3<\/a><\/p>\n<ul style=\"text-align: left;\">\n<li>En compl\u00e9ment, n\u2019h\u00e9sitez pas \u00e0 lire l\u2019article sur cette exp\u00e9rimentation dans la revue <em>Le Fran\u00e7ais dans le monde\u00a0:<\/em> <a href=\"https:\/\/www.fdlm.org\/blog\/2021\/11\/15\/limperfection-du-robot-en-fait-un-interlocuteur-humain-et-amusant\/\" target=\"_blank\" rel=\"noopener\">https:\/\/www.fdlm.org\/blog\/2021\/11\/15\/limperfection-du-robot-en-fait-un-interlocuteur-humain-et-amusant\/<\/a><\/li>\n<\/ul>\n<p style=\"text-align: left;\">\u00a0<\/p>\n<h4 style=\"text-align: left;\"><strong>Episode 4<\/strong><\/h4>\n<p style=\"text-align: left;\">Destination Helsinki (1) \u00c0 Helsinki, en Finlande, le lyc\u00e9e franco-finlandais forme depuis pr\u00e8s de quatre-vingts ans des g\u00e9n\u00e9rations de francophone dans tout le pays.<br \/><a href=\"https:\/\/www.tv5monde.com\/emissions\/episode\/destination-francophonie-destination-helsinki-1\" target=\"_blank\" rel=\"noopener\">https:\/\/www.tv5monde.com\/emissions\/episode\/destination-francophonie-destination-helsinki-1<\/a><\/p>\n<p style=\"text-align: left;\">\u00a0<\/p>\n<h4 style=\"text-align: left;\"><strong>Episode 5<\/strong><\/h4>\n<p style=\"text-align: left;\">\u00c0 Helsinki, un \u00e9tonnant projet de podcast fait r\u00e9sonner la langue fran\u00e7aise sur les ondes finlandaises. Pr\u00e9sentation : Ivan Kabacoff. <a href=\"https:\/\/www.tv5monde.com\/emissions\/episode\/destination-francophonie-destination-helsinki-2\" target=\"_blank\" rel=\"noopener\">https:\/\/www.tv5monde.com\/emissions\/episode\/destination-francophonie-destination-helsinki-2<\/a><\/p>\n<p style=\"text-align: left;\">\u00a0<\/p>\n<h4 style=\"text-align: left;\"><strong>Episode 6<\/strong><\/h4>\n<p style=\"text-align: left;\">D\u00e9couverte de la fili\u00e8re bilingue de Turku qui contribue \u00e0 faire vivre la francophonie dans l&#8217;Ouest du pays.<br \/><a href=\"https:\/\/www.tv5monde.com\/emissions\/episode\/destination-francophonie-destination-turku\" target=\"_blank\" rel=\"noopener\">https:\/\/www.tv5monde.com\/emissions\/episode\/destination-francophonie-destination-turku<\/a><\/p>\n<p style=\"text-align: left;\">\u00a0<\/p>\n<h4 style=\"text-align: left;\"><strong>Episode 7<\/strong><\/h4>\n<p style=\"text-align: left;\">D\u00e9couverte de la fili\u00e8re franco-finlandaise de Tampere, de ses enseignants engag\u00e9s et de ses \u00e9l\u00e8ves bilingues !<br \/><a href=\"https:\/\/www.tv5monde.com\/emissions\/episode\/destination-francophonie-destination-tampere\" target=\"_blank\" rel=\"noopener\">https:\/\/www.tv5monde.com\/emissions\/episode\/destination-francophonie-destination-tampere<\/a><\/p>\n","protected":false},"excerpt":{"rendered":"<p>Un documentaire de 26 minutes et sept \u00e9pisodes courts \u00e0 (re)d\u00e9couvrir sur la francophonie en Finlande !<\/p>\n","protected":false},"author":2,"featured_media":9264,"comment_status":"closed","ping_status":"closed","sticky":false,"template":"","format":"standard","meta":{"footnotes":""},"categories":[51],"tags":[],"class_list":["post-9267","post","type-post","status-publish","format-standard","has-post-thumbnail","hentry","category-french-language"],"yoast_head":"<!-- This site is optimized with the Yoast SEO plugin v27.4 - https:\/\/yoast.com\/product\/yoast-seo-wordpress\/ -->\n<title>Destination francophonie en Finlande\u00a0(TV5 Monde) - Institut fran\u00e7ais<\/title>\n<meta name=\"robots\" content=\"index, follow, max-snippet:-1, max-image-preview:large, max-video-preview:-1\" \/>\n<link rel=\"canonical\" href=\"https:\/\/www.france.fi\/en\/french-language\/destination-francophonie-en-finlande-tv5-monde\/\" \/>\n<meta property=\"og:locale\" content=\"en_US\" \/>\n<meta property=\"og:type\" content=\"article\" \/>\n<meta property=\"og:title\" content=\"Destination francophonie en Finlande\u00a0(TV5 Monde) - Institut fran\u00e7ais\" \/>\n<meta property=\"og:description\" content=\"Un documentaire de 26 minutes et sept \u00e9pisodes courts \u00e0 (re)d\u00e9couvrir sur la francophonie en Finlande !\" \/>\n<meta property=\"og:url\" content=\"https:\/\/www.france.fi\/en\/french-language\/destination-francophonie-en-finlande-tv5-monde\/\" \/>\n<meta property=\"og:site_name\" content=\"Institut fran\u00e7ais\" \/>\n<meta property=\"article:publisher\" content=\"https:\/\/www.facebook.com\/institutfrancaisfi\" \/>\n<meta property=\"article:published_time\" content=\"2022-04-25T07:53:47+00:00\" \/>\n<meta property=\"article:modified_time\" content=\"2022-10-18T07:52:48+00:00\" \/>\n<meta property=\"og:image\" content=\"https:\/\/www.france.fi\/wp-content\/uploads\/2022\/04\/Destination-Finlande-1098x617.jpg\" \/>\n\t<meta property=\"og:image:width\" content=\"1920\" \/>\n\t<meta property=\"og:image:height\" content=\"1080\" \/>\n\t<meta property=\"og:image:type\" content=\"image\/jpeg\" \/>\n<meta name=\"author\" content=\"Equipe IFF\" \/>\n<meta name=\"twitter:card\" content=\"summary_large_image\" \/>\n<meta name=\"twitter:creator\" content=\"@IFFinlande\" \/>\n<meta name=\"twitter:site\" content=\"@IFFinlande\" \/>\n<meta name=\"twitter:label1\" content=\"Written by\" \/>\n\t<meta name=\"twitter:data1\" content=\"Equipe IFF\" \/>\n\t<meta name=\"twitter:label2\" content=\"Est. reading time\" \/>\n\t<meta name=\"twitter:data2\" content=\"2 minutes\" \/>\n<script type=\"application\/ld+json\" class=\"yoast-schema-graph\">{\"@context\":\"https:\\\/\\\/schema.org\",\"@graph\":[{\"@type\":\"Article\",\"@id\":\"https:\\\/\\\/www.france.fi\\\/en\\\/french-language\\\/destination-francophonie-en-finlande-tv5-monde\\\/#article\",\"isPartOf\":{\"@id\":\"https:\\\/\\\/www.france.fi\\\/en\\\/french-language\\\/destination-francophonie-en-finlande-tv5-monde\\\/\"},\"author\":{\"name\":\"Equipe IFF\",\"@id\":\"https:\\\/\\\/www.france.fi\\\/#\\\/schema\\\/person\\\/ed873f29db1d0af6a3600d15d3b65bfd\"},\"headline\":\"Destination francophonie en Finlande\u00a0(TV5 Monde)\",\"datePublished\":\"2022-04-25T07:53:47+00:00\",\"dateModified\":\"2022-10-18T07:52:48+00:00\",\"mainEntityOfPage\":{\"@id\":\"https:\\\/\\\/www.france.fi\\\/en\\\/french-language\\\/destination-francophonie-en-finlande-tv5-monde\\\/\"},\"wordCount\":355,\"publisher\":{\"@id\":\"https:\\\/\\\/www.france.fi\\\/#organization\"},\"image\":{\"@id\":\"https:\\\/\\\/www.france.fi\\\/en\\\/french-language\\\/destination-francophonie-en-finlande-tv5-monde\\\/#primaryimage\"},\"thumbnailUrl\":\"https:\\\/\\\/www.france.fi\\\/wp-content\\\/uploads\\\/2022\\\/04\\\/Destination-Finlande-1280x720.jpg\",\"articleSection\":[\"French language\"],\"inLanguage\":\"en-US\"},{\"@type\":\"WebPage\",\"@id\":\"https:\\\/\\\/www.france.fi\\\/en\\\/french-language\\\/destination-francophonie-en-finlande-tv5-monde\\\/\",\"url\":\"https:\\\/\\\/www.france.fi\\\/en\\\/french-language\\\/destination-francophonie-en-finlande-tv5-monde\\\/\",\"name\":\"Destination francophonie en Finlande\u00a0(TV5 Monde) - Institut fran\u00e7ais\",\"isPartOf\":{\"@id\":\"https:\\\/\\\/www.france.fi\\\/#website\"},\"primaryImageOfPage\":{\"@id\":\"https:\\\/\\\/www.france.fi\\\/en\\\/french-language\\\/destination-francophonie-en-finlande-tv5-monde\\\/#primaryimage\"},\"image\":{\"@id\":\"https:\\\/\\\/www.france.fi\\\/en\\\/french-language\\\/destination-francophonie-en-finlande-tv5-monde\\\/#primaryimage\"},\"thumbnailUrl\":\"https:\\\/\\\/www.france.fi\\\/wp-content\\\/uploads\\\/2022\\\/04\\\/Destination-Finlande-1280x720.jpg\",\"datePublished\":\"2022-04-25T07:53:47+00:00\",\"dateModified\":\"2022-10-18T07:52:48+00:00\",\"breadcrumb\":{\"@id\":\"https:\\\/\\\/www.france.fi\\\/en\\\/french-language\\\/destination-francophonie-en-finlande-tv5-monde\\\/#breadcrumb\"},\"inLanguage\":\"en-US\",\"potentialAction\":[{\"@type\":\"ReadAction\",\"target\":[\"https:\\\/\\\/www.france.fi\\\/en\\\/french-language\\\/destination-francophonie-en-finlande-tv5-monde\\\/\"]}]},{\"@type\":\"ImageObject\",\"inLanguage\":\"en-US\",\"@id\":\"https:\\\/\\\/www.france.fi\\\/en\\\/french-language\\\/destination-francophonie-en-finlande-tv5-monde\\\/#primaryimage\",\"url\":\"https:\\\/\\\/www.france.fi\\\/wp-content\\\/uploads\\\/2022\\\/04\\\/Destination-Finlande-1280x720.jpg\",\"contentUrl\":\"https:\\\/\\\/www.france.fi\\\/wp-content\\\/uploads\\\/2022\\\/04\\\/Destination-Finlande-1280x720.jpg\",\"width\":1920,\"height\":1080},{\"@type\":\"BreadcrumbList\",\"@id\":\"https:\\\/\\\/www.france.fi\\\/en\\\/french-language\\\/destination-francophonie-en-finlande-tv5-monde\\\/#breadcrumb\",\"itemListElement\":[{\"@type\":\"ListItem\",\"position\":1,\"name\":\"Home\",\"item\":\"https:\\\/\\\/www.france.fi\\\/en\\\/\"},{\"@type\":\"ListItem\",\"position\":2,\"name\":\"Langue fran\u00e7aise\",\"item\":\"https:\\\/\\\/www.france.fi\\\/fr\\\/category\\\/langue-francaise\\\/\"},{\"@type\":\"ListItem\",\"position\":3,\"name\":\"Destination francophonie en Finlande\u00a0(TV5 Monde)\"}]},{\"@type\":\"WebSite\",\"@id\":\"https:\\\/\\\/www.france.fi\\\/#website\",\"url\":\"https:\\\/\\\/www.france.fi\\\/\",\"name\":\"Institut fran\u00e7ais de Finlande\",\"description\":\"\",\"publisher\":{\"@id\":\"https:\\\/\\\/www.france.fi\\\/#organization\"},\"potentialAction\":[{\"@type\":\"SearchAction\",\"target\":{\"@type\":\"EntryPoint\",\"urlTemplate\":\"https:\\\/\\\/www.france.fi\\\/?s={search_term_string}\"},\"query-input\":{\"@type\":\"PropertyValueSpecification\",\"valueRequired\":true,\"valueName\":\"search_term_string\"}}],\"inLanguage\":\"en-US\"},{\"@type\":\"Organization\",\"@id\":\"https:\\\/\\\/www.france.fi\\\/#organization\",\"name\":\"Institut fran\u00e7ais de Finlande\",\"url\":\"https:\\\/\\\/www.france.fi\\\/\",\"logo\":{\"@type\":\"ImageObject\",\"inLanguage\":\"en-US\",\"@id\":\"https:\\\/\\\/www.france.fi\\\/#\\\/schema\\\/logo\\\/image\\\/\",\"url\":\"https:\\\/\\\/www.france.fi\\\/wp-content\\\/uploads\\\/2024\\\/02\\\/if-logo-1.png\",\"contentUrl\":\"https:\\\/\\\/www.france.fi\\\/wp-content\\\/uploads\\\/2024\\\/02\\\/if-logo-1.png\",\"width\":687,\"height\":459,\"caption\":\"Institut fran\u00e7ais de Finlande\"},\"image\":{\"@id\":\"https:\\\/\\\/www.france.fi\\\/#\\\/schema\\\/logo\\\/image\\\/\"},\"sameAs\":[\"https:\\\/\\\/www.facebook.com\\\/institutfrancaisfi\",\"https:\\\/\\\/x.com\\\/IFFinlande\",\"https:\\\/\\\/www.instagram.com\\\/iffinlande\\\/\",\"https:\\\/\\\/fr.linkedin.com\\\/organization-guest\\\/company\\\/institut-fran-ais-de-finlande\",\"https:\\\/\\\/www.youtube.com\\\/channel\\\/UCHAitdpmSbeP78eL49XMotA\"]},{\"@type\":\"Person\",\"@id\":\"https:\\\/\\\/www.france.fi\\\/#\\\/schema\\\/person\\\/ed873f29db1d0af6a3600d15d3b65bfd\",\"name\":\"Equipe IFF\",\"image\":{\"@type\":\"ImageObject\",\"inLanguage\":\"en-US\",\"@id\":\"https:\\\/\\\/secure.gravatar.com\\\/avatar\\\/3c4ba80228d01014b25e45e90abb28ce315a02c6572751a7fb2298e4274989fc?s=96&d=mm&r=g\",\"url\":\"https:\\\/\\\/secure.gravatar.com\\\/avatar\\\/3c4ba80228d01014b25e45e90abb28ce315a02c6572751a7fb2298e4274989fc?s=96&d=mm&r=g\",\"contentUrl\":\"https:\\\/\\\/secure.gravatar.com\\\/avatar\\\/3c4ba80228d01014b25e45e90abb28ce315a02c6572751a7fb2298e4274989fc?s=96&d=mm&r=g\",\"caption\":\"Equipe IFF\"},\"url\":\"https:\\\/\\\/www.france.fi\\\/en\\\/author\\\/iffadmin\\\/\"}]}<\/script>\n<!-- \/ Yoast SEO plugin. -->","yoast_head_json":{"title":"Destination francophonie en Finlande\u00a0(TV5 Monde) - Institut fran\u00e7ais","robots":{"index":"index","follow":"follow","max-snippet":"max-snippet:-1","max-image-preview":"max-image-preview:large","max-video-preview":"max-video-preview:-1"},"canonical":"https:\/\/www.france.fi\/en\/french-language\/destination-francophonie-en-finlande-tv5-monde\/","og_locale":"en_US","og_type":"article","og_title":"Destination francophonie en Finlande\u00a0(TV5 Monde) - Institut fran\u00e7ais","og_description":"Un documentaire de 26 minutes et sept \u00e9pisodes courts \u00e0 (re)d\u00e9couvrir sur la francophonie en Finlande !","og_url":"https:\/\/www.france.fi\/en\/french-language\/destination-francophonie-en-finlande-tv5-monde\/","og_site_name":"Institut fran\u00e7ais","article_publisher":"https:\/\/www.facebook.com\/institutfrancaisfi","article_published_time":"2022-04-25T07:53:47+00:00","article_modified_time":"2022-10-18T07:52:48+00:00","og_image":[{"width":1920,"height":1080,"url":"https:\/\/www.france.fi\/wp-content\/uploads\/2022\/04\/Destination-Finlande-1098x617.jpg","type":"image\/jpeg"}],"author":"Equipe IFF","twitter_card":"summary_large_image","twitter_creator":"@IFFinlande","twitter_site":"@IFFinlande","twitter_misc":{"Written by":"Equipe IFF","Est. reading time":"2 minutes"},"schema":{"@context":"https:\/\/schema.org","@graph":[{"@type":"Article","@id":"https:\/\/www.france.fi\/en\/french-language\/destination-francophonie-en-finlande-tv5-monde\/#article","isPartOf":{"@id":"https:\/\/www.france.fi\/en\/french-language\/destination-francophonie-en-finlande-tv5-monde\/"},"author":{"name":"Equipe IFF","@id":"https:\/\/www.france.fi\/#\/schema\/person\/ed873f29db1d0af6a3600d15d3b65bfd"},"headline":"Destination francophonie en Finlande\u00a0(TV5 Monde)","datePublished":"2022-04-25T07:53:47+00:00","dateModified":"2022-10-18T07:52:48+00:00","mainEntityOfPage":{"@id":"https:\/\/www.france.fi\/en\/french-language\/destination-francophonie-en-finlande-tv5-monde\/"},"wordCount":355,"publisher":{"@id":"https:\/\/www.france.fi\/#organization"},"image":{"@id":"https:\/\/www.france.fi\/en\/french-language\/destination-francophonie-en-finlande-tv5-monde\/#primaryimage"},"thumbnailUrl":"https:\/\/www.france.fi\/wp-content\/uploads\/2022\/04\/Destination-Finlande-1280x720.jpg","articleSection":["French language"],"inLanguage":"en-US"},{"@type":"WebPage","@id":"https:\/\/www.france.fi\/en\/french-language\/destination-francophonie-en-finlande-tv5-monde\/","url":"https:\/\/www.france.fi\/en\/french-language\/destination-francophonie-en-finlande-tv5-monde\/","name":"Destination francophonie en Finlande\u00a0(TV5 Monde) - Institut fran\u00e7ais","isPartOf":{"@id":"https:\/\/www.france.fi\/#website"},"primaryImageOfPage":{"@id":"https:\/\/www.france.fi\/en\/french-language\/destination-francophonie-en-finlande-tv5-monde\/#primaryimage"},"image":{"@id":"https:\/\/www.france.fi\/en\/french-language\/destination-francophonie-en-finlande-tv5-monde\/#primaryimage"},"thumbnailUrl":"https:\/\/www.france.fi\/wp-content\/uploads\/2022\/04\/Destination-Finlande-1280x720.jpg","datePublished":"2022-04-25T07:53:47+00:00","dateModified":"2022-10-18T07:52:48+00:00","breadcrumb":{"@id":"https:\/\/www.france.fi\/en\/french-language\/destination-francophonie-en-finlande-tv5-monde\/#breadcrumb"},"inLanguage":"en-US","potentialAction":[{"@type":"ReadAction","target":["https:\/\/www.france.fi\/en\/french-language\/destination-francophonie-en-finlande-tv5-monde\/"]}]},{"@type":"ImageObject","inLanguage":"en-US","@id":"https:\/\/www.france.fi\/en\/french-language\/destination-francophonie-en-finlande-tv5-monde\/#primaryimage","url":"https:\/\/www.france.fi\/wp-content\/uploads\/2022\/04\/Destination-Finlande-1280x720.jpg","contentUrl":"https:\/\/www.france.fi\/wp-content\/uploads\/2022\/04\/Destination-Finlande-1280x720.jpg","width":1920,"height":1080},{"@type":"BreadcrumbList","@id":"https:\/\/www.france.fi\/en\/french-language\/destination-francophonie-en-finlande-tv5-monde\/#breadcrumb","itemListElement":[{"@type":"ListItem","position":1,"name":"Home","item":"https:\/\/www.france.fi\/en\/"},{"@type":"ListItem","position":2,"name":"Langue fran\u00e7aise","item":"https:\/\/www.france.fi\/fr\/category\/langue-francaise\/"},{"@type":"ListItem","position":3,"name":"Destination francophonie en Finlande\u00a0(TV5 Monde)"}]},{"@type":"WebSite","@id":"https:\/\/www.france.fi\/#website","url":"https:\/\/www.france.fi\/","name":"Institut fran\u00e7ais de Finlande","description":"","publisher":{"@id":"https:\/\/www.france.fi\/#organization"},"potentialAction":[{"@type":"SearchAction","target":{"@type":"EntryPoint","urlTemplate":"https:\/\/www.france.fi\/?s={search_term_string}"},"query-input":{"@type":"PropertyValueSpecification","valueRequired":true,"valueName":"search_term_string"}}],"inLanguage":"en-US"},{"@type":"Organization","@id":"https:\/\/www.france.fi\/#organization","name":"Institut fran\u00e7ais de Finlande","url":"https:\/\/www.france.fi\/","logo":{"@type":"ImageObject","inLanguage":"en-US","@id":"https:\/\/www.france.fi\/#\/schema\/logo\/image\/","url":"https:\/\/www.france.fi\/wp-content\/uploads\/2024\/02\/if-logo-1.png","contentUrl":"https:\/\/www.france.fi\/wp-content\/uploads\/2024\/02\/if-logo-1.png","width":687,"height":459,"caption":"Institut fran\u00e7ais de Finlande"},"image":{"@id":"https:\/\/www.france.fi\/#\/schema\/logo\/image\/"},"sameAs":["https:\/\/www.facebook.com\/institutfrancaisfi","https:\/\/x.com\/IFFinlande","https:\/\/www.instagram.com\/iffinlande\/","https:\/\/fr.linkedin.com\/organization-guest\/company\/institut-fran-ais-de-finlande","https:\/\/www.youtube.com\/channel\/UCHAitdpmSbeP78eL49XMotA"]},{"@type":"Person","@id":"https:\/\/www.france.fi\/#\/schema\/person\/ed873f29db1d0af6a3600d15d3b65bfd","name":"Equipe IFF","image":{"@type":"ImageObject","inLanguage":"en-US","@id":"https:\/\/secure.gravatar.com\/avatar\/3c4ba80228d01014b25e45e90abb28ce315a02c6572751a7fb2298e4274989fc?s=96&d=mm&r=g","url":"https:\/\/secure.gravatar.com\/avatar\/3c4ba80228d01014b25e45e90abb28ce315a02c6572751a7fb2298e4274989fc?s=96&d=mm&r=g","contentUrl":"https:\/\/secure.gravatar.com\/avatar\/3c4ba80228d01014b25e45e90abb28ce315a02c6572751a7fb2298e4274989fc?s=96&d=mm&r=g","caption":"Equipe IFF"},"url":"https:\/\/www.france.fi\/en\/author\/iffadmin\/"}]}},"_links":{"self":[{"href":"https:\/\/www.france.fi\/en\/wp-json\/wp\/v2\/posts\/9267","targetHints":{"allow":["GET"]}}],"collection":[{"href":"https:\/\/www.france.fi\/en\/wp-json\/wp\/v2\/posts"}],"about":[{"href":"https:\/\/www.france.fi\/en\/wp-json\/wp\/v2\/types\/post"}],"author":[{"embeddable":true,"href":"https:\/\/www.france.fi\/en\/wp-json\/wp\/v2\/users\/2"}],"replies":[{"embeddable":true,"href":"https:\/\/www.france.fi\/en\/wp-json\/wp\/v2\/comments?post=9267"}],"version-history":[{"count":0,"href":"https:\/\/www.france.fi\/en\/wp-json\/wp\/v2\/posts\/9267\/revisions"}],"wp:featuredmedia":[{"embeddable":true,"href":"https:\/\/www.france.fi\/en\/wp-json\/wp\/v2\/media\/9264"}],"wp:attachment":[{"href":"https:\/\/www.france.fi\/en\/wp-json\/wp\/v2\/media?parent=9267"}],"wp:term":[{"taxonomy":"category","embeddable":true,"href":"https:\/\/www.france.fi\/en\/wp-json\/wp\/v2\/categories?post=9267"},{"taxonomy":"post_tag","embeddable":true,"href":"https:\/\/www.france.fi\/en\/wp-json\/wp\/v2\/tags?post=9267"}],"curies":[{"name":"wp","href":"https:\/\/api.w.org\/{rel}","templated":true}]}}