{"id":10096,"date":"2022-08-09T14:18:28","date_gmt":"2022-08-09T11:18:28","guid":{"rendered":"http:\/\/www.france.fi\/?p=10096"},"modified":"2022-08-22T15:58:29","modified_gmt":"2022-08-22T12:58:29","slug":"olivier-messiaen-quatuor-pour-la-fin-du-temps","status":"publish","type":"post","link":"https:\/\/www.france.fi\/fr\/culture\/olivier-messiaen-quatuor-pour-la-fin-du-temps\/","title":{"rendered":"Olivier Messiaen, quatuor pour la fin du Temps"},"content":{"rendered":"\n<p>Le Koin\u00e9 Trio, fond\u00e9 par le violoniste Mathieu Garguillo, le violoncelliste Basile Ausl\u00e4nder et le pianiste Pau Fernandez Benlloch, est rejoint par la clarinettiste Claudia Reyes Segovia pour interpr\u00e9ter le Quatuor pour la fin du temps d&rsquo;Olivier Messiaen, l&rsquo;une des oeuvres de musique de chambre les plus po\u00e9tiques et les plus puissantes. Le 29 juin 1940, Olivier Messiaen (1908-1992) est arr\u00eat\u00e9 et envoy\u00e9 au camp de prisonniers Stalag VIII-A \u00e0 G\u00f6rlitz, en Allemagne. Con\u00e7u et \u00e9crit pendant sa captivit\u00e9, la premi\u00e8re ex\u00e9cution du quatuor est donn\u00e9e dans le camp, devant un public d&rsquo;environ 400 personnes, par Jean Le Boulaire (1913-1999) au violon, Henri Akoka (1912-1976) \u00e0 la clarinette, Etienne Pasquier (1905-1997) au violoncelle et Olivier Messiaen au piano. Inspir\u00e9e de l&rsquo;Apocalypse de Saint Jean et compos\u00e9e en hommage \u00e0 l&rsquo;Ange qui annonce la fin des temps, cette oeuvre porte un message spirituel tr\u00e8s fort et constitue une v\u00e9ritable exp\u00e9rience sensorielle, tant pour les interpr\u00e8tes que pour les auditeurs.<\/p>\n\n\n\n<p><em>Olivier Messiaen (1908-1992) : Quatuor pour la fin du Temps<br>I. Liturgie de cristal<br>II. Vocalise, pour l&rsquo;Ange qui annonce la fin du Temps<br>III. Ab\u00eeme des oiseaux IV. Interm\u00e8de V. Louange \u00e0 l&rsquo;\u00c9ternit\u00e9 de J\u00e9sus<br>VI. Danse de la fureur, pour les sept trompettes<br>VII. Fouillis d&rsquo;arcs-en-ciel, pour l&rsquo;Ange qui annonce la fin du Temps<br>VIII. Louange \u00e0 l&rsquo;Immortalit\u00e9 de J\u00e9sus<\/em><\/p>\n\n\n\n<p>Koin\u00e9 Trio<br>Mathieu Garguillo, violin<br>Basile Ausl\u00e4nder, cello<br>Pau Fernandez Benlloch, piano<br>Claudia Reyes Segovia, clarinet<\/p>\n\n\n\n<p>Dur\u00e9e 50min sans intermission<br>Plein tarif: 25 euros<br>\u00c9tudiant: 10 euros<\/p>\n\n\n\n<p><a href=\"https:\/\/www.lippu.fi\/en\/artist\/koine-trio\/\" target=\"_blank\" rel=\"noreferrer noopener\"><strong>=&gt;Acheter un billet<\/strong><\/a><\/p>\n","protected":false},"excerpt":{"rendered":"<p>Avec le Koin\u00e9 Trio<\/p>\n","protected":false},"author":2,"featured_media":10097,"comment_status":"closed","ping_status":"open","sticky":false,"template":"","format":"standard","meta":{"footnotes":""},"categories":[1],"tags":[],"class_list":["post-10096","post","type-post","status-publish","format-standard","has-post-thumbnail","hentry","category-culture"],"yoast_head":"<!-- This site is optimized with the Yoast SEO plugin v27.4 - https:\/\/yoast.com\/product\/yoast-seo-wordpress\/ -->\n<title>Olivier Messiaen, quatuor pour la fin du Temps - Institut fran\u00e7ais<\/title>\n<meta name=\"robots\" content=\"index, follow, max-snippet:-1, max-image-preview:large, max-video-preview:-1\" \/>\n<link rel=\"canonical\" href=\"https:\/\/www.france.fi\/fr\/culture\/olivier-messiaen-quatuor-pour-la-fin-du-temps\/\" \/>\n<meta property=\"og:locale\" content=\"fr_FR\" \/>\n<meta property=\"og:type\" content=\"article\" \/>\n<meta property=\"og:title\" content=\"Olivier Messiaen, quatuor pour la fin du Temps - Institut fran\u00e7ais\" \/>\n<meta property=\"og:description\" content=\"Avec le Koin\u00e9 Trio\" \/>\n<meta property=\"og:url\" content=\"https:\/\/www.france.fi\/fr\/culture\/olivier-messiaen-quatuor-pour-la-fin-du-temps\/\" \/>\n<meta property=\"og:site_name\" content=\"Institut fran\u00e7ais\" \/>\n<meta property=\"article:publisher\" content=\"https:\/\/www.facebook.com\/institutfrancaisfi\" \/>\n<meta property=\"article:published_time\" content=\"2022-08-09T11:18:28+00:00\" \/>\n<meta property=\"article:modified_time\" content=\"2022-08-22T12:58:29+00:00\" \/>\n<meta property=\"og:image\" content=\"https:\/\/www.france.fi\/wp-content\/uploads\/2022\/08\/Messiaen--1098x617.jpg\" \/>\n\t<meta property=\"og:image:width\" content=\"1280\" \/>\n\t<meta property=\"og:image:height\" content=\"720\" \/>\n\t<meta property=\"og:image:type\" content=\"image\/jpeg\" \/>\n<meta name=\"author\" content=\"Equipe IFF\" \/>\n<meta name=\"twitter:card\" content=\"summary_large_image\" \/>\n<meta name=\"twitter:creator\" content=\"@IFFinlande\" \/>\n<meta name=\"twitter:site\" content=\"@IFFinlande\" \/>\n<meta name=\"twitter:label1\" content=\"\u00c9crit par\" \/>\n\t<meta name=\"twitter:data1\" content=\"Equipe IFF\" \/>\n\t<meta name=\"twitter:label2\" content=\"Dur\u00e9e de lecture estim\u00e9e\" \/>\n\t<meta name=\"twitter:data2\" content=\"2 minutes\" \/>\n<script type=\"application\/ld+json\" class=\"yoast-schema-graph\">{\"@context\":\"https:\\\/\\\/schema.org\",\"@graph\":[{\"@type\":\"Article\",\"@id\":\"https:\\\/\\\/www.france.fi\\\/fr\\\/culture\\\/olivier-messiaen-quatuor-pour-la-fin-du-temps\\\/#article\",\"isPartOf\":{\"@id\":\"https:\\\/\\\/www.france.fi\\\/fr\\\/culture\\\/olivier-messiaen-quatuor-pour-la-fin-du-temps\\\/\"},\"author\":{\"name\":\"Equipe IFF\",\"@id\":\"https:\\\/\\\/www.france.fi\\\/#\\\/schema\\\/person\\\/ed873f29db1d0af6a3600d15d3b65bfd\"},\"headline\":\"Olivier Messiaen, quatuor pour la fin du Temps\",\"datePublished\":\"2022-08-09T11:18:28+00:00\",\"dateModified\":\"2022-08-22T12:58:29+00:00\",\"mainEntityOfPage\":{\"@id\":\"https:\\\/\\\/www.france.fi\\\/fr\\\/culture\\\/olivier-messiaen-quatuor-pour-la-fin-du-temps\\\/\"},\"wordCount\":268,\"publisher\":{\"@id\":\"https:\\\/\\\/www.france.fi\\\/#organization\"},\"image\":{\"@id\":\"https:\\\/\\\/www.france.fi\\\/fr\\\/culture\\\/olivier-messiaen-quatuor-pour-la-fin-du-temps\\\/#primaryimage\"},\"thumbnailUrl\":\"https:\\\/\\\/www.france.fi\\\/wp-content\\\/uploads\\\/2022\\\/08\\\/Messiaen--1098x617.jpg\",\"articleSection\":[\"Culture\"],\"inLanguage\":\"fr-FR\"},{\"@type\":\"WebPage\",\"@id\":\"https:\\\/\\\/www.france.fi\\\/fr\\\/culture\\\/olivier-messiaen-quatuor-pour-la-fin-du-temps\\\/\",\"url\":\"https:\\\/\\\/www.france.fi\\\/fr\\\/culture\\\/olivier-messiaen-quatuor-pour-la-fin-du-temps\\\/\",\"name\":\"Olivier Messiaen, quatuor pour la fin du Temps - Institut fran\u00e7ais\",\"isPartOf\":{\"@id\":\"https:\\\/\\\/www.france.fi\\\/#website\"},\"primaryImageOfPage\":{\"@id\":\"https:\\\/\\\/www.france.fi\\\/fr\\\/culture\\\/olivier-messiaen-quatuor-pour-la-fin-du-temps\\\/#primaryimage\"},\"image\":{\"@id\":\"https:\\\/\\\/www.france.fi\\\/fr\\\/culture\\\/olivier-messiaen-quatuor-pour-la-fin-du-temps\\\/#primaryimage\"},\"thumbnailUrl\":\"https:\\\/\\\/www.france.fi\\\/wp-content\\\/uploads\\\/2022\\\/08\\\/Messiaen--1098x617.jpg\",\"datePublished\":\"2022-08-09T11:18:28+00:00\",\"dateModified\":\"2022-08-22T12:58:29+00:00\",\"breadcrumb\":{\"@id\":\"https:\\\/\\\/www.france.fi\\\/fr\\\/culture\\\/olivier-messiaen-quatuor-pour-la-fin-du-temps\\\/#breadcrumb\"},\"inLanguage\":\"fr-FR\",\"potentialAction\":[{\"@type\":\"ReadAction\",\"target\":[\"https:\\\/\\\/www.france.fi\\\/fr\\\/culture\\\/olivier-messiaen-quatuor-pour-la-fin-du-temps\\\/\"]}]},{\"@type\":\"ImageObject\",\"inLanguage\":\"fr-FR\",\"@id\":\"https:\\\/\\\/www.france.fi\\\/fr\\\/culture\\\/olivier-messiaen-quatuor-pour-la-fin-du-temps\\\/#primaryimage\",\"url\":\"https:\\\/\\\/www.france.fi\\\/wp-content\\\/uploads\\\/2022\\\/08\\\/Messiaen--1098x617.jpg\",\"contentUrl\":\"https:\\\/\\\/www.france.fi\\\/wp-content\\\/uploads\\\/2022\\\/08\\\/Messiaen--1098x617.jpg\",\"width\":1280,\"height\":720},{\"@type\":\"BreadcrumbList\",\"@id\":\"https:\\\/\\\/www.france.fi\\\/fr\\\/culture\\\/olivier-messiaen-quatuor-pour-la-fin-du-temps\\\/#breadcrumb\",\"itemListElement\":[{\"@type\":\"ListItem\",\"position\":1,\"name\":\"Home\",\"item\":\"https:\\\/\\\/www.france.fi\\\/fr\\\/\"},{\"@type\":\"ListItem\",\"position\":2,\"name\":\"Culture\",\"item\":\"https:\\\/\\\/www.france.fi\\\/fr\\\/category\\\/culture\\\/\"},{\"@type\":\"ListItem\",\"position\":3,\"name\":\"Olivier Messiaen, quatuor pour la fin du Temps\"}]},{\"@type\":\"WebSite\",\"@id\":\"https:\\\/\\\/www.france.fi\\\/#website\",\"url\":\"https:\\\/\\\/www.france.fi\\\/\",\"name\":\"Institut fran\u00e7ais de Finlande\",\"description\":\"\",\"publisher\":{\"@id\":\"https:\\\/\\\/www.france.fi\\\/#organization\"},\"potentialAction\":[{\"@type\":\"SearchAction\",\"target\":{\"@type\":\"EntryPoint\",\"urlTemplate\":\"https:\\\/\\\/www.france.fi\\\/?s={search_term_string}\"},\"query-input\":{\"@type\":\"PropertyValueSpecification\",\"valueRequired\":true,\"valueName\":\"search_term_string\"}}],\"inLanguage\":\"fr-FR\"},{\"@type\":\"Organization\",\"@id\":\"https:\\\/\\\/www.france.fi\\\/#organization\",\"name\":\"Institut fran\u00e7ais de Finlande\",\"url\":\"https:\\\/\\\/www.france.fi\\\/\",\"logo\":{\"@type\":\"ImageObject\",\"inLanguage\":\"fr-FR\",\"@id\":\"https:\\\/\\\/www.france.fi\\\/#\\\/schema\\\/logo\\\/image\\\/\",\"url\":\"https:\\\/\\\/www.france.fi\\\/wp-content\\\/uploads\\\/2024\\\/02\\\/if-logo-1.png\",\"contentUrl\":\"https:\\\/\\\/www.france.fi\\\/wp-content\\\/uploads\\\/2024\\\/02\\\/if-logo-1.png\",\"width\":687,\"height\":459,\"caption\":\"Institut fran\u00e7ais de Finlande\"},\"image\":{\"@id\":\"https:\\\/\\\/www.france.fi\\\/#\\\/schema\\\/logo\\\/image\\\/\"},\"sameAs\":[\"https:\\\/\\\/www.facebook.com\\\/institutfrancaisfi\",\"https:\\\/\\\/x.com\\\/IFFinlande\",\"https:\\\/\\\/www.instagram.com\\\/iffinlande\\\/\",\"https:\\\/\\\/fr.linkedin.com\\\/organization-guest\\\/company\\\/institut-fran-ais-de-finlande\",\"https:\\\/\\\/www.youtube.com\\\/channel\\\/UCHAitdpmSbeP78eL49XMotA\"]},{\"@type\":\"Person\",\"@id\":\"https:\\\/\\\/www.france.fi\\\/#\\\/schema\\\/person\\\/ed873f29db1d0af6a3600d15d3b65bfd\",\"name\":\"Equipe IFF\",\"image\":{\"@type\":\"ImageObject\",\"inLanguage\":\"fr-FR\",\"@id\":\"https:\\\/\\\/secure.gravatar.com\\\/avatar\\\/3c4ba80228d01014b25e45e90abb28ce315a02c6572751a7fb2298e4274989fc?s=96&d=mm&r=g\",\"url\":\"https:\\\/\\\/secure.gravatar.com\\\/avatar\\\/3c4ba80228d01014b25e45e90abb28ce315a02c6572751a7fb2298e4274989fc?s=96&d=mm&r=g\",\"contentUrl\":\"https:\\\/\\\/secure.gravatar.com\\\/avatar\\\/3c4ba80228d01014b25e45e90abb28ce315a02c6572751a7fb2298e4274989fc?s=96&d=mm&r=g\",\"caption\":\"Equipe IFF\"},\"url\":\"https:\\\/\\\/www.france.fi\\\/fr\\\/author\\\/iffadmin\\\/\"}]}<\/script>\n<!-- \/ Yoast SEO plugin. -->","yoast_head_json":{"title":"Olivier Messiaen, quatuor pour la fin du Temps - Institut fran\u00e7ais","robots":{"index":"index","follow":"follow","max-snippet":"max-snippet:-1","max-image-preview":"max-image-preview:large","max-video-preview":"max-video-preview:-1"},"canonical":"https:\/\/www.france.fi\/fr\/culture\/olivier-messiaen-quatuor-pour-la-fin-du-temps\/","og_locale":"fr_FR","og_type":"article","og_title":"Olivier Messiaen, quatuor pour la fin du Temps - Institut fran\u00e7ais","og_description":"Avec le Koin\u00e9 Trio","og_url":"https:\/\/www.france.fi\/fr\/culture\/olivier-messiaen-quatuor-pour-la-fin-du-temps\/","og_site_name":"Institut fran\u00e7ais","article_publisher":"https:\/\/www.facebook.com\/institutfrancaisfi","article_published_time":"2022-08-09T11:18:28+00:00","article_modified_time":"2022-08-22T12:58:29+00:00","og_image":[{"width":1280,"height":720,"url":"https:\/\/www.france.fi\/wp-content\/uploads\/2022\/08\/Messiaen--1098x617.jpg","type":"image\/jpeg"}],"author":"Equipe IFF","twitter_card":"summary_large_image","twitter_creator":"@IFFinlande","twitter_site":"@IFFinlande","twitter_misc":{"\u00c9crit par":"Equipe IFF","Dur\u00e9e de lecture estim\u00e9e":"2 minutes"},"schema":{"@context":"https:\/\/schema.org","@graph":[{"@type":"Article","@id":"https:\/\/www.france.fi\/fr\/culture\/olivier-messiaen-quatuor-pour-la-fin-du-temps\/#article","isPartOf":{"@id":"https:\/\/www.france.fi\/fr\/culture\/olivier-messiaen-quatuor-pour-la-fin-du-temps\/"},"author":{"name":"Equipe IFF","@id":"https:\/\/www.france.fi\/#\/schema\/person\/ed873f29db1d0af6a3600d15d3b65bfd"},"headline":"Olivier Messiaen, quatuor pour la fin du Temps","datePublished":"2022-08-09T11:18:28+00:00","dateModified":"2022-08-22T12:58:29+00:00","mainEntityOfPage":{"@id":"https:\/\/www.france.fi\/fr\/culture\/olivier-messiaen-quatuor-pour-la-fin-du-temps\/"},"wordCount":268,"publisher":{"@id":"https:\/\/www.france.fi\/#organization"},"image":{"@id":"https:\/\/www.france.fi\/fr\/culture\/olivier-messiaen-quatuor-pour-la-fin-du-temps\/#primaryimage"},"thumbnailUrl":"https:\/\/www.france.fi\/wp-content\/uploads\/2022\/08\/Messiaen--1098x617.jpg","articleSection":["Culture"],"inLanguage":"fr-FR"},{"@type":"WebPage","@id":"https:\/\/www.france.fi\/fr\/culture\/olivier-messiaen-quatuor-pour-la-fin-du-temps\/","url":"https:\/\/www.france.fi\/fr\/culture\/olivier-messiaen-quatuor-pour-la-fin-du-temps\/","name":"Olivier Messiaen, quatuor pour la fin du Temps - Institut fran\u00e7ais","isPartOf":{"@id":"https:\/\/www.france.fi\/#website"},"primaryImageOfPage":{"@id":"https:\/\/www.france.fi\/fr\/culture\/olivier-messiaen-quatuor-pour-la-fin-du-temps\/#primaryimage"},"image":{"@id":"https:\/\/www.france.fi\/fr\/culture\/olivier-messiaen-quatuor-pour-la-fin-du-temps\/#primaryimage"},"thumbnailUrl":"https:\/\/www.france.fi\/wp-content\/uploads\/2022\/08\/Messiaen--1098x617.jpg","datePublished":"2022-08-09T11:18:28+00:00","dateModified":"2022-08-22T12:58:29+00:00","breadcrumb":{"@id":"https:\/\/www.france.fi\/fr\/culture\/olivier-messiaen-quatuor-pour-la-fin-du-temps\/#breadcrumb"},"inLanguage":"fr-FR","potentialAction":[{"@type":"ReadAction","target":["https:\/\/www.france.fi\/fr\/culture\/olivier-messiaen-quatuor-pour-la-fin-du-temps\/"]}]},{"@type":"ImageObject","inLanguage":"fr-FR","@id":"https:\/\/www.france.fi\/fr\/culture\/olivier-messiaen-quatuor-pour-la-fin-du-temps\/#primaryimage","url":"https:\/\/www.france.fi\/wp-content\/uploads\/2022\/08\/Messiaen--1098x617.jpg","contentUrl":"https:\/\/www.france.fi\/wp-content\/uploads\/2022\/08\/Messiaen--1098x617.jpg","width":1280,"height":720},{"@type":"BreadcrumbList","@id":"https:\/\/www.france.fi\/fr\/culture\/olivier-messiaen-quatuor-pour-la-fin-du-temps\/#breadcrumb","itemListElement":[{"@type":"ListItem","position":1,"name":"Home","item":"https:\/\/www.france.fi\/fr\/"},{"@type":"ListItem","position":2,"name":"Culture","item":"https:\/\/www.france.fi\/fr\/category\/culture\/"},{"@type":"ListItem","position":3,"name":"Olivier Messiaen, quatuor pour la fin du Temps"}]},{"@type":"WebSite","@id":"https:\/\/www.france.fi\/#website","url":"https:\/\/www.france.fi\/","name":"Institut fran\u00e7ais de Finlande","description":"","publisher":{"@id":"https:\/\/www.france.fi\/#organization"},"potentialAction":[{"@type":"SearchAction","target":{"@type":"EntryPoint","urlTemplate":"https:\/\/www.france.fi\/?s={search_term_string}"},"query-input":{"@type":"PropertyValueSpecification","valueRequired":true,"valueName":"search_term_string"}}],"inLanguage":"fr-FR"},{"@type":"Organization","@id":"https:\/\/www.france.fi\/#organization","name":"Institut fran\u00e7ais de Finlande","url":"https:\/\/www.france.fi\/","logo":{"@type":"ImageObject","inLanguage":"fr-FR","@id":"https:\/\/www.france.fi\/#\/schema\/logo\/image\/","url":"https:\/\/www.france.fi\/wp-content\/uploads\/2024\/02\/if-logo-1.png","contentUrl":"https:\/\/www.france.fi\/wp-content\/uploads\/2024\/02\/if-logo-1.png","width":687,"height":459,"caption":"Institut fran\u00e7ais de Finlande"},"image":{"@id":"https:\/\/www.france.fi\/#\/schema\/logo\/image\/"},"sameAs":["https:\/\/www.facebook.com\/institutfrancaisfi","https:\/\/x.com\/IFFinlande","https:\/\/www.instagram.com\/iffinlande\/","https:\/\/fr.linkedin.com\/organization-guest\/company\/institut-fran-ais-de-finlande","https:\/\/www.youtube.com\/channel\/UCHAitdpmSbeP78eL49XMotA"]},{"@type":"Person","@id":"https:\/\/www.france.fi\/#\/schema\/person\/ed873f29db1d0af6a3600d15d3b65bfd","name":"Equipe IFF","image":{"@type":"ImageObject","inLanguage":"fr-FR","@id":"https:\/\/secure.gravatar.com\/avatar\/3c4ba80228d01014b25e45e90abb28ce315a02c6572751a7fb2298e4274989fc?s=96&d=mm&r=g","url":"https:\/\/secure.gravatar.com\/avatar\/3c4ba80228d01014b25e45e90abb28ce315a02c6572751a7fb2298e4274989fc?s=96&d=mm&r=g","contentUrl":"https:\/\/secure.gravatar.com\/avatar\/3c4ba80228d01014b25e45e90abb28ce315a02c6572751a7fb2298e4274989fc?s=96&d=mm&r=g","caption":"Equipe IFF"},"url":"https:\/\/www.france.fi\/fr\/author\/iffadmin\/"}]}},"_links":{"self":[{"href":"https:\/\/www.france.fi\/fr\/wp-json\/wp\/v2\/posts\/10096","targetHints":{"allow":["GET"]}}],"collection":[{"href":"https:\/\/www.france.fi\/fr\/wp-json\/wp\/v2\/posts"}],"about":[{"href":"https:\/\/www.france.fi\/fr\/wp-json\/wp\/v2\/types\/post"}],"author":[{"embeddable":true,"href":"https:\/\/www.france.fi\/fr\/wp-json\/wp\/v2\/users\/2"}],"replies":[{"embeddable":true,"href":"https:\/\/www.france.fi\/fr\/wp-json\/wp\/v2\/comments?post=10096"}],"version-history":[{"count":0,"href":"https:\/\/www.france.fi\/fr\/wp-json\/wp\/v2\/posts\/10096\/revisions"}],"wp:featuredmedia":[{"embeddable":true,"href":"https:\/\/www.france.fi\/fr\/wp-json\/wp\/v2\/media\/10097"}],"wp:attachment":[{"href":"https:\/\/www.france.fi\/fr\/wp-json\/wp\/v2\/media?parent=10096"}],"wp:term":[{"taxonomy":"category","embeddable":true,"href":"https:\/\/www.france.fi\/fr\/wp-json\/wp\/v2\/categories?post=10096"},{"taxonomy":"post_tag","embeddable":true,"href":"https:\/\/www.france.fi\/fr\/wp-json\/wp\/v2\/tags?post=10096"}],"curies":[{"name":"wp","href":"https:\/\/api.w.org\/{rel}","templated":true}]}}