{"id":10152,"date":"2022-08-22T12:13:13","date_gmt":"2022-08-22T09:13:13","guid":{"rendered":"http:\/\/www.france.fi\/?p=10152"},"modified":"2022-11-07T09:09:21","modified_gmt":"2022-11-07T07:09:21","slug":"sinnikkyys-ou-la-perseverance-du-desir-de-rencontre","status":"publish","type":"post","link":"https:\/\/www.france.fi\/fr\/culture\/sinnikkyys-ou-la-perseverance-du-desir-de-rencontre\/","title":{"rendered":"sinnikkyys \u2013 ou la pers\u00e9v\u00e9rance du d\u00e9sir de rencontre"},"content":{"rendered":"\n<div class=\"wp-block-group\"><div class=\"wp-block-group__inner-container is-layout-flow wp-block-group-is-layout-flow\">\n<p class=\"has-small-font-size\">Qu&rsquo;on ne me reproche pas d&rsquo;\u00eatre prolixe dans les d\u00e9tails, c&rsquo;est la mani\u00e8re des voyageurs.<\/p>\n\n\n\n<p class=\"has-small-font-size\">&nbsp;&nbsp;&nbsp;&nbsp;&nbsp;&nbsp;&nbsp;&nbsp;&nbsp;&nbsp;&nbsp;&nbsp;&nbsp;&nbsp;&nbsp;&nbsp;Xavier de Maistre, <em>Voyage autour de ma chambre<\/em><\/p>\n\n\n\n<p class=\"has-small-font-size\">La musique commence l\u00e0 o\u00f9 s&rsquo;arr\u00eatent les possibilit\u00e9s du langage.<\/p>\n\n\n\n<p class=\"has-small-font-size\">&nbsp;&nbsp;&nbsp;&nbsp;&nbsp;&nbsp;&nbsp;&nbsp;&nbsp;&nbsp;&nbsp;&nbsp;&nbsp;&nbsp;&nbsp;&nbsp;Jean Sibelius<\/p>\n\n\n\n<p class=\"has-text-align-center\"><strong>sinnikkyys \u2013 ou la pers\u00e9v\u00e9rance du d\u00e9sir de rencontre<\/strong><\/p>\n<\/div><\/div>\n\n\n\n<p><em>Disons que je m&rsquo;appelle Sasha, ce sera mieux pour tout le monde, mettons-nous d&rsquo;accord sur cela. Je suis parti ce matin, j&rsquo;ai pris la route. Enfin, les rails. Mais \u00e7a, \u00e7a ne se dit pas. Je me suis lanc\u00e9 ? Non plus. On croirait que je voulais en finir, alors que je ne br\u00fble que pour commencer, pour arriver. L\u00e0, je suis dans le train. Juste m&rsquo;\u00e9lancer, je ne parle m\u00eame pas de&#8230; de&#8230; enfin, laissons cela. Il n&rsquo;avance d&rsquo;ailleurs pas bien vite, le train, dans ce pays au c\u0153ur du continent. Trop dense pour \u00eatre fluide. Un c\u0153ur trop gras et trop maigre \u00e0 la fois. Faut le faire.<\/em><\/p>\n\n\n\n<p>Y envoyer un autre. Le faire vivre par les mots ce que je compte vivre moi. Voil\u00e0 un d\u00e9but de roman, une sc\u00e8ne possible qui m&rsquo;a saisi. Helsinki, cette d\u00e9couverte \u00e0 venir. Ne pas parler comme \u00ab je \u00bb. Mais est-ce vraiment possible ? Faire \u0153uvre plut\u00f4t que t\u00e9moigner&#8230; Non pas blog, mais fiction&#8230;<\/p>\n\n\n\n<p><em>Rendez-vous est pris. Nous allons nous voir \u00e0 Helsinki, le premier vendredi de septembre, \u00e0 midi et demi. Il m&rsquo;a fallu sortir mon vieil atlas. Quand je suis chez moi, je pr\u00e9f\u00e8re ce papier rance qui sent l&rsquo;\u00e9cole, et le temps perdu. L&rsquo;\u00e9cran et son luisant, \u00e7a ne ferait pas l&rsquo;affaire. La capitale du nord avait son propre encadr\u00e9 sur la page d\u00e9di\u00e9e \u00e0 la Finlande, ce qui m&rsquo;a surpris, je ne sais pourquoi. Je n&rsquo;ai aucun souvenir d&rsquo;avoir appris quelque chose sur cette ville, ni sur ce pays mitraill\u00e9 de taches bleues. Le centre-ville, sur cette carte, s&rsquo;affichait avec trop peu de d\u00e9tails. Il ne me restait rien d&rsquo;autre \u00e0 faire que d&rsquo;ouvrir toutefois le clapet argent\u00e9 qui referme ce champ de pixels, et de zoomer un bon coup. La voil\u00e0, la placette, nich\u00e9e entre les immeubles, pr\u00e8s de Laivastokatu, juste derri\u00e8re la mer. Midi et demi. J&rsquo;y serai.<\/em><\/p>\n\n\n\n<p><em>&nbsp; Le temps jusque-l\u00e0 va se d\u00e9vorer tout seul, et moi, je n&rsquo;ai rien d&rsquo;autre \u00e0 lui jeter en p\u00e2ture que ma disponibilit\u00e9. Sur la fen\u00eatre du train, des gouttelettes de poussi\u00e8re s\u00e9ch\u00e9e. Je regarde le monde par cette cro\u00fbte \u00e9crue. Dans la plaine, c&rsquo;est d&rsquo;abord un vaste ennui vert jusqu&rsquo;\u00e0 Copenhague. Ensuite, l&rsquo;aventure commence.<\/em><\/p>\n\n\n\n<p>Comment alors \u2013 moi ou mon protagoniste \u2013 s&rsquo;imaginer cette aventure ? Pour vivre quelque chose, il faut bien partir, \u00e0 un moment ou un autre. Soit on prend ses jambes \u00e0 son cou et on se lance, soit on ouvre les vannes de son imagination. Partir, il le faut bien. Il le faut m\u00eame si bien que parfois, au fond de notre fauteuil, nous nous accrochons au motif familier de l&rsquo;accoudoir. Ah qu&rsquo;il est doux, ce tissu. Rassurant. R\u00e9confortant. Mais le confort, il est \u00e0 la conscience ce que la goutte est au p\u00e9tale de rose. D&rsquo;abord, \u00e0 l&rsquo;aube, c&rsquo;est beau et rafra\u00eechissant, mais sous la lumi\u00e8re grandissante du jour, la perle s&rsquo;\u00e9vapore ou pire, elle laisse une tache de br\u00fblure.<\/p>\n\n\n\n<p>&nbsp; Depuis le lointain, astreint \u00e0 ne pas encore pouvoir m&rsquo;en aller, il ne me reste, pour mise en bouche, que l&rsquo;imaginaire, ou encore la lecture, les films, la musique. Helsinki&#8230; La Finlande&#8230; Le grand Nord \u00e0 l&rsquo;Est, et \u00e0 l&rsquo;Ouest du nouveau rideau de perles <em>id\u00e9o-logiques<\/em>. Les livres m&rsquo;apprennent les chiffres, les statistiques, les films me remplissent les yeux d&rsquo;images pr\u00e9m\u00e2ch\u00e9es, les sons se faufilent pour me bercer l&rsquo;oreille, ou la percer. Mais tout cela ne remplace pas le v\u00e9cu, moins encore la fantaisie. Il en est comme d&rsquo;une annonce de rencontre : elle fait abstraction de l&rsquo;essentiel, elle n&rsquo;est qu&rsquo;abstraction elle-m\u00eame. Pas d&rsquo;odeur, pas de toucher. L&rsquo;essentiel manque. Donc, vive l&rsquo;arsenal des suppositions, des techniques de conception. Je me brosse mon propre Helsinki. Le vent effleure l&rsquo;\u00e9cume. L&rsquo;air caresse les cheveux, la Mannerheimintie est balay\u00e9e, les immeubles tremblent. Le chat noir poursuit le merle tomb\u00e9 du nid. Les arbres ne tiennent plus leurs promesses. Soupe au saumon et verre souffl\u00e9, \u00e9cueil d&rsquo;\u00e9cailles. Le tram retentit au carrefour de Helsinginkatu et H\u00e4meentie, vide, lumi\u00e8res baiss\u00e9es. Chenille de chitine. Puis Helsinki, voil\u00e0 l&rsquo;autre vent qui souffle, l&rsquo;Acte final. Nous faut-il un nouveau Kekkonen, faudrait-il un Helsinki 2.0 ?<\/p>\n\n\n\n<p><em>L&rsquo;aventure, elle me fait \u00e9viter l&rsquo;eau. Trop de ferraille qui flotte. Je reste riv\u00e9 sur l&rsquo;autre fer, les rails. Copenhague \u2013 Stockholm \u2013 Ume\u00e5 \u2013 Oulu \u2013 pour arriver \u00e0 bon port, ni par les eaux ni par les airs. Helsingin p\u00e4\u00e4rautatieasema. Voil\u00e0 ce qui est pr\u00e9vu. Mais qui peut encore pr\u00e9voir des choses ? Un rendez-vous dans deux semaines, mais quelle folie ! Aucune id\u00e9e ce qui m&rsquo;attend. Moi, je n&rsquo;attends rien, j&rsquo;y vais. J&rsquo;y vais carr\u00e9ment, la t\u00eate en avant. Comme une essence, comme une naissance.<\/em><\/p>\n\n\n\n<p>Na\u00eetre, le voyage nous le fait vivre. Lessiver les sens, les mettre \u00e0 s\u00e9cher sur la corde raide de notre conscience. Non pas pour les ext\u00e9nuer, plut\u00f4t pour avoir de quoi se mettre, quelque chose de propre, de frais, avant d&rsquo;affronter le monde. Non, avant de l&rsquo;accueillir, car c&rsquo;est \u00e0 nous, c&rsquo;est \u00e0 moi \u00e0 pr\u00e9sent, de le laisser entrer, bien plus que le contraire. Le monde n&rsquo;a pas \u00e0 vouloir de nous, il est l\u00e0, nous sommes l\u00e0, voil\u00e0 tout. Le monde na\u00eet, le monde n&rsquo;est qu&rsquo;en nous.<\/p>\n\n\n\n<p>&nbsp; En attendant d&rsquo;y \u00eatre, je cherche en moi la rive rocheuse et les rondeurs des deux cath\u00e9drales, les saveurs de r\u00e9glisse autant que le calme anim\u00e9 de Oodi, cette ode, cet <em>audre <\/em>temple \u00e0 la gloire des mots. Gloire et glaire et glaive. Tranchant, chacun, dans son \u00e9cart. Et chacun une promesse.<\/p>\n\n\n\n<p>\u00a9 Stephan Weitzel, 2022<\/p>\n","protected":false},"excerpt":{"rendered":"<p>Retrouvez le blog de voyage de Stephan Weitzel ! Une fois par semaine, il partagera son regard sur la Finlande, ses d\u00e9couvertes, ses questionnements.<\/p>\n","protected":false},"author":2,"featured_media":10169,"comment_status":"closed","ping_status":"open","sticky":false,"template":"","format":"standard","meta":{"footnotes":""},"categories":[1,45],"tags":[],"class_list":["post-10152","post","type-post","status-publish","format-standard","has-post-thumbnail","hentry","category-culture","category-langue-francaise"],"yoast_head":"<!-- This site is optimized with the Yoast SEO plugin v27.4 - https:\/\/yoast.com\/product\/yoast-seo-wordpress\/ -->\n<title>sinnikkyys \u2013 ou la pers\u00e9v\u00e9rance du d\u00e9sir de rencontre - Institut fran\u00e7ais<\/title>\n<meta name=\"robots\" content=\"index, follow, max-snippet:-1, max-image-preview:large, max-video-preview:-1\" \/>\n<link rel=\"canonical\" href=\"https:\/\/www.france.fi\/fr\/culture\/sinnikkyys-ou-la-perseverance-du-desir-de-rencontre\/\" \/>\n<meta property=\"og:locale\" content=\"fr_FR\" \/>\n<meta property=\"og:type\" content=\"article\" \/>\n<meta property=\"og:title\" content=\"sinnikkyys \u2013 ou la pers\u00e9v\u00e9rance du d\u00e9sir de rencontre - Institut fran\u00e7ais\" \/>\n<meta property=\"og:description\" content=\"Retrouvez le blog de voyage de Stephan Weitzel ! Une fois par semaine, il partagera son regard sur la Finlande, ses d\u00e9couvertes, ses questionnements.\" \/>\n<meta property=\"og:url\" content=\"https:\/\/www.france.fi\/fr\/culture\/sinnikkyys-ou-la-perseverance-du-desir-de-rencontre\/\" \/>\n<meta property=\"og:site_name\" content=\"Institut fran\u00e7ais\" \/>\n<meta property=\"article:publisher\" content=\"https:\/\/www.facebook.com\/institutfrancaisfi\" \/>\n<meta property=\"article:published_time\" content=\"2022-08-22T09:13:13+00:00\" \/>\n<meta property=\"article:modified_time\" content=\"2022-11-07T07:09:21+00:00\" \/>\n<meta property=\"og:image\" content=\"https:\/\/www.france.fi\/wp-content\/uploads\/2022\/08\/sinnikkyys-\u2013-ou-la-perseverance-du-desir-de-rencontre-1098x617.png\" \/>\n\t<meta property=\"og:image:width\" content=\"1920\" \/>\n\t<meta property=\"og:image:height\" content=\"1080\" \/>\n\t<meta property=\"og:image:type\" content=\"image\/png\" \/>\n<meta name=\"author\" content=\"Equipe IFF\" \/>\n<meta name=\"twitter:card\" content=\"summary_large_image\" \/>\n<meta name=\"twitter:creator\" content=\"@IFFinlande\" \/>\n<meta name=\"twitter:site\" content=\"@IFFinlande\" \/>\n<meta name=\"twitter:label1\" content=\"\u00c9crit par\" \/>\n\t<meta name=\"twitter:data1\" content=\"Equipe IFF\" \/>\n\t<meta name=\"twitter:label2\" content=\"Dur\u00e9e de lecture estim\u00e9e\" \/>\n\t<meta name=\"twitter:data2\" content=\"5 minutes\" \/>\n<script type=\"application\/ld+json\" class=\"yoast-schema-graph\">{\"@context\":\"https:\\\/\\\/schema.org\",\"@graph\":[{\"@type\":\"Article\",\"@id\":\"https:\\\/\\\/www.france.fi\\\/fr\\\/culture\\\/sinnikkyys-ou-la-perseverance-du-desir-de-rencontre\\\/#article\",\"isPartOf\":{\"@id\":\"https:\\\/\\\/www.france.fi\\\/fr\\\/culture\\\/sinnikkyys-ou-la-perseverance-du-desir-de-rencontre\\\/\"},\"author\":{\"name\":\"Equipe IFF\",\"@id\":\"https:\\\/\\\/www.france.fi\\\/#\\\/schema\\\/person\\\/ed873f29db1d0af6a3600d15d3b65bfd\"},\"headline\":\"sinnikkyys \u2013 ou la pers\u00e9v\u00e9rance du d\u00e9sir de rencontre\",\"datePublished\":\"2022-08-22T09:13:13+00:00\",\"dateModified\":\"2022-11-07T07:09:21+00:00\",\"mainEntityOfPage\":{\"@id\":\"https:\\\/\\\/www.france.fi\\\/fr\\\/culture\\\/sinnikkyys-ou-la-perseverance-du-desir-de-rencontre\\\/\"},\"wordCount\":1099,\"publisher\":{\"@id\":\"https:\\\/\\\/www.france.fi\\\/#organization\"},\"image\":{\"@id\":\"https:\\\/\\\/www.france.fi\\\/fr\\\/culture\\\/sinnikkyys-ou-la-perseverance-du-desir-de-rencontre\\\/#primaryimage\"},\"thumbnailUrl\":\"https:\\\/\\\/www.france.fi\\\/wp-content\\\/uploads\\\/2022\\\/08\\\/sinnikkyys-\u2013-ou-la-perseverance-du-desir-de-rencontre-1280x720.png\",\"articleSection\":[\"Culture\",\"Langue fran\u00e7aise\"],\"inLanguage\":\"fr-FR\"},{\"@type\":\"WebPage\",\"@id\":\"https:\\\/\\\/www.france.fi\\\/fr\\\/culture\\\/sinnikkyys-ou-la-perseverance-du-desir-de-rencontre\\\/\",\"url\":\"https:\\\/\\\/www.france.fi\\\/fr\\\/culture\\\/sinnikkyys-ou-la-perseverance-du-desir-de-rencontre\\\/\",\"name\":\"sinnikkyys \u2013 ou la pers\u00e9v\u00e9rance du d\u00e9sir de rencontre - Institut fran\u00e7ais\",\"isPartOf\":{\"@id\":\"https:\\\/\\\/www.france.fi\\\/#website\"},\"primaryImageOfPage\":{\"@id\":\"https:\\\/\\\/www.france.fi\\\/fr\\\/culture\\\/sinnikkyys-ou-la-perseverance-du-desir-de-rencontre\\\/#primaryimage\"},\"image\":{\"@id\":\"https:\\\/\\\/www.france.fi\\\/fr\\\/culture\\\/sinnikkyys-ou-la-perseverance-du-desir-de-rencontre\\\/#primaryimage\"},\"thumbnailUrl\":\"https:\\\/\\\/www.france.fi\\\/wp-content\\\/uploads\\\/2022\\\/08\\\/sinnikkyys-\u2013-ou-la-perseverance-du-desir-de-rencontre-1280x720.png\",\"datePublished\":\"2022-08-22T09:13:13+00:00\",\"dateModified\":\"2022-11-07T07:09:21+00:00\",\"breadcrumb\":{\"@id\":\"https:\\\/\\\/www.france.fi\\\/fr\\\/culture\\\/sinnikkyys-ou-la-perseverance-du-desir-de-rencontre\\\/#breadcrumb\"},\"inLanguage\":\"fr-FR\",\"potentialAction\":[{\"@type\":\"ReadAction\",\"target\":[\"https:\\\/\\\/www.france.fi\\\/fr\\\/culture\\\/sinnikkyys-ou-la-perseverance-du-desir-de-rencontre\\\/\"]}]},{\"@type\":\"ImageObject\",\"inLanguage\":\"fr-FR\",\"@id\":\"https:\\\/\\\/www.france.fi\\\/fr\\\/culture\\\/sinnikkyys-ou-la-perseverance-du-desir-de-rencontre\\\/#primaryimage\",\"url\":\"https:\\\/\\\/www.france.fi\\\/wp-content\\\/uploads\\\/2022\\\/08\\\/sinnikkyys-\u2013-ou-la-perseverance-du-desir-de-rencontre-1280x720.png\",\"contentUrl\":\"https:\\\/\\\/www.france.fi\\\/wp-content\\\/uploads\\\/2022\\\/08\\\/sinnikkyys-\u2013-ou-la-perseverance-du-desir-de-rencontre-1280x720.png\",\"width\":1920,\"height\":1080,\"caption\":\"Photo Tim Deussen\"},{\"@type\":\"BreadcrumbList\",\"@id\":\"https:\\\/\\\/www.france.fi\\\/fr\\\/culture\\\/sinnikkyys-ou-la-perseverance-du-desir-de-rencontre\\\/#breadcrumb\",\"itemListElement\":[{\"@type\":\"ListItem\",\"position\":1,\"name\":\"Home\",\"item\":\"https:\\\/\\\/www.france.fi\\\/fr\\\/\"},{\"@type\":\"ListItem\",\"position\":2,\"name\":\"Culture\",\"item\":\"https:\\\/\\\/www.france.fi\\\/fr\\\/category\\\/culture\\\/\"},{\"@type\":\"ListItem\",\"position\":3,\"name\":\"sinnikkyys \u2013 ou la pers\u00e9v\u00e9rance du d\u00e9sir de rencontre\"}]},{\"@type\":\"WebSite\",\"@id\":\"https:\\\/\\\/www.france.fi\\\/#website\",\"url\":\"https:\\\/\\\/www.france.fi\\\/\",\"name\":\"Institut fran\u00e7ais de Finlande\",\"description\":\"\",\"publisher\":{\"@id\":\"https:\\\/\\\/www.france.fi\\\/#organization\"},\"potentialAction\":[{\"@type\":\"SearchAction\",\"target\":{\"@type\":\"EntryPoint\",\"urlTemplate\":\"https:\\\/\\\/www.france.fi\\\/?s={search_term_string}\"},\"query-input\":{\"@type\":\"PropertyValueSpecification\",\"valueRequired\":true,\"valueName\":\"search_term_string\"}}],\"inLanguage\":\"fr-FR\"},{\"@type\":\"Organization\",\"@id\":\"https:\\\/\\\/www.france.fi\\\/#organization\",\"name\":\"Institut fran\u00e7ais de Finlande\",\"url\":\"https:\\\/\\\/www.france.fi\\\/\",\"logo\":{\"@type\":\"ImageObject\",\"inLanguage\":\"fr-FR\",\"@id\":\"https:\\\/\\\/www.france.fi\\\/#\\\/schema\\\/logo\\\/image\\\/\",\"url\":\"https:\\\/\\\/www.france.fi\\\/wp-content\\\/uploads\\\/2024\\\/02\\\/if-logo-1.png\",\"contentUrl\":\"https:\\\/\\\/www.france.fi\\\/wp-content\\\/uploads\\\/2024\\\/02\\\/if-logo-1.png\",\"width\":687,\"height\":459,\"caption\":\"Institut fran\u00e7ais de Finlande\"},\"image\":{\"@id\":\"https:\\\/\\\/www.france.fi\\\/#\\\/schema\\\/logo\\\/image\\\/\"},\"sameAs\":[\"https:\\\/\\\/www.facebook.com\\\/institutfrancaisfi\",\"https:\\\/\\\/x.com\\\/IFFinlande\",\"https:\\\/\\\/www.instagram.com\\\/iffinlande\\\/\",\"https:\\\/\\\/fr.linkedin.com\\\/organization-guest\\\/company\\\/institut-fran-ais-de-finlande\",\"https:\\\/\\\/www.youtube.com\\\/channel\\\/UCHAitdpmSbeP78eL49XMotA\"]},{\"@type\":\"Person\",\"@id\":\"https:\\\/\\\/www.france.fi\\\/#\\\/schema\\\/person\\\/ed873f29db1d0af6a3600d15d3b65bfd\",\"name\":\"Equipe IFF\",\"image\":{\"@type\":\"ImageObject\",\"inLanguage\":\"fr-FR\",\"@id\":\"https:\\\/\\\/secure.gravatar.com\\\/avatar\\\/3c4ba80228d01014b25e45e90abb28ce315a02c6572751a7fb2298e4274989fc?s=96&d=mm&r=g\",\"url\":\"https:\\\/\\\/secure.gravatar.com\\\/avatar\\\/3c4ba80228d01014b25e45e90abb28ce315a02c6572751a7fb2298e4274989fc?s=96&d=mm&r=g\",\"contentUrl\":\"https:\\\/\\\/secure.gravatar.com\\\/avatar\\\/3c4ba80228d01014b25e45e90abb28ce315a02c6572751a7fb2298e4274989fc?s=96&d=mm&r=g\",\"caption\":\"Equipe IFF\"},\"url\":\"https:\\\/\\\/www.france.fi\\\/fr\\\/author\\\/iffadmin\\\/\"}]}<\/script>\n<!-- \/ Yoast SEO plugin. -->","yoast_head_json":{"title":"sinnikkyys \u2013 ou la pers\u00e9v\u00e9rance du d\u00e9sir de rencontre - Institut fran\u00e7ais","robots":{"index":"index","follow":"follow","max-snippet":"max-snippet:-1","max-image-preview":"max-image-preview:large","max-video-preview":"max-video-preview:-1"},"canonical":"https:\/\/www.france.fi\/fr\/culture\/sinnikkyys-ou-la-perseverance-du-desir-de-rencontre\/","og_locale":"fr_FR","og_type":"article","og_title":"sinnikkyys \u2013 ou la pers\u00e9v\u00e9rance du d\u00e9sir de rencontre - Institut fran\u00e7ais","og_description":"Retrouvez le blog de voyage de Stephan Weitzel ! Une fois par semaine, il partagera son regard sur la Finlande, ses d\u00e9couvertes, ses questionnements.","og_url":"https:\/\/www.france.fi\/fr\/culture\/sinnikkyys-ou-la-perseverance-du-desir-de-rencontre\/","og_site_name":"Institut fran\u00e7ais","article_publisher":"https:\/\/www.facebook.com\/institutfrancaisfi","article_published_time":"2022-08-22T09:13:13+00:00","article_modified_time":"2022-11-07T07:09:21+00:00","og_image":[{"width":1920,"height":1080,"url":"https:\/\/www.france.fi\/wp-content\/uploads\/2022\/08\/sinnikkyys-\u2013-ou-la-perseverance-du-desir-de-rencontre-1098x617.png","type":"image\/png"}],"author":"Equipe IFF","twitter_card":"summary_large_image","twitter_creator":"@IFFinlande","twitter_site":"@IFFinlande","twitter_misc":{"\u00c9crit par":"Equipe IFF","Dur\u00e9e de lecture estim\u00e9e":"5 minutes"},"schema":{"@context":"https:\/\/schema.org","@graph":[{"@type":"Article","@id":"https:\/\/www.france.fi\/fr\/culture\/sinnikkyys-ou-la-perseverance-du-desir-de-rencontre\/#article","isPartOf":{"@id":"https:\/\/www.france.fi\/fr\/culture\/sinnikkyys-ou-la-perseverance-du-desir-de-rencontre\/"},"author":{"name":"Equipe IFF","@id":"https:\/\/www.france.fi\/#\/schema\/person\/ed873f29db1d0af6a3600d15d3b65bfd"},"headline":"sinnikkyys \u2013 ou la pers\u00e9v\u00e9rance du d\u00e9sir de rencontre","datePublished":"2022-08-22T09:13:13+00:00","dateModified":"2022-11-07T07:09:21+00:00","mainEntityOfPage":{"@id":"https:\/\/www.france.fi\/fr\/culture\/sinnikkyys-ou-la-perseverance-du-desir-de-rencontre\/"},"wordCount":1099,"publisher":{"@id":"https:\/\/www.france.fi\/#organization"},"image":{"@id":"https:\/\/www.france.fi\/fr\/culture\/sinnikkyys-ou-la-perseverance-du-desir-de-rencontre\/#primaryimage"},"thumbnailUrl":"https:\/\/www.france.fi\/wp-content\/uploads\/2022\/08\/sinnikkyys-\u2013-ou-la-perseverance-du-desir-de-rencontre-1280x720.png","articleSection":["Culture","Langue fran\u00e7aise"],"inLanguage":"fr-FR"},{"@type":"WebPage","@id":"https:\/\/www.france.fi\/fr\/culture\/sinnikkyys-ou-la-perseverance-du-desir-de-rencontre\/","url":"https:\/\/www.france.fi\/fr\/culture\/sinnikkyys-ou-la-perseverance-du-desir-de-rencontre\/","name":"sinnikkyys \u2013 ou la pers\u00e9v\u00e9rance du d\u00e9sir de rencontre - Institut fran\u00e7ais","isPartOf":{"@id":"https:\/\/www.france.fi\/#website"},"primaryImageOfPage":{"@id":"https:\/\/www.france.fi\/fr\/culture\/sinnikkyys-ou-la-perseverance-du-desir-de-rencontre\/#primaryimage"},"image":{"@id":"https:\/\/www.france.fi\/fr\/culture\/sinnikkyys-ou-la-perseverance-du-desir-de-rencontre\/#primaryimage"},"thumbnailUrl":"https:\/\/www.france.fi\/wp-content\/uploads\/2022\/08\/sinnikkyys-\u2013-ou-la-perseverance-du-desir-de-rencontre-1280x720.png","datePublished":"2022-08-22T09:13:13+00:00","dateModified":"2022-11-07T07:09:21+00:00","breadcrumb":{"@id":"https:\/\/www.france.fi\/fr\/culture\/sinnikkyys-ou-la-perseverance-du-desir-de-rencontre\/#breadcrumb"},"inLanguage":"fr-FR","potentialAction":[{"@type":"ReadAction","target":["https:\/\/www.france.fi\/fr\/culture\/sinnikkyys-ou-la-perseverance-du-desir-de-rencontre\/"]}]},{"@type":"ImageObject","inLanguage":"fr-FR","@id":"https:\/\/www.france.fi\/fr\/culture\/sinnikkyys-ou-la-perseverance-du-desir-de-rencontre\/#primaryimage","url":"https:\/\/www.france.fi\/wp-content\/uploads\/2022\/08\/sinnikkyys-\u2013-ou-la-perseverance-du-desir-de-rencontre-1280x720.png","contentUrl":"https:\/\/www.france.fi\/wp-content\/uploads\/2022\/08\/sinnikkyys-\u2013-ou-la-perseverance-du-desir-de-rencontre-1280x720.png","width":1920,"height":1080,"caption":"Photo Tim Deussen"},{"@type":"BreadcrumbList","@id":"https:\/\/www.france.fi\/fr\/culture\/sinnikkyys-ou-la-perseverance-du-desir-de-rencontre\/#breadcrumb","itemListElement":[{"@type":"ListItem","position":1,"name":"Home","item":"https:\/\/www.france.fi\/fr\/"},{"@type":"ListItem","position":2,"name":"Culture","item":"https:\/\/www.france.fi\/fr\/category\/culture\/"},{"@type":"ListItem","position":3,"name":"sinnikkyys \u2013 ou la pers\u00e9v\u00e9rance du d\u00e9sir de rencontre"}]},{"@type":"WebSite","@id":"https:\/\/www.france.fi\/#website","url":"https:\/\/www.france.fi\/","name":"Institut fran\u00e7ais de Finlande","description":"","publisher":{"@id":"https:\/\/www.france.fi\/#organization"},"potentialAction":[{"@type":"SearchAction","target":{"@type":"EntryPoint","urlTemplate":"https:\/\/www.france.fi\/?s={search_term_string}"},"query-input":{"@type":"PropertyValueSpecification","valueRequired":true,"valueName":"search_term_string"}}],"inLanguage":"fr-FR"},{"@type":"Organization","@id":"https:\/\/www.france.fi\/#organization","name":"Institut fran\u00e7ais de Finlande","url":"https:\/\/www.france.fi\/","logo":{"@type":"ImageObject","inLanguage":"fr-FR","@id":"https:\/\/www.france.fi\/#\/schema\/logo\/image\/","url":"https:\/\/www.france.fi\/wp-content\/uploads\/2024\/02\/if-logo-1.png","contentUrl":"https:\/\/www.france.fi\/wp-content\/uploads\/2024\/02\/if-logo-1.png","width":687,"height":459,"caption":"Institut fran\u00e7ais de Finlande"},"image":{"@id":"https:\/\/www.france.fi\/#\/schema\/logo\/image\/"},"sameAs":["https:\/\/www.facebook.com\/institutfrancaisfi","https:\/\/x.com\/IFFinlande","https:\/\/www.instagram.com\/iffinlande\/","https:\/\/fr.linkedin.com\/organization-guest\/company\/institut-fran-ais-de-finlande","https:\/\/www.youtube.com\/channel\/UCHAitdpmSbeP78eL49XMotA"]},{"@type":"Person","@id":"https:\/\/www.france.fi\/#\/schema\/person\/ed873f29db1d0af6a3600d15d3b65bfd","name":"Equipe IFF","image":{"@type":"ImageObject","inLanguage":"fr-FR","@id":"https:\/\/secure.gravatar.com\/avatar\/3c4ba80228d01014b25e45e90abb28ce315a02c6572751a7fb2298e4274989fc?s=96&d=mm&r=g","url":"https:\/\/secure.gravatar.com\/avatar\/3c4ba80228d01014b25e45e90abb28ce315a02c6572751a7fb2298e4274989fc?s=96&d=mm&r=g","contentUrl":"https:\/\/secure.gravatar.com\/avatar\/3c4ba80228d01014b25e45e90abb28ce315a02c6572751a7fb2298e4274989fc?s=96&d=mm&r=g","caption":"Equipe IFF"},"url":"https:\/\/www.france.fi\/fr\/author\/iffadmin\/"}]}},"_links":{"self":[{"href":"https:\/\/www.france.fi\/fr\/wp-json\/wp\/v2\/posts\/10152","targetHints":{"allow":["GET"]}}],"collection":[{"href":"https:\/\/www.france.fi\/fr\/wp-json\/wp\/v2\/posts"}],"about":[{"href":"https:\/\/www.france.fi\/fr\/wp-json\/wp\/v2\/types\/post"}],"author":[{"embeddable":true,"href":"https:\/\/www.france.fi\/fr\/wp-json\/wp\/v2\/users\/2"}],"replies":[{"embeddable":true,"href":"https:\/\/www.france.fi\/fr\/wp-json\/wp\/v2\/comments?post=10152"}],"version-history":[{"count":0,"href":"https:\/\/www.france.fi\/fr\/wp-json\/wp\/v2\/posts\/10152\/revisions"}],"wp:featuredmedia":[{"embeddable":true,"href":"https:\/\/www.france.fi\/fr\/wp-json\/wp\/v2\/media\/10169"}],"wp:attachment":[{"href":"https:\/\/www.france.fi\/fr\/wp-json\/wp\/v2\/media?parent=10152"}],"wp:term":[{"taxonomy":"category","embeddable":true,"href":"https:\/\/www.france.fi\/fr\/wp-json\/wp\/v2\/categories?post=10152"},{"taxonomy":"post_tag","embeddable":true,"href":"https:\/\/www.france.fi\/fr\/wp-json\/wp\/v2\/tags?post=10152"}],"curies":[{"name":"wp","href":"https:\/\/api.w.org\/{rel}","templated":true}]}}