{"id":10576,"date":"2022-09-21T10:06:04","date_gmt":"2022-09-21T07:06:04","guid":{"rendered":"http:\/\/www.france.fi\/?p=10576"},"modified":"2022-10-05T09:50:26","modified_gmt":"2022-10-05T06:50:26","slug":"elise-dabrowski-et-son-trio-parking-en-tournee-finlandaise","status":"publish","type":"post","link":"https:\/\/www.france.fi\/fr\/culture\/elise-dabrowski-et-son-trio-parking-en-tournee-finlandaise\/","title":{"rendered":"Elise Dabrowski et son trio Parking en tourn\u00e9e finlandaise !"},"content":{"rendered":"\n<p>En qu\u00eate d\u2019une musique de reliefs et d\u2019espaces ces trois protagonistes talentueux font naitre des territoires nouveaux o\u00f9 le m\u00e9lange des timbres nous fait traverser divers univers apparent\u00e9s au jazz, mais souvent d\u00e9tourn\u00e9s de celui-ci. Cette musique polymorphe ne se laisse pas ais\u00e9ment enfermer dans les cat\u00e9gories mais n\u2019a rien d\u2019herm\u00e9tique. Elle a s\u00e9duit le public du Festival de Jazz de Paris (2021) et de Jazz \u00e0 la Villette (2022).&nbsp; Le trio se produit dans sept villes de Finlande, donne deux concerts scolaires et se trouvera en r\u00e9sidence \u00e0 l\u2019Institut Ahlman \u00e0 Tampere. Une tourn\u00e9e soutenue par l\u2019Institut Fran\u00e7ais de Finlande.<\/p>\n\n\n\n<p>Dates&nbsp;:<br>\n20.9. &#8211; &nbsp;19h Tampere, Ahlman \/ concert<br>\n21.9. et 22.9. Tampere, Ahlman \/ atelier<br>\n23.9. &#8211; 19h Turku, Mestarinkadun Sali<br>\n25.9. &#8211; 17h Janakkala, Keltainen Talo<br>\n26.9. &#8211; 19h Helsinki, Hietsun Paviljonki \/ Hietsu is Happening<br>\n27.9. &#8211; 12h Loviisa, Kino Marilyn \/ concert au lyc\u00e9e<br>\n27.9. &#8211; 19h Loviisa, Kino Marilyn \/ Free Okapi<br>\n28.9. &#8211; 19h Savonlinna, Kulttuurikellari \/ Olavin Jazz<br>\n29.9. &#8211; 18h Kitee, Sivistys- ja kulttuurikeskus Ilmarinen<br>\n30.9. &#8211; 12h Kitee, Sivistys- ja kulttuurikeskus Ilmarinen\/ lukiolaiskonsertti<\/p>\n\n\n\n<p><a href=\"https:\/\/www.vapaataanet.fi\/elise-dabrowski-parking-suomeen-syyskuussa\/\" target=\"_blank\" rel=\"noreferrer noopener\">Plus d\u2019informations ici<\/a><\/p>\n","protected":false},"excerpt":{"rendered":"<p>La chanteuse Elise Dabrowski r\u00e9unit le bassiste Olivier L\u00e9t\u00e9 et et le tromboniste Matthias Mahler dans un trio de compositions ouvertes.<\/p>\n","protected":false},"author":2,"featured_media":10577,"comment_status":"closed","ping_status":"open","sticky":false,"template":"","format":"standard","meta":{"footnotes":""},"categories":[1,26],"tags":[],"class_list":["post-10576","post","type-post","status-publish","format-standard","has-post-thumbnail","hentry","category-culture","category-kulttuuri"],"yoast_head":"<!-- This site is optimized with the Yoast SEO plugin v27.4 - https:\/\/yoast.com\/product\/yoast-seo-wordpress\/ -->\n<title>Elise Dabrowski et son trio Parking en tourn\u00e9e finlandaise ! - Institut fran\u00e7ais<\/title>\n<meta name=\"robots\" content=\"index, follow, max-snippet:-1, max-image-preview:large, max-video-preview:-1\" \/>\n<link rel=\"canonical\" href=\"https:\/\/www.france.fi\/fr\/culture\/elise-dabrowski-et-son-trio-parking-en-tournee-finlandaise\/\" \/>\n<meta property=\"og:locale\" content=\"fr_FR\" \/>\n<meta property=\"og:type\" content=\"article\" \/>\n<meta property=\"og:title\" content=\"Elise Dabrowski et son trio Parking en tourn\u00e9e finlandaise ! - Institut fran\u00e7ais\" \/>\n<meta property=\"og:description\" content=\"La chanteuse Elise Dabrowski r\u00e9unit le bassiste Olivier L\u00e9t\u00e9 et et le tromboniste Matthias Mahler dans un trio de compositions ouvertes.\" \/>\n<meta property=\"og:url\" content=\"https:\/\/www.france.fi\/fr\/culture\/elise-dabrowski-et-son-trio-parking-en-tournee-finlandaise\/\" \/>\n<meta property=\"og:site_name\" content=\"Institut fran\u00e7ais\" \/>\n<meta property=\"article:publisher\" content=\"https:\/\/www.facebook.com\/institutfrancaisfi\" \/>\n<meta property=\"article:published_time\" content=\"2022-09-21T07:06:04+00:00\" \/>\n<meta property=\"article:modified_time\" content=\"2022-10-05T06:50:26+00:00\" \/>\n<meta property=\"og:image\" content=\"https:\/\/www.france.fi\/wp-content\/uploads\/2022\/09\/Elise-Dabrowski-1098x617.jpg\" \/>\n\t<meta property=\"og:image:width\" content=\"1280\" \/>\n\t<meta property=\"og:image:height\" content=\"720\" \/>\n\t<meta property=\"og:image:type\" content=\"image\/jpeg\" \/>\n<meta name=\"author\" content=\"Equipe IFF\" \/>\n<meta name=\"twitter:card\" content=\"summary_large_image\" \/>\n<meta name=\"twitter:creator\" content=\"@IFFinlande\" \/>\n<meta name=\"twitter:site\" content=\"@IFFinlande\" \/>\n<meta name=\"twitter:label1\" content=\"\u00c9crit par\" \/>\n\t<meta name=\"twitter:data1\" content=\"Equipe IFF\" \/>\n\t<meta name=\"twitter:label2\" content=\"Dur\u00e9e de lecture estim\u00e9e\" \/>\n\t<meta name=\"twitter:data2\" content=\"1 minute\" \/>\n<script type=\"application\/ld+json\" class=\"yoast-schema-graph\">{\"@context\":\"https:\\\/\\\/schema.org\",\"@graph\":[{\"@type\":\"Article\",\"@id\":\"https:\\\/\\\/www.france.fi\\\/fr\\\/culture\\\/elise-dabrowski-et-son-trio-parking-en-tournee-finlandaise\\\/#article\",\"isPartOf\":{\"@id\":\"https:\\\/\\\/www.france.fi\\\/fr\\\/culture\\\/elise-dabrowski-et-son-trio-parking-en-tournee-finlandaise\\\/\"},\"author\":{\"name\":\"Equipe IFF\",\"@id\":\"https:\\\/\\\/www.france.fi\\\/#\\\/schema\\\/person\\\/ed873f29db1d0af6a3600d15d3b65bfd\"},\"headline\":\"Elise Dabrowski et son trio Parking en tourn\u00e9e finlandaise !\",\"datePublished\":\"2022-09-21T07:06:04+00:00\",\"dateModified\":\"2022-10-05T06:50:26+00:00\",\"mainEntityOfPage\":{\"@id\":\"https:\\\/\\\/www.france.fi\\\/fr\\\/culture\\\/elise-dabrowski-et-son-trio-parking-en-tournee-finlandaise\\\/\"},\"wordCount\":196,\"publisher\":{\"@id\":\"https:\\\/\\\/www.france.fi\\\/#organization\"},\"image\":{\"@id\":\"https:\\\/\\\/www.france.fi\\\/fr\\\/culture\\\/elise-dabrowski-et-son-trio-parking-en-tournee-finlandaise\\\/#primaryimage\"},\"thumbnailUrl\":\"https:\\\/\\\/www.france.fi\\\/wp-content\\\/uploads\\\/2022\\\/09\\\/Elise-Dabrowski-1098x617.jpg\",\"articleSection\":[\"Culture\",\"Kulttuuri\"],\"inLanguage\":\"fr-FR\"},{\"@type\":\"WebPage\",\"@id\":\"https:\\\/\\\/www.france.fi\\\/fr\\\/culture\\\/elise-dabrowski-et-son-trio-parking-en-tournee-finlandaise\\\/\",\"url\":\"https:\\\/\\\/www.france.fi\\\/fr\\\/culture\\\/elise-dabrowski-et-son-trio-parking-en-tournee-finlandaise\\\/\",\"name\":\"Elise Dabrowski et son trio Parking en tourn\u00e9e finlandaise ! - Institut fran\u00e7ais\",\"isPartOf\":{\"@id\":\"https:\\\/\\\/www.france.fi\\\/#website\"},\"primaryImageOfPage\":{\"@id\":\"https:\\\/\\\/www.france.fi\\\/fr\\\/culture\\\/elise-dabrowski-et-son-trio-parking-en-tournee-finlandaise\\\/#primaryimage\"},\"image\":{\"@id\":\"https:\\\/\\\/www.france.fi\\\/fr\\\/culture\\\/elise-dabrowski-et-son-trio-parking-en-tournee-finlandaise\\\/#primaryimage\"},\"thumbnailUrl\":\"https:\\\/\\\/www.france.fi\\\/wp-content\\\/uploads\\\/2022\\\/09\\\/Elise-Dabrowski-1098x617.jpg\",\"datePublished\":\"2022-09-21T07:06:04+00:00\",\"dateModified\":\"2022-10-05T06:50:26+00:00\",\"breadcrumb\":{\"@id\":\"https:\\\/\\\/www.france.fi\\\/fr\\\/culture\\\/elise-dabrowski-et-son-trio-parking-en-tournee-finlandaise\\\/#breadcrumb\"},\"inLanguage\":\"fr-FR\",\"potentialAction\":[{\"@type\":\"ReadAction\",\"target\":[\"https:\\\/\\\/www.france.fi\\\/fr\\\/culture\\\/elise-dabrowski-et-son-trio-parking-en-tournee-finlandaise\\\/\"]}]},{\"@type\":\"ImageObject\",\"inLanguage\":\"fr-FR\",\"@id\":\"https:\\\/\\\/www.france.fi\\\/fr\\\/culture\\\/elise-dabrowski-et-son-trio-parking-en-tournee-finlandaise\\\/#primaryimage\",\"url\":\"https:\\\/\\\/www.france.fi\\\/wp-content\\\/uploads\\\/2022\\\/09\\\/Elise-Dabrowski-1098x617.jpg\",\"contentUrl\":\"https:\\\/\\\/www.france.fi\\\/wp-content\\\/uploads\\\/2022\\\/09\\\/Elise-Dabrowski-1098x617.jpg\",\"width\":1280,\"height\":720,\"caption\":\"Elise Dabrowski Parking - Photo by Sylvain Gripoix\"},{\"@type\":\"BreadcrumbList\",\"@id\":\"https:\\\/\\\/www.france.fi\\\/fr\\\/culture\\\/elise-dabrowski-et-son-trio-parking-en-tournee-finlandaise\\\/#breadcrumb\",\"itemListElement\":[{\"@type\":\"ListItem\",\"position\":1,\"name\":\"Home\",\"item\":\"https:\\\/\\\/www.france.fi\\\/fr\\\/\"},{\"@type\":\"ListItem\",\"position\":2,\"name\":\"Culture\",\"item\":\"https:\\\/\\\/www.france.fi\\\/fr\\\/category\\\/culture\\\/\"},{\"@type\":\"ListItem\",\"position\":3,\"name\":\"Elise Dabrowski et son trio Parking en tourn\u00e9e finlandaise !\"}]},{\"@type\":\"WebSite\",\"@id\":\"https:\\\/\\\/www.france.fi\\\/#website\",\"url\":\"https:\\\/\\\/www.france.fi\\\/\",\"name\":\"Institut fran\u00e7ais de Finlande\",\"description\":\"\",\"publisher\":{\"@id\":\"https:\\\/\\\/www.france.fi\\\/#organization\"},\"potentialAction\":[{\"@type\":\"SearchAction\",\"target\":{\"@type\":\"EntryPoint\",\"urlTemplate\":\"https:\\\/\\\/www.france.fi\\\/?s={search_term_string}\"},\"query-input\":{\"@type\":\"PropertyValueSpecification\",\"valueRequired\":true,\"valueName\":\"search_term_string\"}}],\"inLanguage\":\"fr-FR\"},{\"@type\":\"Organization\",\"@id\":\"https:\\\/\\\/www.france.fi\\\/#organization\",\"name\":\"Institut fran\u00e7ais de Finlande\",\"url\":\"https:\\\/\\\/www.france.fi\\\/\",\"logo\":{\"@type\":\"ImageObject\",\"inLanguage\":\"fr-FR\",\"@id\":\"https:\\\/\\\/www.france.fi\\\/#\\\/schema\\\/logo\\\/image\\\/\",\"url\":\"https:\\\/\\\/www.france.fi\\\/wp-content\\\/uploads\\\/2024\\\/02\\\/if-logo-1.png\",\"contentUrl\":\"https:\\\/\\\/www.france.fi\\\/wp-content\\\/uploads\\\/2024\\\/02\\\/if-logo-1.png\",\"width\":687,\"height\":459,\"caption\":\"Institut fran\u00e7ais de Finlande\"},\"image\":{\"@id\":\"https:\\\/\\\/www.france.fi\\\/#\\\/schema\\\/logo\\\/image\\\/\"},\"sameAs\":[\"https:\\\/\\\/www.facebook.com\\\/institutfrancaisfi\",\"https:\\\/\\\/x.com\\\/IFFinlande\",\"https:\\\/\\\/www.instagram.com\\\/iffinlande\\\/\",\"https:\\\/\\\/fr.linkedin.com\\\/organization-guest\\\/company\\\/institut-fran-ais-de-finlande\",\"https:\\\/\\\/www.youtube.com\\\/channel\\\/UCHAitdpmSbeP78eL49XMotA\"]},{\"@type\":\"Person\",\"@id\":\"https:\\\/\\\/www.france.fi\\\/#\\\/schema\\\/person\\\/ed873f29db1d0af6a3600d15d3b65bfd\",\"name\":\"Equipe IFF\",\"image\":{\"@type\":\"ImageObject\",\"inLanguage\":\"fr-FR\",\"@id\":\"https:\\\/\\\/secure.gravatar.com\\\/avatar\\\/3c4ba80228d01014b25e45e90abb28ce315a02c6572751a7fb2298e4274989fc?s=96&d=mm&r=g\",\"url\":\"https:\\\/\\\/secure.gravatar.com\\\/avatar\\\/3c4ba80228d01014b25e45e90abb28ce315a02c6572751a7fb2298e4274989fc?s=96&d=mm&r=g\",\"contentUrl\":\"https:\\\/\\\/secure.gravatar.com\\\/avatar\\\/3c4ba80228d01014b25e45e90abb28ce315a02c6572751a7fb2298e4274989fc?s=96&d=mm&r=g\",\"caption\":\"Equipe IFF\"},\"url\":\"https:\\\/\\\/www.france.fi\\\/fr\\\/author\\\/iffadmin\\\/\"}]}<\/script>\n<!-- \/ Yoast SEO plugin. -->","yoast_head_json":{"title":"Elise Dabrowski et son trio Parking en tourn\u00e9e finlandaise ! - Institut fran\u00e7ais","robots":{"index":"index","follow":"follow","max-snippet":"max-snippet:-1","max-image-preview":"max-image-preview:large","max-video-preview":"max-video-preview:-1"},"canonical":"https:\/\/www.france.fi\/fr\/culture\/elise-dabrowski-et-son-trio-parking-en-tournee-finlandaise\/","og_locale":"fr_FR","og_type":"article","og_title":"Elise Dabrowski et son trio Parking en tourn\u00e9e finlandaise ! - Institut fran\u00e7ais","og_description":"La chanteuse Elise Dabrowski r\u00e9unit le bassiste Olivier L\u00e9t\u00e9 et et le tromboniste Matthias Mahler dans un trio de compositions ouvertes.","og_url":"https:\/\/www.france.fi\/fr\/culture\/elise-dabrowski-et-son-trio-parking-en-tournee-finlandaise\/","og_site_name":"Institut fran\u00e7ais","article_publisher":"https:\/\/www.facebook.com\/institutfrancaisfi","article_published_time":"2022-09-21T07:06:04+00:00","article_modified_time":"2022-10-05T06:50:26+00:00","og_image":[{"width":1280,"height":720,"url":"https:\/\/www.france.fi\/wp-content\/uploads\/2022\/09\/Elise-Dabrowski-1098x617.jpg","type":"image\/jpeg"}],"author":"Equipe IFF","twitter_card":"summary_large_image","twitter_creator":"@IFFinlande","twitter_site":"@IFFinlande","twitter_misc":{"\u00c9crit par":"Equipe IFF","Dur\u00e9e de lecture estim\u00e9e":"1 minute"},"schema":{"@context":"https:\/\/schema.org","@graph":[{"@type":"Article","@id":"https:\/\/www.france.fi\/fr\/culture\/elise-dabrowski-et-son-trio-parking-en-tournee-finlandaise\/#article","isPartOf":{"@id":"https:\/\/www.france.fi\/fr\/culture\/elise-dabrowski-et-son-trio-parking-en-tournee-finlandaise\/"},"author":{"name":"Equipe IFF","@id":"https:\/\/www.france.fi\/#\/schema\/person\/ed873f29db1d0af6a3600d15d3b65bfd"},"headline":"Elise Dabrowski et son trio Parking en tourn\u00e9e finlandaise !","datePublished":"2022-09-21T07:06:04+00:00","dateModified":"2022-10-05T06:50:26+00:00","mainEntityOfPage":{"@id":"https:\/\/www.france.fi\/fr\/culture\/elise-dabrowski-et-son-trio-parking-en-tournee-finlandaise\/"},"wordCount":196,"publisher":{"@id":"https:\/\/www.france.fi\/#organization"},"image":{"@id":"https:\/\/www.france.fi\/fr\/culture\/elise-dabrowski-et-son-trio-parking-en-tournee-finlandaise\/#primaryimage"},"thumbnailUrl":"https:\/\/www.france.fi\/wp-content\/uploads\/2022\/09\/Elise-Dabrowski-1098x617.jpg","articleSection":["Culture","Kulttuuri"],"inLanguage":"fr-FR"},{"@type":"WebPage","@id":"https:\/\/www.france.fi\/fr\/culture\/elise-dabrowski-et-son-trio-parking-en-tournee-finlandaise\/","url":"https:\/\/www.france.fi\/fr\/culture\/elise-dabrowski-et-son-trio-parking-en-tournee-finlandaise\/","name":"Elise Dabrowski et son trio Parking en tourn\u00e9e finlandaise ! - Institut fran\u00e7ais","isPartOf":{"@id":"https:\/\/www.france.fi\/#website"},"primaryImageOfPage":{"@id":"https:\/\/www.france.fi\/fr\/culture\/elise-dabrowski-et-son-trio-parking-en-tournee-finlandaise\/#primaryimage"},"image":{"@id":"https:\/\/www.france.fi\/fr\/culture\/elise-dabrowski-et-son-trio-parking-en-tournee-finlandaise\/#primaryimage"},"thumbnailUrl":"https:\/\/www.france.fi\/wp-content\/uploads\/2022\/09\/Elise-Dabrowski-1098x617.jpg","datePublished":"2022-09-21T07:06:04+00:00","dateModified":"2022-10-05T06:50:26+00:00","breadcrumb":{"@id":"https:\/\/www.france.fi\/fr\/culture\/elise-dabrowski-et-son-trio-parking-en-tournee-finlandaise\/#breadcrumb"},"inLanguage":"fr-FR","potentialAction":[{"@type":"ReadAction","target":["https:\/\/www.france.fi\/fr\/culture\/elise-dabrowski-et-son-trio-parking-en-tournee-finlandaise\/"]}]},{"@type":"ImageObject","inLanguage":"fr-FR","@id":"https:\/\/www.france.fi\/fr\/culture\/elise-dabrowski-et-son-trio-parking-en-tournee-finlandaise\/#primaryimage","url":"https:\/\/www.france.fi\/wp-content\/uploads\/2022\/09\/Elise-Dabrowski-1098x617.jpg","contentUrl":"https:\/\/www.france.fi\/wp-content\/uploads\/2022\/09\/Elise-Dabrowski-1098x617.jpg","width":1280,"height":720,"caption":"Elise Dabrowski Parking - Photo by Sylvain Gripoix"},{"@type":"BreadcrumbList","@id":"https:\/\/www.france.fi\/fr\/culture\/elise-dabrowski-et-son-trio-parking-en-tournee-finlandaise\/#breadcrumb","itemListElement":[{"@type":"ListItem","position":1,"name":"Home","item":"https:\/\/www.france.fi\/fr\/"},{"@type":"ListItem","position":2,"name":"Culture","item":"https:\/\/www.france.fi\/fr\/category\/culture\/"},{"@type":"ListItem","position":3,"name":"Elise Dabrowski et son trio Parking en tourn\u00e9e finlandaise !"}]},{"@type":"WebSite","@id":"https:\/\/www.france.fi\/#website","url":"https:\/\/www.france.fi\/","name":"Institut fran\u00e7ais de Finlande","description":"","publisher":{"@id":"https:\/\/www.france.fi\/#organization"},"potentialAction":[{"@type":"SearchAction","target":{"@type":"EntryPoint","urlTemplate":"https:\/\/www.france.fi\/?s={search_term_string}"},"query-input":{"@type":"PropertyValueSpecification","valueRequired":true,"valueName":"search_term_string"}}],"inLanguage":"fr-FR"},{"@type":"Organization","@id":"https:\/\/www.france.fi\/#organization","name":"Institut fran\u00e7ais de Finlande","url":"https:\/\/www.france.fi\/","logo":{"@type":"ImageObject","inLanguage":"fr-FR","@id":"https:\/\/www.france.fi\/#\/schema\/logo\/image\/","url":"https:\/\/www.france.fi\/wp-content\/uploads\/2024\/02\/if-logo-1.png","contentUrl":"https:\/\/www.france.fi\/wp-content\/uploads\/2024\/02\/if-logo-1.png","width":687,"height":459,"caption":"Institut fran\u00e7ais de Finlande"},"image":{"@id":"https:\/\/www.france.fi\/#\/schema\/logo\/image\/"},"sameAs":["https:\/\/www.facebook.com\/institutfrancaisfi","https:\/\/x.com\/IFFinlande","https:\/\/www.instagram.com\/iffinlande\/","https:\/\/fr.linkedin.com\/organization-guest\/company\/institut-fran-ais-de-finlande","https:\/\/www.youtube.com\/channel\/UCHAitdpmSbeP78eL49XMotA"]},{"@type":"Person","@id":"https:\/\/www.france.fi\/#\/schema\/person\/ed873f29db1d0af6a3600d15d3b65bfd","name":"Equipe IFF","image":{"@type":"ImageObject","inLanguage":"fr-FR","@id":"https:\/\/secure.gravatar.com\/avatar\/3c4ba80228d01014b25e45e90abb28ce315a02c6572751a7fb2298e4274989fc?s=96&d=mm&r=g","url":"https:\/\/secure.gravatar.com\/avatar\/3c4ba80228d01014b25e45e90abb28ce315a02c6572751a7fb2298e4274989fc?s=96&d=mm&r=g","contentUrl":"https:\/\/secure.gravatar.com\/avatar\/3c4ba80228d01014b25e45e90abb28ce315a02c6572751a7fb2298e4274989fc?s=96&d=mm&r=g","caption":"Equipe IFF"},"url":"https:\/\/www.france.fi\/fr\/author\/iffadmin\/"}]}},"_links":{"self":[{"href":"https:\/\/www.france.fi\/fr\/wp-json\/wp\/v2\/posts\/10576","targetHints":{"allow":["GET"]}}],"collection":[{"href":"https:\/\/www.france.fi\/fr\/wp-json\/wp\/v2\/posts"}],"about":[{"href":"https:\/\/www.france.fi\/fr\/wp-json\/wp\/v2\/types\/post"}],"author":[{"embeddable":true,"href":"https:\/\/www.france.fi\/fr\/wp-json\/wp\/v2\/users\/2"}],"replies":[{"embeddable":true,"href":"https:\/\/www.france.fi\/fr\/wp-json\/wp\/v2\/comments?post=10576"}],"version-history":[{"count":0,"href":"https:\/\/www.france.fi\/fr\/wp-json\/wp\/v2\/posts\/10576\/revisions"}],"wp:featuredmedia":[{"embeddable":true,"href":"https:\/\/www.france.fi\/fr\/wp-json\/wp\/v2\/media\/10577"}],"wp:attachment":[{"href":"https:\/\/www.france.fi\/fr\/wp-json\/wp\/v2\/media?parent=10576"}],"wp:term":[{"taxonomy":"category","embeddable":true,"href":"https:\/\/www.france.fi\/fr\/wp-json\/wp\/v2\/categories?post=10576"},{"taxonomy":"post_tag","embeddable":true,"href":"https:\/\/www.france.fi\/fr\/wp-json\/wp\/v2\/tags?post=10576"}],"curies":[{"name":"wp","href":"https:\/\/api.w.org\/{rel}","templated":true}]}}