{"id":10740,"date":"2022-09-30T14:18:56","date_gmt":"2022-09-30T11:18:56","guid":{"rendered":"http:\/\/www.france.fi\/?p=10740"},"modified":"2022-11-07T09:07:30","modified_gmt":"2022-11-07T07:07:30","slug":"mohamed-mbougar-sarr-au-salon-du-livre-dhelsinki","status":"publish","type":"post","link":"https:\/\/www.france.fi\/fr\/culture\/mohamed-mbougar-sarr-au-salon-du-livre-dhelsinki\/","title":{"rendered":"Mohamed Mbougar Sarr au Salon du Livre d\u2019Helsinki !"},"content":{"rendered":"<p>La plus secr\u00e8te m\u00e9moire des hommes (2021 Philippe Rey\/Jimsaan)) de Mohamed Mbougar Sarr rend hommage \u00e0 la litt\u00e9rature et \u00e0 son pouvoir incommensurable. Di\u00e9gane, le narrateur, un jeune auteur s\u00e9n\u00e9galais contemporain qui vit \u00e0 Paris, d\u00e9couvre un livre mythique, publi\u00e9 en 1938 et d\u00e9sormais pratiquement introuvable, Le Labyrinthe de l\u2019inhumain. Son auteur T.C. Elimane a \u00e9t\u00e9 myst\u00e9rieusement disparu peu apr\u00e8s sa parution. Fascin\u00e9 par l\u2019\u00e9nigme, Di\u00e9gane d\u00e9cide de l\u2019investiguer et part sur les traces de T.C. Elimane en affrontant \u00e0 la fois les plus grandes trag\u00e9dies de l\u2019humanit\u00e9 comme le colonialisme ou la Shoah.<\/p>\n<p>Il a re\u00e7u le Prix Transfuge du meilleur roman de langue fran\u00e7aise 2021, le Prix Hennessy du livre 2021 et le Prix Fetkann, Maryse Cond\u00e9 2021.<\/p>\n<p><strong><a href=\"https:\/\/kirjamessut.messukeskus.com\/ohjelma\/51651\/miesten-syvimmt-salaisuudet\/\" target=\"_blank\" rel=\"noopener\">En savoir plus<\/a><\/strong><\/p>\n","protected":false},"excerpt":{"rendered":"<p>Mohamed Mbougar Sarr, prix Goncourt 2021, laur\u00e9at du tout premier Choix Goncourt de la Finlande, est l\u2019invit\u00e9 du Salon du Livre d\u2019Helsinki \u00e0 l\u2019occasion de la sortie de la Plus secr\u00e8te m\u00e9moire des hommes en finnois chez Gummerus (Miesten syvimm\u00e4t salaisuudet, trad. Marja Luoma, Sampsa Peltonen).<\/p>\n","protected":false},"author":2,"featured_media":10741,"comment_status":"closed","ping_status":"open","sticky":false,"template":"","format":"standard","meta":{"footnotes":""},"categories":[1],"tags":[],"class_list":["post-10740","post","type-post","status-publish","format-standard","has-post-thumbnail","hentry","category-culture"],"yoast_head":"<!-- This site is optimized with the Yoast SEO plugin v27.4 - https:\/\/yoast.com\/product\/yoast-seo-wordpress\/ -->\n<title>Mohamed Mbougar Sarr au Salon du Livre d\u2019Helsinki ! - Institut fran\u00e7ais<\/title>\n<meta name=\"robots\" content=\"index, follow, max-snippet:-1, max-image-preview:large, max-video-preview:-1\" \/>\n<link rel=\"canonical\" href=\"https:\/\/www.france.fi\/fr\/culture\/mohamed-mbougar-sarr-au-salon-du-livre-dhelsinki\/\" \/>\n<meta property=\"og:locale\" content=\"fr_FR\" \/>\n<meta property=\"og:type\" content=\"article\" \/>\n<meta property=\"og:title\" content=\"Mohamed Mbougar Sarr au Salon du Livre d\u2019Helsinki ! - Institut fran\u00e7ais\" \/>\n<meta property=\"og:description\" content=\"Mohamed Mbougar Sarr, prix Goncourt 2021, laur\u00e9at du tout premier Choix Goncourt de la Finlande, est l\u2019invit\u00e9 du Salon du Livre d\u2019Helsinki \u00e0 l\u2019occasion de la sortie de la Plus secr\u00e8te m\u00e9moire des hommes en finnois chez Gummerus (Miesten syvimm\u00e4t salaisuudet, trad. Marja Luoma, Sampsa Peltonen).\" \/>\n<meta property=\"og:url\" content=\"https:\/\/www.france.fi\/fr\/culture\/mohamed-mbougar-sarr-au-salon-du-livre-dhelsinki\/\" \/>\n<meta property=\"og:site_name\" content=\"Institut fran\u00e7ais\" \/>\n<meta property=\"article:publisher\" content=\"https:\/\/www.facebook.com\/institutfrancaisfi\" \/>\n<meta property=\"article:published_time\" content=\"2022-09-30T11:18:56+00:00\" \/>\n<meta property=\"article:modified_time\" content=\"2022-11-07T07:07:30+00:00\" \/>\n<meta property=\"og:image\" content=\"https:\/\/www.france.fi\/wp-content\/uploads\/2022\/09\/Mohamed-Mbougar-Sarr_momarevents-1098x617.jpg\" \/>\n\t<meta property=\"og:image:width\" content=\"1280\" \/>\n\t<meta property=\"og:image:height\" content=\"720\" \/>\n\t<meta property=\"og:image:type\" content=\"image\/jpeg\" \/>\n<meta name=\"author\" content=\"Equipe IFF\" \/>\n<meta name=\"twitter:card\" content=\"summary_large_image\" \/>\n<meta name=\"twitter:creator\" content=\"@IFFinlande\" \/>\n<meta name=\"twitter:site\" content=\"@IFFinlande\" \/>\n<meta name=\"twitter:label1\" content=\"\u00c9crit par\" \/>\n\t<meta name=\"twitter:data1\" content=\"Equipe IFF\" \/>\n\t<meta name=\"twitter:label2\" content=\"Dur\u00e9e de lecture estim\u00e9e\" \/>\n\t<meta name=\"twitter:data2\" content=\"1 minute\" \/>\n<script type=\"application\/ld+json\" class=\"yoast-schema-graph\">{\"@context\":\"https:\\\/\\\/schema.org\",\"@graph\":[{\"@type\":\"Article\",\"@id\":\"https:\\\/\\\/www.france.fi\\\/fr\\\/culture\\\/mohamed-mbougar-sarr-au-salon-du-livre-dhelsinki\\\/#article\",\"isPartOf\":{\"@id\":\"https:\\\/\\\/www.france.fi\\\/fr\\\/culture\\\/mohamed-mbougar-sarr-au-salon-du-livre-dhelsinki\\\/\"},\"author\":{\"name\":\"Equipe IFF\",\"@id\":\"https:\\\/\\\/www.france.fi\\\/#\\\/schema\\\/person\\\/ed873f29db1d0af6a3600d15d3b65bfd\"},\"headline\":\"Mohamed Mbougar Sarr au Salon du Livre d\u2019Helsinki !\",\"datePublished\":\"2022-09-30T11:18:56+00:00\",\"dateModified\":\"2022-11-07T07:07:30+00:00\",\"mainEntityOfPage\":{\"@id\":\"https:\\\/\\\/www.france.fi\\\/fr\\\/culture\\\/mohamed-mbougar-sarr-au-salon-du-livre-dhelsinki\\\/\"},\"wordCount\":145,\"publisher\":{\"@id\":\"https:\\\/\\\/www.france.fi\\\/#organization\"},\"image\":{\"@id\":\"https:\\\/\\\/www.france.fi\\\/fr\\\/culture\\\/mohamed-mbougar-sarr-au-salon-du-livre-dhelsinki\\\/#primaryimage\"},\"thumbnailUrl\":\"https:\\\/\\\/www.france.fi\\\/wp-content\\\/uploads\\\/2022\\\/09\\\/Mohamed-Mbougar-Sarr_momarevents-1098x617.jpg\",\"articleSection\":[\"Culture\"],\"inLanguage\":\"fr-FR\"},{\"@type\":\"WebPage\",\"@id\":\"https:\\\/\\\/www.france.fi\\\/fr\\\/culture\\\/mohamed-mbougar-sarr-au-salon-du-livre-dhelsinki\\\/\",\"url\":\"https:\\\/\\\/www.france.fi\\\/fr\\\/culture\\\/mohamed-mbougar-sarr-au-salon-du-livre-dhelsinki\\\/\",\"name\":\"Mohamed Mbougar Sarr au Salon du Livre d\u2019Helsinki ! - Institut fran\u00e7ais\",\"isPartOf\":{\"@id\":\"https:\\\/\\\/www.france.fi\\\/#website\"},\"primaryImageOfPage\":{\"@id\":\"https:\\\/\\\/www.france.fi\\\/fr\\\/culture\\\/mohamed-mbougar-sarr-au-salon-du-livre-dhelsinki\\\/#primaryimage\"},\"image\":{\"@id\":\"https:\\\/\\\/www.france.fi\\\/fr\\\/culture\\\/mohamed-mbougar-sarr-au-salon-du-livre-dhelsinki\\\/#primaryimage\"},\"thumbnailUrl\":\"https:\\\/\\\/www.france.fi\\\/wp-content\\\/uploads\\\/2022\\\/09\\\/Mohamed-Mbougar-Sarr_momarevents-1098x617.jpg\",\"datePublished\":\"2022-09-30T11:18:56+00:00\",\"dateModified\":\"2022-11-07T07:07:30+00:00\",\"breadcrumb\":{\"@id\":\"https:\\\/\\\/www.france.fi\\\/fr\\\/culture\\\/mohamed-mbougar-sarr-au-salon-du-livre-dhelsinki\\\/#breadcrumb\"},\"inLanguage\":\"fr-FR\",\"potentialAction\":[{\"@type\":\"ReadAction\",\"target\":[\"https:\\\/\\\/www.france.fi\\\/fr\\\/culture\\\/mohamed-mbougar-sarr-au-salon-du-livre-dhelsinki\\\/\"]}]},{\"@type\":\"ImageObject\",\"inLanguage\":\"fr-FR\",\"@id\":\"https:\\\/\\\/www.france.fi\\\/fr\\\/culture\\\/mohamed-mbougar-sarr-au-salon-du-livre-dhelsinki\\\/#primaryimage\",\"url\":\"https:\\\/\\\/www.france.fi\\\/wp-content\\\/uploads\\\/2022\\\/09\\\/Mohamed-Mbougar-Sarr_momarevents-1098x617.jpg\",\"contentUrl\":\"https:\\\/\\\/www.france.fi\\\/wp-content\\\/uploads\\\/2022\\\/09\\\/Mohamed-Mbougar-Sarr_momarevents-1098x617.jpg\",\"width\":1280,\"height\":720},{\"@type\":\"BreadcrumbList\",\"@id\":\"https:\\\/\\\/www.france.fi\\\/fr\\\/culture\\\/mohamed-mbougar-sarr-au-salon-du-livre-dhelsinki\\\/#breadcrumb\",\"itemListElement\":[{\"@type\":\"ListItem\",\"position\":1,\"name\":\"Home\",\"item\":\"https:\\\/\\\/www.france.fi\\\/fr\\\/\"},{\"@type\":\"ListItem\",\"position\":2,\"name\":\"Culture\",\"item\":\"https:\\\/\\\/www.france.fi\\\/fr\\\/category\\\/culture\\\/\"},{\"@type\":\"ListItem\",\"position\":3,\"name\":\"Mohamed Mbougar Sarr au Salon du Livre d\u2019Helsinki !\"}]},{\"@type\":\"WebSite\",\"@id\":\"https:\\\/\\\/www.france.fi\\\/#website\",\"url\":\"https:\\\/\\\/www.france.fi\\\/\",\"name\":\"Institut fran\u00e7ais de Finlande\",\"description\":\"\",\"publisher\":{\"@id\":\"https:\\\/\\\/www.france.fi\\\/#organization\"},\"potentialAction\":[{\"@type\":\"SearchAction\",\"target\":{\"@type\":\"EntryPoint\",\"urlTemplate\":\"https:\\\/\\\/www.france.fi\\\/?s={search_term_string}\"},\"query-input\":{\"@type\":\"PropertyValueSpecification\",\"valueRequired\":true,\"valueName\":\"search_term_string\"}}],\"inLanguage\":\"fr-FR\"},{\"@type\":\"Organization\",\"@id\":\"https:\\\/\\\/www.france.fi\\\/#organization\",\"name\":\"Institut fran\u00e7ais de Finlande\",\"url\":\"https:\\\/\\\/www.france.fi\\\/\",\"logo\":{\"@type\":\"ImageObject\",\"inLanguage\":\"fr-FR\",\"@id\":\"https:\\\/\\\/www.france.fi\\\/#\\\/schema\\\/logo\\\/image\\\/\",\"url\":\"https:\\\/\\\/www.france.fi\\\/wp-content\\\/uploads\\\/2024\\\/02\\\/if-logo-1.png\",\"contentUrl\":\"https:\\\/\\\/www.france.fi\\\/wp-content\\\/uploads\\\/2024\\\/02\\\/if-logo-1.png\",\"width\":687,\"height\":459,\"caption\":\"Institut fran\u00e7ais de Finlande\"},\"image\":{\"@id\":\"https:\\\/\\\/www.france.fi\\\/#\\\/schema\\\/logo\\\/image\\\/\"},\"sameAs\":[\"https:\\\/\\\/www.facebook.com\\\/institutfrancaisfi\",\"https:\\\/\\\/x.com\\\/IFFinlande\",\"https:\\\/\\\/www.instagram.com\\\/iffinlande\\\/\",\"https:\\\/\\\/fr.linkedin.com\\\/organization-guest\\\/company\\\/institut-fran-ais-de-finlande\",\"https:\\\/\\\/www.youtube.com\\\/channel\\\/UCHAitdpmSbeP78eL49XMotA\"]},{\"@type\":\"Person\",\"@id\":\"https:\\\/\\\/www.france.fi\\\/#\\\/schema\\\/person\\\/ed873f29db1d0af6a3600d15d3b65bfd\",\"name\":\"Equipe IFF\",\"image\":{\"@type\":\"ImageObject\",\"inLanguage\":\"fr-FR\",\"@id\":\"https:\\\/\\\/secure.gravatar.com\\\/avatar\\\/3c4ba80228d01014b25e45e90abb28ce315a02c6572751a7fb2298e4274989fc?s=96&d=mm&r=g\",\"url\":\"https:\\\/\\\/secure.gravatar.com\\\/avatar\\\/3c4ba80228d01014b25e45e90abb28ce315a02c6572751a7fb2298e4274989fc?s=96&d=mm&r=g\",\"contentUrl\":\"https:\\\/\\\/secure.gravatar.com\\\/avatar\\\/3c4ba80228d01014b25e45e90abb28ce315a02c6572751a7fb2298e4274989fc?s=96&d=mm&r=g\",\"caption\":\"Equipe IFF\"},\"url\":\"https:\\\/\\\/www.france.fi\\\/fr\\\/author\\\/iffadmin\\\/\"}]}<\/script>\n<!-- \/ Yoast SEO plugin. -->","yoast_head_json":{"title":"Mohamed Mbougar Sarr au Salon du Livre d\u2019Helsinki ! - Institut fran\u00e7ais","robots":{"index":"index","follow":"follow","max-snippet":"max-snippet:-1","max-image-preview":"max-image-preview:large","max-video-preview":"max-video-preview:-1"},"canonical":"https:\/\/www.france.fi\/fr\/culture\/mohamed-mbougar-sarr-au-salon-du-livre-dhelsinki\/","og_locale":"fr_FR","og_type":"article","og_title":"Mohamed Mbougar Sarr au Salon du Livre d\u2019Helsinki ! - Institut fran\u00e7ais","og_description":"Mohamed Mbougar Sarr, prix Goncourt 2021, laur\u00e9at du tout premier Choix Goncourt de la Finlande, est l\u2019invit\u00e9 du Salon du Livre d\u2019Helsinki \u00e0 l\u2019occasion de la sortie de la Plus secr\u00e8te m\u00e9moire des hommes en finnois chez Gummerus (Miesten syvimm\u00e4t salaisuudet, trad. Marja Luoma, Sampsa Peltonen).","og_url":"https:\/\/www.france.fi\/fr\/culture\/mohamed-mbougar-sarr-au-salon-du-livre-dhelsinki\/","og_site_name":"Institut fran\u00e7ais","article_publisher":"https:\/\/www.facebook.com\/institutfrancaisfi","article_published_time":"2022-09-30T11:18:56+00:00","article_modified_time":"2022-11-07T07:07:30+00:00","og_image":[{"width":1280,"height":720,"url":"https:\/\/www.france.fi\/wp-content\/uploads\/2022\/09\/Mohamed-Mbougar-Sarr_momarevents-1098x617.jpg","type":"image\/jpeg"}],"author":"Equipe IFF","twitter_card":"summary_large_image","twitter_creator":"@IFFinlande","twitter_site":"@IFFinlande","twitter_misc":{"\u00c9crit par":"Equipe IFF","Dur\u00e9e de lecture estim\u00e9e":"1 minute"},"schema":{"@context":"https:\/\/schema.org","@graph":[{"@type":"Article","@id":"https:\/\/www.france.fi\/fr\/culture\/mohamed-mbougar-sarr-au-salon-du-livre-dhelsinki\/#article","isPartOf":{"@id":"https:\/\/www.france.fi\/fr\/culture\/mohamed-mbougar-sarr-au-salon-du-livre-dhelsinki\/"},"author":{"name":"Equipe IFF","@id":"https:\/\/www.france.fi\/#\/schema\/person\/ed873f29db1d0af6a3600d15d3b65bfd"},"headline":"Mohamed Mbougar Sarr au Salon du Livre d\u2019Helsinki !","datePublished":"2022-09-30T11:18:56+00:00","dateModified":"2022-11-07T07:07:30+00:00","mainEntityOfPage":{"@id":"https:\/\/www.france.fi\/fr\/culture\/mohamed-mbougar-sarr-au-salon-du-livre-dhelsinki\/"},"wordCount":145,"publisher":{"@id":"https:\/\/www.france.fi\/#organization"},"image":{"@id":"https:\/\/www.france.fi\/fr\/culture\/mohamed-mbougar-sarr-au-salon-du-livre-dhelsinki\/#primaryimage"},"thumbnailUrl":"https:\/\/www.france.fi\/wp-content\/uploads\/2022\/09\/Mohamed-Mbougar-Sarr_momarevents-1098x617.jpg","articleSection":["Culture"],"inLanguage":"fr-FR"},{"@type":"WebPage","@id":"https:\/\/www.france.fi\/fr\/culture\/mohamed-mbougar-sarr-au-salon-du-livre-dhelsinki\/","url":"https:\/\/www.france.fi\/fr\/culture\/mohamed-mbougar-sarr-au-salon-du-livre-dhelsinki\/","name":"Mohamed Mbougar Sarr au Salon du Livre d\u2019Helsinki ! - Institut fran\u00e7ais","isPartOf":{"@id":"https:\/\/www.france.fi\/#website"},"primaryImageOfPage":{"@id":"https:\/\/www.france.fi\/fr\/culture\/mohamed-mbougar-sarr-au-salon-du-livre-dhelsinki\/#primaryimage"},"image":{"@id":"https:\/\/www.france.fi\/fr\/culture\/mohamed-mbougar-sarr-au-salon-du-livre-dhelsinki\/#primaryimage"},"thumbnailUrl":"https:\/\/www.france.fi\/wp-content\/uploads\/2022\/09\/Mohamed-Mbougar-Sarr_momarevents-1098x617.jpg","datePublished":"2022-09-30T11:18:56+00:00","dateModified":"2022-11-07T07:07:30+00:00","breadcrumb":{"@id":"https:\/\/www.france.fi\/fr\/culture\/mohamed-mbougar-sarr-au-salon-du-livre-dhelsinki\/#breadcrumb"},"inLanguage":"fr-FR","potentialAction":[{"@type":"ReadAction","target":["https:\/\/www.france.fi\/fr\/culture\/mohamed-mbougar-sarr-au-salon-du-livre-dhelsinki\/"]}]},{"@type":"ImageObject","inLanguage":"fr-FR","@id":"https:\/\/www.france.fi\/fr\/culture\/mohamed-mbougar-sarr-au-salon-du-livre-dhelsinki\/#primaryimage","url":"https:\/\/www.france.fi\/wp-content\/uploads\/2022\/09\/Mohamed-Mbougar-Sarr_momarevents-1098x617.jpg","contentUrl":"https:\/\/www.france.fi\/wp-content\/uploads\/2022\/09\/Mohamed-Mbougar-Sarr_momarevents-1098x617.jpg","width":1280,"height":720},{"@type":"BreadcrumbList","@id":"https:\/\/www.france.fi\/fr\/culture\/mohamed-mbougar-sarr-au-salon-du-livre-dhelsinki\/#breadcrumb","itemListElement":[{"@type":"ListItem","position":1,"name":"Home","item":"https:\/\/www.france.fi\/fr\/"},{"@type":"ListItem","position":2,"name":"Culture","item":"https:\/\/www.france.fi\/fr\/category\/culture\/"},{"@type":"ListItem","position":3,"name":"Mohamed Mbougar Sarr au Salon du Livre d\u2019Helsinki !"}]},{"@type":"WebSite","@id":"https:\/\/www.france.fi\/#website","url":"https:\/\/www.france.fi\/","name":"Institut fran\u00e7ais de Finlande","description":"","publisher":{"@id":"https:\/\/www.france.fi\/#organization"},"potentialAction":[{"@type":"SearchAction","target":{"@type":"EntryPoint","urlTemplate":"https:\/\/www.france.fi\/?s={search_term_string}"},"query-input":{"@type":"PropertyValueSpecification","valueRequired":true,"valueName":"search_term_string"}}],"inLanguage":"fr-FR"},{"@type":"Organization","@id":"https:\/\/www.france.fi\/#organization","name":"Institut fran\u00e7ais de Finlande","url":"https:\/\/www.france.fi\/","logo":{"@type":"ImageObject","inLanguage":"fr-FR","@id":"https:\/\/www.france.fi\/#\/schema\/logo\/image\/","url":"https:\/\/www.france.fi\/wp-content\/uploads\/2024\/02\/if-logo-1.png","contentUrl":"https:\/\/www.france.fi\/wp-content\/uploads\/2024\/02\/if-logo-1.png","width":687,"height":459,"caption":"Institut fran\u00e7ais de Finlande"},"image":{"@id":"https:\/\/www.france.fi\/#\/schema\/logo\/image\/"},"sameAs":["https:\/\/www.facebook.com\/institutfrancaisfi","https:\/\/x.com\/IFFinlande","https:\/\/www.instagram.com\/iffinlande\/","https:\/\/fr.linkedin.com\/organization-guest\/company\/institut-fran-ais-de-finlande","https:\/\/www.youtube.com\/channel\/UCHAitdpmSbeP78eL49XMotA"]},{"@type":"Person","@id":"https:\/\/www.france.fi\/#\/schema\/person\/ed873f29db1d0af6a3600d15d3b65bfd","name":"Equipe IFF","image":{"@type":"ImageObject","inLanguage":"fr-FR","@id":"https:\/\/secure.gravatar.com\/avatar\/3c4ba80228d01014b25e45e90abb28ce315a02c6572751a7fb2298e4274989fc?s=96&d=mm&r=g","url":"https:\/\/secure.gravatar.com\/avatar\/3c4ba80228d01014b25e45e90abb28ce315a02c6572751a7fb2298e4274989fc?s=96&d=mm&r=g","contentUrl":"https:\/\/secure.gravatar.com\/avatar\/3c4ba80228d01014b25e45e90abb28ce315a02c6572751a7fb2298e4274989fc?s=96&d=mm&r=g","caption":"Equipe IFF"},"url":"https:\/\/www.france.fi\/fr\/author\/iffadmin\/"}]}},"_links":{"self":[{"href":"https:\/\/www.france.fi\/fr\/wp-json\/wp\/v2\/posts\/10740","targetHints":{"allow":["GET"]}}],"collection":[{"href":"https:\/\/www.france.fi\/fr\/wp-json\/wp\/v2\/posts"}],"about":[{"href":"https:\/\/www.france.fi\/fr\/wp-json\/wp\/v2\/types\/post"}],"author":[{"embeddable":true,"href":"https:\/\/www.france.fi\/fr\/wp-json\/wp\/v2\/users\/2"}],"replies":[{"embeddable":true,"href":"https:\/\/www.france.fi\/fr\/wp-json\/wp\/v2\/comments?post=10740"}],"version-history":[{"count":0,"href":"https:\/\/www.france.fi\/fr\/wp-json\/wp\/v2\/posts\/10740\/revisions"}],"wp:featuredmedia":[{"embeddable":true,"href":"https:\/\/www.france.fi\/fr\/wp-json\/wp\/v2\/media\/10741"}],"wp:attachment":[{"href":"https:\/\/www.france.fi\/fr\/wp-json\/wp\/v2\/media?parent=10740"}],"wp:term":[{"taxonomy":"category","embeddable":true,"href":"https:\/\/www.france.fi\/fr\/wp-json\/wp\/v2\/categories?post=10740"},{"taxonomy":"post_tag","embeddable":true,"href":"https:\/\/www.france.fi\/fr\/wp-json\/wp\/v2\/tags?post=10740"}],"curies":[{"name":"wp","href":"https:\/\/api.w.org\/{rel}","templated":true}]}}