{"id":10788,"date":"2022-10-07T14:52:17","date_gmt":"2022-10-07T11:52:17","guid":{"rendered":"http:\/\/www.france.fi\/culture\/reception-in-honor-of-the-france-finland-alumni-on-nov-10-2022-at-the-french-embassy\/"},"modified":"2022-11-17T16:28:54","modified_gmt":"2022-11-17T14:28:54","slug":"reception-en-lhonneur-des-alumnis-france-finlande-a-lambassade-de-france","status":"publish","type":"post","link":"https:\/\/www.france.fi\/fr\/sciences-et-universites\/reception-en-lhonneur-des-alumnis-france-finlande-a-lambassade-de-france\/","title":{"rendered":"R\u00e9ception en l\u2019honneur des alumnis France Finlande \u00e0 l\u2019ambassade de France"},"content":{"rendered":"\n<p>Cette r\u00e9ception, qui r\u00e9unira les Finlandais ayant effectu\u00e9 tout ou partie de leur scolarit\u00e9 ou \u00e9tudes dans un \u00e9tablissement fran\u00e7ais ou dans une section fran\u00e7aise (en France, en Finlande ou dans un pays tiers) sera l\u2019occasion d\u2019\u00e9changes, de partage d\u2019exp\u00e9rience et de conseils entre membres de la communaut\u00e9 des alumnis finlandais.<\/p>\n<h5><strong>Suis-je un alumni<\/strong><strong>\u00a0<\/strong><strong>?<\/strong><\/h5>\n<p>Vous \u00eates alumni si\u00a0:<\/p>\n<ul>\n<li>Vous avez \u00e9tudi\u00e9 en France (quelle que soit la dur\u00e9e)<\/li>\n<li>Vous avez effectu\u00e9 un semestre d\u2019\u00e9change en France<\/li>\n<li>Vous avez \u00e9tudi\u00e9 dans un \u00e9tablissement fran\u00e7ais ou dans une section fran\u00e7aise en Finlande ou dans un pays tiers<\/li>\n<li>Vous avez effectu\u00e9, pendant vos \u00e9tudes, un stage en France<\/li>\n<\/ul>\n<h5><strong>Comment s\u2019inscrire<\/strong><strong>\u00a0<\/strong><strong>?<\/strong><\/h5>\n<p>Si vous \u00eates alumni et souhaitez participer \u00e0 cette r\u00e9ception, merci de r\u00e9pondre \u00e0 cette courte enqu\u00eate en ligne en cliquant sur <strong><a href=\"https:\/\/forms.office.com\/r\/TPgR4ktyyY\" target=\"_blank\" rel=\"noopener\">le lien<\/a><\/strong><\/p>\n<p>Vous recevrez ensuite par courriel le lien pour vous inscrire.<\/p>\n<p>N\u2019h\u00e9sitez pas \u00e0 partager ce message avec les alumnis de votre entourage.<\/p>\n<p>En esp\u00e9rant vous (re)voir \u00e0 l\u2019Ambassade,<\/p>\n<p>Pour tout compl\u00e9ment d\u2019information, vous pouvez contacter <strong><a href=\"mailto:sonia.couprie@france.fi\">sonia.couprie@france.fi<\/a><\/strong><\/p>\n","protected":false},"excerpt":{"rendered":"<p>L\u2019Ambassadrice de France, S.E. Agn\u00e8s Cukierman, organise le 10 novembre 2022 de 17h00 \u00e0 19h00 une r\u00e9ception \u00e0 la R\u00e9sidence de France en l\u2019honneur des alumnis de Finlande.<\/p>\n","protected":false},"author":2,"featured_media":10784,"comment_status":"closed","ping_status":"closed","sticky":false,"template":"","format":"standard","meta":{"footnotes":""},"categories":[4],"tags":[],"class_list":["post-10788","post","type-post","status-publish","format-standard","has-post-thumbnail","hentry","category-sciences-et-universites"],"yoast_head":"<!-- This site is optimized with the Yoast SEO plugin v27.4 - https:\/\/yoast.com\/product\/yoast-seo-wordpress\/ -->\n<title>R\u00e9ception en l\u2019honneur des alumnis France Finlande \u00e0 l\u2019ambassade de France - Institut fran\u00e7ais<\/title>\n<meta name=\"robots\" content=\"index, follow, max-snippet:-1, max-image-preview:large, max-video-preview:-1\" \/>\n<link rel=\"canonical\" href=\"https:\/\/www.france.fi\/fr\/sciences-et-universites\/reception-en-lhonneur-des-alumnis-france-finlande-a-lambassade-de-france\/\" \/>\n<meta property=\"og:locale\" content=\"fr_FR\" \/>\n<meta property=\"og:type\" content=\"article\" \/>\n<meta property=\"og:title\" content=\"R\u00e9ception en l\u2019honneur des alumnis France Finlande \u00e0 l\u2019ambassade de France - Institut fran\u00e7ais\" \/>\n<meta property=\"og:description\" content=\"L\u2019Ambassadrice de France, S.E. Agn\u00e8s Cukierman, organise le 10 novembre 2022 de 17h00 \u00e0 19h00 une r\u00e9ception \u00e0 la R\u00e9sidence de France en l\u2019honneur des alumnis de Finlande.\" \/>\n<meta property=\"og:url\" content=\"https:\/\/www.france.fi\/fr\/sciences-et-universites\/reception-en-lhonneur-des-alumnis-france-finlande-a-lambassade-de-france\/\" \/>\n<meta property=\"og:site_name\" content=\"Institut fran\u00e7ais\" \/>\n<meta property=\"article:publisher\" content=\"https:\/\/www.facebook.com\/institutfrancaisfi\" \/>\n<meta property=\"article:published_time\" content=\"2022-10-07T11:52:17+00:00\" \/>\n<meta property=\"article:modified_time\" content=\"2022-11-17T14:28:54+00:00\" \/>\n<meta property=\"og:image\" content=\"https:\/\/www.france.fi\/wp-content\/uploads\/2022\/10\/France-Finland-alumni-1-1-1098x617.jpg\" \/>\n\t<meta property=\"og:image:width\" content=\"1920\" \/>\n\t<meta property=\"og:image:height\" content=\"1080\" \/>\n\t<meta property=\"og:image:type\" content=\"image\/jpeg\" \/>\n<meta name=\"author\" content=\"Equipe IFF\" \/>\n<meta name=\"twitter:card\" content=\"summary_large_image\" \/>\n<meta name=\"twitter:creator\" content=\"@IFFinlande\" \/>\n<meta name=\"twitter:site\" content=\"@IFFinlande\" \/>\n<meta name=\"twitter:label1\" content=\"\u00c9crit par\" \/>\n\t<meta name=\"twitter:data1\" content=\"Equipe IFF\" \/>\n\t<meta name=\"twitter:label2\" content=\"Dur\u00e9e de lecture estim\u00e9e\" \/>\n\t<meta name=\"twitter:data2\" content=\"1 minute\" \/>\n<script type=\"application\/ld+json\" class=\"yoast-schema-graph\">{\"@context\":\"https:\\\/\\\/schema.org\",\"@graph\":[{\"@type\":\"Article\",\"@id\":\"https:\\\/\\\/www.france.fi\\\/fr\\\/sciences-et-universites\\\/reception-en-lhonneur-des-alumnis-france-finlande-a-lambassade-de-france\\\/#article\",\"isPartOf\":{\"@id\":\"https:\\\/\\\/www.france.fi\\\/fr\\\/sciences-et-universites\\\/reception-en-lhonneur-des-alumnis-france-finlande-a-lambassade-de-france\\\/\"},\"author\":{\"name\":\"Equipe IFF\",\"@id\":\"https:\\\/\\\/www.france.fi\\\/#\\\/schema\\\/person\\\/ed873f29db1d0af6a3600d15d3b65bfd\"},\"headline\":\"R\u00e9ception en l\u2019honneur des alumnis France Finlande \u00e0 l\u2019ambassade de France\",\"datePublished\":\"2022-10-07T11:52:17+00:00\",\"dateModified\":\"2022-11-17T14:28:54+00:00\",\"mainEntityOfPage\":{\"@id\":\"https:\\\/\\\/www.france.fi\\\/fr\\\/sciences-et-universites\\\/reception-en-lhonneur-des-alumnis-france-finlande-a-lambassade-de-france\\\/\"},\"wordCount\":202,\"publisher\":{\"@id\":\"https:\\\/\\\/www.france.fi\\\/#organization\"},\"image\":{\"@id\":\"https:\\\/\\\/www.france.fi\\\/fr\\\/sciences-et-universites\\\/reception-en-lhonneur-des-alumnis-france-finlande-a-lambassade-de-france\\\/#primaryimage\"},\"thumbnailUrl\":\"https:\\\/\\\/www.france.fi\\\/wp-content\\\/uploads\\\/2022\\\/10\\\/France-Finland-alumni-1-1-1280x720.jpg\",\"articleSection\":[\"Sciences et universit\u00e9s\"],\"inLanguage\":\"fr-FR\"},{\"@type\":\"WebPage\",\"@id\":\"https:\\\/\\\/www.france.fi\\\/fr\\\/sciences-et-universites\\\/reception-en-lhonneur-des-alumnis-france-finlande-a-lambassade-de-france\\\/\",\"url\":\"https:\\\/\\\/www.france.fi\\\/fr\\\/sciences-et-universites\\\/reception-en-lhonneur-des-alumnis-france-finlande-a-lambassade-de-france\\\/\",\"name\":\"R\u00e9ception en l\u2019honneur des alumnis France Finlande \u00e0 l\u2019ambassade de France - Institut fran\u00e7ais\",\"isPartOf\":{\"@id\":\"https:\\\/\\\/www.france.fi\\\/#website\"},\"primaryImageOfPage\":{\"@id\":\"https:\\\/\\\/www.france.fi\\\/fr\\\/sciences-et-universites\\\/reception-en-lhonneur-des-alumnis-france-finlande-a-lambassade-de-france\\\/#primaryimage\"},\"image\":{\"@id\":\"https:\\\/\\\/www.france.fi\\\/fr\\\/sciences-et-universites\\\/reception-en-lhonneur-des-alumnis-france-finlande-a-lambassade-de-france\\\/#primaryimage\"},\"thumbnailUrl\":\"https:\\\/\\\/www.france.fi\\\/wp-content\\\/uploads\\\/2022\\\/10\\\/France-Finland-alumni-1-1-1280x720.jpg\",\"datePublished\":\"2022-10-07T11:52:17+00:00\",\"dateModified\":\"2022-11-17T14:28:54+00:00\",\"breadcrumb\":{\"@id\":\"https:\\\/\\\/www.france.fi\\\/fr\\\/sciences-et-universites\\\/reception-en-lhonneur-des-alumnis-france-finlande-a-lambassade-de-france\\\/#breadcrumb\"},\"inLanguage\":\"fr-FR\",\"potentialAction\":[{\"@type\":\"ReadAction\",\"target\":[\"https:\\\/\\\/www.france.fi\\\/fr\\\/sciences-et-universites\\\/reception-en-lhonneur-des-alumnis-france-finlande-a-lambassade-de-france\\\/\"]}]},{\"@type\":\"ImageObject\",\"inLanguage\":\"fr-FR\",\"@id\":\"https:\\\/\\\/www.france.fi\\\/fr\\\/sciences-et-universites\\\/reception-en-lhonneur-des-alumnis-france-finlande-a-lambassade-de-france\\\/#primaryimage\",\"url\":\"https:\\\/\\\/www.france.fi\\\/wp-content\\\/uploads\\\/2022\\\/10\\\/France-Finland-alumni-1-1-1280x720.jpg\",\"contentUrl\":\"https:\\\/\\\/www.france.fi\\\/wp-content\\\/uploads\\\/2022\\\/10\\\/France-Finland-alumni-1-1-1280x720.jpg\",\"width\":1920,\"height\":1080},{\"@type\":\"BreadcrumbList\",\"@id\":\"https:\\\/\\\/www.france.fi\\\/fr\\\/sciences-et-universites\\\/reception-en-lhonneur-des-alumnis-france-finlande-a-lambassade-de-france\\\/#breadcrumb\",\"itemListElement\":[{\"@type\":\"ListItem\",\"position\":1,\"name\":\"Home\",\"item\":\"https:\\\/\\\/www.france.fi\\\/fr\\\/\"},{\"@type\":\"ListItem\",\"position\":2,\"name\":\"Science and universities\",\"item\":\"https:\\\/\\\/www.france.fi\\\/en\\\/category\\\/science-and-universities\\\/\"},{\"@type\":\"ListItem\",\"position\":3,\"name\":\"R\u00e9ception en l\u2019honneur des alumnis France Finlande \u00e0 l\u2019ambassade de France\"}]},{\"@type\":\"WebSite\",\"@id\":\"https:\\\/\\\/www.france.fi\\\/#website\",\"url\":\"https:\\\/\\\/www.france.fi\\\/\",\"name\":\"Institut fran\u00e7ais de Finlande\",\"description\":\"\",\"publisher\":{\"@id\":\"https:\\\/\\\/www.france.fi\\\/#organization\"},\"potentialAction\":[{\"@type\":\"SearchAction\",\"target\":{\"@type\":\"EntryPoint\",\"urlTemplate\":\"https:\\\/\\\/www.france.fi\\\/?s={search_term_string}\"},\"query-input\":{\"@type\":\"PropertyValueSpecification\",\"valueRequired\":true,\"valueName\":\"search_term_string\"}}],\"inLanguage\":\"fr-FR\"},{\"@type\":\"Organization\",\"@id\":\"https:\\\/\\\/www.france.fi\\\/#organization\",\"name\":\"Institut fran\u00e7ais de Finlande\",\"url\":\"https:\\\/\\\/www.france.fi\\\/\",\"logo\":{\"@type\":\"ImageObject\",\"inLanguage\":\"fr-FR\",\"@id\":\"https:\\\/\\\/www.france.fi\\\/#\\\/schema\\\/logo\\\/image\\\/\",\"url\":\"https:\\\/\\\/www.france.fi\\\/wp-content\\\/uploads\\\/2024\\\/02\\\/if-logo-1.png\",\"contentUrl\":\"https:\\\/\\\/www.france.fi\\\/wp-content\\\/uploads\\\/2024\\\/02\\\/if-logo-1.png\",\"width\":687,\"height\":459,\"caption\":\"Institut fran\u00e7ais de Finlande\"},\"image\":{\"@id\":\"https:\\\/\\\/www.france.fi\\\/#\\\/schema\\\/logo\\\/image\\\/\"},\"sameAs\":[\"https:\\\/\\\/www.facebook.com\\\/institutfrancaisfi\",\"https:\\\/\\\/x.com\\\/IFFinlande\",\"https:\\\/\\\/www.instagram.com\\\/iffinlande\\\/\",\"https:\\\/\\\/fr.linkedin.com\\\/organization-guest\\\/company\\\/institut-fran-ais-de-finlande\",\"https:\\\/\\\/www.youtube.com\\\/channel\\\/UCHAitdpmSbeP78eL49XMotA\"]},{\"@type\":\"Person\",\"@id\":\"https:\\\/\\\/www.france.fi\\\/#\\\/schema\\\/person\\\/ed873f29db1d0af6a3600d15d3b65bfd\",\"name\":\"Equipe IFF\",\"image\":{\"@type\":\"ImageObject\",\"inLanguage\":\"fr-FR\",\"@id\":\"https:\\\/\\\/secure.gravatar.com\\\/avatar\\\/3c4ba80228d01014b25e45e90abb28ce315a02c6572751a7fb2298e4274989fc?s=96&d=mm&r=g\",\"url\":\"https:\\\/\\\/secure.gravatar.com\\\/avatar\\\/3c4ba80228d01014b25e45e90abb28ce315a02c6572751a7fb2298e4274989fc?s=96&d=mm&r=g\",\"contentUrl\":\"https:\\\/\\\/secure.gravatar.com\\\/avatar\\\/3c4ba80228d01014b25e45e90abb28ce315a02c6572751a7fb2298e4274989fc?s=96&d=mm&r=g\",\"caption\":\"Equipe IFF\"},\"url\":\"https:\\\/\\\/www.france.fi\\\/fr\\\/author\\\/iffadmin\\\/\"}]}<\/script>\n<!-- \/ Yoast SEO plugin. -->","yoast_head_json":{"title":"R\u00e9ception en l\u2019honneur des alumnis France Finlande \u00e0 l\u2019ambassade de France - Institut fran\u00e7ais","robots":{"index":"index","follow":"follow","max-snippet":"max-snippet:-1","max-image-preview":"max-image-preview:large","max-video-preview":"max-video-preview:-1"},"canonical":"https:\/\/www.france.fi\/fr\/sciences-et-universites\/reception-en-lhonneur-des-alumnis-france-finlande-a-lambassade-de-france\/","og_locale":"fr_FR","og_type":"article","og_title":"R\u00e9ception en l\u2019honneur des alumnis France Finlande \u00e0 l\u2019ambassade de France - Institut fran\u00e7ais","og_description":"L\u2019Ambassadrice de France, S.E. Agn\u00e8s Cukierman, organise le 10 novembre 2022 de 17h00 \u00e0 19h00 une r\u00e9ception \u00e0 la R\u00e9sidence de France en l\u2019honneur des alumnis de Finlande.","og_url":"https:\/\/www.france.fi\/fr\/sciences-et-universites\/reception-en-lhonneur-des-alumnis-france-finlande-a-lambassade-de-france\/","og_site_name":"Institut fran\u00e7ais","article_publisher":"https:\/\/www.facebook.com\/institutfrancaisfi","article_published_time":"2022-10-07T11:52:17+00:00","article_modified_time":"2022-11-17T14:28:54+00:00","og_image":[{"width":1920,"height":1080,"url":"https:\/\/www.france.fi\/wp-content\/uploads\/2022\/10\/France-Finland-alumni-1-1-1098x617.jpg","type":"image\/jpeg"}],"author":"Equipe IFF","twitter_card":"summary_large_image","twitter_creator":"@IFFinlande","twitter_site":"@IFFinlande","twitter_misc":{"\u00c9crit par":"Equipe IFF","Dur\u00e9e de lecture estim\u00e9e":"1 minute"},"schema":{"@context":"https:\/\/schema.org","@graph":[{"@type":"Article","@id":"https:\/\/www.france.fi\/fr\/sciences-et-universites\/reception-en-lhonneur-des-alumnis-france-finlande-a-lambassade-de-france\/#article","isPartOf":{"@id":"https:\/\/www.france.fi\/fr\/sciences-et-universites\/reception-en-lhonneur-des-alumnis-france-finlande-a-lambassade-de-france\/"},"author":{"name":"Equipe IFF","@id":"https:\/\/www.france.fi\/#\/schema\/person\/ed873f29db1d0af6a3600d15d3b65bfd"},"headline":"R\u00e9ception en l\u2019honneur des alumnis France Finlande \u00e0 l\u2019ambassade de France","datePublished":"2022-10-07T11:52:17+00:00","dateModified":"2022-11-17T14:28:54+00:00","mainEntityOfPage":{"@id":"https:\/\/www.france.fi\/fr\/sciences-et-universites\/reception-en-lhonneur-des-alumnis-france-finlande-a-lambassade-de-france\/"},"wordCount":202,"publisher":{"@id":"https:\/\/www.france.fi\/#organization"},"image":{"@id":"https:\/\/www.france.fi\/fr\/sciences-et-universites\/reception-en-lhonneur-des-alumnis-france-finlande-a-lambassade-de-france\/#primaryimage"},"thumbnailUrl":"https:\/\/www.france.fi\/wp-content\/uploads\/2022\/10\/France-Finland-alumni-1-1-1280x720.jpg","articleSection":["Sciences et universit\u00e9s"],"inLanguage":"fr-FR"},{"@type":"WebPage","@id":"https:\/\/www.france.fi\/fr\/sciences-et-universites\/reception-en-lhonneur-des-alumnis-france-finlande-a-lambassade-de-france\/","url":"https:\/\/www.france.fi\/fr\/sciences-et-universites\/reception-en-lhonneur-des-alumnis-france-finlande-a-lambassade-de-france\/","name":"R\u00e9ception en l\u2019honneur des alumnis France Finlande \u00e0 l\u2019ambassade de France - Institut fran\u00e7ais","isPartOf":{"@id":"https:\/\/www.france.fi\/#website"},"primaryImageOfPage":{"@id":"https:\/\/www.france.fi\/fr\/sciences-et-universites\/reception-en-lhonneur-des-alumnis-france-finlande-a-lambassade-de-france\/#primaryimage"},"image":{"@id":"https:\/\/www.france.fi\/fr\/sciences-et-universites\/reception-en-lhonneur-des-alumnis-france-finlande-a-lambassade-de-france\/#primaryimage"},"thumbnailUrl":"https:\/\/www.france.fi\/wp-content\/uploads\/2022\/10\/France-Finland-alumni-1-1-1280x720.jpg","datePublished":"2022-10-07T11:52:17+00:00","dateModified":"2022-11-17T14:28:54+00:00","breadcrumb":{"@id":"https:\/\/www.france.fi\/fr\/sciences-et-universites\/reception-en-lhonneur-des-alumnis-france-finlande-a-lambassade-de-france\/#breadcrumb"},"inLanguage":"fr-FR","potentialAction":[{"@type":"ReadAction","target":["https:\/\/www.france.fi\/fr\/sciences-et-universites\/reception-en-lhonneur-des-alumnis-france-finlande-a-lambassade-de-france\/"]}]},{"@type":"ImageObject","inLanguage":"fr-FR","@id":"https:\/\/www.france.fi\/fr\/sciences-et-universites\/reception-en-lhonneur-des-alumnis-france-finlande-a-lambassade-de-france\/#primaryimage","url":"https:\/\/www.france.fi\/wp-content\/uploads\/2022\/10\/France-Finland-alumni-1-1-1280x720.jpg","contentUrl":"https:\/\/www.france.fi\/wp-content\/uploads\/2022\/10\/France-Finland-alumni-1-1-1280x720.jpg","width":1920,"height":1080},{"@type":"BreadcrumbList","@id":"https:\/\/www.france.fi\/fr\/sciences-et-universites\/reception-en-lhonneur-des-alumnis-france-finlande-a-lambassade-de-france\/#breadcrumb","itemListElement":[{"@type":"ListItem","position":1,"name":"Home","item":"https:\/\/www.france.fi\/fr\/"},{"@type":"ListItem","position":2,"name":"Science and universities","item":"https:\/\/www.france.fi\/en\/category\/science-and-universities\/"},{"@type":"ListItem","position":3,"name":"R\u00e9ception en l\u2019honneur des alumnis France Finlande \u00e0 l\u2019ambassade de France"}]},{"@type":"WebSite","@id":"https:\/\/www.france.fi\/#website","url":"https:\/\/www.france.fi\/","name":"Institut fran\u00e7ais de Finlande","description":"","publisher":{"@id":"https:\/\/www.france.fi\/#organization"},"potentialAction":[{"@type":"SearchAction","target":{"@type":"EntryPoint","urlTemplate":"https:\/\/www.france.fi\/?s={search_term_string}"},"query-input":{"@type":"PropertyValueSpecification","valueRequired":true,"valueName":"search_term_string"}}],"inLanguage":"fr-FR"},{"@type":"Organization","@id":"https:\/\/www.france.fi\/#organization","name":"Institut fran\u00e7ais de Finlande","url":"https:\/\/www.france.fi\/","logo":{"@type":"ImageObject","inLanguage":"fr-FR","@id":"https:\/\/www.france.fi\/#\/schema\/logo\/image\/","url":"https:\/\/www.france.fi\/wp-content\/uploads\/2024\/02\/if-logo-1.png","contentUrl":"https:\/\/www.france.fi\/wp-content\/uploads\/2024\/02\/if-logo-1.png","width":687,"height":459,"caption":"Institut fran\u00e7ais de Finlande"},"image":{"@id":"https:\/\/www.france.fi\/#\/schema\/logo\/image\/"},"sameAs":["https:\/\/www.facebook.com\/institutfrancaisfi","https:\/\/x.com\/IFFinlande","https:\/\/www.instagram.com\/iffinlande\/","https:\/\/fr.linkedin.com\/organization-guest\/company\/institut-fran-ais-de-finlande","https:\/\/www.youtube.com\/channel\/UCHAitdpmSbeP78eL49XMotA"]},{"@type":"Person","@id":"https:\/\/www.france.fi\/#\/schema\/person\/ed873f29db1d0af6a3600d15d3b65bfd","name":"Equipe IFF","image":{"@type":"ImageObject","inLanguage":"fr-FR","@id":"https:\/\/secure.gravatar.com\/avatar\/3c4ba80228d01014b25e45e90abb28ce315a02c6572751a7fb2298e4274989fc?s=96&d=mm&r=g","url":"https:\/\/secure.gravatar.com\/avatar\/3c4ba80228d01014b25e45e90abb28ce315a02c6572751a7fb2298e4274989fc?s=96&d=mm&r=g","contentUrl":"https:\/\/secure.gravatar.com\/avatar\/3c4ba80228d01014b25e45e90abb28ce315a02c6572751a7fb2298e4274989fc?s=96&d=mm&r=g","caption":"Equipe IFF"},"url":"https:\/\/www.france.fi\/fr\/author\/iffadmin\/"}]}},"_links":{"self":[{"href":"https:\/\/www.france.fi\/fr\/wp-json\/wp\/v2\/posts\/10788","targetHints":{"allow":["GET"]}}],"collection":[{"href":"https:\/\/www.france.fi\/fr\/wp-json\/wp\/v2\/posts"}],"about":[{"href":"https:\/\/www.france.fi\/fr\/wp-json\/wp\/v2\/types\/post"}],"author":[{"embeddable":true,"href":"https:\/\/www.france.fi\/fr\/wp-json\/wp\/v2\/users\/2"}],"replies":[{"embeddable":true,"href":"https:\/\/www.france.fi\/fr\/wp-json\/wp\/v2\/comments?post=10788"}],"version-history":[{"count":0,"href":"https:\/\/www.france.fi\/fr\/wp-json\/wp\/v2\/posts\/10788\/revisions"}],"wp:featuredmedia":[{"embeddable":true,"href":"https:\/\/www.france.fi\/fr\/wp-json\/wp\/v2\/media\/10784"}],"wp:attachment":[{"href":"https:\/\/www.france.fi\/fr\/wp-json\/wp\/v2\/media?parent=10788"}],"wp:term":[{"taxonomy":"category","embeddable":true,"href":"https:\/\/www.france.fi\/fr\/wp-json\/wp\/v2\/categories?post=10788"},{"taxonomy":"post_tag","embeddable":true,"href":"https:\/\/www.france.fi\/fr\/wp-json\/wp\/v2\/tags?post=10788"}],"curies":[{"name":"wp","href":"https:\/\/api.w.org\/{rel}","templated":true}]}}