{"id":10801,"date":"2023-09-15T11:40:29","date_gmt":"2023-09-15T08:40:29","guid":{"rendered":"http:\/\/www.france.fi\/?p=10801"},"modified":"2023-11-29T14:36:15","modified_gmt":"2023-11-29T12:36:15","slug":"candidature-pour-le-marche-de-noel-de-linstitut","status":"publish","type":"post","link":"https:\/\/www.france.fi\/fr\/culture\/candidature-pour-le-marche-de-noel-de-linstitut\/","title":{"rendered":"Candidature pour le march\u00e9 de No\u00ebl de l\u2019Institut"},"content":{"rendered":"<p>Dans l\u2019esprit des March\u00e9s de No\u00ebl que l\u2019on trouve un peu partout en France \u00e0 la fin de l\u2019ann\u00e9e, l\u2019Institut fran\u00e7ais de Finlande organise le samedi 16 d\u00e9cembre de 11h \u00e0 16h00 son petit March\u00e9 de No\u00ebl. L\u2019id\u00e9e est de r\u00e9unir dans les locaux de l\u2019IFF des artisans fran\u00e7ais ou ayant un rapport avec la France, afin de proposer au public des id\u00e9es de cadeaux de No\u00ebl.<\/p>\n<p>Vous \u00eates artisan professionnel ou amateur et vos produits mettent en valeur la culture fran\u00e7aise\u00a0? Vous \u00eates Fran\u00e7ais et vous fabriquez des produits artisanaux\u00a0? Posez votre candidature \u00e0 l\u2019aide du formulaire joint pour avoir un stand au March\u00e9 de No\u00ebl de l\u2019Institut. Un comit\u00e9 de s\u00e9lection retiendra les dossiers les plus pertinents. Si votre proposition est retenue, l\u2019Institut mettra <strong>gratuitement<\/strong> \u00e0 votre disposition un espace le 16 d\u00e9cembre dans ses locaux. Vous pourrez y vendre vos produits et garder l\u2019ensemble des b\u00e9n\u00e9fices.<\/p>\n<p>Formulaire \u00e0 renvoyer \u00e0 l\u2019adresse\u00a0: <a href=\"mailto:institut@france.fi\">institut@france.fi<\/a>\u00a0 <strong><u>avant le 12 novembre 2023.<\/u><\/strong><\/p>\n<p><strong><a href=\"https:\/\/www.france.fi\/wp-content\/uploads\/2022\/10\/Formulaire-candidature-Espace-marche-de-Noel-2023.docx\">\u21d2T\u00e9l\u00e9chargez le Formulaire de candidature<\/a><\/strong><\/p>\n","protected":false},"excerpt":{"rendered":"<p>Vous \u00eates artisan professionnel ou amateur et vos produits mettent en valeur la culture fran\u00e7aise ? Vous \u00eates Fran\u00e7ais et vous fabriquez des produits artisanaux ? Posez votre candidature \u00e0 l\u2019aide du formulaire joint pour avoir un stand (gratuitement) au March\u00e9 de No\u00ebl de l\u2019Institut. <\/p>\n","protected":false},"author":2,"featured_media":10802,"comment_status":"closed","ping_status":"open","sticky":false,"template":"","format":"standard","meta":{"footnotes":""},"categories":[1],"tags":[],"class_list":["post-10801","post","type-post","status-publish","format-standard","has-post-thumbnail","hentry","category-culture"],"yoast_head":"<!-- This site is optimized with the Yoast SEO plugin v27.4 - https:\/\/yoast.com\/product\/yoast-seo-wordpress\/ -->\n<title>Candidature pour le march\u00e9 de No\u00ebl de l\u2019Institut - Institut fran\u00e7ais<\/title>\n<meta name=\"robots\" content=\"index, follow, max-snippet:-1, max-image-preview:large, max-video-preview:-1\" \/>\n<link rel=\"canonical\" href=\"https:\/\/www.france.fi\/fr\/culture\/candidature-pour-le-marche-de-noel-de-linstitut\/\" \/>\n<meta property=\"og:locale\" content=\"fr_FR\" \/>\n<meta property=\"og:type\" content=\"article\" \/>\n<meta property=\"og:title\" content=\"Candidature pour le march\u00e9 de No\u00ebl de l\u2019Institut - Institut fran\u00e7ais\" \/>\n<meta property=\"og:description\" content=\"Vous \u00eates artisan professionnel ou amateur et vos produits mettent en valeur la culture fran\u00e7aise ? Vous \u00eates Fran\u00e7ais et vous fabriquez des produits artisanaux ? Posez votre candidature \u00e0 l\u2019aide du formulaire joint pour avoir un stand (gratuitement) au March\u00e9 de No\u00ebl de l\u2019Institut.\" \/>\n<meta property=\"og:url\" content=\"https:\/\/www.france.fi\/fr\/culture\/candidature-pour-le-marche-de-noel-de-linstitut\/\" \/>\n<meta property=\"og:site_name\" content=\"Institut fran\u00e7ais\" \/>\n<meta property=\"article:publisher\" content=\"https:\/\/www.facebook.com\/institutfrancaisfi\" \/>\n<meta property=\"article:published_time\" content=\"2023-09-15T08:40:29+00:00\" \/>\n<meta property=\"article:modified_time\" content=\"2023-11-29T12:36:15+00:00\" \/>\n<meta property=\"og:image\" content=\"https:\/\/www.france.fi\/wp-content\/uploads\/2022\/10\/Candidature-marche-de-noel-1098x617.jpg\" \/>\n\t<meta property=\"og:image:width\" content=\"1280\" \/>\n\t<meta property=\"og:image:height\" content=\"720\" \/>\n\t<meta property=\"og:image:type\" content=\"image\/jpeg\" \/>\n<meta name=\"author\" content=\"Equipe IFF\" \/>\n<meta name=\"twitter:card\" content=\"summary_large_image\" \/>\n<meta name=\"twitter:creator\" content=\"@IFFinlande\" \/>\n<meta name=\"twitter:site\" content=\"@IFFinlande\" \/>\n<meta name=\"twitter:label1\" content=\"\u00c9crit par\" \/>\n\t<meta name=\"twitter:data1\" content=\"Equipe IFF\" \/>\n\t<meta name=\"twitter:label2\" content=\"Dur\u00e9e de lecture estim\u00e9e\" \/>\n\t<meta name=\"twitter:data2\" content=\"1 minute\" \/>\n<script type=\"application\/ld+json\" class=\"yoast-schema-graph\">{\"@context\":\"https:\\\/\\\/schema.org\",\"@graph\":[{\"@type\":\"Article\",\"@id\":\"https:\\\/\\\/www.france.fi\\\/fr\\\/culture\\\/candidature-pour-le-marche-de-noel-de-linstitut\\\/#article\",\"isPartOf\":{\"@id\":\"https:\\\/\\\/www.france.fi\\\/fr\\\/culture\\\/candidature-pour-le-marche-de-noel-de-linstitut\\\/\"},\"author\":{\"name\":\"Equipe IFF\",\"@id\":\"https:\\\/\\\/www.france.fi\\\/#\\\/schema\\\/person\\\/ed873f29db1d0af6a3600d15d3b65bfd\"},\"headline\":\"Candidature pour le march\u00e9 de No\u00ebl de l\u2019Institut\",\"datePublished\":\"2023-09-15T08:40:29+00:00\",\"dateModified\":\"2023-11-29T12:36:15+00:00\",\"mainEntityOfPage\":{\"@id\":\"https:\\\/\\\/www.france.fi\\\/fr\\\/culture\\\/candidature-pour-le-marche-de-noel-de-linstitut\\\/\"},\"wordCount\":198,\"publisher\":{\"@id\":\"https:\\\/\\\/www.france.fi\\\/#organization\"},\"image\":{\"@id\":\"https:\\\/\\\/www.france.fi\\\/fr\\\/culture\\\/candidature-pour-le-marche-de-noel-de-linstitut\\\/#primaryimage\"},\"thumbnailUrl\":\"https:\\\/\\\/www.france.fi\\\/wp-content\\\/uploads\\\/2022\\\/10\\\/Candidature-marche-de-noel-1098x617.jpg\",\"articleSection\":[\"Culture\"],\"inLanguage\":\"fr-FR\"},{\"@type\":\"WebPage\",\"@id\":\"https:\\\/\\\/www.france.fi\\\/fr\\\/culture\\\/candidature-pour-le-marche-de-noel-de-linstitut\\\/\",\"url\":\"https:\\\/\\\/www.france.fi\\\/fr\\\/culture\\\/candidature-pour-le-marche-de-noel-de-linstitut\\\/\",\"name\":\"Candidature pour le march\u00e9 de No\u00ebl de l\u2019Institut - Institut fran\u00e7ais\",\"isPartOf\":{\"@id\":\"https:\\\/\\\/www.france.fi\\\/#website\"},\"primaryImageOfPage\":{\"@id\":\"https:\\\/\\\/www.france.fi\\\/fr\\\/culture\\\/candidature-pour-le-marche-de-noel-de-linstitut\\\/#primaryimage\"},\"image\":{\"@id\":\"https:\\\/\\\/www.france.fi\\\/fr\\\/culture\\\/candidature-pour-le-marche-de-noel-de-linstitut\\\/#primaryimage\"},\"thumbnailUrl\":\"https:\\\/\\\/www.france.fi\\\/wp-content\\\/uploads\\\/2022\\\/10\\\/Candidature-marche-de-noel-1098x617.jpg\",\"datePublished\":\"2023-09-15T08:40:29+00:00\",\"dateModified\":\"2023-11-29T12:36:15+00:00\",\"breadcrumb\":{\"@id\":\"https:\\\/\\\/www.france.fi\\\/fr\\\/culture\\\/candidature-pour-le-marche-de-noel-de-linstitut\\\/#breadcrumb\"},\"inLanguage\":\"fr-FR\",\"potentialAction\":[{\"@type\":\"ReadAction\",\"target\":[\"https:\\\/\\\/www.france.fi\\\/fr\\\/culture\\\/candidature-pour-le-marche-de-noel-de-linstitut\\\/\"]}]},{\"@type\":\"ImageObject\",\"inLanguage\":\"fr-FR\",\"@id\":\"https:\\\/\\\/www.france.fi\\\/fr\\\/culture\\\/candidature-pour-le-marche-de-noel-de-linstitut\\\/#primaryimage\",\"url\":\"https:\\\/\\\/www.france.fi\\\/wp-content\\\/uploads\\\/2022\\\/10\\\/Candidature-marche-de-noel-1098x617.jpg\",\"contentUrl\":\"https:\\\/\\\/www.france.fi\\\/wp-content\\\/uploads\\\/2022\\\/10\\\/Candidature-marche-de-noel-1098x617.jpg\",\"width\":1280,\"height\":720},{\"@type\":\"BreadcrumbList\",\"@id\":\"https:\\\/\\\/www.france.fi\\\/fr\\\/culture\\\/candidature-pour-le-marche-de-noel-de-linstitut\\\/#breadcrumb\",\"itemListElement\":[{\"@type\":\"ListItem\",\"position\":1,\"name\":\"Home\",\"item\":\"https:\\\/\\\/www.france.fi\\\/fr\\\/\"},{\"@type\":\"ListItem\",\"position\":2,\"name\":\"Culture\",\"item\":\"https:\\\/\\\/www.france.fi\\\/fr\\\/category\\\/culture\\\/\"},{\"@type\":\"ListItem\",\"position\":3,\"name\":\"Candidature pour le march\u00e9 de No\u00ebl de l\u2019Institut\"}]},{\"@type\":\"WebSite\",\"@id\":\"https:\\\/\\\/www.france.fi\\\/#website\",\"url\":\"https:\\\/\\\/www.france.fi\\\/\",\"name\":\"Institut fran\u00e7ais de Finlande\",\"description\":\"\",\"publisher\":{\"@id\":\"https:\\\/\\\/www.france.fi\\\/#organization\"},\"potentialAction\":[{\"@type\":\"SearchAction\",\"target\":{\"@type\":\"EntryPoint\",\"urlTemplate\":\"https:\\\/\\\/www.france.fi\\\/?s={search_term_string}\"},\"query-input\":{\"@type\":\"PropertyValueSpecification\",\"valueRequired\":true,\"valueName\":\"search_term_string\"}}],\"inLanguage\":\"fr-FR\"},{\"@type\":\"Organization\",\"@id\":\"https:\\\/\\\/www.france.fi\\\/#organization\",\"name\":\"Institut fran\u00e7ais de Finlande\",\"url\":\"https:\\\/\\\/www.france.fi\\\/\",\"logo\":{\"@type\":\"ImageObject\",\"inLanguage\":\"fr-FR\",\"@id\":\"https:\\\/\\\/www.france.fi\\\/#\\\/schema\\\/logo\\\/image\\\/\",\"url\":\"https:\\\/\\\/www.france.fi\\\/wp-content\\\/uploads\\\/2024\\\/02\\\/if-logo-1.png\",\"contentUrl\":\"https:\\\/\\\/www.france.fi\\\/wp-content\\\/uploads\\\/2024\\\/02\\\/if-logo-1.png\",\"width\":687,\"height\":459,\"caption\":\"Institut fran\u00e7ais de Finlande\"},\"image\":{\"@id\":\"https:\\\/\\\/www.france.fi\\\/#\\\/schema\\\/logo\\\/image\\\/\"},\"sameAs\":[\"https:\\\/\\\/www.facebook.com\\\/institutfrancaisfi\",\"https:\\\/\\\/x.com\\\/IFFinlande\",\"https:\\\/\\\/www.instagram.com\\\/iffinlande\\\/\",\"https:\\\/\\\/fr.linkedin.com\\\/organization-guest\\\/company\\\/institut-fran-ais-de-finlande\",\"https:\\\/\\\/www.youtube.com\\\/channel\\\/UCHAitdpmSbeP78eL49XMotA\"]},{\"@type\":\"Person\",\"@id\":\"https:\\\/\\\/www.france.fi\\\/#\\\/schema\\\/person\\\/ed873f29db1d0af6a3600d15d3b65bfd\",\"name\":\"Equipe IFF\",\"image\":{\"@type\":\"ImageObject\",\"inLanguage\":\"fr-FR\",\"@id\":\"https:\\\/\\\/secure.gravatar.com\\\/avatar\\\/3c4ba80228d01014b25e45e90abb28ce315a02c6572751a7fb2298e4274989fc?s=96&d=mm&r=g\",\"url\":\"https:\\\/\\\/secure.gravatar.com\\\/avatar\\\/3c4ba80228d01014b25e45e90abb28ce315a02c6572751a7fb2298e4274989fc?s=96&d=mm&r=g\",\"contentUrl\":\"https:\\\/\\\/secure.gravatar.com\\\/avatar\\\/3c4ba80228d01014b25e45e90abb28ce315a02c6572751a7fb2298e4274989fc?s=96&d=mm&r=g\",\"caption\":\"Equipe IFF\"},\"url\":\"https:\\\/\\\/www.france.fi\\\/fr\\\/author\\\/iffadmin\\\/\"}]}<\/script>\n<!-- \/ Yoast SEO plugin. -->","yoast_head_json":{"title":"Candidature pour le march\u00e9 de No\u00ebl de l\u2019Institut - Institut fran\u00e7ais","robots":{"index":"index","follow":"follow","max-snippet":"max-snippet:-1","max-image-preview":"max-image-preview:large","max-video-preview":"max-video-preview:-1"},"canonical":"https:\/\/www.france.fi\/fr\/culture\/candidature-pour-le-marche-de-noel-de-linstitut\/","og_locale":"fr_FR","og_type":"article","og_title":"Candidature pour le march\u00e9 de No\u00ebl de l\u2019Institut - Institut fran\u00e7ais","og_description":"Vous \u00eates artisan professionnel ou amateur et vos produits mettent en valeur la culture fran\u00e7aise ? Vous \u00eates Fran\u00e7ais et vous fabriquez des produits artisanaux ? Posez votre candidature \u00e0 l\u2019aide du formulaire joint pour avoir un stand (gratuitement) au March\u00e9 de No\u00ebl de l\u2019Institut.","og_url":"https:\/\/www.france.fi\/fr\/culture\/candidature-pour-le-marche-de-noel-de-linstitut\/","og_site_name":"Institut fran\u00e7ais","article_publisher":"https:\/\/www.facebook.com\/institutfrancaisfi","article_published_time":"2023-09-15T08:40:29+00:00","article_modified_time":"2023-11-29T12:36:15+00:00","og_image":[{"width":1280,"height":720,"url":"https:\/\/www.france.fi\/wp-content\/uploads\/2022\/10\/Candidature-marche-de-noel-1098x617.jpg","type":"image\/jpeg"}],"author":"Equipe IFF","twitter_card":"summary_large_image","twitter_creator":"@IFFinlande","twitter_site":"@IFFinlande","twitter_misc":{"\u00c9crit par":"Equipe IFF","Dur\u00e9e de lecture estim\u00e9e":"1 minute"},"schema":{"@context":"https:\/\/schema.org","@graph":[{"@type":"Article","@id":"https:\/\/www.france.fi\/fr\/culture\/candidature-pour-le-marche-de-noel-de-linstitut\/#article","isPartOf":{"@id":"https:\/\/www.france.fi\/fr\/culture\/candidature-pour-le-marche-de-noel-de-linstitut\/"},"author":{"name":"Equipe IFF","@id":"https:\/\/www.france.fi\/#\/schema\/person\/ed873f29db1d0af6a3600d15d3b65bfd"},"headline":"Candidature pour le march\u00e9 de No\u00ebl de l\u2019Institut","datePublished":"2023-09-15T08:40:29+00:00","dateModified":"2023-11-29T12:36:15+00:00","mainEntityOfPage":{"@id":"https:\/\/www.france.fi\/fr\/culture\/candidature-pour-le-marche-de-noel-de-linstitut\/"},"wordCount":198,"publisher":{"@id":"https:\/\/www.france.fi\/#organization"},"image":{"@id":"https:\/\/www.france.fi\/fr\/culture\/candidature-pour-le-marche-de-noel-de-linstitut\/#primaryimage"},"thumbnailUrl":"https:\/\/www.france.fi\/wp-content\/uploads\/2022\/10\/Candidature-marche-de-noel-1098x617.jpg","articleSection":["Culture"],"inLanguage":"fr-FR"},{"@type":"WebPage","@id":"https:\/\/www.france.fi\/fr\/culture\/candidature-pour-le-marche-de-noel-de-linstitut\/","url":"https:\/\/www.france.fi\/fr\/culture\/candidature-pour-le-marche-de-noel-de-linstitut\/","name":"Candidature pour le march\u00e9 de No\u00ebl de l\u2019Institut - Institut fran\u00e7ais","isPartOf":{"@id":"https:\/\/www.france.fi\/#website"},"primaryImageOfPage":{"@id":"https:\/\/www.france.fi\/fr\/culture\/candidature-pour-le-marche-de-noel-de-linstitut\/#primaryimage"},"image":{"@id":"https:\/\/www.france.fi\/fr\/culture\/candidature-pour-le-marche-de-noel-de-linstitut\/#primaryimage"},"thumbnailUrl":"https:\/\/www.france.fi\/wp-content\/uploads\/2022\/10\/Candidature-marche-de-noel-1098x617.jpg","datePublished":"2023-09-15T08:40:29+00:00","dateModified":"2023-11-29T12:36:15+00:00","breadcrumb":{"@id":"https:\/\/www.france.fi\/fr\/culture\/candidature-pour-le-marche-de-noel-de-linstitut\/#breadcrumb"},"inLanguage":"fr-FR","potentialAction":[{"@type":"ReadAction","target":["https:\/\/www.france.fi\/fr\/culture\/candidature-pour-le-marche-de-noel-de-linstitut\/"]}]},{"@type":"ImageObject","inLanguage":"fr-FR","@id":"https:\/\/www.france.fi\/fr\/culture\/candidature-pour-le-marche-de-noel-de-linstitut\/#primaryimage","url":"https:\/\/www.france.fi\/wp-content\/uploads\/2022\/10\/Candidature-marche-de-noel-1098x617.jpg","contentUrl":"https:\/\/www.france.fi\/wp-content\/uploads\/2022\/10\/Candidature-marche-de-noel-1098x617.jpg","width":1280,"height":720},{"@type":"BreadcrumbList","@id":"https:\/\/www.france.fi\/fr\/culture\/candidature-pour-le-marche-de-noel-de-linstitut\/#breadcrumb","itemListElement":[{"@type":"ListItem","position":1,"name":"Home","item":"https:\/\/www.france.fi\/fr\/"},{"@type":"ListItem","position":2,"name":"Culture","item":"https:\/\/www.france.fi\/fr\/category\/culture\/"},{"@type":"ListItem","position":3,"name":"Candidature pour le march\u00e9 de No\u00ebl de l\u2019Institut"}]},{"@type":"WebSite","@id":"https:\/\/www.france.fi\/#website","url":"https:\/\/www.france.fi\/","name":"Institut fran\u00e7ais de Finlande","description":"","publisher":{"@id":"https:\/\/www.france.fi\/#organization"},"potentialAction":[{"@type":"SearchAction","target":{"@type":"EntryPoint","urlTemplate":"https:\/\/www.france.fi\/?s={search_term_string}"},"query-input":{"@type":"PropertyValueSpecification","valueRequired":true,"valueName":"search_term_string"}}],"inLanguage":"fr-FR"},{"@type":"Organization","@id":"https:\/\/www.france.fi\/#organization","name":"Institut fran\u00e7ais de Finlande","url":"https:\/\/www.france.fi\/","logo":{"@type":"ImageObject","inLanguage":"fr-FR","@id":"https:\/\/www.france.fi\/#\/schema\/logo\/image\/","url":"https:\/\/www.france.fi\/wp-content\/uploads\/2024\/02\/if-logo-1.png","contentUrl":"https:\/\/www.france.fi\/wp-content\/uploads\/2024\/02\/if-logo-1.png","width":687,"height":459,"caption":"Institut fran\u00e7ais de Finlande"},"image":{"@id":"https:\/\/www.france.fi\/#\/schema\/logo\/image\/"},"sameAs":["https:\/\/www.facebook.com\/institutfrancaisfi","https:\/\/x.com\/IFFinlande","https:\/\/www.instagram.com\/iffinlande\/","https:\/\/fr.linkedin.com\/organization-guest\/company\/institut-fran-ais-de-finlande","https:\/\/www.youtube.com\/channel\/UCHAitdpmSbeP78eL49XMotA"]},{"@type":"Person","@id":"https:\/\/www.france.fi\/#\/schema\/person\/ed873f29db1d0af6a3600d15d3b65bfd","name":"Equipe IFF","image":{"@type":"ImageObject","inLanguage":"fr-FR","@id":"https:\/\/secure.gravatar.com\/avatar\/3c4ba80228d01014b25e45e90abb28ce315a02c6572751a7fb2298e4274989fc?s=96&d=mm&r=g","url":"https:\/\/secure.gravatar.com\/avatar\/3c4ba80228d01014b25e45e90abb28ce315a02c6572751a7fb2298e4274989fc?s=96&d=mm&r=g","contentUrl":"https:\/\/secure.gravatar.com\/avatar\/3c4ba80228d01014b25e45e90abb28ce315a02c6572751a7fb2298e4274989fc?s=96&d=mm&r=g","caption":"Equipe IFF"},"url":"https:\/\/www.france.fi\/fr\/author\/iffadmin\/"}]}},"_links":{"self":[{"href":"https:\/\/www.france.fi\/fr\/wp-json\/wp\/v2\/posts\/10801","targetHints":{"allow":["GET"]}}],"collection":[{"href":"https:\/\/www.france.fi\/fr\/wp-json\/wp\/v2\/posts"}],"about":[{"href":"https:\/\/www.france.fi\/fr\/wp-json\/wp\/v2\/types\/post"}],"author":[{"embeddable":true,"href":"https:\/\/www.france.fi\/fr\/wp-json\/wp\/v2\/users\/2"}],"replies":[{"embeddable":true,"href":"https:\/\/www.france.fi\/fr\/wp-json\/wp\/v2\/comments?post=10801"}],"version-history":[{"count":0,"href":"https:\/\/www.france.fi\/fr\/wp-json\/wp\/v2\/posts\/10801\/revisions"}],"wp:featuredmedia":[{"embeddable":true,"href":"https:\/\/www.france.fi\/fr\/wp-json\/wp\/v2\/media\/10802"}],"wp:attachment":[{"href":"https:\/\/www.france.fi\/fr\/wp-json\/wp\/v2\/media?parent=10801"}],"wp:term":[{"taxonomy":"category","embeddable":true,"href":"https:\/\/www.france.fi\/fr\/wp-json\/wp\/v2\/categories?post=10801"},{"taxonomy":"post_tag","embeddable":true,"href":"https:\/\/www.france.fi\/fr\/wp-json\/wp\/v2\/tags?post=10801"}],"curies":[{"name":"wp","href":"https:\/\/api.w.org\/{rel}","templated":true}]}}