{"id":10859,"date":"2022-10-13T09:18:34","date_gmt":"2022-10-13T06:18:34","guid":{"rendered":"http:\/\/www.france.fi\/?p=10859"},"modified":"2022-11-17T16:26:06","modified_gmt":"2022-11-17T14:26:06","slug":"insp-ena-2023-2024","status":"publish","type":"post","link":"https:\/\/www.france.fi\/fr\/sciences-et-universites\/insp-ena-2023-2024\/","title":{"rendered":"INSP (ENA) 2023-2024"},"content":{"rendered":"<p>Ces formations sont une formidable opportunit\u00e9 pour les fonctionnaires du monde entier de d\u00e9velopper des comp\u00e9tences en administration publique et de se former aux enjeux de l&rsquo;action publique de demain, au contact des \u00e9l\u00e8ves fran\u00e7ais et de leurs homologues internationaux. Lancez-vous : les inscriptions sont ouvertes jusqu&rsquo;au 14 novembre 2022 !<\/p>\n<h4><strong>Cycles de formation<\/strong><\/h4>\n<p>Comme chaque ann\u00e9e, l\u2019INSP recrute par le biais de cette proc\u00e9dure, les participants aux trois <strong>cycles de formation de longue dur\u00e9e, ouverts aux fonctionnaires et agents publics \u00e9trangers <\/strong>:<\/p>\n<ul>\n<li><a href=\"https:\/\/insp.gouv.fr\/cil\" target=\"_blank\" rel=\"noopener\">Le Cycle International Long (Cil) de l\u2019INSP<\/a> (dur\u00e9e\u00a0: 13 mois + <em>1 mois optionnel, pour<\/em> <em>la soutenance du m\u00e9moire de master<\/em>), pour de jeunes hauts fonctionnaires. NB\u00a0: Le Cil peut \u00eatre ouvert aux futurs fonctionnaires apr\u00e8s d\u00e9rogation). Cette formation dipl\u00f4mante est coupl\u00e9e \u00e0 trois parcours de masters professionnels en \u00ab\u00a0Communication des institutions publiques\u00bb, en \u00ab\u00a0Action publique en Europe\/Affaires publiques europ\u00e9ennes\u00bb et en \u00ab\u00a0Administration publique g\u00e9n\u00e9rale\u00a0\u00bb organis\u00e9s par l\u2019INSP en partenariat avec de prestigieuses universit\u00e9s fran\u00e7aises\u00a0:<a href=\"http:\/\/www.paris-sorbonne.fr\/l-universite\/sites-et-plans-d-acces\/les-sites\/autres-sites\/celsa\/\" target=\"_blank\" rel=\"noopener\"> Paris CELSA<\/a><u>\u00a0<\/u><u>; <\/u><a href=\"http:\/\/www.univ-paris1.fr\/\" target=\"_blank\" rel=\"noopener\">Paris\u00a0 1 Panth\u00e9on-Sorbonne<\/a><u>, et l\u2019<\/u><a href=\"http:\/\/www.unistra.fr\/index.php?id=accueil\" target=\"_blank\" rel=\"noopener\">Universit\u00e9 de Strasbourg<\/a><u>.<\/u><\/li>\n<li><a href=\"https:\/\/insp.gouv.fr\/cip\" target=\"_blank\" rel=\"noopener\">Le Cycle International de Perfectionnement (Cip) de l\u2019INSP<\/a> (dur\u00e9e\u00a0: 8 mois, pour des hauts fonctionnaires confirm\u00e9s). Cette formation dipl\u00f4mante est coupl\u00e9e \u00e0 deux parcours de masters professionnels en \u00ab Administration et affaires internationales \u00bb et en \u00ab Administration et finances publiques \u00bb organis\u00e9s par l\u2019INSP en partenariat avec l\u2019universit\u00e9 <a href=\"http:\/\/www.univ-paris1.fr\/\" target=\"_blank\" rel=\"noopener\">Paris 1 Panth\u00e9on-Sorbonne<\/a><u> et l\u2019<\/u><a href=\"http:\/\/www.unistra.fr\/index.php?id=accueil\" target=\"_blank\" rel=\"noopener\">Universit\u00e9 de Strasbourg<\/a>.<\/li>\n<li><a href=\"https:\/\/www.fonction-publique.gouv.fr\/cycle-international-des-instituts-regionaux-dadministration-ciira\" target=\"_blank\" rel=\"noopener\">Le Cycle International des IRA (CiIRA)<\/a> (dur\u00e9e\u00a0: 8 mois, s\u2019adresse \u00e0 des cadres de niveau interm\u00e9diaire \u00e9trangers, souhaitant \u00e9largir ou consolider leurs comp\u00e9tences en management de l\u2019administration publique). Les IRA offrent \u00e9galement la possibilit\u00e9 aux fonctionnaires \u00e9trangers de pr\u00e9parer un master, parall\u00e8lement \u00e0 leur scolarit\u00e9.<\/li>\n<\/ul>\n<h4><strong>Inscription<\/strong><\/h4>\n<p><strong>Inscription en ligne<\/strong><strong>\u00a0<\/strong><strong>:<\/strong> celle-ci est <strong>enti\u00e8rement d\u00e9mat\u00e9rialis\u00e9e<\/strong> via le site <a href=\"http:\/\/www.insp.gouv.fr\" target=\"_blank\" rel=\"noopener\">www.insp.gouv.fr<\/a><\/p>\n<p>La p\u00e9riode d\u2019inscription s\u2019\u00e9tale du <strong>05 octobre au 14 novembre 2022<\/strong>.<\/p>\n<h4><strong>Calendrier<\/strong><strong>\u00a0<\/strong><\/h4>\n<p>Il se d\u00e9compose en 4 phases\u00a0:<\/p>\n<ul>\n<li>Une <strong>s\u00e9lection sur dossier par l\u2019INSP <\/strong>des candidats inscrits<strong>,<\/strong><\/li>\n<li>La participation du candidat \u00e0 un <strong>test \u00e9crit compos\u00e9 de 3 \u00e9preuves<\/strong>, organis\u00e9 par l\u2019ambassade,<\/li>\n<li>Un<strong> entretien oral de pr\u00e9-s\u00e9lection<\/strong> mis en place et men\u00e9 <strong>par les ambassades<\/strong> \u00e0 destination <strong>des candidats d\u00e9clar\u00e9s admissibles<\/strong> \u00e0 l\u2019issue des tests \u00e9crits<strong>.<\/strong><\/li>\n<li>La derni\u00e8re \u00e9tape de<strong> pr\u00e9-s\u00e9lection assur\u00e9e par la direction des stages <\/strong>sur la base des avis circonstanci\u00e9s des ambassades r\u00e9dig\u00e9s sur les comptes rendus d\u2019entretiens<strong>.<\/strong><\/li>\n<\/ul>\n<table>\n<tbody>\n<tr>\n<td>Inscription en ligne<\/td>\n<td>du 5 octobre au 14 novembre 2022<\/td>\n<\/tr>\n<tr>\n<td>S\u00e9lection des candidats sur dossiers<\/td>\n<td>du 19 novembre au 2 d\u00e9cembre 2022<\/td>\n<\/tr>\n<tr>\n<td>Transmission aux ambassades de la liste des candidats \u00e0 convoquer aux \u00e9crits<\/td>\n<td>du 5 au 9 d\u00e9cembre 2022<\/td>\n<\/tr>\n<tr>\n<td>\u00c9preuves \u00e9crites organis\u00e9es<strong>\u00a0<\/strong>par les services des ambassades<\/td>\n<td>du 9 au 15 janvier 2023<\/td>\n<\/tr>\n<tr>\n<td>\u00c9preuves orales organis\u00e9es par les services des ambassades<\/td>\n<td>du 13 mars au 9 avril 2023<\/td>\n<\/tr>\n<tr>\n<td>Comit\u00e9 final de s\u00e9lection<\/td>\n<td>d\u00e9but mai 2023<\/td>\n<\/tr>\n<tr>\n<td>Rentr\u00e9e<\/td>\n<td>1er septembre 2023<\/td>\n<\/tr>\n<\/tbody>\n<\/table>\n<p>Pour toute information compl\u00e9mentaire, voir la <strong><a href=\"http:\/\/www.france.fi\/wp-content\/uploads\/2022\/10\/FIche-promotion-selection-cycles-internationaux-2023-2024.pdf\">fiche promotion ici<\/a><\/strong> ou le site de <a href=\"https:\/\/insp.gouv.fr\/cycles-internationaux-2022\" target=\"_blank\" rel=\"noopener\">l\u2019INSP<\/a><\/p>\n","protected":false},"excerpt":{"rendered":"<p>L&rsquo;Institut national du service public (INSP) lance la proc\u00e9dure de s\u00e9lection de trois cycles internationaux de formation de longue dur\u00e9e, ouverts aux fonctionnaires et agents publics \u00e9trangers. <\/p>\n","protected":false},"author":2,"featured_media":10860,"comment_status":"closed","ping_status":"open","sticky":false,"template":"","format":"standard","meta":{"footnotes":""},"categories":[4],"tags":[],"class_list":["post-10859","post","type-post","status-publish","format-standard","has-post-thumbnail","hentry","category-sciences-et-universites"],"yoast_head":"<!-- This site is optimized with the Yoast SEO plugin v27.4 - https:\/\/yoast.com\/product\/yoast-seo-wordpress\/ -->\n<title>INSP (ENA) 2023-2024 - Institut fran\u00e7ais<\/title>\n<meta name=\"robots\" content=\"index, follow, max-snippet:-1, max-image-preview:large, max-video-preview:-1\" \/>\n<link rel=\"canonical\" href=\"https:\/\/www.france.fi\/fr\/sciences-et-universites\/insp-ena-2023-2024\/\" \/>\n<meta property=\"og:locale\" content=\"fr_FR\" \/>\n<meta property=\"og:type\" content=\"article\" \/>\n<meta property=\"og:title\" content=\"INSP (ENA) 2023-2024 - Institut fran\u00e7ais\" \/>\n<meta property=\"og:description\" content=\"L&#039;Institut national du service public (INSP) lance la proc\u00e9dure de s\u00e9lection de trois cycles internationaux de formation de longue dur\u00e9e, ouverts aux fonctionnaires et agents publics \u00e9trangers.\" \/>\n<meta property=\"og:url\" content=\"https:\/\/www.france.fi\/fr\/sciences-et-universites\/insp-ena-2023-2024\/\" \/>\n<meta property=\"og:site_name\" content=\"Institut fran\u00e7ais\" \/>\n<meta property=\"article:publisher\" content=\"https:\/\/www.facebook.com\/institutfrancaisfi\" \/>\n<meta property=\"article:published_time\" content=\"2022-10-13T06:18:34+00:00\" \/>\n<meta property=\"article:modified_time\" content=\"2022-11-17T14:26:06+00:00\" \/>\n<meta property=\"og:image\" content=\"https:\/\/www.france.fi\/wp-content\/uploads\/2022\/10\/cycles_internationaux_2022-1098x617.jpg\" \/>\n\t<meta property=\"og:image:width\" content=\"1280\" \/>\n\t<meta property=\"og:image:height\" content=\"720\" \/>\n\t<meta property=\"og:image:type\" content=\"image\/jpeg\" \/>\n<meta name=\"author\" content=\"Equipe IFF\" \/>\n<meta name=\"twitter:card\" content=\"summary_large_image\" \/>\n<meta name=\"twitter:creator\" content=\"@IFFinlande\" \/>\n<meta name=\"twitter:site\" content=\"@IFFinlande\" \/>\n<meta name=\"twitter:label1\" content=\"\u00c9crit par\" \/>\n\t<meta name=\"twitter:data1\" content=\"Equipe IFF\" \/>\n\t<meta name=\"twitter:label2\" content=\"Dur\u00e9e de lecture estim\u00e9e\" \/>\n\t<meta name=\"twitter:data2\" content=\"3 minutes\" \/>\n<script type=\"application\/ld+json\" class=\"yoast-schema-graph\">{\"@context\":\"https:\\\/\\\/schema.org\",\"@graph\":[{\"@type\":\"Article\",\"@id\":\"https:\\\/\\\/www.france.fi\\\/fr\\\/sciences-et-universites\\\/insp-ena-2023-2024\\\/#article\",\"isPartOf\":{\"@id\":\"https:\\\/\\\/www.france.fi\\\/fr\\\/sciences-et-universites\\\/insp-ena-2023-2024\\\/\"},\"author\":{\"name\":\"Equipe IFF\",\"@id\":\"https:\\\/\\\/www.france.fi\\\/#\\\/schema\\\/person\\\/ed873f29db1d0af6a3600d15d3b65bfd\"},\"headline\":\"INSP (ENA) 2023-2024\",\"datePublished\":\"2022-10-13T06:18:34+00:00\",\"dateModified\":\"2022-11-17T14:26:06+00:00\",\"mainEntityOfPage\":{\"@id\":\"https:\\\/\\\/www.france.fi\\\/fr\\\/sciences-et-universites\\\/insp-ena-2023-2024\\\/\"},\"wordCount\":503,\"publisher\":{\"@id\":\"https:\\\/\\\/www.france.fi\\\/#organization\"},\"image\":{\"@id\":\"https:\\\/\\\/www.france.fi\\\/fr\\\/sciences-et-universites\\\/insp-ena-2023-2024\\\/#primaryimage\"},\"thumbnailUrl\":\"https:\\\/\\\/www.france.fi\\\/wp-content\\\/uploads\\\/2022\\\/10\\\/cycles_internationaux_2022-1098x617.jpg\",\"articleSection\":[\"Sciences et universit\u00e9s\"],\"inLanguage\":\"fr-FR\"},{\"@type\":\"WebPage\",\"@id\":\"https:\\\/\\\/www.france.fi\\\/fr\\\/sciences-et-universites\\\/insp-ena-2023-2024\\\/\",\"url\":\"https:\\\/\\\/www.france.fi\\\/fr\\\/sciences-et-universites\\\/insp-ena-2023-2024\\\/\",\"name\":\"INSP (ENA) 2023-2024 - Institut fran\u00e7ais\",\"isPartOf\":{\"@id\":\"https:\\\/\\\/www.france.fi\\\/#website\"},\"primaryImageOfPage\":{\"@id\":\"https:\\\/\\\/www.france.fi\\\/fr\\\/sciences-et-universites\\\/insp-ena-2023-2024\\\/#primaryimage\"},\"image\":{\"@id\":\"https:\\\/\\\/www.france.fi\\\/fr\\\/sciences-et-universites\\\/insp-ena-2023-2024\\\/#primaryimage\"},\"thumbnailUrl\":\"https:\\\/\\\/www.france.fi\\\/wp-content\\\/uploads\\\/2022\\\/10\\\/cycles_internationaux_2022-1098x617.jpg\",\"datePublished\":\"2022-10-13T06:18:34+00:00\",\"dateModified\":\"2022-11-17T14:26:06+00:00\",\"breadcrumb\":{\"@id\":\"https:\\\/\\\/www.france.fi\\\/fr\\\/sciences-et-universites\\\/insp-ena-2023-2024\\\/#breadcrumb\"},\"inLanguage\":\"fr-FR\",\"potentialAction\":[{\"@type\":\"ReadAction\",\"target\":[\"https:\\\/\\\/www.france.fi\\\/fr\\\/sciences-et-universites\\\/insp-ena-2023-2024\\\/\"]}]},{\"@type\":\"ImageObject\",\"inLanguage\":\"fr-FR\",\"@id\":\"https:\\\/\\\/www.france.fi\\\/fr\\\/sciences-et-universites\\\/insp-ena-2023-2024\\\/#primaryimage\",\"url\":\"https:\\\/\\\/www.france.fi\\\/wp-content\\\/uploads\\\/2022\\\/10\\\/cycles_internationaux_2022-1098x617.jpg\",\"contentUrl\":\"https:\\\/\\\/www.france.fi\\\/wp-content\\\/uploads\\\/2022\\\/10\\\/cycles_internationaux_2022-1098x617.jpg\",\"width\":1280,\"height\":720},{\"@type\":\"BreadcrumbList\",\"@id\":\"https:\\\/\\\/www.france.fi\\\/fr\\\/sciences-et-universites\\\/insp-ena-2023-2024\\\/#breadcrumb\",\"itemListElement\":[{\"@type\":\"ListItem\",\"position\":1,\"name\":\"Home\",\"item\":\"https:\\\/\\\/www.france.fi\\\/fr\\\/\"},{\"@type\":\"ListItem\",\"position\":2,\"name\":\"Sciences et universit\u00e9s\",\"item\":\"https:\\\/\\\/www.france.fi\\\/fr\\\/category\\\/sciences-et-universites\\\/\"},{\"@type\":\"ListItem\",\"position\":3,\"name\":\"INSP (ENA) 2023-2024\"}]},{\"@type\":\"WebSite\",\"@id\":\"https:\\\/\\\/www.france.fi\\\/#website\",\"url\":\"https:\\\/\\\/www.france.fi\\\/\",\"name\":\"Institut fran\u00e7ais de Finlande\",\"description\":\"\",\"publisher\":{\"@id\":\"https:\\\/\\\/www.france.fi\\\/#organization\"},\"potentialAction\":[{\"@type\":\"SearchAction\",\"target\":{\"@type\":\"EntryPoint\",\"urlTemplate\":\"https:\\\/\\\/www.france.fi\\\/?s={search_term_string}\"},\"query-input\":{\"@type\":\"PropertyValueSpecification\",\"valueRequired\":true,\"valueName\":\"search_term_string\"}}],\"inLanguage\":\"fr-FR\"},{\"@type\":\"Organization\",\"@id\":\"https:\\\/\\\/www.france.fi\\\/#organization\",\"name\":\"Institut fran\u00e7ais de Finlande\",\"url\":\"https:\\\/\\\/www.france.fi\\\/\",\"logo\":{\"@type\":\"ImageObject\",\"inLanguage\":\"fr-FR\",\"@id\":\"https:\\\/\\\/www.france.fi\\\/#\\\/schema\\\/logo\\\/image\\\/\",\"url\":\"https:\\\/\\\/www.france.fi\\\/wp-content\\\/uploads\\\/2024\\\/02\\\/if-logo-1.png\",\"contentUrl\":\"https:\\\/\\\/www.france.fi\\\/wp-content\\\/uploads\\\/2024\\\/02\\\/if-logo-1.png\",\"width\":687,\"height\":459,\"caption\":\"Institut fran\u00e7ais de Finlande\"},\"image\":{\"@id\":\"https:\\\/\\\/www.france.fi\\\/#\\\/schema\\\/logo\\\/image\\\/\"},\"sameAs\":[\"https:\\\/\\\/www.facebook.com\\\/institutfrancaisfi\",\"https:\\\/\\\/x.com\\\/IFFinlande\",\"https:\\\/\\\/www.instagram.com\\\/iffinlande\\\/\",\"https:\\\/\\\/fr.linkedin.com\\\/organization-guest\\\/company\\\/institut-fran-ais-de-finlande\",\"https:\\\/\\\/www.youtube.com\\\/channel\\\/UCHAitdpmSbeP78eL49XMotA\"]},{\"@type\":\"Person\",\"@id\":\"https:\\\/\\\/www.france.fi\\\/#\\\/schema\\\/person\\\/ed873f29db1d0af6a3600d15d3b65bfd\",\"name\":\"Equipe IFF\",\"image\":{\"@type\":\"ImageObject\",\"inLanguage\":\"fr-FR\",\"@id\":\"https:\\\/\\\/secure.gravatar.com\\\/avatar\\\/3c4ba80228d01014b25e45e90abb28ce315a02c6572751a7fb2298e4274989fc?s=96&d=mm&r=g\",\"url\":\"https:\\\/\\\/secure.gravatar.com\\\/avatar\\\/3c4ba80228d01014b25e45e90abb28ce315a02c6572751a7fb2298e4274989fc?s=96&d=mm&r=g\",\"contentUrl\":\"https:\\\/\\\/secure.gravatar.com\\\/avatar\\\/3c4ba80228d01014b25e45e90abb28ce315a02c6572751a7fb2298e4274989fc?s=96&d=mm&r=g\",\"caption\":\"Equipe IFF\"},\"url\":\"https:\\\/\\\/www.france.fi\\\/fr\\\/author\\\/iffadmin\\\/\"}]}<\/script>\n<!-- \/ Yoast SEO plugin. -->","yoast_head_json":{"title":"INSP (ENA) 2023-2024 - Institut fran\u00e7ais","robots":{"index":"index","follow":"follow","max-snippet":"max-snippet:-1","max-image-preview":"max-image-preview:large","max-video-preview":"max-video-preview:-1"},"canonical":"https:\/\/www.france.fi\/fr\/sciences-et-universites\/insp-ena-2023-2024\/","og_locale":"fr_FR","og_type":"article","og_title":"INSP (ENA) 2023-2024 - Institut fran\u00e7ais","og_description":"L'Institut national du service public (INSP) lance la proc\u00e9dure de s\u00e9lection de trois cycles internationaux de formation de longue dur\u00e9e, ouverts aux fonctionnaires et agents publics \u00e9trangers.","og_url":"https:\/\/www.france.fi\/fr\/sciences-et-universites\/insp-ena-2023-2024\/","og_site_name":"Institut fran\u00e7ais","article_publisher":"https:\/\/www.facebook.com\/institutfrancaisfi","article_published_time":"2022-10-13T06:18:34+00:00","article_modified_time":"2022-11-17T14:26:06+00:00","og_image":[{"width":1280,"height":720,"url":"https:\/\/www.france.fi\/wp-content\/uploads\/2022\/10\/cycles_internationaux_2022-1098x617.jpg","type":"image\/jpeg"}],"author":"Equipe IFF","twitter_card":"summary_large_image","twitter_creator":"@IFFinlande","twitter_site":"@IFFinlande","twitter_misc":{"\u00c9crit par":"Equipe IFF","Dur\u00e9e de lecture estim\u00e9e":"3 minutes"},"schema":{"@context":"https:\/\/schema.org","@graph":[{"@type":"Article","@id":"https:\/\/www.france.fi\/fr\/sciences-et-universites\/insp-ena-2023-2024\/#article","isPartOf":{"@id":"https:\/\/www.france.fi\/fr\/sciences-et-universites\/insp-ena-2023-2024\/"},"author":{"name":"Equipe IFF","@id":"https:\/\/www.france.fi\/#\/schema\/person\/ed873f29db1d0af6a3600d15d3b65bfd"},"headline":"INSP (ENA) 2023-2024","datePublished":"2022-10-13T06:18:34+00:00","dateModified":"2022-11-17T14:26:06+00:00","mainEntityOfPage":{"@id":"https:\/\/www.france.fi\/fr\/sciences-et-universites\/insp-ena-2023-2024\/"},"wordCount":503,"publisher":{"@id":"https:\/\/www.france.fi\/#organization"},"image":{"@id":"https:\/\/www.france.fi\/fr\/sciences-et-universites\/insp-ena-2023-2024\/#primaryimage"},"thumbnailUrl":"https:\/\/www.france.fi\/wp-content\/uploads\/2022\/10\/cycles_internationaux_2022-1098x617.jpg","articleSection":["Sciences et universit\u00e9s"],"inLanguage":"fr-FR"},{"@type":"WebPage","@id":"https:\/\/www.france.fi\/fr\/sciences-et-universites\/insp-ena-2023-2024\/","url":"https:\/\/www.france.fi\/fr\/sciences-et-universites\/insp-ena-2023-2024\/","name":"INSP (ENA) 2023-2024 - Institut fran\u00e7ais","isPartOf":{"@id":"https:\/\/www.france.fi\/#website"},"primaryImageOfPage":{"@id":"https:\/\/www.france.fi\/fr\/sciences-et-universites\/insp-ena-2023-2024\/#primaryimage"},"image":{"@id":"https:\/\/www.france.fi\/fr\/sciences-et-universites\/insp-ena-2023-2024\/#primaryimage"},"thumbnailUrl":"https:\/\/www.france.fi\/wp-content\/uploads\/2022\/10\/cycles_internationaux_2022-1098x617.jpg","datePublished":"2022-10-13T06:18:34+00:00","dateModified":"2022-11-17T14:26:06+00:00","breadcrumb":{"@id":"https:\/\/www.france.fi\/fr\/sciences-et-universites\/insp-ena-2023-2024\/#breadcrumb"},"inLanguage":"fr-FR","potentialAction":[{"@type":"ReadAction","target":["https:\/\/www.france.fi\/fr\/sciences-et-universites\/insp-ena-2023-2024\/"]}]},{"@type":"ImageObject","inLanguage":"fr-FR","@id":"https:\/\/www.france.fi\/fr\/sciences-et-universites\/insp-ena-2023-2024\/#primaryimage","url":"https:\/\/www.france.fi\/wp-content\/uploads\/2022\/10\/cycles_internationaux_2022-1098x617.jpg","contentUrl":"https:\/\/www.france.fi\/wp-content\/uploads\/2022\/10\/cycles_internationaux_2022-1098x617.jpg","width":1280,"height":720},{"@type":"BreadcrumbList","@id":"https:\/\/www.france.fi\/fr\/sciences-et-universites\/insp-ena-2023-2024\/#breadcrumb","itemListElement":[{"@type":"ListItem","position":1,"name":"Home","item":"https:\/\/www.france.fi\/fr\/"},{"@type":"ListItem","position":2,"name":"Sciences et universit\u00e9s","item":"https:\/\/www.france.fi\/fr\/category\/sciences-et-universites\/"},{"@type":"ListItem","position":3,"name":"INSP (ENA) 2023-2024"}]},{"@type":"WebSite","@id":"https:\/\/www.france.fi\/#website","url":"https:\/\/www.france.fi\/","name":"Institut fran\u00e7ais de Finlande","description":"","publisher":{"@id":"https:\/\/www.france.fi\/#organization"},"potentialAction":[{"@type":"SearchAction","target":{"@type":"EntryPoint","urlTemplate":"https:\/\/www.france.fi\/?s={search_term_string}"},"query-input":{"@type":"PropertyValueSpecification","valueRequired":true,"valueName":"search_term_string"}}],"inLanguage":"fr-FR"},{"@type":"Organization","@id":"https:\/\/www.france.fi\/#organization","name":"Institut fran\u00e7ais de Finlande","url":"https:\/\/www.france.fi\/","logo":{"@type":"ImageObject","inLanguage":"fr-FR","@id":"https:\/\/www.france.fi\/#\/schema\/logo\/image\/","url":"https:\/\/www.france.fi\/wp-content\/uploads\/2024\/02\/if-logo-1.png","contentUrl":"https:\/\/www.france.fi\/wp-content\/uploads\/2024\/02\/if-logo-1.png","width":687,"height":459,"caption":"Institut fran\u00e7ais de Finlande"},"image":{"@id":"https:\/\/www.france.fi\/#\/schema\/logo\/image\/"},"sameAs":["https:\/\/www.facebook.com\/institutfrancaisfi","https:\/\/x.com\/IFFinlande","https:\/\/www.instagram.com\/iffinlande\/","https:\/\/fr.linkedin.com\/organization-guest\/company\/institut-fran-ais-de-finlande","https:\/\/www.youtube.com\/channel\/UCHAitdpmSbeP78eL49XMotA"]},{"@type":"Person","@id":"https:\/\/www.france.fi\/#\/schema\/person\/ed873f29db1d0af6a3600d15d3b65bfd","name":"Equipe IFF","image":{"@type":"ImageObject","inLanguage":"fr-FR","@id":"https:\/\/secure.gravatar.com\/avatar\/3c4ba80228d01014b25e45e90abb28ce315a02c6572751a7fb2298e4274989fc?s=96&d=mm&r=g","url":"https:\/\/secure.gravatar.com\/avatar\/3c4ba80228d01014b25e45e90abb28ce315a02c6572751a7fb2298e4274989fc?s=96&d=mm&r=g","contentUrl":"https:\/\/secure.gravatar.com\/avatar\/3c4ba80228d01014b25e45e90abb28ce315a02c6572751a7fb2298e4274989fc?s=96&d=mm&r=g","caption":"Equipe IFF"},"url":"https:\/\/www.france.fi\/fr\/author\/iffadmin\/"}]}},"_links":{"self":[{"href":"https:\/\/www.france.fi\/fr\/wp-json\/wp\/v2\/posts\/10859","targetHints":{"allow":["GET"]}}],"collection":[{"href":"https:\/\/www.france.fi\/fr\/wp-json\/wp\/v2\/posts"}],"about":[{"href":"https:\/\/www.france.fi\/fr\/wp-json\/wp\/v2\/types\/post"}],"author":[{"embeddable":true,"href":"https:\/\/www.france.fi\/fr\/wp-json\/wp\/v2\/users\/2"}],"replies":[{"embeddable":true,"href":"https:\/\/www.france.fi\/fr\/wp-json\/wp\/v2\/comments?post=10859"}],"version-history":[{"count":0,"href":"https:\/\/www.france.fi\/fr\/wp-json\/wp\/v2\/posts\/10859\/revisions"}],"wp:featuredmedia":[{"embeddable":true,"href":"https:\/\/www.france.fi\/fr\/wp-json\/wp\/v2\/media\/10860"}],"wp:attachment":[{"href":"https:\/\/www.france.fi\/fr\/wp-json\/wp\/v2\/media?parent=10859"}],"wp:term":[{"taxonomy":"category","embeddable":true,"href":"https:\/\/www.france.fi\/fr\/wp-json\/wp\/v2\/categories?post=10859"},{"taxonomy":"post_tag","embeddable":true,"href":"https:\/\/www.france.fi\/fr\/wp-json\/wp\/v2\/tags?post=10859"}],"curies":[{"name":"wp","href":"https:\/\/api.w.org\/{rel}","templated":true}]}}