{"id":11088,"date":"2022-10-28T16:04:02","date_gmt":"2022-10-28T13:04:02","guid":{"rendered":"https:\/\/www.france.fi\/culture\/france-nokia-chaire-dexcellence-ict\/"},"modified":"2023-05-02T16:23:10","modified_gmt":"2023-05-02T13:23:10","slug":"france-nokia-chaire-dexcellence-ict","status":"publish","type":"post","link":"https:\/\/www.france.fi\/fr\/sciences-et-universites\/france-nokia-chaire-dexcellence-ict\/","title":{"rendered":"Chaire d\u2019Excellence France-Nokia \u2013 Appel \u00e0 candidatures 2023"},"content":{"rendered":"<p><strong>La Chaire d&rsquo;Excellence France-Nokia en Technologies de l&rsquo;Information et de la Communication<\/strong> offre une opportunit\u00e9 unique \u00e0 un \u00e9minent universitaire\/chercheur fran\u00e7ais de s&rsquo;engager dans une collaboration de recherche internationale. Le poste de la Chaire est ouvert aux universitaires et sp\u00e9cialistes des technologies de l&rsquo;information et de la communication (TIC) souhaitant travailler dans un \u00e9tablissement d&rsquo;enseignement sup\u00e9rieur ou de recherche en Finlande.<\/p>\n<p>Les objectifs de la Chaire d&rsquo;excellence France-Nokia sont les suivants :<\/p>\n<ul>\n<li>Faire progresser la recherche sur les TIC,<\/li>\n<li>D\u00e9velopper les \u00e9changes internationaux et la collaboration entre les \u00e9tablissements d&rsquo;enseignement sup\u00e9rieur fran\u00e7ais et finlandais<\/li>\n<li>Encourager les publications conjointes entre chercheurs fran\u00e7ais et finlandais dans le domaine des TIC,<\/li>\n<li>Le cas \u00e9ch\u00e9ant, encadrer les recherches des \u00e9tudiants au niveau du master et du doctorat et<\/li>\n<li>Organiser et participer \u00e0 des conf\u00e9rences.<\/li>\n<\/ul>\n<p>La dur\u00e9e <strong>minimale<\/strong> de la visite est de <strong>quatre mois<\/strong>. Le chercheur invit\u00e9 venant en Finlande participera g\u00e9n\u00e9ralement \u00e0 des travaux de recherche, donnera des conf\u00e9rences ou, le cas \u00e9ch\u00e9ant, collaborera avec des entreprises finlandaises.<\/p>\n<p>Il est attendu de cette collaboration qu\u2019elle fasse progresser le domaine des TIC. <strong>Les candidats doivent \u00eatre d&rsquo;\u00e9minents chercheurs<\/strong> et avoir un palmar\u00e8s reconnu de r\u00e9alisations scientifiques, dont un nombre important de publications.<\/p>\n<p><strong>La Chaire d&rsquo;excellence France-Nokia<\/strong> en technologies de l&rsquo;information et de la communication est financ\u00e9e conjointement par la Fondation Nokia (20 000 \u20ac) et l&rsquo;institution d&rsquo;origine du chercheur fran\u00e7ais (20 000 \u20ac). La subvention couvrira les co\u00fbts li\u00e9s au s\u00e9jour en Finlande. Une <strong>p\u00e9riode minimale de 4 mois<\/strong> est requise, mais le chercheur fran\u00e7ais peut rester pour une p\u00e9riode plus longue avec l\u2019accord des institutions d&rsquo;origine et d&rsquo;accueil. La mobilit\u00e9 peut avoir lieu en 2023 ou en 2024 en fonction de la disponibilit\u00e9 du chercheur.<\/p>\n<p>Le chercheur invit\u00e9 ne doit pas n\u00e9cessairement parler finnois ou su\u00e9dois pour pouvoir vivre en Finlande. L&rsquo;anglais est largement parl\u00e9 dans les milieux universitaires et dans l&rsquo;ensemble du pays.<\/p>\n<p>Pour le programme 2023, <strong>un<\/strong> \u00e9minent chercheur fran\u00e7ais sera s\u00e9lectionn\u00e9 pour une bourse.<\/p>\n<h4><strong>Comment postuler<\/strong><\/h4>\n<p>L&rsquo;appel \u00e0 candidatures est ouvert du 5 d\u00e9cembre 2022 au 21 avril 2023.<\/p>\n<p>Le formulaire de candidature doit \u00eatre rempli en ligne \u00e0 l\u2019adresse suivante : <strong><a href=\"https:\/\/nokiafoundation.apurahat.net\" target=\"_blank\" rel=\"noopener\">https:\/\/nokiafoundation.apurahat.net<\/a><\/strong><\/p>\n<p>Les pi\u00e8ces \u00e0 joindre obligatoirement \u00e0 la candidature sont les suivantes :<\/p>\n<ul>\n<li>Plan de travail d\u00e9taill\u00e9 de la visite<\/li>\n<li>Curriculum Vitae du candidat<\/li>\n<li>Lettre d&rsquo;invitation de l&rsquo;universit\u00e9 ou de l&rsquo;institut d&rsquo;accueil de la visite<\/li>\n<li>Lettre de soutien financier de l&rsquo;universit\u00e9 ou de l&rsquo;institut d&rsquo;origine<\/li>\n<\/ul>\n<p>Pour de plus amples informations, veuillez contacter<\/p>\n<p><a href=\"mailto:uniscience.iff@france.fi\">uniscience.iff@france.fi<\/a> ou (en anglais) <a href=\"mailto:leena.tanner@aspicore.com\">leena.tanner@aspicore.com<\/a><\/p>\n<p><strong>Date limite de d\u00e9p\u00f4t des candidatures : 21 avril 2023<\/strong>.<\/p>\n<p>Les r\u00e9sultats de la s\u00e9lection seront communiqu\u00e9s \u00e0 la fin du mois de mai 2023.<\/p>\n","protected":false},"excerpt":{"rendered":"<p>La Chaire d&rsquo;Excellence France-Nokia en Technologies de l&rsquo;Information et de la Communication offre une opportunit\u00e9 unique \u00e0 un \u00e9minent universitaire\/chercheur fran\u00e7ais de s&rsquo;engager dans une collaboration de recherche internationale.<\/p>\n","protected":false},"author":2,"featured_media":7943,"comment_status":"closed","ping_status":"closed","sticky":false,"template":"","format":"standard","meta":{"footnotes":""},"categories":[4],"tags":[],"class_list":["post-11088","post","type-post","status-publish","format-standard","has-post-thumbnail","hentry","category-sciences-et-universites"],"yoast_head":"<!-- This site is optimized with the Yoast SEO plugin v27.4 - https:\/\/yoast.com\/product\/yoast-seo-wordpress\/ -->\n<title>Chaire d\u2019Excellence France-Nokia \u2013 Appel \u00e0 candidatures 2023 - Institut fran\u00e7ais<\/title>\n<meta name=\"robots\" content=\"index, follow, max-snippet:-1, max-image-preview:large, max-video-preview:-1\" \/>\n<link rel=\"canonical\" href=\"https:\/\/www.france.fi\/fr\/sciences-et-universites\/france-nokia-chaire-dexcellence-ict\/\" \/>\n<meta property=\"og:locale\" content=\"fr_FR\" \/>\n<meta property=\"og:type\" content=\"article\" \/>\n<meta property=\"og:title\" content=\"Chaire d\u2019Excellence France-Nokia \u2013 Appel \u00e0 candidatures 2023 - Institut fran\u00e7ais\" \/>\n<meta property=\"og:description\" content=\"La Chaire d&#039;Excellence France-Nokia en Technologies de l&#039;Information et de la Communication offre une opportunit\u00e9 unique \u00e0 un \u00e9minent universitaire\/chercheur fran\u00e7ais de s&#039;engager dans une collaboration de recherche internationale.\" \/>\n<meta property=\"og:url\" content=\"https:\/\/www.france.fi\/fr\/sciences-et-universites\/france-nokia-chaire-dexcellence-ict\/\" \/>\n<meta property=\"og:site_name\" content=\"Institut fran\u00e7ais\" \/>\n<meta property=\"article:publisher\" content=\"https:\/\/www.facebook.com\/institutfrancaisfi\" \/>\n<meta property=\"article:published_time\" content=\"2022-10-28T13:04:02+00:00\" \/>\n<meta property=\"article:modified_time\" content=\"2023-05-02T13:23:10+00:00\" \/>\n<meta property=\"og:image\" content=\"https:\/\/www.france.fi\/wp-content\/uploads\/2022\/01\/France-Nokia-Chaire-dexcellence-1098x617.jpg\" \/>\n\t<meta property=\"og:image:width\" content=\"1280\" \/>\n\t<meta property=\"og:image:height\" content=\"720\" \/>\n\t<meta property=\"og:image:type\" content=\"image\/jpeg\" \/>\n<meta name=\"author\" content=\"Equipe IFF\" \/>\n<meta name=\"twitter:card\" content=\"summary_large_image\" \/>\n<meta name=\"twitter:creator\" content=\"@IFFinlande\" \/>\n<meta name=\"twitter:site\" content=\"@IFFinlande\" \/>\n<meta name=\"twitter:label1\" content=\"\u00c9crit par\" \/>\n\t<meta name=\"twitter:data1\" content=\"Equipe IFF\" \/>\n\t<meta name=\"twitter:label2\" content=\"Dur\u00e9e de lecture estim\u00e9e\" \/>\n\t<meta name=\"twitter:data2\" content=\"3 minutes\" \/>\n<script type=\"application\/ld+json\" class=\"yoast-schema-graph\">{\"@context\":\"https:\\\/\\\/schema.org\",\"@graph\":[{\"@type\":\"Article\",\"@id\":\"https:\\\/\\\/www.france.fi\\\/fr\\\/sciences-et-universites\\\/france-nokia-chaire-dexcellence-ict\\\/#article\",\"isPartOf\":{\"@id\":\"https:\\\/\\\/www.france.fi\\\/fr\\\/sciences-et-universites\\\/france-nokia-chaire-dexcellence-ict\\\/\"},\"author\":{\"name\":\"Equipe IFF\",\"@id\":\"https:\\\/\\\/www.france.fi\\\/#\\\/schema\\\/person\\\/ed873f29db1d0af6a3600d15d3b65bfd\"},\"headline\":\"Chaire d\u2019Excellence France-Nokia \u2013 Appel \u00e0 candidatures 2023\",\"datePublished\":\"2022-10-28T13:04:02+00:00\",\"dateModified\":\"2023-05-02T13:23:10+00:00\",\"mainEntityOfPage\":{\"@id\":\"https:\\\/\\\/www.france.fi\\\/fr\\\/sciences-et-universites\\\/france-nokia-chaire-dexcellence-ict\\\/\"},\"wordCount\":484,\"publisher\":{\"@id\":\"https:\\\/\\\/www.france.fi\\\/#organization\"},\"image\":{\"@id\":\"https:\\\/\\\/www.france.fi\\\/fr\\\/sciences-et-universites\\\/france-nokia-chaire-dexcellence-ict\\\/#primaryimage\"},\"thumbnailUrl\":\"https:\\\/\\\/www.france.fi\\\/wp-content\\\/uploads\\\/2022\\\/01\\\/France-Nokia-Chaire-dexcellence-1098x617.jpg\",\"articleSection\":[\"Sciences et universit\u00e9s\"],\"inLanguage\":\"fr-FR\"},{\"@type\":\"WebPage\",\"@id\":\"https:\\\/\\\/www.france.fi\\\/fr\\\/sciences-et-universites\\\/france-nokia-chaire-dexcellence-ict\\\/\",\"url\":\"https:\\\/\\\/www.france.fi\\\/fr\\\/sciences-et-universites\\\/france-nokia-chaire-dexcellence-ict\\\/\",\"name\":\"Chaire d\u2019Excellence France-Nokia \u2013 Appel \u00e0 candidatures 2023 - Institut fran\u00e7ais\",\"isPartOf\":{\"@id\":\"https:\\\/\\\/www.france.fi\\\/#website\"},\"primaryImageOfPage\":{\"@id\":\"https:\\\/\\\/www.france.fi\\\/fr\\\/sciences-et-universites\\\/france-nokia-chaire-dexcellence-ict\\\/#primaryimage\"},\"image\":{\"@id\":\"https:\\\/\\\/www.france.fi\\\/fr\\\/sciences-et-universites\\\/france-nokia-chaire-dexcellence-ict\\\/#primaryimage\"},\"thumbnailUrl\":\"https:\\\/\\\/www.france.fi\\\/wp-content\\\/uploads\\\/2022\\\/01\\\/France-Nokia-Chaire-dexcellence-1098x617.jpg\",\"datePublished\":\"2022-10-28T13:04:02+00:00\",\"dateModified\":\"2023-05-02T13:23:10+00:00\",\"breadcrumb\":{\"@id\":\"https:\\\/\\\/www.france.fi\\\/fr\\\/sciences-et-universites\\\/france-nokia-chaire-dexcellence-ict\\\/#breadcrumb\"},\"inLanguage\":\"fr-FR\",\"potentialAction\":[{\"@type\":\"ReadAction\",\"target\":[\"https:\\\/\\\/www.france.fi\\\/fr\\\/sciences-et-universites\\\/france-nokia-chaire-dexcellence-ict\\\/\"]}]},{\"@type\":\"ImageObject\",\"inLanguage\":\"fr-FR\",\"@id\":\"https:\\\/\\\/www.france.fi\\\/fr\\\/sciences-et-universites\\\/france-nokia-chaire-dexcellence-ict\\\/#primaryimage\",\"url\":\"https:\\\/\\\/www.france.fi\\\/wp-content\\\/uploads\\\/2022\\\/01\\\/France-Nokia-Chaire-dexcellence-1098x617.jpg\",\"contentUrl\":\"https:\\\/\\\/www.france.fi\\\/wp-content\\\/uploads\\\/2022\\\/01\\\/France-Nokia-Chaire-dexcellence-1098x617.jpg\",\"width\":1280,\"height\":720},{\"@type\":\"BreadcrumbList\",\"@id\":\"https:\\\/\\\/www.france.fi\\\/fr\\\/sciences-et-universites\\\/france-nokia-chaire-dexcellence-ict\\\/#breadcrumb\",\"itemListElement\":[{\"@type\":\"ListItem\",\"position\":1,\"name\":\"Home\",\"item\":\"https:\\\/\\\/www.france.fi\\\/fr\\\/\"},{\"@type\":\"ListItem\",\"position\":2,\"name\":\"Science and universities\",\"item\":\"https:\\\/\\\/www.france.fi\\\/en\\\/category\\\/science-and-universities\\\/\"},{\"@type\":\"ListItem\",\"position\":3,\"name\":\"Chaire d\u2019Excellence France-Nokia \u2013 Appel \u00e0 candidatures 2023\"}]},{\"@type\":\"WebSite\",\"@id\":\"https:\\\/\\\/www.france.fi\\\/#website\",\"url\":\"https:\\\/\\\/www.france.fi\\\/\",\"name\":\"Institut fran\u00e7ais de Finlande\",\"description\":\"\",\"publisher\":{\"@id\":\"https:\\\/\\\/www.france.fi\\\/#organization\"},\"potentialAction\":[{\"@type\":\"SearchAction\",\"target\":{\"@type\":\"EntryPoint\",\"urlTemplate\":\"https:\\\/\\\/www.france.fi\\\/?s={search_term_string}\"},\"query-input\":{\"@type\":\"PropertyValueSpecification\",\"valueRequired\":true,\"valueName\":\"search_term_string\"}}],\"inLanguage\":\"fr-FR\"},{\"@type\":\"Organization\",\"@id\":\"https:\\\/\\\/www.france.fi\\\/#organization\",\"name\":\"Institut fran\u00e7ais de Finlande\",\"url\":\"https:\\\/\\\/www.france.fi\\\/\",\"logo\":{\"@type\":\"ImageObject\",\"inLanguage\":\"fr-FR\",\"@id\":\"https:\\\/\\\/www.france.fi\\\/#\\\/schema\\\/logo\\\/image\\\/\",\"url\":\"https:\\\/\\\/www.france.fi\\\/wp-content\\\/uploads\\\/2024\\\/02\\\/if-logo-1.png\",\"contentUrl\":\"https:\\\/\\\/www.france.fi\\\/wp-content\\\/uploads\\\/2024\\\/02\\\/if-logo-1.png\",\"width\":687,\"height\":459,\"caption\":\"Institut fran\u00e7ais de Finlande\"},\"image\":{\"@id\":\"https:\\\/\\\/www.france.fi\\\/#\\\/schema\\\/logo\\\/image\\\/\"},\"sameAs\":[\"https:\\\/\\\/www.facebook.com\\\/institutfrancaisfi\",\"https:\\\/\\\/x.com\\\/IFFinlande\",\"https:\\\/\\\/www.instagram.com\\\/iffinlande\\\/\",\"https:\\\/\\\/fr.linkedin.com\\\/organization-guest\\\/company\\\/institut-fran-ais-de-finlande\",\"https:\\\/\\\/www.youtube.com\\\/channel\\\/UCHAitdpmSbeP78eL49XMotA\"]},{\"@type\":\"Person\",\"@id\":\"https:\\\/\\\/www.france.fi\\\/#\\\/schema\\\/person\\\/ed873f29db1d0af6a3600d15d3b65bfd\",\"name\":\"Equipe IFF\",\"image\":{\"@type\":\"ImageObject\",\"inLanguage\":\"fr-FR\",\"@id\":\"https:\\\/\\\/secure.gravatar.com\\\/avatar\\\/3c4ba80228d01014b25e45e90abb28ce315a02c6572751a7fb2298e4274989fc?s=96&d=mm&r=g\",\"url\":\"https:\\\/\\\/secure.gravatar.com\\\/avatar\\\/3c4ba80228d01014b25e45e90abb28ce315a02c6572751a7fb2298e4274989fc?s=96&d=mm&r=g\",\"contentUrl\":\"https:\\\/\\\/secure.gravatar.com\\\/avatar\\\/3c4ba80228d01014b25e45e90abb28ce315a02c6572751a7fb2298e4274989fc?s=96&d=mm&r=g\",\"caption\":\"Equipe IFF\"},\"url\":\"https:\\\/\\\/www.france.fi\\\/fr\\\/author\\\/iffadmin\\\/\"}]}<\/script>\n<!-- \/ Yoast SEO plugin. -->","yoast_head_json":{"title":"Chaire d\u2019Excellence France-Nokia \u2013 Appel \u00e0 candidatures 2023 - Institut fran\u00e7ais","robots":{"index":"index","follow":"follow","max-snippet":"max-snippet:-1","max-image-preview":"max-image-preview:large","max-video-preview":"max-video-preview:-1"},"canonical":"https:\/\/www.france.fi\/fr\/sciences-et-universites\/france-nokia-chaire-dexcellence-ict\/","og_locale":"fr_FR","og_type":"article","og_title":"Chaire d\u2019Excellence France-Nokia \u2013 Appel \u00e0 candidatures 2023 - Institut fran\u00e7ais","og_description":"La Chaire d'Excellence France-Nokia en Technologies de l'Information et de la Communication offre une opportunit\u00e9 unique \u00e0 un \u00e9minent universitaire\/chercheur fran\u00e7ais de s'engager dans une collaboration de recherche internationale.","og_url":"https:\/\/www.france.fi\/fr\/sciences-et-universites\/france-nokia-chaire-dexcellence-ict\/","og_site_name":"Institut fran\u00e7ais","article_publisher":"https:\/\/www.facebook.com\/institutfrancaisfi","article_published_time":"2022-10-28T13:04:02+00:00","article_modified_time":"2023-05-02T13:23:10+00:00","og_image":[{"width":1280,"height":720,"url":"https:\/\/www.france.fi\/wp-content\/uploads\/2022\/01\/France-Nokia-Chaire-dexcellence-1098x617.jpg","type":"image\/jpeg"}],"author":"Equipe IFF","twitter_card":"summary_large_image","twitter_creator":"@IFFinlande","twitter_site":"@IFFinlande","twitter_misc":{"\u00c9crit par":"Equipe IFF","Dur\u00e9e de lecture estim\u00e9e":"3 minutes"},"schema":{"@context":"https:\/\/schema.org","@graph":[{"@type":"Article","@id":"https:\/\/www.france.fi\/fr\/sciences-et-universites\/france-nokia-chaire-dexcellence-ict\/#article","isPartOf":{"@id":"https:\/\/www.france.fi\/fr\/sciences-et-universites\/france-nokia-chaire-dexcellence-ict\/"},"author":{"name":"Equipe IFF","@id":"https:\/\/www.france.fi\/#\/schema\/person\/ed873f29db1d0af6a3600d15d3b65bfd"},"headline":"Chaire d\u2019Excellence France-Nokia \u2013 Appel \u00e0 candidatures 2023","datePublished":"2022-10-28T13:04:02+00:00","dateModified":"2023-05-02T13:23:10+00:00","mainEntityOfPage":{"@id":"https:\/\/www.france.fi\/fr\/sciences-et-universites\/france-nokia-chaire-dexcellence-ict\/"},"wordCount":484,"publisher":{"@id":"https:\/\/www.france.fi\/#organization"},"image":{"@id":"https:\/\/www.france.fi\/fr\/sciences-et-universites\/france-nokia-chaire-dexcellence-ict\/#primaryimage"},"thumbnailUrl":"https:\/\/www.france.fi\/wp-content\/uploads\/2022\/01\/France-Nokia-Chaire-dexcellence-1098x617.jpg","articleSection":["Sciences et universit\u00e9s"],"inLanguage":"fr-FR"},{"@type":"WebPage","@id":"https:\/\/www.france.fi\/fr\/sciences-et-universites\/france-nokia-chaire-dexcellence-ict\/","url":"https:\/\/www.france.fi\/fr\/sciences-et-universites\/france-nokia-chaire-dexcellence-ict\/","name":"Chaire d\u2019Excellence France-Nokia \u2013 Appel \u00e0 candidatures 2023 - Institut fran\u00e7ais","isPartOf":{"@id":"https:\/\/www.france.fi\/#website"},"primaryImageOfPage":{"@id":"https:\/\/www.france.fi\/fr\/sciences-et-universites\/france-nokia-chaire-dexcellence-ict\/#primaryimage"},"image":{"@id":"https:\/\/www.france.fi\/fr\/sciences-et-universites\/france-nokia-chaire-dexcellence-ict\/#primaryimage"},"thumbnailUrl":"https:\/\/www.france.fi\/wp-content\/uploads\/2022\/01\/France-Nokia-Chaire-dexcellence-1098x617.jpg","datePublished":"2022-10-28T13:04:02+00:00","dateModified":"2023-05-02T13:23:10+00:00","breadcrumb":{"@id":"https:\/\/www.france.fi\/fr\/sciences-et-universites\/france-nokia-chaire-dexcellence-ict\/#breadcrumb"},"inLanguage":"fr-FR","potentialAction":[{"@type":"ReadAction","target":["https:\/\/www.france.fi\/fr\/sciences-et-universites\/france-nokia-chaire-dexcellence-ict\/"]}]},{"@type":"ImageObject","inLanguage":"fr-FR","@id":"https:\/\/www.france.fi\/fr\/sciences-et-universites\/france-nokia-chaire-dexcellence-ict\/#primaryimage","url":"https:\/\/www.france.fi\/wp-content\/uploads\/2022\/01\/France-Nokia-Chaire-dexcellence-1098x617.jpg","contentUrl":"https:\/\/www.france.fi\/wp-content\/uploads\/2022\/01\/France-Nokia-Chaire-dexcellence-1098x617.jpg","width":1280,"height":720},{"@type":"BreadcrumbList","@id":"https:\/\/www.france.fi\/fr\/sciences-et-universites\/france-nokia-chaire-dexcellence-ict\/#breadcrumb","itemListElement":[{"@type":"ListItem","position":1,"name":"Home","item":"https:\/\/www.france.fi\/fr\/"},{"@type":"ListItem","position":2,"name":"Science and universities","item":"https:\/\/www.france.fi\/en\/category\/science-and-universities\/"},{"@type":"ListItem","position":3,"name":"Chaire d\u2019Excellence France-Nokia \u2013 Appel \u00e0 candidatures 2023"}]},{"@type":"WebSite","@id":"https:\/\/www.france.fi\/#website","url":"https:\/\/www.france.fi\/","name":"Institut fran\u00e7ais de Finlande","description":"","publisher":{"@id":"https:\/\/www.france.fi\/#organization"},"potentialAction":[{"@type":"SearchAction","target":{"@type":"EntryPoint","urlTemplate":"https:\/\/www.france.fi\/?s={search_term_string}"},"query-input":{"@type":"PropertyValueSpecification","valueRequired":true,"valueName":"search_term_string"}}],"inLanguage":"fr-FR"},{"@type":"Organization","@id":"https:\/\/www.france.fi\/#organization","name":"Institut fran\u00e7ais de Finlande","url":"https:\/\/www.france.fi\/","logo":{"@type":"ImageObject","inLanguage":"fr-FR","@id":"https:\/\/www.france.fi\/#\/schema\/logo\/image\/","url":"https:\/\/www.france.fi\/wp-content\/uploads\/2024\/02\/if-logo-1.png","contentUrl":"https:\/\/www.france.fi\/wp-content\/uploads\/2024\/02\/if-logo-1.png","width":687,"height":459,"caption":"Institut fran\u00e7ais de Finlande"},"image":{"@id":"https:\/\/www.france.fi\/#\/schema\/logo\/image\/"},"sameAs":["https:\/\/www.facebook.com\/institutfrancaisfi","https:\/\/x.com\/IFFinlande","https:\/\/www.instagram.com\/iffinlande\/","https:\/\/fr.linkedin.com\/organization-guest\/company\/institut-fran-ais-de-finlande","https:\/\/www.youtube.com\/channel\/UCHAitdpmSbeP78eL49XMotA"]},{"@type":"Person","@id":"https:\/\/www.france.fi\/#\/schema\/person\/ed873f29db1d0af6a3600d15d3b65bfd","name":"Equipe IFF","image":{"@type":"ImageObject","inLanguage":"fr-FR","@id":"https:\/\/secure.gravatar.com\/avatar\/3c4ba80228d01014b25e45e90abb28ce315a02c6572751a7fb2298e4274989fc?s=96&d=mm&r=g","url":"https:\/\/secure.gravatar.com\/avatar\/3c4ba80228d01014b25e45e90abb28ce315a02c6572751a7fb2298e4274989fc?s=96&d=mm&r=g","contentUrl":"https:\/\/secure.gravatar.com\/avatar\/3c4ba80228d01014b25e45e90abb28ce315a02c6572751a7fb2298e4274989fc?s=96&d=mm&r=g","caption":"Equipe IFF"},"url":"https:\/\/www.france.fi\/fr\/author\/iffadmin\/"}]}},"_links":{"self":[{"href":"https:\/\/www.france.fi\/fr\/wp-json\/wp\/v2\/posts\/11088","targetHints":{"allow":["GET"]}}],"collection":[{"href":"https:\/\/www.france.fi\/fr\/wp-json\/wp\/v2\/posts"}],"about":[{"href":"https:\/\/www.france.fi\/fr\/wp-json\/wp\/v2\/types\/post"}],"author":[{"embeddable":true,"href":"https:\/\/www.france.fi\/fr\/wp-json\/wp\/v2\/users\/2"}],"replies":[{"embeddable":true,"href":"https:\/\/www.france.fi\/fr\/wp-json\/wp\/v2\/comments?post=11088"}],"version-history":[{"count":0,"href":"https:\/\/www.france.fi\/fr\/wp-json\/wp\/v2\/posts\/11088\/revisions"}],"wp:featuredmedia":[{"embeddable":true,"href":"https:\/\/www.france.fi\/fr\/wp-json\/wp\/v2\/media\/7943"}],"wp:attachment":[{"href":"https:\/\/www.france.fi\/fr\/wp-json\/wp\/v2\/media?parent=11088"}],"wp:term":[{"taxonomy":"category","embeddable":true,"href":"https:\/\/www.france.fi\/fr\/wp-json\/wp\/v2\/categories?post=11088"},{"taxonomy":"post_tag","embeddable":true,"href":"https:\/\/www.france.fi\/fr\/wp-json\/wp\/v2\/tags?post=11088"}],"curies":[{"name":"wp","href":"https:\/\/api.w.org\/{rel}","templated":true}]}}