{"id":11146,"date":"2022-11-02T11:09:09","date_gmt":"2022-11-02T09:09:09","guid":{"rendered":"https:\/\/www.france.fi\/?p=11146"},"modified":"2023-07-27T10:22:50","modified_gmt":"2023-07-27T07:22:50","slug":"aimeriez-vous-connaitre-la-plus-secrete-memoire-des-hommes","status":"publish","type":"post","link":"https:\/\/www.france.fi\/fr\/mediatheque\/aimeriez-vous-connaitre-la-plus-secrete-memoire-des-hommes\/","title":{"rendered":"Aimeriez-vous conna\u00eetre La plus secr\u00e8te m\u00e9moire des hommes ?"},"content":{"rendered":"<p>S\u00e9lectionn\u00e9 pour plusieurs prix litt\u00e9raires prestigieux dont le prix Goncourt, ce roman a connu un succ\u00e8s imparable comme une force de la nature. Rien qu&rsquo;en France, l&rsquo;\u0153uvre s&rsquo;est vendue \u00e0 plus de 500 000 d&rsquo;exemplaires et ses droits ont \u00e9t\u00e9 c\u00e9d\u00e9s dans 35 pays. \u00c0 31 ans Sarr est \u00e9galement le plus jeune laur\u00e9at du prix Goncourt. Il vit et \u00e9crit \u00e0 Paris.<\/p>\n<p>Au cours de sa visite \u00e0 l&rsquo;Institut Fran\u00e7ais de Finlande,\u00a0M. Sarr nous a laiss\u00e9 un exemplaire sign\u00e9 avec un petit message \u00e0 tous ses lecteurs esp\u00e9rant que le secret d&rsquo;Elimane leur sera r\u00e9v\u00e9l\u00e9. Venez retrouver d\u00e8s maintenant cet ouvrage magnifique dans notre biblioth\u00e8que !<\/p>\n<p><em>Di\u00e9gane, un \u00e9crivain s\u00e9n\u00e9galais vivant \u00e0 Paris, entend parler d&rsquo;un roman publi\u00e9 il y a 80 ans, disparu sans laisser de traces suite au scandale apr\u00e8s sa publication. Le destin myst\u00e9rieux de l&rsquo;auteur T. C. Elimane obs\u00e8de Di\u00e9gane qui se met \u00e0 sa qu\u00eate\u00a0du S\u00e9n\u00e9gal \u00e0 la France en passant par l&rsquo;Argentine\u00a0se confrontant aux grandes trag\u00e9dies que sont le colonialisme,\u00a0la Shoah et les guerres mondiales.\u00a0<\/em><em>La recherche de Di\u00e9gane est men\u00e9e par des femmes fortes : la sulfureuse Siga, d\u00e9tentrice de secrets, et la fugace photojournaliste A\u00efda. Mais quelle est la v\u00e9rit\u00e9 qui se cache au centre du labyrinthe de la vie d&rsquo;Elimane ?<\/em><\/p>\n<p><img loading=\"lazy\" decoding=\"async\" class=\"size-medium wp-image-11150 aligncenter\" src=\"https:\/\/www.france.fi\/wp-content\/uploads\/2022\/11\/Sarr2-205x300.jpg\" alt=\"\" width=\"205\" height=\"300\" srcset=\"https:\/\/www.france.fi\/wp-content\/uploads\/2022\/11\/Sarr2-205x300.jpg 205w, https:\/\/www.france.fi\/wp-content\/uploads\/2022\/11\/Sarr2.jpg 300w\" sizes=\"auto, (max-width: 205px) 100vw, 205px\" \/><\/p>\n<div class=\"epyt-video-wrapper\"><iframe loading=\"lazy\"  id=\"_ytid_23984\"  width=\"580\" height=\"326\"  data-origwidth=\"580\" data-origheight=\"326\" src=\"https:\/\/www.youtube.com\/embed\/CEci6ItlJnM?enablejsapi=1&#038;autoplay=0&#038;cc_load_policy=0&#038;cc_lang_pref=&#038;iv_load_policy=1&#038;loop=0&#038;rel=1&#038;fs=1&#038;playsinline=0&#038;autohide=2&#038;theme=dark&#038;color=red&#038;controls=1&#038;disablekb=0&#038;\" class=\"__youtube_prefs__  epyt-is-override  no-lazyload\" title=\"YouTube player\"  allow=\"fullscreen; accelerometer; autoplay; clipboard-write; encrypted-media; gyroscope; picture-in-picture; web-share\" referrerpolicy=\"strict-origin-when-cross-origin\" allowfullscreen data-no-lazy=\"1\" data-skipgform_ajax_framebjll=\"\"><\/iframe><\/div>\n","protected":false},"excerpt":{"rendered":"<p>Le roman acclam\u00e9 de Mohamed Mbougar Sarr, laur\u00e9at du prix Goncourt, est d\u00e9sormais disponible dans la m\u00e9diath\u00e8que de l\u2019Institut fran\u00e7ais (\u00e9dit\u00e9 par Gummerus, trad. Marja Luoma et Sampsa Peltonen) !<\/p>\n","protected":false},"author":2,"featured_media":11147,"comment_status":"closed","ping_status":"open","sticky":false,"template":"","format":"standard","meta":{"footnotes":""},"categories":[3],"tags":[],"class_list":["post-11146","post","type-post","status-publish","format-standard","has-post-thumbnail","hentry","category-mediatheque"],"yoast_head":"<!-- This site is optimized with the Yoast SEO plugin v27.4 - https:\/\/yoast.com\/product\/yoast-seo-wordpress\/ -->\n<title>Aimeriez-vous conna\u00eetre La plus secr\u00e8te m\u00e9moire des hommes ? - Institut fran\u00e7ais<\/title>\n<meta name=\"robots\" content=\"index, follow, max-snippet:-1, max-image-preview:large, max-video-preview:-1\" \/>\n<link rel=\"canonical\" href=\"https:\/\/www.france.fi\/fr\/mediatheque\/aimeriez-vous-connaitre-la-plus-secrete-memoire-des-hommes\/\" \/>\n<meta property=\"og:locale\" content=\"fr_FR\" \/>\n<meta property=\"og:type\" content=\"article\" \/>\n<meta property=\"og:title\" content=\"Aimeriez-vous conna\u00eetre La plus secr\u00e8te m\u00e9moire des hommes ? - Institut fran\u00e7ais\" \/>\n<meta property=\"og:description\" content=\"Le roman acclam\u00e9 de Mohamed Mbougar Sarr, laur\u00e9at du prix Goncourt, est d\u00e9sormais disponible dans la m\u00e9diath\u00e8que de l\u2019Institut fran\u00e7ais (\u00e9dit\u00e9 par Gummerus, trad. Marja Luoma et Sampsa Peltonen) !\" \/>\n<meta property=\"og:url\" content=\"https:\/\/www.france.fi\/fr\/mediatheque\/aimeriez-vous-connaitre-la-plus-secrete-memoire-des-hommes\/\" \/>\n<meta property=\"og:site_name\" content=\"Institut fran\u00e7ais\" \/>\n<meta property=\"article:publisher\" content=\"https:\/\/www.facebook.com\/institutfrancaisfi\" \/>\n<meta property=\"article:published_time\" content=\"2022-11-02T09:09:09+00:00\" \/>\n<meta property=\"article:modified_time\" content=\"2023-07-27T07:22:50+00:00\" \/>\n<meta property=\"og:image\" content=\"https:\/\/www.france.fi\/wp-content\/uploads\/2022\/11\/Miesten-syvimmat-salaisuudet-1098x617.jpg\" \/>\n\t<meta property=\"og:image:width\" content=\"1280\" \/>\n\t<meta property=\"og:image:height\" content=\"720\" \/>\n\t<meta property=\"og:image:type\" content=\"image\/jpeg\" \/>\n<meta name=\"author\" content=\"Equipe IFF\" \/>\n<meta name=\"twitter:card\" content=\"summary_large_image\" \/>\n<meta name=\"twitter:creator\" content=\"@IFFinlande\" \/>\n<meta name=\"twitter:site\" content=\"@IFFinlande\" \/>\n<meta name=\"twitter:label1\" content=\"\u00c9crit par\" \/>\n\t<meta name=\"twitter:data1\" content=\"Equipe IFF\" \/>\n\t<meta name=\"twitter:label2\" content=\"Dur\u00e9e de lecture estim\u00e9e\" \/>\n\t<meta name=\"twitter:data2\" content=\"2 minutes\" \/>\n<script type=\"application\/ld+json\" class=\"yoast-schema-graph\">{\"@context\":\"https:\\\/\\\/schema.org\",\"@graph\":[{\"@type\":\"Article\",\"@id\":\"https:\\\/\\\/www.france.fi\\\/fr\\\/mediatheque\\\/aimeriez-vous-connaitre-la-plus-secrete-memoire-des-hommes\\\/#article\",\"isPartOf\":{\"@id\":\"https:\\\/\\\/www.france.fi\\\/fr\\\/mediatheque\\\/aimeriez-vous-connaitre-la-plus-secrete-memoire-des-hommes\\\/\"},\"author\":{\"name\":\"Equipe IFF\",\"@id\":\"https:\\\/\\\/www.france.fi\\\/#\\\/schema\\\/person\\\/ed873f29db1d0af6a3600d15d3b65bfd\"},\"headline\":\"Aimeriez-vous conna\u00eetre La plus secr\u00e8te m\u00e9moire des hommes ?\",\"datePublished\":\"2022-11-02T09:09:09+00:00\",\"dateModified\":\"2023-07-27T07:22:50+00:00\",\"mainEntityOfPage\":{\"@id\":\"https:\\\/\\\/www.france.fi\\\/fr\\\/mediatheque\\\/aimeriez-vous-connaitre-la-plus-secrete-memoire-des-hommes\\\/\"},\"wordCount\":253,\"publisher\":{\"@id\":\"https:\\\/\\\/www.france.fi\\\/#organization\"},\"image\":{\"@id\":\"https:\\\/\\\/www.france.fi\\\/fr\\\/mediatheque\\\/aimeriez-vous-connaitre-la-plus-secrete-memoire-des-hommes\\\/#primaryimage\"},\"thumbnailUrl\":\"https:\\\/\\\/www.france.fi\\\/wp-content\\\/uploads\\\/2022\\\/11\\\/Miesten-syvimmat-salaisuudet-1098x617.jpg\",\"articleSection\":[\"M\u00e9diath\u00e8que\"],\"inLanguage\":\"fr-FR\"},{\"@type\":\"WebPage\",\"@id\":\"https:\\\/\\\/www.france.fi\\\/fr\\\/mediatheque\\\/aimeriez-vous-connaitre-la-plus-secrete-memoire-des-hommes\\\/\",\"url\":\"https:\\\/\\\/www.france.fi\\\/fr\\\/mediatheque\\\/aimeriez-vous-connaitre-la-plus-secrete-memoire-des-hommes\\\/\",\"name\":\"Aimeriez-vous conna\u00eetre La plus secr\u00e8te m\u00e9moire des hommes ? - Institut fran\u00e7ais\",\"isPartOf\":{\"@id\":\"https:\\\/\\\/www.france.fi\\\/#website\"},\"primaryImageOfPage\":{\"@id\":\"https:\\\/\\\/www.france.fi\\\/fr\\\/mediatheque\\\/aimeriez-vous-connaitre-la-plus-secrete-memoire-des-hommes\\\/#primaryimage\"},\"image\":{\"@id\":\"https:\\\/\\\/www.france.fi\\\/fr\\\/mediatheque\\\/aimeriez-vous-connaitre-la-plus-secrete-memoire-des-hommes\\\/#primaryimage\"},\"thumbnailUrl\":\"https:\\\/\\\/www.france.fi\\\/wp-content\\\/uploads\\\/2022\\\/11\\\/Miesten-syvimmat-salaisuudet-1098x617.jpg\",\"datePublished\":\"2022-11-02T09:09:09+00:00\",\"dateModified\":\"2023-07-27T07:22:50+00:00\",\"breadcrumb\":{\"@id\":\"https:\\\/\\\/www.france.fi\\\/fr\\\/mediatheque\\\/aimeriez-vous-connaitre-la-plus-secrete-memoire-des-hommes\\\/#breadcrumb\"},\"inLanguage\":\"fr-FR\",\"potentialAction\":[{\"@type\":\"ReadAction\",\"target\":[\"https:\\\/\\\/www.france.fi\\\/fr\\\/mediatheque\\\/aimeriez-vous-connaitre-la-plus-secrete-memoire-des-hommes\\\/\"]}]},{\"@type\":\"ImageObject\",\"inLanguage\":\"fr-FR\",\"@id\":\"https:\\\/\\\/www.france.fi\\\/fr\\\/mediatheque\\\/aimeriez-vous-connaitre-la-plus-secrete-memoire-des-hommes\\\/#primaryimage\",\"url\":\"https:\\\/\\\/www.france.fi\\\/wp-content\\\/uploads\\\/2022\\\/11\\\/Miesten-syvimmat-salaisuudet-1098x617.jpg\",\"contentUrl\":\"https:\\\/\\\/www.france.fi\\\/wp-content\\\/uploads\\\/2022\\\/11\\\/Miesten-syvimmat-salaisuudet-1098x617.jpg\",\"width\":1280,\"height\":720},{\"@type\":\"BreadcrumbList\",\"@id\":\"https:\\\/\\\/www.france.fi\\\/fr\\\/mediatheque\\\/aimeriez-vous-connaitre-la-plus-secrete-memoire-des-hommes\\\/#breadcrumb\",\"itemListElement\":[{\"@type\":\"ListItem\",\"position\":1,\"name\":\"Home\",\"item\":\"https:\\\/\\\/www.france.fi\\\/fr\\\/\"},{\"@type\":\"ListItem\",\"position\":2,\"name\":\"M\u00e9diath\u00e8que\",\"item\":\"https:\\\/\\\/www.france.fi\\\/fr\\\/category\\\/mediatheque\\\/\"},{\"@type\":\"ListItem\",\"position\":3,\"name\":\"Aimeriez-vous conna\u00eetre La plus secr\u00e8te m\u00e9moire des hommes ?\"}]},{\"@type\":\"WebSite\",\"@id\":\"https:\\\/\\\/www.france.fi\\\/#website\",\"url\":\"https:\\\/\\\/www.france.fi\\\/\",\"name\":\"Institut fran\u00e7ais de Finlande\",\"description\":\"\",\"publisher\":{\"@id\":\"https:\\\/\\\/www.france.fi\\\/#organization\"},\"potentialAction\":[{\"@type\":\"SearchAction\",\"target\":{\"@type\":\"EntryPoint\",\"urlTemplate\":\"https:\\\/\\\/www.france.fi\\\/?s={search_term_string}\"},\"query-input\":{\"@type\":\"PropertyValueSpecification\",\"valueRequired\":true,\"valueName\":\"search_term_string\"}}],\"inLanguage\":\"fr-FR\"},{\"@type\":\"Organization\",\"@id\":\"https:\\\/\\\/www.france.fi\\\/#organization\",\"name\":\"Institut fran\u00e7ais de Finlande\",\"url\":\"https:\\\/\\\/www.france.fi\\\/\",\"logo\":{\"@type\":\"ImageObject\",\"inLanguage\":\"fr-FR\",\"@id\":\"https:\\\/\\\/www.france.fi\\\/#\\\/schema\\\/logo\\\/image\\\/\",\"url\":\"https:\\\/\\\/www.france.fi\\\/wp-content\\\/uploads\\\/2024\\\/02\\\/if-logo-1.png\",\"contentUrl\":\"https:\\\/\\\/www.france.fi\\\/wp-content\\\/uploads\\\/2024\\\/02\\\/if-logo-1.png\",\"width\":687,\"height\":459,\"caption\":\"Institut fran\u00e7ais de Finlande\"},\"image\":{\"@id\":\"https:\\\/\\\/www.france.fi\\\/#\\\/schema\\\/logo\\\/image\\\/\"},\"sameAs\":[\"https:\\\/\\\/www.facebook.com\\\/institutfrancaisfi\",\"https:\\\/\\\/x.com\\\/IFFinlande\",\"https:\\\/\\\/www.instagram.com\\\/iffinlande\\\/\",\"https:\\\/\\\/fr.linkedin.com\\\/organization-guest\\\/company\\\/institut-fran-ais-de-finlande\",\"https:\\\/\\\/www.youtube.com\\\/channel\\\/UCHAitdpmSbeP78eL49XMotA\"]},{\"@type\":\"Person\",\"@id\":\"https:\\\/\\\/www.france.fi\\\/#\\\/schema\\\/person\\\/ed873f29db1d0af6a3600d15d3b65bfd\",\"name\":\"Equipe IFF\",\"image\":{\"@type\":\"ImageObject\",\"inLanguage\":\"fr-FR\",\"@id\":\"https:\\\/\\\/secure.gravatar.com\\\/avatar\\\/3c4ba80228d01014b25e45e90abb28ce315a02c6572751a7fb2298e4274989fc?s=96&d=mm&r=g\",\"url\":\"https:\\\/\\\/secure.gravatar.com\\\/avatar\\\/3c4ba80228d01014b25e45e90abb28ce315a02c6572751a7fb2298e4274989fc?s=96&d=mm&r=g\",\"contentUrl\":\"https:\\\/\\\/secure.gravatar.com\\\/avatar\\\/3c4ba80228d01014b25e45e90abb28ce315a02c6572751a7fb2298e4274989fc?s=96&d=mm&r=g\",\"caption\":\"Equipe IFF\"},\"url\":\"https:\\\/\\\/www.france.fi\\\/fr\\\/author\\\/iffadmin\\\/\"}]}<\/script>\n<!-- \/ Yoast SEO plugin. -->","yoast_head_json":{"title":"Aimeriez-vous conna\u00eetre La plus secr\u00e8te m\u00e9moire des hommes ? - Institut fran\u00e7ais","robots":{"index":"index","follow":"follow","max-snippet":"max-snippet:-1","max-image-preview":"max-image-preview:large","max-video-preview":"max-video-preview:-1"},"canonical":"https:\/\/www.france.fi\/fr\/mediatheque\/aimeriez-vous-connaitre-la-plus-secrete-memoire-des-hommes\/","og_locale":"fr_FR","og_type":"article","og_title":"Aimeriez-vous conna\u00eetre La plus secr\u00e8te m\u00e9moire des hommes ? - Institut fran\u00e7ais","og_description":"Le roman acclam\u00e9 de Mohamed Mbougar Sarr, laur\u00e9at du prix Goncourt, est d\u00e9sormais disponible dans la m\u00e9diath\u00e8que de l\u2019Institut fran\u00e7ais (\u00e9dit\u00e9 par Gummerus, trad. Marja Luoma et Sampsa Peltonen) !","og_url":"https:\/\/www.france.fi\/fr\/mediatheque\/aimeriez-vous-connaitre-la-plus-secrete-memoire-des-hommes\/","og_site_name":"Institut fran\u00e7ais","article_publisher":"https:\/\/www.facebook.com\/institutfrancaisfi","article_published_time":"2022-11-02T09:09:09+00:00","article_modified_time":"2023-07-27T07:22:50+00:00","og_image":[{"width":1280,"height":720,"url":"https:\/\/www.france.fi\/wp-content\/uploads\/2022\/11\/Miesten-syvimmat-salaisuudet-1098x617.jpg","type":"image\/jpeg"}],"author":"Equipe IFF","twitter_card":"summary_large_image","twitter_creator":"@IFFinlande","twitter_site":"@IFFinlande","twitter_misc":{"\u00c9crit par":"Equipe IFF","Dur\u00e9e de lecture estim\u00e9e":"2 minutes"},"schema":{"@context":"https:\/\/schema.org","@graph":[{"@type":"Article","@id":"https:\/\/www.france.fi\/fr\/mediatheque\/aimeriez-vous-connaitre-la-plus-secrete-memoire-des-hommes\/#article","isPartOf":{"@id":"https:\/\/www.france.fi\/fr\/mediatheque\/aimeriez-vous-connaitre-la-plus-secrete-memoire-des-hommes\/"},"author":{"name":"Equipe IFF","@id":"https:\/\/www.france.fi\/#\/schema\/person\/ed873f29db1d0af6a3600d15d3b65bfd"},"headline":"Aimeriez-vous conna\u00eetre La plus secr\u00e8te m\u00e9moire des hommes ?","datePublished":"2022-11-02T09:09:09+00:00","dateModified":"2023-07-27T07:22:50+00:00","mainEntityOfPage":{"@id":"https:\/\/www.france.fi\/fr\/mediatheque\/aimeriez-vous-connaitre-la-plus-secrete-memoire-des-hommes\/"},"wordCount":253,"publisher":{"@id":"https:\/\/www.france.fi\/#organization"},"image":{"@id":"https:\/\/www.france.fi\/fr\/mediatheque\/aimeriez-vous-connaitre-la-plus-secrete-memoire-des-hommes\/#primaryimage"},"thumbnailUrl":"https:\/\/www.france.fi\/wp-content\/uploads\/2022\/11\/Miesten-syvimmat-salaisuudet-1098x617.jpg","articleSection":["M\u00e9diath\u00e8que"],"inLanguage":"fr-FR"},{"@type":"WebPage","@id":"https:\/\/www.france.fi\/fr\/mediatheque\/aimeriez-vous-connaitre-la-plus-secrete-memoire-des-hommes\/","url":"https:\/\/www.france.fi\/fr\/mediatheque\/aimeriez-vous-connaitre-la-plus-secrete-memoire-des-hommes\/","name":"Aimeriez-vous conna\u00eetre La plus secr\u00e8te m\u00e9moire des hommes ? - Institut fran\u00e7ais","isPartOf":{"@id":"https:\/\/www.france.fi\/#website"},"primaryImageOfPage":{"@id":"https:\/\/www.france.fi\/fr\/mediatheque\/aimeriez-vous-connaitre-la-plus-secrete-memoire-des-hommes\/#primaryimage"},"image":{"@id":"https:\/\/www.france.fi\/fr\/mediatheque\/aimeriez-vous-connaitre-la-plus-secrete-memoire-des-hommes\/#primaryimage"},"thumbnailUrl":"https:\/\/www.france.fi\/wp-content\/uploads\/2022\/11\/Miesten-syvimmat-salaisuudet-1098x617.jpg","datePublished":"2022-11-02T09:09:09+00:00","dateModified":"2023-07-27T07:22:50+00:00","breadcrumb":{"@id":"https:\/\/www.france.fi\/fr\/mediatheque\/aimeriez-vous-connaitre-la-plus-secrete-memoire-des-hommes\/#breadcrumb"},"inLanguage":"fr-FR","potentialAction":[{"@type":"ReadAction","target":["https:\/\/www.france.fi\/fr\/mediatheque\/aimeriez-vous-connaitre-la-plus-secrete-memoire-des-hommes\/"]}]},{"@type":"ImageObject","inLanguage":"fr-FR","@id":"https:\/\/www.france.fi\/fr\/mediatheque\/aimeriez-vous-connaitre-la-plus-secrete-memoire-des-hommes\/#primaryimage","url":"https:\/\/www.france.fi\/wp-content\/uploads\/2022\/11\/Miesten-syvimmat-salaisuudet-1098x617.jpg","contentUrl":"https:\/\/www.france.fi\/wp-content\/uploads\/2022\/11\/Miesten-syvimmat-salaisuudet-1098x617.jpg","width":1280,"height":720},{"@type":"BreadcrumbList","@id":"https:\/\/www.france.fi\/fr\/mediatheque\/aimeriez-vous-connaitre-la-plus-secrete-memoire-des-hommes\/#breadcrumb","itemListElement":[{"@type":"ListItem","position":1,"name":"Home","item":"https:\/\/www.france.fi\/fr\/"},{"@type":"ListItem","position":2,"name":"M\u00e9diath\u00e8que","item":"https:\/\/www.france.fi\/fr\/category\/mediatheque\/"},{"@type":"ListItem","position":3,"name":"Aimeriez-vous conna\u00eetre La plus secr\u00e8te m\u00e9moire des hommes ?"}]},{"@type":"WebSite","@id":"https:\/\/www.france.fi\/#website","url":"https:\/\/www.france.fi\/","name":"Institut fran\u00e7ais de Finlande","description":"","publisher":{"@id":"https:\/\/www.france.fi\/#organization"},"potentialAction":[{"@type":"SearchAction","target":{"@type":"EntryPoint","urlTemplate":"https:\/\/www.france.fi\/?s={search_term_string}"},"query-input":{"@type":"PropertyValueSpecification","valueRequired":true,"valueName":"search_term_string"}}],"inLanguage":"fr-FR"},{"@type":"Organization","@id":"https:\/\/www.france.fi\/#organization","name":"Institut fran\u00e7ais de Finlande","url":"https:\/\/www.france.fi\/","logo":{"@type":"ImageObject","inLanguage":"fr-FR","@id":"https:\/\/www.france.fi\/#\/schema\/logo\/image\/","url":"https:\/\/www.france.fi\/wp-content\/uploads\/2024\/02\/if-logo-1.png","contentUrl":"https:\/\/www.france.fi\/wp-content\/uploads\/2024\/02\/if-logo-1.png","width":687,"height":459,"caption":"Institut fran\u00e7ais de Finlande"},"image":{"@id":"https:\/\/www.france.fi\/#\/schema\/logo\/image\/"},"sameAs":["https:\/\/www.facebook.com\/institutfrancaisfi","https:\/\/x.com\/IFFinlande","https:\/\/www.instagram.com\/iffinlande\/","https:\/\/fr.linkedin.com\/organization-guest\/company\/institut-fran-ais-de-finlande","https:\/\/www.youtube.com\/channel\/UCHAitdpmSbeP78eL49XMotA"]},{"@type":"Person","@id":"https:\/\/www.france.fi\/#\/schema\/person\/ed873f29db1d0af6a3600d15d3b65bfd","name":"Equipe IFF","image":{"@type":"ImageObject","inLanguage":"fr-FR","@id":"https:\/\/secure.gravatar.com\/avatar\/3c4ba80228d01014b25e45e90abb28ce315a02c6572751a7fb2298e4274989fc?s=96&d=mm&r=g","url":"https:\/\/secure.gravatar.com\/avatar\/3c4ba80228d01014b25e45e90abb28ce315a02c6572751a7fb2298e4274989fc?s=96&d=mm&r=g","contentUrl":"https:\/\/secure.gravatar.com\/avatar\/3c4ba80228d01014b25e45e90abb28ce315a02c6572751a7fb2298e4274989fc?s=96&d=mm&r=g","caption":"Equipe IFF"},"url":"https:\/\/www.france.fi\/fr\/author\/iffadmin\/"}]}},"_links":{"self":[{"href":"https:\/\/www.france.fi\/fr\/wp-json\/wp\/v2\/posts\/11146","targetHints":{"allow":["GET"]}}],"collection":[{"href":"https:\/\/www.france.fi\/fr\/wp-json\/wp\/v2\/posts"}],"about":[{"href":"https:\/\/www.france.fi\/fr\/wp-json\/wp\/v2\/types\/post"}],"author":[{"embeddable":true,"href":"https:\/\/www.france.fi\/fr\/wp-json\/wp\/v2\/users\/2"}],"replies":[{"embeddable":true,"href":"https:\/\/www.france.fi\/fr\/wp-json\/wp\/v2\/comments?post=11146"}],"version-history":[{"count":0,"href":"https:\/\/www.france.fi\/fr\/wp-json\/wp\/v2\/posts\/11146\/revisions"}],"wp:featuredmedia":[{"embeddable":true,"href":"https:\/\/www.france.fi\/fr\/wp-json\/wp\/v2\/media\/11147"}],"wp:attachment":[{"href":"https:\/\/www.france.fi\/fr\/wp-json\/wp\/v2\/media?parent=11146"}],"wp:term":[{"taxonomy":"category","embeddable":true,"href":"https:\/\/www.france.fi\/fr\/wp-json\/wp\/v2\/categories?post=11146"},{"taxonomy":"post_tag","embeddable":true,"href":"https:\/\/www.france.fi\/fr\/wp-json\/wp\/v2\/tags?post=11146"}],"curies":[{"name":"wp","href":"https:\/\/api.w.org\/{rel}","templated":true}]}}