{"id":11184,"date":"2022-11-03T14:58:17","date_gmt":"2022-11-03T12:58:17","guid":{"rendered":"https:\/\/www.france.fi\/?p=11184"},"modified":"2022-11-28T09:11:57","modified_gmt":"2022-11-28T07:11:57","slug":"atelier-realisation-de-courts-metrages-avec-academy-of-moving-people","status":"publish","type":"post","link":"https:\/\/www.france.fi\/fr\/culture\/atelier-realisation-de-courts-metrages-avec-academy-of-moving-people\/","title":{"rendered":"Atelier r\u00e9alisation de courts-m\u00e9trages avec Academy of Moving People"},"content":{"rendered":"<p><span data-contrast=\"auto\">En partenariat avec l\u2019Institut fran\u00e7ais de Finlande, AMPI propose un atelier en fran\u00e7ais pour apprendre les fondamentaux de la r\u00e9alisation de courts-m\u00e9trages.<\/span><span data-ccp-props=\"{}\">\u00a0<\/span><\/p>\n<p><span data-contrast=\"auto\">Pendant l\u2019atelier, l\u2019animateur\/trice pr\u00e9sente un de ses courts-m\u00e9trages et d\u00e9crypte avec les participants les \u00e9tapes n\u00e9cessaires \u00e0 la r\u00e9alisation : \u00e9criture de scenario, r\u00e9alisation, travail avec les acteurs.<\/span><span data-ccp-props=\"{}\">\u00a0<\/span><\/p>\n<p><span data-contrast=\"auto\">Nombre de participants maximum : 15<\/span><br \/>\n<span data-contrast=\"auto\">Langue : fran\u00e7ais<\/span><br \/>\n<span data-contrast=\"auto\">Entr\u00e9e libre sur r\u00e9servation<\/span><\/p>\n<h4><b><span data-contrast=\"auto\">Academy of Moving People<\/span><\/b><\/h4>\n<p><span data-contrast=\"auto\">Academy of Moving People and Images (AMPI) est une initiative non institutionnelle, une plateforme p\u00e9dagogique bas\u00e9e \u00e0 Helsinki pour les personnes mobiles &#8211; celles qui sont arriv\u00e9es en Finlande pour diff\u00e9rentes raisons, qu&rsquo;il s&rsquo;agisse d&rsquo;immigrants, de demandeurs d&rsquo;asile, d&rsquo;\u00e9tudiants ou d&#8217;employ\u00e9s.<\/span><span data-ccp-props=\"{}\">\u00a0<\/span><\/p>\n<p><span data-contrast=\"auto\">L&rsquo;AMPI vise \u00e0 concevoir un nouveau mod\u00e8le d&rsquo;apprentissage : une plateforme p\u00e9dagogique durable o\u00f9 des personnes d&rsquo;horizons diff\u00e9rents sont en mesure de cr\u00e9er par le biais du co-working et de l&rsquo;apprentissage par les pairs, afin de contribuer \u00e0 une industrie cin\u00e9matographique sans discriminations. L&rsquo;un des principaux objectifs est de concevoir un mod\u00e8le d&rsquo;apprentissage durable qui offre un espace, des possibilit\u00e9s, des outils et des comp\u00e9tences cin\u00e9matographiques aux personnes mobiles.<\/span><span data-ccp-props=\"{}\">\u00a0<\/span><\/p>\n","protected":false},"excerpt":{"rendered":"<p>Academy of Moving People est une plateforme p\u00e9dagogique d\u2019\u00e9ducation \u00e0 la r\u00e9alisation video.\u00a0<\/p>\n","protected":false},"author":2,"featured_media":11186,"comment_status":"closed","ping_status":"open","sticky":false,"template":"","format":"standard","meta":{"footnotes":""},"categories":[1],"tags":[],"class_list":["post-11184","post","type-post","status-publish","format-standard","has-post-thumbnail","hentry","category-culture"],"yoast_head":"<!-- This site is optimized with the Yoast SEO plugin v27.4 - https:\/\/yoast.com\/product\/yoast-seo-wordpress\/ -->\n<title>Atelier r\u00e9alisation de courts-m\u00e9trages avec Academy of Moving People - Institut fran\u00e7ais<\/title>\n<meta name=\"robots\" content=\"index, follow, max-snippet:-1, max-image-preview:large, max-video-preview:-1\" \/>\n<link rel=\"canonical\" href=\"https:\/\/www.france.fi\/fr\/culture\/atelier-realisation-de-courts-metrages-avec-academy-of-moving-people\/\" \/>\n<meta property=\"og:locale\" content=\"fr_FR\" \/>\n<meta property=\"og:type\" content=\"article\" \/>\n<meta property=\"og:title\" content=\"Atelier r\u00e9alisation de courts-m\u00e9trages avec Academy of Moving People - Institut fran\u00e7ais\" \/>\n<meta property=\"og:description\" content=\"Academy of Moving People est une plateforme p\u00e9dagogique d\u2019\u00e9ducation \u00e0 la r\u00e9alisation video.\u00a0\" \/>\n<meta property=\"og:url\" content=\"https:\/\/www.france.fi\/fr\/culture\/atelier-realisation-de-courts-metrages-avec-academy-of-moving-people\/\" \/>\n<meta property=\"og:site_name\" content=\"Institut fran\u00e7ais\" \/>\n<meta property=\"article:publisher\" content=\"https:\/\/www.facebook.com\/institutfrancaisfi\" \/>\n<meta property=\"article:published_time\" content=\"2022-11-03T12:58:17+00:00\" \/>\n<meta property=\"article:modified_time\" content=\"2022-11-28T07:11:57+00:00\" \/>\n<meta property=\"og:image\" content=\"https:\/\/www.france.fi\/wp-content\/uploads\/2022\/11\/MicrosoftTeams-image-1098x617.jpg\" \/>\n\t<meta property=\"og:image:width\" content=\"1280\" \/>\n\t<meta property=\"og:image:height\" content=\"720\" \/>\n\t<meta property=\"og:image:type\" content=\"image\/jpeg\" \/>\n<meta name=\"author\" content=\"Equipe IFF\" \/>\n<meta name=\"twitter:card\" content=\"summary_large_image\" \/>\n<meta name=\"twitter:creator\" content=\"@IFFinlande\" \/>\n<meta name=\"twitter:site\" content=\"@IFFinlande\" \/>\n<meta name=\"twitter:label1\" content=\"\u00c9crit par\" \/>\n\t<meta name=\"twitter:data1\" content=\"Equipe IFF\" \/>\n\t<meta name=\"twitter:label2\" content=\"Dur\u00e9e de lecture estim\u00e9e\" \/>\n\t<meta name=\"twitter:data2\" content=\"1 minute\" \/>\n<script type=\"application\/ld+json\" class=\"yoast-schema-graph\">{\"@context\":\"https:\\\/\\\/schema.org\",\"@graph\":[{\"@type\":\"Article\",\"@id\":\"https:\\\/\\\/www.france.fi\\\/fr\\\/culture\\\/atelier-realisation-de-courts-metrages-avec-academy-of-moving-people\\\/#article\",\"isPartOf\":{\"@id\":\"https:\\\/\\\/www.france.fi\\\/fr\\\/culture\\\/atelier-realisation-de-courts-metrages-avec-academy-of-moving-people\\\/\"},\"author\":{\"name\":\"Equipe IFF\",\"@id\":\"https:\\\/\\\/www.france.fi\\\/#\\\/schema\\\/person\\\/ed873f29db1d0af6a3600d15d3b65bfd\"},\"headline\":\"Atelier r\u00e9alisation de courts-m\u00e9trages avec Academy of Moving People\",\"datePublished\":\"2022-11-03T12:58:17+00:00\",\"dateModified\":\"2022-11-28T07:11:57+00:00\",\"mainEntityOfPage\":{\"@id\":\"https:\\\/\\\/www.france.fi\\\/fr\\\/culture\\\/atelier-realisation-de-courts-metrages-avec-academy-of-moving-people\\\/\"},\"wordCount\":222,\"publisher\":{\"@id\":\"https:\\\/\\\/www.france.fi\\\/#organization\"},\"image\":{\"@id\":\"https:\\\/\\\/www.france.fi\\\/fr\\\/culture\\\/atelier-realisation-de-courts-metrages-avec-academy-of-moving-people\\\/#primaryimage\"},\"thumbnailUrl\":\"https:\\\/\\\/www.france.fi\\\/wp-content\\\/uploads\\\/2022\\\/11\\\/MicrosoftTeams-image-1098x617.jpg\",\"articleSection\":[\"Culture\"],\"inLanguage\":\"fr-FR\"},{\"@type\":\"WebPage\",\"@id\":\"https:\\\/\\\/www.france.fi\\\/fr\\\/culture\\\/atelier-realisation-de-courts-metrages-avec-academy-of-moving-people\\\/\",\"url\":\"https:\\\/\\\/www.france.fi\\\/fr\\\/culture\\\/atelier-realisation-de-courts-metrages-avec-academy-of-moving-people\\\/\",\"name\":\"Atelier r\u00e9alisation de courts-m\u00e9trages avec Academy of Moving People - Institut fran\u00e7ais\",\"isPartOf\":{\"@id\":\"https:\\\/\\\/www.france.fi\\\/#website\"},\"primaryImageOfPage\":{\"@id\":\"https:\\\/\\\/www.france.fi\\\/fr\\\/culture\\\/atelier-realisation-de-courts-metrages-avec-academy-of-moving-people\\\/#primaryimage\"},\"image\":{\"@id\":\"https:\\\/\\\/www.france.fi\\\/fr\\\/culture\\\/atelier-realisation-de-courts-metrages-avec-academy-of-moving-people\\\/#primaryimage\"},\"thumbnailUrl\":\"https:\\\/\\\/www.france.fi\\\/wp-content\\\/uploads\\\/2022\\\/11\\\/MicrosoftTeams-image-1098x617.jpg\",\"datePublished\":\"2022-11-03T12:58:17+00:00\",\"dateModified\":\"2022-11-28T07:11:57+00:00\",\"breadcrumb\":{\"@id\":\"https:\\\/\\\/www.france.fi\\\/fr\\\/culture\\\/atelier-realisation-de-courts-metrages-avec-academy-of-moving-people\\\/#breadcrumb\"},\"inLanguage\":\"fr-FR\",\"potentialAction\":[{\"@type\":\"ReadAction\",\"target\":[\"https:\\\/\\\/www.france.fi\\\/fr\\\/culture\\\/atelier-realisation-de-courts-metrages-avec-academy-of-moving-people\\\/\"]}]},{\"@type\":\"ImageObject\",\"inLanguage\":\"fr-FR\",\"@id\":\"https:\\\/\\\/www.france.fi\\\/fr\\\/culture\\\/atelier-realisation-de-courts-metrages-avec-academy-of-moving-people\\\/#primaryimage\",\"url\":\"https:\\\/\\\/www.france.fi\\\/wp-content\\\/uploads\\\/2022\\\/11\\\/MicrosoftTeams-image-1098x617.jpg\",\"contentUrl\":\"https:\\\/\\\/www.france.fi\\\/wp-content\\\/uploads\\\/2022\\\/11\\\/MicrosoftTeams-image-1098x617.jpg\",\"width\":1280,\"height\":720},{\"@type\":\"BreadcrumbList\",\"@id\":\"https:\\\/\\\/www.france.fi\\\/fr\\\/culture\\\/atelier-realisation-de-courts-metrages-avec-academy-of-moving-people\\\/#breadcrumb\",\"itemListElement\":[{\"@type\":\"ListItem\",\"position\":1,\"name\":\"Home\",\"item\":\"https:\\\/\\\/www.france.fi\\\/fr\\\/\"},{\"@type\":\"ListItem\",\"position\":2,\"name\":\"Culture\",\"item\":\"https:\\\/\\\/www.france.fi\\\/fr\\\/category\\\/culture\\\/\"},{\"@type\":\"ListItem\",\"position\":3,\"name\":\"Atelier r\u00e9alisation de courts-m\u00e9trages avec Academy of Moving People\"}]},{\"@type\":\"WebSite\",\"@id\":\"https:\\\/\\\/www.france.fi\\\/#website\",\"url\":\"https:\\\/\\\/www.france.fi\\\/\",\"name\":\"Institut fran\u00e7ais de Finlande\",\"description\":\"\",\"publisher\":{\"@id\":\"https:\\\/\\\/www.france.fi\\\/#organization\"},\"potentialAction\":[{\"@type\":\"SearchAction\",\"target\":{\"@type\":\"EntryPoint\",\"urlTemplate\":\"https:\\\/\\\/www.france.fi\\\/?s={search_term_string}\"},\"query-input\":{\"@type\":\"PropertyValueSpecification\",\"valueRequired\":true,\"valueName\":\"search_term_string\"}}],\"inLanguage\":\"fr-FR\"},{\"@type\":\"Organization\",\"@id\":\"https:\\\/\\\/www.france.fi\\\/#organization\",\"name\":\"Institut fran\u00e7ais de Finlande\",\"url\":\"https:\\\/\\\/www.france.fi\\\/\",\"logo\":{\"@type\":\"ImageObject\",\"inLanguage\":\"fr-FR\",\"@id\":\"https:\\\/\\\/www.france.fi\\\/#\\\/schema\\\/logo\\\/image\\\/\",\"url\":\"https:\\\/\\\/www.france.fi\\\/wp-content\\\/uploads\\\/2024\\\/02\\\/if-logo-1.png\",\"contentUrl\":\"https:\\\/\\\/www.france.fi\\\/wp-content\\\/uploads\\\/2024\\\/02\\\/if-logo-1.png\",\"width\":687,\"height\":459,\"caption\":\"Institut fran\u00e7ais de Finlande\"},\"image\":{\"@id\":\"https:\\\/\\\/www.france.fi\\\/#\\\/schema\\\/logo\\\/image\\\/\"},\"sameAs\":[\"https:\\\/\\\/www.facebook.com\\\/institutfrancaisfi\",\"https:\\\/\\\/x.com\\\/IFFinlande\",\"https:\\\/\\\/www.instagram.com\\\/iffinlande\\\/\",\"https:\\\/\\\/fr.linkedin.com\\\/organization-guest\\\/company\\\/institut-fran-ais-de-finlande\",\"https:\\\/\\\/www.youtube.com\\\/channel\\\/UCHAitdpmSbeP78eL49XMotA\"]},{\"@type\":\"Person\",\"@id\":\"https:\\\/\\\/www.france.fi\\\/#\\\/schema\\\/person\\\/ed873f29db1d0af6a3600d15d3b65bfd\",\"name\":\"Equipe IFF\",\"image\":{\"@type\":\"ImageObject\",\"inLanguage\":\"fr-FR\",\"@id\":\"https:\\\/\\\/secure.gravatar.com\\\/avatar\\\/3c4ba80228d01014b25e45e90abb28ce315a02c6572751a7fb2298e4274989fc?s=96&d=mm&r=g\",\"url\":\"https:\\\/\\\/secure.gravatar.com\\\/avatar\\\/3c4ba80228d01014b25e45e90abb28ce315a02c6572751a7fb2298e4274989fc?s=96&d=mm&r=g\",\"contentUrl\":\"https:\\\/\\\/secure.gravatar.com\\\/avatar\\\/3c4ba80228d01014b25e45e90abb28ce315a02c6572751a7fb2298e4274989fc?s=96&d=mm&r=g\",\"caption\":\"Equipe IFF\"},\"url\":\"https:\\\/\\\/www.france.fi\\\/fr\\\/author\\\/iffadmin\\\/\"}]}<\/script>\n<!-- \/ Yoast SEO plugin. -->","yoast_head_json":{"title":"Atelier r\u00e9alisation de courts-m\u00e9trages avec Academy of Moving People - Institut fran\u00e7ais","robots":{"index":"index","follow":"follow","max-snippet":"max-snippet:-1","max-image-preview":"max-image-preview:large","max-video-preview":"max-video-preview:-1"},"canonical":"https:\/\/www.france.fi\/fr\/culture\/atelier-realisation-de-courts-metrages-avec-academy-of-moving-people\/","og_locale":"fr_FR","og_type":"article","og_title":"Atelier r\u00e9alisation de courts-m\u00e9trages avec Academy of Moving People - Institut fran\u00e7ais","og_description":"Academy of Moving People est une plateforme p\u00e9dagogique d\u2019\u00e9ducation \u00e0 la r\u00e9alisation video.\u00a0","og_url":"https:\/\/www.france.fi\/fr\/culture\/atelier-realisation-de-courts-metrages-avec-academy-of-moving-people\/","og_site_name":"Institut fran\u00e7ais","article_publisher":"https:\/\/www.facebook.com\/institutfrancaisfi","article_published_time":"2022-11-03T12:58:17+00:00","article_modified_time":"2022-11-28T07:11:57+00:00","og_image":[{"width":1280,"height":720,"url":"https:\/\/www.france.fi\/wp-content\/uploads\/2022\/11\/MicrosoftTeams-image-1098x617.jpg","type":"image\/jpeg"}],"author":"Equipe IFF","twitter_card":"summary_large_image","twitter_creator":"@IFFinlande","twitter_site":"@IFFinlande","twitter_misc":{"\u00c9crit par":"Equipe IFF","Dur\u00e9e de lecture estim\u00e9e":"1 minute"},"schema":{"@context":"https:\/\/schema.org","@graph":[{"@type":"Article","@id":"https:\/\/www.france.fi\/fr\/culture\/atelier-realisation-de-courts-metrages-avec-academy-of-moving-people\/#article","isPartOf":{"@id":"https:\/\/www.france.fi\/fr\/culture\/atelier-realisation-de-courts-metrages-avec-academy-of-moving-people\/"},"author":{"name":"Equipe IFF","@id":"https:\/\/www.france.fi\/#\/schema\/person\/ed873f29db1d0af6a3600d15d3b65bfd"},"headline":"Atelier r\u00e9alisation de courts-m\u00e9trages avec Academy of Moving People","datePublished":"2022-11-03T12:58:17+00:00","dateModified":"2022-11-28T07:11:57+00:00","mainEntityOfPage":{"@id":"https:\/\/www.france.fi\/fr\/culture\/atelier-realisation-de-courts-metrages-avec-academy-of-moving-people\/"},"wordCount":222,"publisher":{"@id":"https:\/\/www.france.fi\/#organization"},"image":{"@id":"https:\/\/www.france.fi\/fr\/culture\/atelier-realisation-de-courts-metrages-avec-academy-of-moving-people\/#primaryimage"},"thumbnailUrl":"https:\/\/www.france.fi\/wp-content\/uploads\/2022\/11\/MicrosoftTeams-image-1098x617.jpg","articleSection":["Culture"],"inLanguage":"fr-FR"},{"@type":"WebPage","@id":"https:\/\/www.france.fi\/fr\/culture\/atelier-realisation-de-courts-metrages-avec-academy-of-moving-people\/","url":"https:\/\/www.france.fi\/fr\/culture\/atelier-realisation-de-courts-metrages-avec-academy-of-moving-people\/","name":"Atelier r\u00e9alisation de courts-m\u00e9trages avec Academy of Moving People - Institut fran\u00e7ais","isPartOf":{"@id":"https:\/\/www.france.fi\/#website"},"primaryImageOfPage":{"@id":"https:\/\/www.france.fi\/fr\/culture\/atelier-realisation-de-courts-metrages-avec-academy-of-moving-people\/#primaryimage"},"image":{"@id":"https:\/\/www.france.fi\/fr\/culture\/atelier-realisation-de-courts-metrages-avec-academy-of-moving-people\/#primaryimage"},"thumbnailUrl":"https:\/\/www.france.fi\/wp-content\/uploads\/2022\/11\/MicrosoftTeams-image-1098x617.jpg","datePublished":"2022-11-03T12:58:17+00:00","dateModified":"2022-11-28T07:11:57+00:00","breadcrumb":{"@id":"https:\/\/www.france.fi\/fr\/culture\/atelier-realisation-de-courts-metrages-avec-academy-of-moving-people\/#breadcrumb"},"inLanguage":"fr-FR","potentialAction":[{"@type":"ReadAction","target":["https:\/\/www.france.fi\/fr\/culture\/atelier-realisation-de-courts-metrages-avec-academy-of-moving-people\/"]}]},{"@type":"ImageObject","inLanguage":"fr-FR","@id":"https:\/\/www.france.fi\/fr\/culture\/atelier-realisation-de-courts-metrages-avec-academy-of-moving-people\/#primaryimage","url":"https:\/\/www.france.fi\/wp-content\/uploads\/2022\/11\/MicrosoftTeams-image-1098x617.jpg","contentUrl":"https:\/\/www.france.fi\/wp-content\/uploads\/2022\/11\/MicrosoftTeams-image-1098x617.jpg","width":1280,"height":720},{"@type":"BreadcrumbList","@id":"https:\/\/www.france.fi\/fr\/culture\/atelier-realisation-de-courts-metrages-avec-academy-of-moving-people\/#breadcrumb","itemListElement":[{"@type":"ListItem","position":1,"name":"Home","item":"https:\/\/www.france.fi\/fr\/"},{"@type":"ListItem","position":2,"name":"Culture","item":"https:\/\/www.france.fi\/fr\/category\/culture\/"},{"@type":"ListItem","position":3,"name":"Atelier r\u00e9alisation de courts-m\u00e9trages avec Academy of Moving People"}]},{"@type":"WebSite","@id":"https:\/\/www.france.fi\/#website","url":"https:\/\/www.france.fi\/","name":"Institut fran\u00e7ais de Finlande","description":"","publisher":{"@id":"https:\/\/www.france.fi\/#organization"},"potentialAction":[{"@type":"SearchAction","target":{"@type":"EntryPoint","urlTemplate":"https:\/\/www.france.fi\/?s={search_term_string}"},"query-input":{"@type":"PropertyValueSpecification","valueRequired":true,"valueName":"search_term_string"}}],"inLanguage":"fr-FR"},{"@type":"Organization","@id":"https:\/\/www.france.fi\/#organization","name":"Institut fran\u00e7ais de Finlande","url":"https:\/\/www.france.fi\/","logo":{"@type":"ImageObject","inLanguage":"fr-FR","@id":"https:\/\/www.france.fi\/#\/schema\/logo\/image\/","url":"https:\/\/www.france.fi\/wp-content\/uploads\/2024\/02\/if-logo-1.png","contentUrl":"https:\/\/www.france.fi\/wp-content\/uploads\/2024\/02\/if-logo-1.png","width":687,"height":459,"caption":"Institut fran\u00e7ais de Finlande"},"image":{"@id":"https:\/\/www.france.fi\/#\/schema\/logo\/image\/"},"sameAs":["https:\/\/www.facebook.com\/institutfrancaisfi","https:\/\/x.com\/IFFinlande","https:\/\/www.instagram.com\/iffinlande\/","https:\/\/fr.linkedin.com\/organization-guest\/company\/institut-fran-ais-de-finlande","https:\/\/www.youtube.com\/channel\/UCHAitdpmSbeP78eL49XMotA"]},{"@type":"Person","@id":"https:\/\/www.france.fi\/#\/schema\/person\/ed873f29db1d0af6a3600d15d3b65bfd","name":"Equipe IFF","image":{"@type":"ImageObject","inLanguage":"fr-FR","@id":"https:\/\/secure.gravatar.com\/avatar\/3c4ba80228d01014b25e45e90abb28ce315a02c6572751a7fb2298e4274989fc?s=96&d=mm&r=g","url":"https:\/\/secure.gravatar.com\/avatar\/3c4ba80228d01014b25e45e90abb28ce315a02c6572751a7fb2298e4274989fc?s=96&d=mm&r=g","contentUrl":"https:\/\/secure.gravatar.com\/avatar\/3c4ba80228d01014b25e45e90abb28ce315a02c6572751a7fb2298e4274989fc?s=96&d=mm&r=g","caption":"Equipe IFF"},"url":"https:\/\/www.france.fi\/fr\/author\/iffadmin\/"}]}},"_links":{"self":[{"href":"https:\/\/www.france.fi\/fr\/wp-json\/wp\/v2\/posts\/11184","targetHints":{"allow":["GET"]}}],"collection":[{"href":"https:\/\/www.france.fi\/fr\/wp-json\/wp\/v2\/posts"}],"about":[{"href":"https:\/\/www.france.fi\/fr\/wp-json\/wp\/v2\/types\/post"}],"author":[{"embeddable":true,"href":"https:\/\/www.france.fi\/fr\/wp-json\/wp\/v2\/users\/2"}],"replies":[{"embeddable":true,"href":"https:\/\/www.france.fi\/fr\/wp-json\/wp\/v2\/comments?post=11184"}],"version-history":[{"count":0,"href":"https:\/\/www.france.fi\/fr\/wp-json\/wp\/v2\/posts\/11184\/revisions"}],"wp:featuredmedia":[{"embeddable":true,"href":"https:\/\/www.france.fi\/fr\/wp-json\/wp\/v2\/media\/11186"}],"wp:attachment":[{"href":"https:\/\/www.france.fi\/fr\/wp-json\/wp\/v2\/media?parent=11184"}],"wp:term":[{"taxonomy":"category","embeddable":true,"href":"https:\/\/www.france.fi\/fr\/wp-json\/wp\/v2\/categories?post=11184"},{"taxonomy":"post_tag","embeddable":true,"href":"https:\/\/www.france.fi\/fr\/wp-json\/wp\/v2\/tags?post=11184"}],"curies":[{"name":"wp","href":"https:\/\/api.w.org\/{rel}","templated":true}]}}