{"id":12163,"date":"2023-02-22T14:44:06","date_gmt":"2023-02-22T12:44:06","guid":{"rendered":"https:\/\/www.france.fi\/?p=12163"},"modified":"2023-05-31T11:48:27","modified_gmt":"2023-05-31T08:48:27","slug":"soiree-litteraire-avec-cristina-sandu-claire-saint-germain","status":"publish","type":"post","link":"https:\/\/www.france.fi\/fr\/culture\/soiree-litteraire-avec-cristina-sandu-claire-saint-germain\/","title":{"rendered":"Soir\u00e9e litt\u00e9raire avec Cristina Sandu &#038; Claire Saint-Germain"},"content":{"rendered":"<p><span data-contrast=\"auto\">Lors de cette soir\u00e9e elles discuteront de l\u2019ouvrage Tout commence par la baleine et de sa traduction en fran\u00e7ais.<\/span><span data-ccp-props=\"{&quot;201341983&quot;:0,&quot;335559739&quot;:160,&quot;335559740&quot;:259}\">\u00a0<\/span><\/p>\n<h5><span data-contrast=\"auto\">Cristina Sandu<\/span><span data-ccp-props=\"{&quot;201341983&quot;:0,&quot;335559739&quot;:160,&quot;335559740&quot;:259}\">\u00a0<\/span><\/h5>\n<p><span data-contrast=\"auto\">N\u00e9 en Finlande en 1989, Cristina Sandu a v\u00e9cu plusieurs ann\u00e9es en France. Elle est d\u2019origine roumaine par son p\u00e8re. Elle travaille actuellement pour une maison d&rsquo;\u00e9dition \u00e0 Oxford.<\/span><span data-ccp-props=\"{&quot;201341983&quot;:0,&quot;335559739&quot;:160,&quot;335559740&quot;:259}\">\u00a0<\/span><\/p>\n<p><span data-contrast=\"auto\">Cristina Sandu aborde des th\u00e8mes aussi personnels qu&rsquo;universels, tels que l&rsquo;immigration, la double identit\u00e9 et le multiculturalisme.<\/span><span data-ccp-props=\"{&quot;201341983&quot;:0,&quot;335559739&quot;:160,&quot;335559740&quot;:259}\">\u00a0<\/span><\/p>\n<p><span data-contrast=\"auto\">Son premier roman, Tout commence par la baleine, a \u00e9t\u00e9 sur la liste des finalistes du prix Finlandia.<\/span><span data-ccp-props=\"{&quot;201341983&quot;:0,&quot;335559739&quot;:160,&quot;335559740&quot;:259}\">\u00a0<\/span><\/p>\n<h5><span data-contrast=\"auto\">Claire Saint-Germain<\/span><\/h5>\n<p><span data-contrast=\"auto\">Claire Saint-Germain est une des traductrices de litt\u00e9rature finlandaise les plus actives.<\/span><br \/>\n<span data-contrast=\"auto\">Elle a traduit de nombreux romans d\u2019auteurs connus, notamment Laura Lindstedt, Pajtim Statovci, Riikka Pulkkinen. Ses traductions ont \u00e9t\u00e9 publi\u00e9s chez des \u00e9diteurs prestigieux tels qu\u2019Albin Michel, Gallimard, Deno\u00ebl ou Buchet-Castel.<\/span><span data-ccp-props=\"{&quot;201341983&quot;:0,&quot;335559739&quot;:160,&quot;335559740&quot;:259}\">\u00a0<\/span><\/p>\n<p>Cet \u00e9v\u00e9nement est organis\u00e9 avec le soutien de l&rsquo;Institut Culturel roumain.<\/p>\n<p><strong>Entr\u00e9e libre sur r\u00e9servation\u00a0<\/strong><\/p>\n<p>&nbsp;<\/p>\n","protected":false},"excerpt":{"rendered":"<p>Pour c\u00e9l\u00e9brer les 30 ans de l\u2019adh\u00e9sion de la Roumanie \u00e0 l\u2019Organisation Internationale de la Francophonie l\u2019Ambassade de Roumanie et l\u2019Institut fran\u00e7ais de Finlande vous invitent \u00e1 une soir\u00e9e litt\u00e9raire en pr\u00e9sence de l\u2019auteur Cristina Sandu et de sa traductrice Claire Saint-Germain\u202f! <\/p>\n","protected":false},"author":2,"featured_media":12351,"comment_status":"closed","ping_status":"open","sticky":false,"template":"","format":"standard","meta":{"footnotes":""},"categories":[1],"tags":[],"class_list":["post-12163","post","type-post","status-publish","format-standard","has-post-thumbnail","hentry","category-culture"],"yoast_head":"<!-- This site is optimized with the Yoast SEO plugin v27.4 - https:\/\/yoast.com\/product\/yoast-seo-wordpress\/ -->\n<title>Soir\u00e9e litt\u00e9raire avec Cristina Sandu &amp; Claire Saint-Germain - Institut fran\u00e7ais<\/title>\n<meta name=\"robots\" content=\"index, follow, max-snippet:-1, max-image-preview:large, max-video-preview:-1\" \/>\n<link rel=\"canonical\" href=\"https:\/\/www.france.fi\/fr\/culture\/soiree-litteraire-avec-cristina-sandu-claire-saint-germain\/\" \/>\n<meta property=\"og:locale\" content=\"fr_FR\" \/>\n<meta property=\"og:type\" content=\"article\" \/>\n<meta property=\"og:title\" content=\"Soir\u00e9e litt\u00e9raire avec Cristina Sandu &amp; Claire Saint-Germain - Institut fran\u00e7ais\" \/>\n<meta property=\"og:description\" content=\"Pour c\u00e9l\u00e9brer les 30 ans de l\u2019adh\u00e9sion de la Roumanie \u00e0 l\u2019Organisation Internationale de la Francophonie l\u2019Ambassade de Roumanie et l\u2019Institut fran\u00e7ais de Finlande vous invitent \u00e1 une soir\u00e9e litt\u00e9raire en pr\u00e9sence de l\u2019auteur Cristina Sandu et de sa traductrice Claire Saint-Germain\u202f!\" \/>\n<meta property=\"og:url\" content=\"https:\/\/www.france.fi\/fr\/culture\/soiree-litteraire-avec-cristina-sandu-claire-saint-germain\/\" \/>\n<meta property=\"og:site_name\" content=\"Institut fran\u00e7ais\" \/>\n<meta property=\"article:publisher\" content=\"https:\/\/www.facebook.com\/institutfrancaisfi\" \/>\n<meta property=\"article:published_time\" content=\"2023-02-22T12:44:06+00:00\" \/>\n<meta property=\"article:modified_time\" content=\"2023-05-31T08:48:27+00:00\" \/>\n<meta property=\"og:image\" content=\"https:\/\/www.france.fi\/wp-content\/uploads\/2023\/03\/Soiree-litteraire-1098x617.jpg\" \/>\n\t<meta property=\"og:image:width\" content=\"1280\" \/>\n\t<meta property=\"og:image:height\" content=\"720\" \/>\n\t<meta property=\"og:image:type\" content=\"image\/jpeg\" \/>\n<meta name=\"author\" content=\"Equipe IFF\" \/>\n<meta name=\"twitter:card\" content=\"summary_large_image\" \/>\n<meta name=\"twitter:creator\" content=\"@IFFinlande\" \/>\n<meta name=\"twitter:site\" content=\"@IFFinlande\" \/>\n<meta name=\"twitter:label1\" content=\"\u00c9crit par\" \/>\n\t<meta name=\"twitter:data1\" content=\"Equipe IFF\" \/>\n\t<meta name=\"twitter:label2\" content=\"Dur\u00e9e de lecture estim\u00e9e\" \/>\n\t<meta name=\"twitter:data2\" content=\"1 minute\" \/>\n<script type=\"application\/ld+json\" class=\"yoast-schema-graph\">{\"@context\":\"https:\\\/\\\/schema.org\",\"@graph\":[{\"@type\":\"Article\",\"@id\":\"https:\\\/\\\/www.france.fi\\\/fr\\\/culture\\\/soiree-litteraire-avec-cristina-sandu-claire-saint-germain\\\/#article\",\"isPartOf\":{\"@id\":\"https:\\\/\\\/www.france.fi\\\/fr\\\/culture\\\/soiree-litteraire-avec-cristina-sandu-claire-saint-germain\\\/\"},\"author\":{\"name\":\"Equipe IFF\",\"@id\":\"https:\\\/\\\/www.france.fi\\\/#\\\/schema\\\/person\\\/ed873f29db1d0af6a3600d15d3b65bfd\"},\"headline\":\"Soir\u00e9e litt\u00e9raire avec Cristina Sandu &#038; Claire Saint-Germain\",\"datePublished\":\"2023-02-22T12:44:06+00:00\",\"dateModified\":\"2023-05-31T08:48:27+00:00\",\"mainEntityOfPage\":{\"@id\":\"https:\\\/\\\/www.france.fi\\\/fr\\\/culture\\\/soiree-litteraire-avec-cristina-sandu-claire-saint-germain\\\/\"},\"wordCount\":173,\"publisher\":{\"@id\":\"https:\\\/\\\/www.france.fi\\\/#organization\"},\"image\":{\"@id\":\"https:\\\/\\\/www.france.fi\\\/fr\\\/culture\\\/soiree-litteraire-avec-cristina-sandu-claire-saint-germain\\\/#primaryimage\"},\"thumbnailUrl\":\"https:\\\/\\\/www.france.fi\\\/wp-content\\\/uploads\\\/2023\\\/03\\\/Soiree-litteraire-1098x617.jpg\",\"articleSection\":[\"Culture\"],\"inLanguage\":\"fr-FR\"},{\"@type\":\"WebPage\",\"@id\":\"https:\\\/\\\/www.france.fi\\\/fr\\\/culture\\\/soiree-litteraire-avec-cristina-sandu-claire-saint-germain\\\/\",\"url\":\"https:\\\/\\\/www.france.fi\\\/fr\\\/culture\\\/soiree-litteraire-avec-cristina-sandu-claire-saint-germain\\\/\",\"name\":\"Soir\u00e9e litt\u00e9raire avec Cristina Sandu & Claire Saint-Germain - Institut fran\u00e7ais\",\"isPartOf\":{\"@id\":\"https:\\\/\\\/www.france.fi\\\/#website\"},\"primaryImageOfPage\":{\"@id\":\"https:\\\/\\\/www.france.fi\\\/fr\\\/culture\\\/soiree-litteraire-avec-cristina-sandu-claire-saint-germain\\\/#primaryimage\"},\"image\":{\"@id\":\"https:\\\/\\\/www.france.fi\\\/fr\\\/culture\\\/soiree-litteraire-avec-cristina-sandu-claire-saint-germain\\\/#primaryimage\"},\"thumbnailUrl\":\"https:\\\/\\\/www.france.fi\\\/wp-content\\\/uploads\\\/2023\\\/03\\\/Soiree-litteraire-1098x617.jpg\",\"datePublished\":\"2023-02-22T12:44:06+00:00\",\"dateModified\":\"2023-05-31T08:48:27+00:00\",\"breadcrumb\":{\"@id\":\"https:\\\/\\\/www.france.fi\\\/fr\\\/culture\\\/soiree-litteraire-avec-cristina-sandu-claire-saint-germain\\\/#breadcrumb\"},\"inLanguage\":\"fr-FR\",\"potentialAction\":[{\"@type\":\"ReadAction\",\"target\":[\"https:\\\/\\\/www.france.fi\\\/fr\\\/culture\\\/soiree-litteraire-avec-cristina-sandu-claire-saint-germain\\\/\"]}]},{\"@type\":\"ImageObject\",\"inLanguage\":\"fr-FR\",\"@id\":\"https:\\\/\\\/www.france.fi\\\/fr\\\/culture\\\/soiree-litteraire-avec-cristina-sandu-claire-saint-germain\\\/#primaryimage\",\"url\":\"https:\\\/\\\/www.france.fi\\\/wp-content\\\/uploads\\\/2023\\\/03\\\/Soiree-litteraire-1098x617.jpg\",\"contentUrl\":\"https:\\\/\\\/www.france.fi\\\/wp-content\\\/uploads\\\/2023\\\/03\\\/Soiree-litteraire-1098x617.jpg\",\"width\":1280,\"height\":720},{\"@type\":\"BreadcrumbList\",\"@id\":\"https:\\\/\\\/www.france.fi\\\/fr\\\/culture\\\/soiree-litteraire-avec-cristina-sandu-claire-saint-germain\\\/#breadcrumb\",\"itemListElement\":[{\"@type\":\"ListItem\",\"position\":1,\"name\":\"Home\",\"item\":\"https:\\\/\\\/www.france.fi\\\/fr\\\/\"},{\"@type\":\"ListItem\",\"position\":2,\"name\":\"Culture\",\"item\":\"https:\\\/\\\/www.france.fi\\\/fr\\\/category\\\/culture\\\/\"},{\"@type\":\"ListItem\",\"position\":3,\"name\":\"Soir\u00e9e litt\u00e9raire avec Cristina Sandu &#038; Claire Saint-Germain\"}]},{\"@type\":\"WebSite\",\"@id\":\"https:\\\/\\\/www.france.fi\\\/#website\",\"url\":\"https:\\\/\\\/www.france.fi\\\/\",\"name\":\"Institut fran\u00e7ais de Finlande\",\"description\":\"\",\"publisher\":{\"@id\":\"https:\\\/\\\/www.france.fi\\\/#organization\"},\"potentialAction\":[{\"@type\":\"SearchAction\",\"target\":{\"@type\":\"EntryPoint\",\"urlTemplate\":\"https:\\\/\\\/www.france.fi\\\/?s={search_term_string}\"},\"query-input\":{\"@type\":\"PropertyValueSpecification\",\"valueRequired\":true,\"valueName\":\"search_term_string\"}}],\"inLanguage\":\"fr-FR\"},{\"@type\":\"Organization\",\"@id\":\"https:\\\/\\\/www.france.fi\\\/#organization\",\"name\":\"Institut fran\u00e7ais de Finlande\",\"url\":\"https:\\\/\\\/www.france.fi\\\/\",\"logo\":{\"@type\":\"ImageObject\",\"inLanguage\":\"fr-FR\",\"@id\":\"https:\\\/\\\/www.france.fi\\\/#\\\/schema\\\/logo\\\/image\\\/\",\"url\":\"https:\\\/\\\/www.france.fi\\\/wp-content\\\/uploads\\\/2024\\\/02\\\/if-logo-1.png\",\"contentUrl\":\"https:\\\/\\\/www.france.fi\\\/wp-content\\\/uploads\\\/2024\\\/02\\\/if-logo-1.png\",\"width\":687,\"height\":459,\"caption\":\"Institut fran\u00e7ais de Finlande\"},\"image\":{\"@id\":\"https:\\\/\\\/www.france.fi\\\/#\\\/schema\\\/logo\\\/image\\\/\"},\"sameAs\":[\"https:\\\/\\\/www.facebook.com\\\/institutfrancaisfi\",\"https:\\\/\\\/x.com\\\/IFFinlande\",\"https:\\\/\\\/www.instagram.com\\\/iffinlande\\\/\",\"https:\\\/\\\/fr.linkedin.com\\\/organization-guest\\\/company\\\/institut-fran-ais-de-finlande\",\"https:\\\/\\\/www.youtube.com\\\/channel\\\/UCHAitdpmSbeP78eL49XMotA\"]},{\"@type\":\"Person\",\"@id\":\"https:\\\/\\\/www.france.fi\\\/#\\\/schema\\\/person\\\/ed873f29db1d0af6a3600d15d3b65bfd\",\"name\":\"Equipe IFF\",\"image\":{\"@type\":\"ImageObject\",\"inLanguage\":\"fr-FR\",\"@id\":\"https:\\\/\\\/secure.gravatar.com\\\/avatar\\\/3c4ba80228d01014b25e45e90abb28ce315a02c6572751a7fb2298e4274989fc?s=96&d=mm&r=g\",\"url\":\"https:\\\/\\\/secure.gravatar.com\\\/avatar\\\/3c4ba80228d01014b25e45e90abb28ce315a02c6572751a7fb2298e4274989fc?s=96&d=mm&r=g\",\"contentUrl\":\"https:\\\/\\\/secure.gravatar.com\\\/avatar\\\/3c4ba80228d01014b25e45e90abb28ce315a02c6572751a7fb2298e4274989fc?s=96&d=mm&r=g\",\"caption\":\"Equipe IFF\"},\"url\":\"https:\\\/\\\/www.france.fi\\\/fr\\\/author\\\/iffadmin\\\/\"}]}<\/script>\n<!-- \/ Yoast SEO plugin. -->","yoast_head_json":{"title":"Soir\u00e9e litt\u00e9raire avec Cristina Sandu & Claire Saint-Germain - Institut fran\u00e7ais","robots":{"index":"index","follow":"follow","max-snippet":"max-snippet:-1","max-image-preview":"max-image-preview:large","max-video-preview":"max-video-preview:-1"},"canonical":"https:\/\/www.france.fi\/fr\/culture\/soiree-litteraire-avec-cristina-sandu-claire-saint-germain\/","og_locale":"fr_FR","og_type":"article","og_title":"Soir\u00e9e litt\u00e9raire avec Cristina Sandu & Claire Saint-Germain - Institut fran\u00e7ais","og_description":"Pour c\u00e9l\u00e9brer les 30 ans de l\u2019adh\u00e9sion de la Roumanie \u00e0 l\u2019Organisation Internationale de la Francophonie l\u2019Ambassade de Roumanie et l\u2019Institut fran\u00e7ais de Finlande vous invitent \u00e1 une soir\u00e9e litt\u00e9raire en pr\u00e9sence de l\u2019auteur Cristina Sandu et de sa traductrice Claire Saint-Germain\u202f!","og_url":"https:\/\/www.france.fi\/fr\/culture\/soiree-litteraire-avec-cristina-sandu-claire-saint-germain\/","og_site_name":"Institut fran\u00e7ais","article_publisher":"https:\/\/www.facebook.com\/institutfrancaisfi","article_published_time":"2023-02-22T12:44:06+00:00","article_modified_time":"2023-05-31T08:48:27+00:00","og_image":[{"width":1280,"height":720,"url":"https:\/\/www.france.fi\/wp-content\/uploads\/2023\/03\/Soiree-litteraire-1098x617.jpg","type":"image\/jpeg"}],"author":"Equipe IFF","twitter_card":"summary_large_image","twitter_creator":"@IFFinlande","twitter_site":"@IFFinlande","twitter_misc":{"\u00c9crit par":"Equipe IFF","Dur\u00e9e de lecture estim\u00e9e":"1 minute"},"schema":{"@context":"https:\/\/schema.org","@graph":[{"@type":"Article","@id":"https:\/\/www.france.fi\/fr\/culture\/soiree-litteraire-avec-cristina-sandu-claire-saint-germain\/#article","isPartOf":{"@id":"https:\/\/www.france.fi\/fr\/culture\/soiree-litteraire-avec-cristina-sandu-claire-saint-germain\/"},"author":{"name":"Equipe IFF","@id":"https:\/\/www.france.fi\/#\/schema\/person\/ed873f29db1d0af6a3600d15d3b65bfd"},"headline":"Soir\u00e9e litt\u00e9raire avec Cristina Sandu &#038; Claire Saint-Germain","datePublished":"2023-02-22T12:44:06+00:00","dateModified":"2023-05-31T08:48:27+00:00","mainEntityOfPage":{"@id":"https:\/\/www.france.fi\/fr\/culture\/soiree-litteraire-avec-cristina-sandu-claire-saint-germain\/"},"wordCount":173,"publisher":{"@id":"https:\/\/www.france.fi\/#organization"},"image":{"@id":"https:\/\/www.france.fi\/fr\/culture\/soiree-litteraire-avec-cristina-sandu-claire-saint-germain\/#primaryimage"},"thumbnailUrl":"https:\/\/www.france.fi\/wp-content\/uploads\/2023\/03\/Soiree-litteraire-1098x617.jpg","articleSection":["Culture"],"inLanguage":"fr-FR"},{"@type":"WebPage","@id":"https:\/\/www.france.fi\/fr\/culture\/soiree-litteraire-avec-cristina-sandu-claire-saint-germain\/","url":"https:\/\/www.france.fi\/fr\/culture\/soiree-litteraire-avec-cristina-sandu-claire-saint-germain\/","name":"Soir\u00e9e litt\u00e9raire avec Cristina Sandu & Claire Saint-Germain - Institut fran\u00e7ais","isPartOf":{"@id":"https:\/\/www.france.fi\/#website"},"primaryImageOfPage":{"@id":"https:\/\/www.france.fi\/fr\/culture\/soiree-litteraire-avec-cristina-sandu-claire-saint-germain\/#primaryimage"},"image":{"@id":"https:\/\/www.france.fi\/fr\/culture\/soiree-litteraire-avec-cristina-sandu-claire-saint-germain\/#primaryimage"},"thumbnailUrl":"https:\/\/www.france.fi\/wp-content\/uploads\/2023\/03\/Soiree-litteraire-1098x617.jpg","datePublished":"2023-02-22T12:44:06+00:00","dateModified":"2023-05-31T08:48:27+00:00","breadcrumb":{"@id":"https:\/\/www.france.fi\/fr\/culture\/soiree-litteraire-avec-cristina-sandu-claire-saint-germain\/#breadcrumb"},"inLanguage":"fr-FR","potentialAction":[{"@type":"ReadAction","target":["https:\/\/www.france.fi\/fr\/culture\/soiree-litteraire-avec-cristina-sandu-claire-saint-germain\/"]}]},{"@type":"ImageObject","inLanguage":"fr-FR","@id":"https:\/\/www.france.fi\/fr\/culture\/soiree-litteraire-avec-cristina-sandu-claire-saint-germain\/#primaryimage","url":"https:\/\/www.france.fi\/wp-content\/uploads\/2023\/03\/Soiree-litteraire-1098x617.jpg","contentUrl":"https:\/\/www.france.fi\/wp-content\/uploads\/2023\/03\/Soiree-litteraire-1098x617.jpg","width":1280,"height":720},{"@type":"BreadcrumbList","@id":"https:\/\/www.france.fi\/fr\/culture\/soiree-litteraire-avec-cristina-sandu-claire-saint-germain\/#breadcrumb","itemListElement":[{"@type":"ListItem","position":1,"name":"Home","item":"https:\/\/www.france.fi\/fr\/"},{"@type":"ListItem","position":2,"name":"Culture","item":"https:\/\/www.france.fi\/fr\/category\/culture\/"},{"@type":"ListItem","position":3,"name":"Soir\u00e9e litt\u00e9raire avec Cristina Sandu &#038; Claire Saint-Germain"}]},{"@type":"WebSite","@id":"https:\/\/www.france.fi\/#website","url":"https:\/\/www.france.fi\/","name":"Institut fran\u00e7ais de Finlande","description":"","publisher":{"@id":"https:\/\/www.france.fi\/#organization"},"potentialAction":[{"@type":"SearchAction","target":{"@type":"EntryPoint","urlTemplate":"https:\/\/www.france.fi\/?s={search_term_string}"},"query-input":{"@type":"PropertyValueSpecification","valueRequired":true,"valueName":"search_term_string"}}],"inLanguage":"fr-FR"},{"@type":"Organization","@id":"https:\/\/www.france.fi\/#organization","name":"Institut fran\u00e7ais de Finlande","url":"https:\/\/www.france.fi\/","logo":{"@type":"ImageObject","inLanguage":"fr-FR","@id":"https:\/\/www.france.fi\/#\/schema\/logo\/image\/","url":"https:\/\/www.france.fi\/wp-content\/uploads\/2024\/02\/if-logo-1.png","contentUrl":"https:\/\/www.france.fi\/wp-content\/uploads\/2024\/02\/if-logo-1.png","width":687,"height":459,"caption":"Institut fran\u00e7ais de Finlande"},"image":{"@id":"https:\/\/www.france.fi\/#\/schema\/logo\/image\/"},"sameAs":["https:\/\/www.facebook.com\/institutfrancaisfi","https:\/\/x.com\/IFFinlande","https:\/\/www.instagram.com\/iffinlande\/","https:\/\/fr.linkedin.com\/organization-guest\/company\/institut-fran-ais-de-finlande","https:\/\/www.youtube.com\/channel\/UCHAitdpmSbeP78eL49XMotA"]},{"@type":"Person","@id":"https:\/\/www.france.fi\/#\/schema\/person\/ed873f29db1d0af6a3600d15d3b65bfd","name":"Equipe IFF","image":{"@type":"ImageObject","inLanguage":"fr-FR","@id":"https:\/\/secure.gravatar.com\/avatar\/3c4ba80228d01014b25e45e90abb28ce315a02c6572751a7fb2298e4274989fc?s=96&d=mm&r=g","url":"https:\/\/secure.gravatar.com\/avatar\/3c4ba80228d01014b25e45e90abb28ce315a02c6572751a7fb2298e4274989fc?s=96&d=mm&r=g","contentUrl":"https:\/\/secure.gravatar.com\/avatar\/3c4ba80228d01014b25e45e90abb28ce315a02c6572751a7fb2298e4274989fc?s=96&d=mm&r=g","caption":"Equipe IFF"},"url":"https:\/\/www.france.fi\/fr\/author\/iffadmin\/"}]}},"_links":{"self":[{"href":"https:\/\/www.france.fi\/fr\/wp-json\/wp\/v2\/posts\/12163","targetHints":{"allow":["GET"]}}],"collection":[{"href":"https:\/\/www.france.fi\/fr\/wp-json\/wp\/v2\/posts"}],"about":[{"href":"https:\/\/www.france.fi\/fr\/wp-json\/wp\/v2\/types\/post"}],"author":[{"embeddable":true,"href":"https:\/\/www.france.fi\/fr\/wp-json\/wp\/v2\/users\/2"}],"replies":[{"embeddable":true,"href":"https:\/\/www.france.fi\/fr\/wp-json\/wp\/v2\/comments?post=12163"}],"version-history":[{"count":0,"href":"https:\/\/www.france.fi\/fr\/wp-json\/wp\/v2\/posts\/12163\/revisions"}],"wp:featuredmedia":[{"embeddable":true,"href":"https:\/\/www.france.fi\/fr\/wp-json\/wp\/v2\/media\/12351"}],"wp:attachment":[{"href":"https:\/\/www.france.fi\/fr\/wp-json\/wp\/v2\/media?parent=12163"}],"wp:term":[{"taxonomy":"category","embeddable":true,"href":"https:\/\/www.france.fi\/fr\/wp-json\/wp\/v2\/categories?post=12163"},{"taxonomy":"post_tag","embeddable":true,"href":"https:\/\/www.france.fi\/fr\/wp-json\/wp\/v2\/tags?post=12163"}],"curies":[{"name":"wp","href":"https:\/\/api.w.org\/{rel}","templated":true}]}}