{"id":12433,"date":"2023-03-28T11:55:10","date_gmt":"2023-03-28T08:55:10","guid":{"rendered":"https:\/\/www.france.fi\/?p=12433"},"modified":"2023-04-28T09:05:42","modified_gmt":"2023-04-28T06:05:42","slug":"stress-et-anxiete-a-laune-des-neurosciences","status":"publish","type":"post","link":"https:\/\/www.france.fi\/fr\/sciences-et-universites\/stress-et-anxiete-a-laune-des-neurosciences\/","title":{"rendered":"Stress et anxi\u00e9t\u00e9 \u00e0 l\u2019aune des neurosciences"},"content":{"rendered":"<p>Pourquoi certaines personnes sont-elles stress\u00e9es ou anxieuses? Comment expliquer cela \u00e0 la lumi\u00e8re de la g\u00e9n\u00e9tique et des neurosciences ? Telles sont quelques-unes des questions auxquelles Adrien Gigliotta et Malvina Millet r\u00e9pondront au cours de ce Caf\u00e9 scientifique. \u00a0Les troubles anxieux sont les troubles psychiatriques les plus r\u00e9pandus et touchent 14% de la population europ\u00e9enne, entra\u00eenant des co\u00fbts de sant\u00e9 importants et une d\u00e9t\u00e9rioration significative de la qualit\u00e9 de vie. Avec la pand\u00e9mie de COVID-19, l\u2019isolement social et la solitude se sont renforc\u00e9s, entra\u00eenant une augmentation de la pr\u00e9valence de ces troubles.<\/p>\n<p>Dans ce contexte, Malvina et Adrien, sp\u00e9cialis\u00e9s en Neurosciences, donneront des \u00e9l\u00e9ments de r\u00e9ponses \u00e0 des questions importantes : <strong>qu&rsquo;est-ce que l&rsquo;anxi\u00e9t\u00e9? Pourquoi certaines personnes d\u00e9veloppent des troubles anxieux et pas d&rsquo;autres ? Quels sont les facteurs de risque ? Peut-il y avoir une origine g\u00e9n\u00e9tique \u00e0 ces troubles ?<\/strong><\/p>\n<p>Les deux chercheurs nous expliqueront \u00e9galement comment il est possible d\u2019\u00e9tudier les troubles anxieux en laboratoires \u00e0 travers des outils de recherche de pointe. Ils nous pr\u00e9senteront de nouvelles hypoth\u00e8ses pour expliquer l&rsquo;apparition de ces troubles psychiatriques pour lesquels il n&rsquo;existe toujours pas de traitements efficaces.<\/p>\n<p><img loading=\"lazy\" decoding=\"async\" class=\"size-full wp-image-12499 aligncenter\" src=\"https:\/\/www.france.fi\/wp-content\/uploads\/2023\/03\/Malvina_et_adrien.jpg\" alt=\"\" width=\"400\" height=\"332\" srcset=\"https:\/\/www.france.fi\/wp-content\/uploads\/2023\/03\/Malvina_et_adrien.jpg 400w, https:\/\/www.france.fi\/wp-content\/uploads\/2023\/03\/Malvina_et_adrien-300x249.jpg 300w\" sizes=\"auto, (max-width: 400px) 100vw, 400px\" \/><\/p>\n<p><strong>Adrien Gigliotta<\/strong> : Dipl\u00f4m\u00e9 d\u2019un master de Neurosciences \u00e0 l\u2019Universit\u00e9 d\u2019Aix-Marseille, Adrien est \u00e9tudiant en derni\u00e8re ann\u00e9e de th\u00e8se \u00e0 l\u2019Universit\u00e9 de Helsinki. Il se concentre sur l\u2019\u00e9tude des m\u00e9canismes g\u00e9n\u00e9tiques et cellulaires impliqu\u00e9s dans l\u2019apparition des troubles anxieux provoqu\u00e9s par un stress chronique.<\/p>\n<p><strong>Malvina Millet<\/strong> : Etudiante en master de Neurosciences, Malvina est dipl\u00f4m\u00e9e d\u2019une licence de physiologie et nutrition humaine. Elle a rejoint le laboratoire pour son stage de fin de master et travaille sur le m\u00eame sujet qu\u2019Adrien.<\/p>\n<p><em>L\u2019intervention se fera en anglais. Elle sera suivie d\u2019un \u00e9change avec le public, puis d\u2019un moment de convivialit\u00e9.<\/em><\/p>\n<p>Entr\u00e9e libre sur r\u00e9servation<\/p>\n","protected":false},"excerpt":{"rendered":"<p>Caf\u00e9 scientifique le jeudi 27 avril 2023<\/p>\n","protected":false},"author":2,"featured_media":12434,"comment_status":"closed","ping_status":"open","sticky":false,"template":"","format":"standard","meta":{"footnotes":""},"categories":[4],"tags":[],"class_list":["post-12433","post","type-post","status-publish","format-standard","has-post-thumbnail","hentry","category-sciences-et-universites"],"yoast_head":"<!-- This site is optimized with the Yoast SEO plugin v27.4 - https:\/\/yoast.com\/product\/yoast-seo-wordpress\/ -->\n<title>Stress et anxi\u00e9t\u00e9 \u00e0 l\u2019aune des neurosciences - Institut fran\u00e7ais<\/title>\n<meta name=\"robots\" content=\"index, follow, max-snippet:-1, max-image-preview:large, max-video-preview:-1\" \/>\n<link rel=\"canonical\" href=\"https:\/\/www.france.fi\/fr\/sciences-et-universites\/stress-et-anxiete-a-laune-des-neurosciences\/\" \/>\n<meta property=\"og:locale\" content=\"fr_FR\" \/>\n<meta property=\"og:type\" content=\"article\" \/>\n<meta property=\"og:title\" content=\"Stress et anxi\u00e9t\u00e9 \u00e0 l\u2019aune des neurosciences - Institut fran\u00e7ais\" \/>\n<meta property=\"og:description\" content=\"Caf\u00e9 scientifique le jeudi 27 avril 2023\" \/>\n<meta property=\"og:url\" content=\"https:\/\/www.france.fi\/fr\/sciences-et-universites\/stress-et-anxiete-a-laune-des-neurosciences\/\" \/>\n<meta property=\"og:site_name\" content=\"Institut fran\u00e7ais\" \/>\n<meta property=\"article:publisher\" content=\"https:\/\/www.facebook.com\/institutfrancaisfi\" \/>\n<meta property=\"article:published_time\" content=\"2023-03-28T08:55:10+00:00\" \/>\n<meta property=\"article:modified_time\" content=\"2023-04-28T06:05:42+00:00\" \/>\n<meta property=\"og:image\" content=\"https:\/\/www.france.fi\/wp-content\/uploads\/2023\/03\/Cafe-27.4.23-1098x617.jpg\" \/>\n\t<meta property=\"og:image:width\" content=\"1280\" \/>\n\t<meta property=\"og:image:height\" content=\"720\" \/>\n\t<meta property=\"og:image:type\" content=\"image\/jpeg\" \/>\n<meta name=\"author\" content=\"Equipe IFF\" \/>\n<meta name=\"twitter:card\" content=\"summary_large_image\" \/>\n<meta name=\"twitter:creator\" content=\"@IFFinlande\" \/>\n<meta name=\"twitter:site\" content=\"@IFFinlande\" \/>\n<meta name=\"twitter:label1\" content=\"\u00c9crit par\" \/>\n\t<meta name=\"twitter:data1\" content=\"Equipe IFF\" \/>\n\t<meta name=\"twitter:label2\" content=\"Dur\u00e9e de lecture estim\u00e9e\" \/>\n\t<meta name=\"twitter:data2\" content=\"2 minutes\" \/>\n<script type=\"application\/ld+json\" class=\"yoast-schema-graph\">{\"@context\":\"https:\\\/\\\/schema.org\",\"@graph\":[{\"@type\":\"Article\",\"@id\":\"https:\\\/\\\/www.france.fi\\\/fr\\\/sciences-et-universites\\\/stress-et-anxiete-a-laune-des-neurosciences\\\/#article\",\"isPartOf\":{\"@id\":\"https:\\\/\\\/www.france.fi\\\/fr\\\/sciences-et-universites\\\/stress-et-anxiete-a-laune-des-neurosciences\\\/\"},\"author\":{\"name\":\"Equipe IFF\",\"@id\":\"https:\\\/\\\/www.france.fi\\\/#\\\/schema\\\/person\\\/ed873f29db1d0af6a3600d15d3b65bfd\"},\"headline\":\"Stress et anxi\u00e9t\u00e9 \u00e0 l\u2019aune des neurosciences\",\"datePublished\":\"2023-03-28T08:55:10+00:00\",\"dateModified\":\"2023-04-28T06:05:42+00:00\",\"mainEntityOfPage\":{\"@id\":\"https:\\\/\\\/www.france.fi\\\/fr\\\/sciences-et-universites\\\/stress-et-anxiete-a-laune-des-neurosciences\\\/\"},\"wordCount\":342,\"publisher\":{\"@id\":\"https:\\\/\\\/www.france.fi\\\/#organization\"},\"image\":{\"@id\":\"https:\\\/\\\/www.france.fi\\\/fr\\\/sciences-et-universites\\\/stress-et-anxiete-a-laune-des-neurosciences\\\/#primaryimage\"},\"thumbnailUrl\":\"https:\\\/\\\/www.france.fi\\\/wp-content\\\/uploads\\\/2023\\\/03\\\/Cafe-27.4.23-1098x617.jpg\",\"articleSection\":[\"Sciences et universit\u00e9s\"],\"inLanguage\":\"fr-FR\"},{\"@type\":\"WebPage\",\"@id\":\"https:\\\/\\\/www.france.fi\\\/fr\\\/sciences-et-universites\\\/stress-et-anxiete-a-laune-des-neurosciences\\\/\",\"url\":\"https:\\\/\\\/www.france.fi\\\/fr\\\/sciences-et-universites\\\/stress-et-anxiete-a-laune-des-neurosciences\\\/\",\"name\":\"Stress et anxi\u00e9t\u00e9 \u00e0 l\u2019aune des neurosciences - Institut fran\u00e7ais\",\"isPartOf\":{\"@id\":\"https:\\\/\\\/www.france.fi\\\/#website\"},\"primaryImageOfPage\":{\"@id\":\"https:\\\/\\\/www.france.fi\\\/fr\\\/sciences-et-universites\\\/stress-et-anxiete-a-laune-des-neurosciences\\\/#primaryimage\"},\"image\":{\"@id\":\"https:\\\/\\\/www.france.fi\\\/fr\\\/sciences-et-universites\\\/stress-et-anxiete-a-laune-des-neurosciences\\\/#primaryimage\"},\"thumbnailUrl\":\"https:\\\/\\\/www.france.fi\\\/wp-content\\\/uploads\\\/2023\\\/03\\\/Cafe-27.4.23-1098x617.jpg\",\"datePublished\":\"2023-03-28T08:55:10+00:00\",\"dateModified\":\"2023-04-28T06:05:42+00:00\",\"breadcrumb\":{\"@id\":\"https:\\\/\\\/www.france.fi\\\/fr\\\/sciences-et-universites\\\/stress-et-anxiete-a-laune-des-neurosciences\\\/#breadcrumb\"},\"inLanguage\":\"fr-FR\",\"potentialAction\":[{\"@type\":\"ReadAction\",\"target\":[\"https:\\\/\\\/www.france.fi\\\/fr\\\/sciences-et-universites\\\/stress-et-anxiete-a-laune-des-neurosciences\\\/\"]}]},{\"@type\":\"ImageObject\",\"inLanguage\":\"fr-FR\",\"@id\":\"https:\\\/\\\/www.france.fi\\\/fr\\\/sciences-et-universites\\\/stress-et-anxiete-a-laune-des-neurosciences\\\/#primaryimage\",\"url\":\"https:\\\/\\\/www.france.fi\\\/wp-content\\\/uploads\\\/2023\\\/03\\\/Cafe-27.4.23-1098x617.jpg\",\"contentUrl\":\"https:\\\/\\\/www.france.fi\\\/wp-content\\\/uploads\\\/2023\\\/03\\\/Cafe-27.4.23-1098x617.jpg\",\"width\":1280,\"height\":720},{\"@type\":\"BreadcrumbList\",\"@id\":\"https:\\\/\\\/www.france.fi\\\/fr\\\/sciences-et-universites\\\/stress-et-anxiete-a-laune-des-neurosciences\\\/#breadcrumb\",\"itemListElement\":[{\"@type\":\"ListItem\",\"position\":1,\"name\":\"Home\",\"item\":\"https:\\\/\\\/www.france.fi\\\/fr\\\/\"},{\"@type\":\"ListItem\",\"position\":2,\"name\":\"Sciences et universit\u00e9s\",\"item\":\"https:\\\/\\\/www.france.fi\\\/fr\\\/category\\\/sciences-et-universites\\\/\"},{\"@type\":\"ListItem\",\"position\":3,\"name\":\"Stress et anxi\u00e9t\u00e9 \u00e0 l\u2019aune des neurosciences\"}]},{\"@type\":\"WebSite\",\"@id\":\"https:\\\/\\\/www.france.fi\\\/#website\",\"url\":\"https:\\\/\\\/www.france.fi\\\/\",\"name\":\"Institut fran\u00e7ais de Finlande\",\"description\":\"\",\"publisher\":{\"@id\":\"https:\\\/\\\/www.france.fi\\\/#organization\"},\"potentialAction\":[{\"@type\":\"SearchAction\",\"target\":{\"@type\":\"EntryPoint\",\"urlTemplate\":\"https:\\\/\\\/www.france.fi\\\/?s={search_term_string}\"},\"query-input\":{\"@type\":\"PropertyValueSpecification\",\"valueRequired\":true,\"valueName\":\"search_term_string\"}}],\"inLanguage\":\"fr-FR\"},{\"@type\":\"Organization\",\"@id\":\"https:\\\/\\\/www.france.fi\\\/#organization\",\"name\":\"Institut fran\u00e7ais de Finlande\",\"url\":\"https:\\\/\\\/www.france.fi\\\/\",\"logo\":{\"@type\":\"ImageObject\",\"inLanguage\":\"fr-FR\",\"@id\":\"https:\\\/\\\/www.france.fi\\\/#\\\/schema\\\/logo\\\/image\\\/\",\"url\":\"https:\\\/\\\/www.france.fi\\\/wp-content\\\/uploads\\\/2024\\\/02\\\/if-logo-1.png\",\"contentUrl\":\"https:\\\/\\\/www.france.fi\\\/wp-content\\\/uploads\\\/2024\\\/02\\\/if-logo-1.png\",\"width\":687,\"height\":459,\"caption\":\"Institut fran\u00e7ais de Finlande\"},\"image\":{\"@id\":\"https:\\\/\\\/www.france.fi\\\/#\\\/schema\\\/logo\\\/image\\\/\"},\"sameAs\":[\"https:\\\/\\\/www.facebook.com\\\/institutfrancaisfi\",\"https:\\\/\\\/x.com\\\/IFFinlande\",\"https:\\\/\\\/www.instagram.com\\\/iffinlande\\\/\",\"https:\\\/\\\/fr.linkedin.com\\\/organization-guest\\\/company\\\/institut-fran-ais-de-finlande\",\"https:\\\/\\\/www.youtube.com\\\/channel\\\/UCHAitdpmSbeP78eL49XMotA\"]},{\"@type\":\"Person\",\"@id\":\"https:\\\/\\\/www.france.fi\\\/#\\\/schema\\\/person\\\/ed873f29db1d0af6a3600d15d3b65bfd\",\"name\":\"Equipe IFF\",\"image\":{\"@type\":\"ImageObject\",\"inLanguage\":\"fr-FR\",\"@id\":\"https:\\\/\\\/secure.gravatar.com\\\/avatar\\\/3c4ba80228d01014b25e45e90abb28ce315a02c6572751a7fb2298e4274989fc?s=96&d=mm&r=g\",\"url\":\"https:\\\/\\\/secure.gravatar.com\\\/avatar\\\/3c4ba80228d01014b25e45e90abb28ce315a02c6572751a7fb2298e4274989fc?s=96&d=mm&r=g\",\"contentUrl\":\"https:\\\/\\\/secure.gravatar.com\\\/avatar\\\/3c4ba80228d01014b25e45e90abb28ce315a02c6572751a7fb2298e4274989fc?s=96&d=mm&r=g\",\"caption\":\"Equipe IFF\"},\"url\":\"https:\\\/\\\/www.france.fi\\\/fr\\\/author\\\/iffadmin\\\/\"}]}<\/script>\n<!-- \/ Yoast SEO plugin. -->","yoast_head_json":{"title":"Stress et anxi\u00e9t\u00e9 \u00e0 l\u2019aune des neurosciences - Institut fran\u00e7ais","robots":{"index":"index","follow":"follow","max-snippet":"max-snippet:-1","max-image-preview":"max-image-preview:large","max-video-preview":"max-video-preview:-1"},"canonical":"https:\/\/www.france.fi\/fr\/sciences-et-universites\/stress-et-anxiete-a-laune-des-neurosciences\/","og_locale":"fr_FR","og_type":"article","og_title":"Stress et anxi\u00e9t\u00e9 \u00e0 l\u2019aune des neurosciences - Institut fran\u00e7ais","og_description":"Caf\u00e9 scientifique le jeudi 27 avril 2023","og_url":"https:\/\/www.france.fi\/fr\/sciences-et-universites\/stress-et-anxiete-a-laune-des-neurosciences\/","og_site_name":"Institut fran\u00e7ais","article_publisher":"https:\/\/www.facebook.com\/institutfrancaisfi","article_published_time":"2023-03-28T08:55:10+00:00","article_modified_time":"2023-04-28T06:05:42+00:00","og_image":[{"width":1280,"height":720,"url":"https:\/\/www.france.fi\/wp-content\/uploads\/2023\/03\/Cafe-27.4.23-1098x617.jpg","type":"image\/jpeg"}],"author":"Equipe IFF","twitter_card":"summary_large_image","twitter_creator":"@IFFinlande","twitter_site":"@IFFinlande","twitter_misc":{"\u00c9crit par":"Equipe IFF","Dur\u00e9e de lecture estim\u00e9e":"2 minutes"},"schema":{"@context":"https:\/\/schema.org","@graph":[{"@type":"Article","@id":"https:\/\/www.france.fi\/fr\/sciences-et-universites\/stress-et-anxiete-a-laune-des-neurosciences\/#article","isPartOf":{"@id":"https:\/\/www.france.fi\/fr\/sciences-et-universites\/stress-et-anxiete-a-laune-des-neurosciences\/"},"author":{"name":"Equipe IFF","@id":"https:\/\/www.france.fi\/#\/schema\/person\/ed873f29db1d0af6a3600d15d3b65bfd"},"headline":"Stress et anxi\u00e9t\u00e9 \u00e0 l\u2019aune des neurosciences","datePublished":"2023-03-28T08:55:10+00:00","dateModified":"2023-04-28T06:05:42+00:00","mainEntityOfPage":{"@id":"https:\/\/www.france.fi\/fr\/sciences-et-universites\/stress-et-anxiete-a-laune-des-neurosciences\/"},"wordCount":342,"publisher":{"@id":"https:\/\/www.france.fi\/#organization"},"image":{"@id":"https:\/\/www.france.fi\/fr\/sciences-et-universites\/stress-et-anxiete-a-laune-des-neurosciences\/#primaryimage"},"thumbnailUrl":"https:\/\/www.france.fi\/wp-content\/uploads\/2023\/03\/Cafe-27.4.23-1098x617.jpg","articleSection":["Sciences et universit\u00e9s"],"inLanguage":"fr-FR"},{"@type":"WebPage","@id":"https:\/\/www.france.fi\/fr\/sciences-et-universites\/stress-et-anxiete-a-laune-des-neurosciences\/","url":"https:\/\/www.france.fi\/fr\/sciences-et-universites\/stress-et-anxiete-a-laune-des-neurosciences\/","name":"Stress et anxi\u00e9t\u00e9 \u00e0 l\u2019aune des neurosciences - Institut fran\u00e7ais","isPartOf":{"@id":"https:\/\/www.france.fi\/#website"},"primaryImageOfPage":{"@id":"https:\/\/www.france.fi\/fr\/sciences-et-universites\/stress-et-anxiete-a-laune-des-neurosciences\/#primaryimage"},"image":{"@id":"https:\/\/www.france.fi\/fr\/sciences-et-universites\/stress-et-anxiete-a-laune-des-neurosciences\/#primaryimage"},"thumbnailUrl":"https:\/\/www.france.fi\/wp-content\/uploads\/2023\/03\/Cafe-27.4.23-1098x617.jpg","datePublished":"2023-03-28T08:55:10+00:00","dateModified":"2023-04-28T06:05:42+00:00","breadcrumb":{"@id":"https:\/\/www.france.fi\/fr\/sciences-et-universites\/stress-et-anxiete-a-laune-des-neurosciences\/#breadcrumb"},"inLanguage":"fr-FR","potentialAction":[{"@type":"ReadAction","target":["https:\/\/www.france.fi\/fr\/sciences-et-universites\/stress-et-anxiete-a-laune-des-neurosciences\/"]}]},{"@type":"ImageObject","inLanguage":"fr-FR","@id":"https:\/\/www.france.fi\/fr\/sciences-et-universites\/stress-et-anxiete-a-laune-des-neurosciences\/#primaryimage","url":"https:\/\/www.france.fi\/wp-content\/uploads\/2023\/03\/Cafe-27.4.23-1098x617.jpg","contentUrl":"https:\/\/www.france.fi\/wp-content\/uploads\/2023\/03\/Cafe-27.4.23-1098x617.jpg","width":1280,"height":720},{"@type":"BreadcrumbList","@id":"https:\/\/www.france.fi\/fr\/sciences-et-universites\/stress-et-anxiete-a-laune-des-neurosciences\/#breadcrumb","itemListElement":[{"@type":"ListItem","position":1,"name":"Home","item":"https:\/\/www.france.fi\/fr\/"},{"@type":"ListItem","position":2,"name":"Sciences et universit\u00e9s","item":"https:\/\/www.france.fi\/fr\/category\/sciences-et-universites\/"},{"@type":"ListItem","position":3,"name":"Stress et anxi\u00e9t\u00e9 \u00e0 l\u2019aune des neurosciences"}]},{"@type":"WebSite","@id":"https:\/\/www.france.fi\/#website","url":"https:\/\/www.france.fi\/","name":"Institut fran\u00e7ais de Finlande","description":"","publisher":{"@id":"https:\/\/www.france.fi\/#organization"},"potentialAction":[{"@type":"SearchAction","target":{"@type":"EntryPoint","urlTemplate":"https:\/\/www.france.fi\/?s={search_term_string}"},"query-input":{"@type":"PropertyValueSpecification","valueRequired":true,"valueName":"search_term_string"}}],"inLanguage":"fr-FR"},{"@type":"Organization","@id":"https:\/\/www.france.fi\/#organization","name":"Institut fran\u00e7ais de Finlande","url":"https:\/\/www.france.fi\/","logo":{"@type":"ImageObject","inLanguage":"fr-FR","@id":"https:\/\/www.france.fi\/#\/schema\/logo\/image\/","url":"https:\/\/www.france.fi\/wp-content\/uploads\/2024\/02\/if-logo-1.png","contentUrl":"https:\/\/www.france.fi\/wp-content\/uploads\/2024\/02\/if-logo-1.png","width":687,"height":459,"caption":"Institut fran\u00e7ais de Finlande"},"image":{"@id":"https:\/\/www.france.fi\/#\/schema\/logo\/image\/"},"sameAs":["https:\/\/www.facebook.com\/institutfrancaisfi","https:\/\/x.com\/IFFinlande","https:\/\/www.instagram.com\/iffinlande\/","https:\/\/fr.linkedin.com\/organization-guest\/company\/institut-fran-ais-de-finlande","https:\/\/www.youtube.com\/channel\/UCHAitdpmSbeP78eL49XMotA"]},{"@type":"Person","@id":"https:\/\/www.france.fi\/#\/schema\/person\/ed873f29db1d0af6a3600d15d3b65bfd","name":"Equipe IFF","image":{"@type":"ImageObject","inLanguage":"fr-FR","@id":"https:\/\/secure.gravatar.com\/avatar\/3c4ba80228d01014b25e45e90abb28ce315a02c6572751a7fb2298e4274989fc?s=96&d=mm&r=g","url":"https:\/\/secure.gravatar.com\/avatar\/3c4ba80228d01014b25e45e90abb28ce315a02c6572751a7fb2298e4274989fc?s=96&d=mm&r=g","contentUrl":"https:\/\/secure.gravatar.com\/avatar\/3c4ba80228d01014b25e45e90abb28ce315a02c6572751a7fb2298e4274989fc?s=96&d=mm&r=g","caption":"Equipe IFF"},"url":"https:\/\/www.france.fi\/fr\/author\/iffadmin\/"}]}},"_links":{"self":[{"href":"https:\/\/www.france.fi\/fr\/wp-json\/wp\/v2\/posts\/12433","targetHints":{"allow":["GET"]}}],"collection":[{"href":"https:\/\/www.france.fi\/fr\/wp-json\/wp\/v2\/posts"}],"about":[{"href":"https:\/\/www.france.fi\/fr\/wp-json\/wp\/v2\/types\/post"}],"author":[{"embeddable":true,"href":"https:\/\/www.france.fi\/fr\/wp-json\/wp\/v2\/users\/2"}],"replies":[{"embeddable":true,"href":"https:\/\/www.france.fi\/fr\/wp-json\/wp\/v2\/comments?post=12433"}],"version-history":[{"count":0,"href":"https:\/\/www.france.fi\/fr\/wp-json\/wp\/v2\/posts\/12433\/revisions"}],"wp:featuredmedia":[{"embeddable":true,"href":"https:\/\/www.france.fi\/fr\/wp-json\/wp\/v2\/media\/12434"}],"wp:attachment":[{"href":"https:\/\/www.france.fi\/fr\/wp-json\/wp\/v2\/media?parent=12433"}],"wp:term":[{"taxonomy":"category","embeddable":true,"href":"https:\/\/www.france.fi\/fr\/wp-json\/wp\/v2\/categories?post=12433"},{"taxonomy":"post_tag","embeddable":true,"href":"https:\/\/www.france.fi\/fr\/wp-json\/wp\/v2\/tags?post=12433"}],"curies":[{"name":"wp","href":"https:\/\/api.w.org\/{rel}","templated":true}]}}