{"id":12519,"date":"2023-04-12T11:30:54","date_gmt":"2023-04-12T08:30:54","guid":{"rendered":"https:\/\/www.france.fi\/?p=12519"},"modified":"2023-06-01T18:45:06","modified_gmt":"2023-06-01T15:45:06","slug":"ballet-opera-de-lyon-forsythe-i-pontvianne","status":"publish","type":"post","link":"https:\/\/www.france.fi\/fr\/culture\/ballet-opera-de-lyon-forsythe-i-pontvianne\/","title":{"rendered":"Ballet Op\u00e9ra de Lyon : Forsythe I Pontvianne"},"content":{"rendered":"<p>Au fil de trois courtes pi\u00e8ces inventives sign\u00e9es du chor\u00e9graphe fran\u00e7ais <strong>Pierre Pontvianne<\/strong> et de l\u2019am\u00e9ricain <strong>William Forsythe<\/strong>, les interpr\u00e8tes du <strong>Ballet de l\u2019Op\u00e9ra de Lyon<\/strong> font la d\u00e9monstration \u00e9blouissante de leur virtuosit\u00e9.<\/p>\n<h5><strong>Pierre Pontvianne &#8211; BEASTS POEM<\/strong><\/h5>\n<p>\u00ab\u00a0Les frottements entre les mots et la danse\u00a0\u00bb, voil\u00e0 ce qui int\u00e9resse Pierre Pontvianne qui poursuit avec BEASTS POEM ses recherches sur les relations entre danse et texte. Le chor\u00e9graphe st\u00e9phanois d\u00e9veloppe ainsi un langage, une vision singuli\u00e8re du mouvement, fait de collisions et de bascules dont les manifestations po\u00e9tiques virtuoses traduisent une authentique dimension politique qui pourrait tenir en une question : \u00ab\u00a0\u00e0 quelle n\u00e9cessit\u00e9 r\u00e9pond la danse ?\u00a0\u00bb<\/p>\n<h5><strong>William Forsythe &#8211; N.N.N.N<\/strong><\/h5>\n<p>L\u2019interaction entre les corps est au c\u0153ur de N.N.N.N, pi\u00e8ce du chor\u00e9graphe embl\u00e9matique William Forsythe. Dans ce quatuor pens\u00e9 comme un orchestre sans instrument, les corps des interpr\u00e8tes produisent les sons et bient\u00f4t s\u2019accordent, non sans quelques accrocs.<\/p>\n<h5><strong>William Forsythe &#8211; One Flat Thing<\/strong><\/h5>\n<p>Forme plus ample, One Flat Thing convoque vingt tables identiques, rectangulaires et blanches, qui occupent l\u2019espace investi par quatorze interpr\u00e8tes, d\u00e9ployant leurs gestes au-dessus, au-dessous et dans les intervalles des pi\u00e8ces de mobilier. Au sein de cette organisation g\u00e9om\u00e9trique de l\u2019espace se d\u00e9ploie un magnifique chaos organis\u00e9.<\/p>\n<p><strong>\u21d2 <a href=\"https:\/\/www.tanssintalo.fi\/en\/performances\/lyon-opera-ballet-forsythe-pontvianne\" target=\"_blank\" rel=\"noopener\">En savoir plus<\/a><\/strong><\/p>\n","protected":false},"excerpt":{"rendered":"<p>La visite exceptionnelle en Finlande d\u2019une des compagnies de danses les plus prestigieuses de France !<\/p>\n","protected":false},"author":2,"featured_media":12520,"comment_status":"closed","ping_status":"open","sticky":false,"template":"","format":"standard","meta":{"footnotes":""},"categories":[1],"tags":[],"class_list":["post-12519","post","type-post","status-publish","format-standard","has-post-thumbnail","hentry","category-culture"],"yoast_head":"<!-- This site is optimized with the Yoast SEO plugin v27.4 - https:\/\/yoast.com\/product\/yoast-seo-wordpress\/ -->\n<title>Ballet Op\u00e9ra de Lyon : Forsythe I Pontvianne - Institut fran\u00e7ais<\/title>\n<meta name=\"robots\" content=\"index, follow, max-snippet:-1, max-image-preview:large, max-video-preview:-1\" \/>\n<link rel=\"canonical\" href=\"https:\/\/www.france.fi\/fr\/culture\/ballet-opera-de-lyon-forsythe-i-pontvianne\/\" \/>\n<meta property=\"og:locale\" content=\"fr_FR\" \/>\n<meta property=\"og:type\" content=\"article\" \/>\n<meta property=\"og:title\" content=\"Ballet Op\u00e9ra de Lyon : Forsythe I Pontvianne - Institut fran\u00e7ais\" \/>\n<meta property=\"og:description\" content=\"La visite exceptionnelle en Finlande d\u2019une des compagnies de danses les plus prestigieuses de France !\" \/>\n<meta property=\"og:url\" content=\"https:\/\/www.france.fi\/fr\/culture\/ballet-opera-de-lyon-forsythe-i-pontvianne\/\" \/>\n<meta property=\"og:site_name\" content=\"Institut fran\u00e7ais\" \/>\n<meta property=\"article:publisher\" content=\"https:\/\/www.facebook.com\/institutfrancaisfi\" \/>\n<meta property=\"article:published_time\" content=\"2023-04-12T08:30:54+00:00\" \/>\n<meta property=\"article:modified_time\" content=\"2023-06-01T15:45:06+00:00\" \/>\n<meta property=\"og:image\" content=\"https:\/\/www.france.fi\/wp-content\/uploads\/2023\/04\/OneFlatThing030@AgathePoupeney-1098x617.jpg\" \/>\n\t<meta property=\"og:image:width\" content=\"1280\" \/>\n\t<meta property=\"og:image:height\" content=\"720\" \/>\n\t<meta property=\"og:image:type\" content=\"image\/jpeg\" \/>\n<meta name=\"author\" content=\"Equipe IFF\" \/>\n<meta name=\"twitter:card\" content=\"summary_large_image\" \/>\n<meta name=\"twitter:creator\" content=\"@IFFinlande\" \/>\n<meta name=\"twitter:site\" content=\"@IFFinlande\" \/>\n<meta name=\"twitter:label1\" content=\"\u00c9crit par\" \/>\n\t<meta name=\"twitter:data1\" content=\"Equipe IFF\" \/>\n\t<meta name=\"twitter:label2\" content=\"Dur\u00e9e de lecture estim\u00e9e\" \/>\n\t<meta name=\"twitter:data2\" content=\"2 minutes\" \/>\n<script type=\"application\/ld+json\" class=\"yoast-schema-graph\">{\"@context\":\"https:\\\/\\\/schema.org\",\"@graph\":[{\"@type\":\"Article\",\"@id\":\"https:\\\/\\\/www.france.fi\\\/fr\\\/culture\\\/ballet-opera-de-lyon-forsythe-i-pontvianne\\\/#article\",\"isPartOf\":{\"@id\":\"https:\\\/\\\/www.france.fi\\\/fr\\\/culture\\\/ballet-opera-de-lyon-forsythe-i-pontvianne\\\/\"},\"author\":{\"name\":\"Equipe IFF\",\"@id\":\"https:\\\/\\\/www.france.fi\\\/#\\\/schema\\\/person\\\/ed873f29db1d0af6a3600d15d3b65bfd\"},\"headline\":\"Ballet Op\u00e9ra de Lyon : Forsythe I Pontvianne\",\"datePublished\":\"2023-04-12T08:30:54+00:00\",\"dateModified\":\"2023-06-01T15:45:06+00:00\",\"mainEntityOfPage\":{\"@id\":\"https:\\\/\\\/www.france.fi\\\/fr\\\/culture\\\/ballet-opera-de-lyon-forsythe-i-pontvianne\\\/\"},\"wordCount\":251,\"publisher\":{\"@id\":\"https:\\\/\\\/www.france.fi\\\/#organization\"},\"image\":{\"@id\":\"https:\\\/\\\/www.france.fi\\\/fr\\\/culture\\\/ballet-opera-de-lyon-forsythe-i-pontvianne\\\/#primaryimage\"},\"thumbnailUrl\":\"https:\\\/\\\/www.france.fi\\\/wp-content\\\/uploads\\\/2023\\\/04\\\/OneFlatThing030@AgathePoupeney-1098x617.jpg\",\"articleSection\":[\"Culture\"],\"inLanguage\":\"fr-FR\"},{\"@type\":\"WebPage\",\"@id\":\"https:\\\/\\\/www.france.fi\\\/fr\\\/culture\\\/ballet-opera-de-lyon-forsythe-i-pontvianne\\\/\",\"url\":\"https:\\\/\\\/www.france.fi\\\/fr\\\/culture\\\/ballet-opera-de-lyon-forsythe-i-pontvianne\\\/\",\"name\":\"Ballet Op\u00e9ra de Lyon : Forsythe I Pontvianne - Institut fran\u00e7ais\",\"isPartOf\":{\"@id\":\"https:\\\/\\\/www.france.fi\\\/#website\"},\"primaryImageOfPage\":{\"@id\":\"https:\\\/\\\/www.france.fi\\\/fr\\\/culture\\\/ballet-opera-de-lyon-forsythe-i-pontvianne\\\/#primaryimage\"},\"image\":{\"@id\":\"https:\\\/\\\/www.france.fi\\\/fr\\\/culture\\\/ballet-opera-de-lyon-forsythe-i-pontvianne\\\/#primaryimage\"},\"thumbnailUrl\":\"https:\\\/\\\/www.france.fi\\\/wp-content\\\/uploads\\\/2023\\\/04\\\/OneFlatThing030@AgathePoupeney-1098x617.jpg\",\"datePublished\":\"2023-04-12T08:30:54+00:00\",\"dateModified\":\"2023-06-01T15:45:06+00:00\",\"breadcrumb\":{\"@id\":\"https:\\\/\\\/www.france.fi\\\/fr\\\/culture\\\/ballet-opera-de-lyon-forsythe-i-pontvianne\\\/#breadcrumb\"},\"inLanguage\":\"fr-FR\",\"potentialAction\":[{\"@type\":\"ReadAction\",\"target\":[\"https:\\\/\\\/www.france.fi\\\/fr\\\/culture\\\/ballet-opera-de-lyon-forsythe-i-pontvianne\\\/\"]}]},{\"@type\":\"ImageObject\",\"inLanguage\":\"fr-FR\",\"@id\":\"https:\\\/\\\/www.france.fi\\\/fr\\\/culture\\\/ballet-opera-de-lyon-forsythe-i-pontvianne\\\/#primaryimage\",\"url\":\"https:\\\/\\\/www.france.fi\\\/wp-content\\\/uploads\\\/2023\\\/04\\\/OneFlatThing030@AgathePoupeney-1098x617.jpg\",\"contentUrl\":\"https:\\\/\\\/www.france.fi\\\/wp-content\\\/uploads\\\/2023\\\/04\\\/OneFlatThing030@AgathePoupeney-1098x617.jpg\",\"width\":1280,\"height\":720,\"caption\":\"OneFlatThing030 @AgathePoupeney\"},{\"@type\":\"BreadcrumbList\",\"@id\":\"https:\\\/\\\/www.france.fi\\\/fr\\\/culture\\\/ballet-opera-de-lyon-forsythe-i-pontvianne\\\/#breadcrumb\",\"itemListElement\":[{\"@type\":\"ListItem\",\"position\":1,\"name\":\"Home\",\"item\":\"https:\\\/\\\/www.france.fi\\\/fr\\\/\"},{\"@type\":\"ListItem\",\"position\":2,\"name\":\"Culture\",\"item\":\"https:\\\/\\\/www.france.fi\\\/fr\\\/category\\\/culture\\\/\"},{\"@type\":\"ListItem\",\"position\":3,\"name\":\"Ballet Op\u00e9ra de Lyon : Forsythe I Pontvianne\"}]},{\"@type\":\"WebSite\",\"@id\":\"https:\\\/\\\/www.france.fi\\\/#website\",\"url\":\"https:\\\/\\\/www.france.fi\\\/\",\"name\":\"Institut fran\u00e7ais de Finlande\",\"description\":\"\",\"publisher\":{\"@id\":\"https:\\\/\\\/www.france.fi\\\/#organization\"},\"potentialAction\":[{\"@type\":\"SearchAction\",\"target\":{\"@type\":\"EntryPoint\",\"urlTemplate\":\"https:\\\/\\\/www.france.fi\\\/?s={search_term_string}\"},\"query-input\":{\"@type\":\"PropertyValueSpecification\",\"valueRequired\":true,\"valueName\":\"search_term_string\"}}],\"inLanguage\":\"fr-FR\"},{\"@type\":\"Organization\",\"@id\":\"https:\\\/\\\/www.france.fi\\\/#organization\",\"name\":\"Institut fran\u00e7ais de Finlande\",\"url\":\"https:\\\/\\\/www.france.fi\\\/\",\"logo\":{\"@type\":\"ImageObject\",\"inLanguage\":\"fr-FR\",\"@id\":\"https:\\\/\\\/www.france.fi\\\/#\\\/schema\\\/logo\\\/image\\\/\",\"url\":\"https:\\\/\\\/www.france.fi\\\/wp-content\\\/uploads\\\/2024\\\/02\\\/if-logo-1.png\",\"contentUrl\":\"https:\\\/\\\/www.france.fi\\\/wp-content\\\/uploads\\\/2024\\\/02\\\/if-logo-1.png\",\"width\":687,\"height\":459,\"caption\":\"Institut fran\u00e7ais de Finlande\"},\"image\":{\"@id\":\"https:\\\/\\\/www.france.fi\\\/#\\\/schema\\\/logo\\\/image\\\/\"},\"sameAs\":[\"https:\\\/\\\/www.facebook.com\\\/institutfrancaisfi\",\"https:\\\/\\\/x.com\\\/IFFinlande\",\"https:\\\/\\\/www.instagram.com\\\/iffinlande\\\/\",\"https:\\\/\\\/fr.linkedin.com\\\/organization-guest\\\/company\\\/institut-fran-ais-de-finlande\",\"https:\\\/\\\/www.youtube.com\\\/channel\\\/UCHAitdpmSbeP78eL49XMotA\"]},{\"@type\":\"Person\",\"@id\":\"https:\\\/\\\/www.france.fi\\\/#\\\/schema\\\/person\\\/ed873f29db1d0af6a3600d15d3b65bfd\",\"name\":\"Equipe IFF\",\"image\":{\"@type\":\"ImageObject\",\"inLanguage\":\"fr-FR\",\"@id\":\"https:\\\/\\\/secure.gravatar.com\\\/avatar\\\/3c4ba80228d01014b25e45e90abb28ce315a02c6572751a7fb2298e4274989fc?s=96&d=mm&r=g\",\"url\":\"https:\\\/\\\/secure.gravatar.com\\\/avatar\\\/3c4ba80228d01014b25e45e90abb28ce315a02c6572751a7fb2298e4274989fc?s=96&d=mm&r=g\",\"contentUrl\":\"https:\\\/\\\/secure.gravatar.com\\\/avatar\\\/3c4ba80228d01014b25e45e90abb28ce315a02c6572751a7fb2298e4274989fc?s=96&d=mm&r=g\",\"caption\":\"Equipe IFF\"},\"url\":\"https:\\\/\\\/www.france.fi\\\/fr\\\/author\\\/iffadmin\\\/\"}]}<\/script>\n<!-- \/ Yoast SEO plugin. -->","yoast_head_json":{"title":"Ballet Op\u00e9ra de Lyon : Forsythe I Pontvianne - Institut fran\u00e7ais","robots":{"index":"index","follow":"follow","max-snippet":"max-snippet:-1","max-image-preview":"max-image-preview:large","max-video-preview":"max-video-preview:-1"},"canonical":"https:\/\/www.france.fi\/fr\/culture\/ballet-opera-de-lyon-forsythe-i-pontvianne\/","og_locale":"fr_FR","og_type":"article","og_title":"Ballet Op\u00e9ra de Lyon : Forsythe I Pontvianne - Institut fran\u00e7ais","og_description":"La visite exceptionnelle en Finlande d\u2019une des compagnies de danses les plus prestigieuses de France !","og_url":"https:\/\/www.france.fi\/fr\/culture\/ballet-opera-de-lyon-forsythe-i-pontvianne\/","og_site_name":"Institut fran\u00e7ais","article_publisher":"https:\/\/www.facebook.com\/institutfrancaisfi","article_published_time":"2023-04-12T08:30:54+00:00","article_modified_time":"2023-06-01T15:45:06+00:00","og_image":[{"width":1280,"height":720,"url":"https:\/\/www.france.fi\/wp-content\/uploads\/2023\/04\/OneFlatThing030@AgathePoupeney-1098x617.jpg","type":"image\/jpeg"}],"author":"Equipe IFF","twitter_card":"summary_large_image","twitter_creator":"@IFFinlande","twitter_site":"@IFFinlande","twitter_misc":{"\u00c9crit par":"Equipe IFF","Dur\u00e9e de lecture estim\u00e9e":"2 minutes"},"schema":{"@context":"https:\/\/schema.org","@graph":[{"@type":"Article","@id":"https:\/\/www.france.fi\/fr\/culture\/ballet-opera-de-lyon-forsythe-i-pontvianne\/#article","isPartOf":{"@id":"https:\/\/www.france.fi\/fr\/culture\/ballet-opera-de-lyon-forsythe-i-pontvianne\/"},"author":{"name":"Equipe IFF","@id":"https:\/\/www.france.fi\/#\/schema\/person\/ed873f29db1d0af6a3600d15d3b65bfd"},"headline":"Ballet Op\u00e9ra de Lyon : Forsythe I Pontvianne","datePublished":"2023-04-12T08:30:54+00:00","dateModified":"2023-06-01T15:45:06+00:00","mainEntityOfPage":{"@id":"https:\/\/www.france.fi\/fr\/culture\/ballet-opera-de-lyon-forsythe-i-pontvianne\/"},"wordCount":251,"publisher":{"@id":"https:\/\/www.france.fi\/#organization"},"image":{"@id":"https:\/\/www.france.fi\/fr\/culture\/ballet-opera-de-lyon-forsythe-i-pontvianne\/#primaryimage"},"thumbnailUrl":"https:\/\/www.france.fi\/wp-content\/uploads\/2023\/04\/OneFlatThing030@AgathePoupeney-1098x617.jpg","articleSection":["Culture"],"inLanguage":"fr-FR"},{"@type":"WebPage","@id":"https:\/\/www.france.fi\/fr\/culture\/ballet-opera-de-lyon-forsythe-i-pontvianne\/","url":"https:\/\/www.france.fi\/fr\/culture\/ballet-opera-de-lyon-forsythe-i-pontvianne\/","name":"Ballet Op\u00e9ra de Lyon : Forsythe I Pontvianne - Institut fran\u00e7ais","isPartOf":{"@id":"https:\/\/www.france.fi\/#website"},"primaryImageOfPage":{"@id":"https:\/\/www.france.fi\/fr\/culture\/ballet-opera-de-lyon-forsythe-i-pontvianne\/#primaryimage"},"image":{"@id":"https:\/\/www.france.fi\/fr\/culture\/ballet-opera-de-lyon-forsythe-i-pontvianne\/#primaryimage"},"thumbnailUrl":"https:\/\/www.france.fi\/wp-content\/uploads\/2023\/04\/OneFlatThing030@AgathePoupeney-1098x617.jpg","datePublished":"2023-04-12T08:30:54+00:00","dateModified":"2023-06-01T15:45:06+00:00","breadcrumb":{"@id":"https:\/\/www.france.fi\/fr\/culture\/ballet-opera-de-lyon-forsythe-i-pontvianne\/#breadcrumb"},"inLanguage":"fr-FR","potentialAction":[{"@type":"ReadAction","target":["https:\/\/www.france.fi\/fr\/culture\/ballet-opera-de-lyon-forsythe-i-pontvianne\/"]}]},{"@type":"ImageObject","inLanguage":"fr-FR","@id":"https:\/\/www.france.fi\/fr\/culture\/ballet-opera-de-lyon-forsythe-i-pontvianne\/#primaryimage","url":"https:\/\/www.france.fi\/wp-content\/uploads\/2023\/04\/OneFlatThing030@AgathePoupeney-1098x617.jpg","contentUrl":"https:\/\/www.france.fi\/wp-content\/uploads\/2023\/04\/OneFlatThing030@AgathePoupeney-1098x617.jpg","width":1280,"height":720,"caption":"OneFlatThing030 @AgathePoupeney"},{"@type":"BreadcrumbList","@id":"https:\/\/www.france.fi\/fr\/culture\/ballet-opera-de-lyon-forsythe-i-pontvianne\/#breadcrumb","itemListElement":[{"@type":"ListItem","position":1,"name":"Home","item":"https:\/\/www.france.fi\/fr\/"},{"@type":"ListItem","position":2,"name":"Culture","item":"https:\/\/www.france.fi\/fr\/category\/culture\/"},{"@type":"ListItem","position":3,"name":"Ballet Op\u00e9ra de Lyon : Forsythe I Pontvianne"}]},{"@type":"WebSite","@id":"https:\/\/www.france.fi\/#website","url":"https:\/\/www.france.fi\/","name":"Institut fran\u00e7ais de Finlande","description":"","publisher":{"@id":"https:\/\/www.france.fi\/#organization"},"potentialAction":[{"@type":"SearchAction","target":{"@type":"EntryPoint","urlTemplate":"https:\/\/www.france.fi\/?s={search_term_string}"},"query-input":{"@type":"PropertyValueSpecification","valueRequired":true,"valueName":"search_term_string"}}],"inLanguage":"fr-FR"},{"@type":"Organization","@id":"https:\/\/www.france.fi\/#organization","name":"Institut fran\u00e7ais de Finlande","url":"https:\/\/www.france.fi\/","logo":{"@type":"ImageObject","inLanguage":"fr-FR","@id":"https:\/\/www.france.fi\/#\/schema\/logo\/image\/","url":"https:\/\/www.france.fi\/wp-content\/uploads\/2024\/02\/if-logo-1.png","contentUrl":"https:\/\/www.france.fi\/wp-content\/uploads\/2024\/02\/if-logo-1.png","width":687,"height":459,"caption":"Institut fran\u00e7ais de Finlande"},"image":{"@id":"https:\/\/www.france.fi\/#\/schema\/logo\/image\/"},"sameAs":["https:\/\/www.facebook.com\/institutfrancaisfi","https:\/\/x.com\/IFFinlande","https:\/\/www.instagram.com\/iffinlande\/","https:\/\/fr.linkedin.com\/organization-guest\/company\/institut-fran-ais-de-finlande","https:\/\/www.youtube.com\/channel\/UCHAitdpmSbeP78eL49XMotA"]},{"@type":"Person","@id":"https:\/\/www.france.fi\/#\/schema\/person\/ed873f29db1d0af6a3600d15d3b65bfd","name":"Equipe IFF","image":{"@type":"ImageObject","inLanguage":"fr-FR","@id":"https:\/\/secure.gravatar.com\/avatar\/3c4ba80228d01014b25e45e90abb28ce315a02c6572751a7fb2298e4274989fc?s=96&d=mm&r=g","url":"https:\/\/secure.gravatar.com\/avatar\/3c4ba80228d01014b25e45e90abb28ce315a02c6572751a7fb2298e4274989fc?s=96&d=mm&r=g","contentUrl":"https:\/\/secure.gravatar.com\/avatar\/3c4ba80228d01014b25e45e90abb28ce315a02c6572751a7fb2298e4274989fc?s=96&d=mm&r=g","caption":"Equipe IFF"},"url":"https:\/\/www.france.fi\/fr\/author\/iffadmin\/"}]}},"_links":{"self":[{"href":"https:\/\/www.france.fi\/fr\/wp-json\/wp\/v2\/posts\/12519","targetHints":{"allow":["GET"]}}],"collection":[{"href":"https:\/\/www.france.fi\/fr\/wp-json\/wp\/v2\/posts"}],"about":[{"href":"https:\/\/www.france.fi\/fr\/wp-json\/wp\/v2\/types\/post"}],"author":[{"embeddable":true,"href":"https:\/\/www.france.fi\/fr\/wp-json\/wp\/v2\/users\/2"}],"replies":[{"embeddable":true,"href":"https:\/\/www.france.fi\/fr\/wp-json\/wp\/v2\/comments?post=12519"}],"version-history":[{"count":0,"href":"https:\/\/www.france.fi\/fr\/wp-json\/wp\/v2\/posts\/12519\/revisions"}],"wp:featuredmedia":[{"embeddable":true,"href":"https:\/\/www.france.fi\/fr\/wp-json\/wp\/v2\/media\/12520"}],"wp:attachment":[{"href":"https:\/\/www.france.fi\/fr\/wp-json\/wp\/v2\/media?parent=12519"}],"wp:term":[{"taxonomy":"category","embeddable":true,"href":"https:\/\/www.france.fi\/fr\/wp-json\/wp\/v2\/categories?post=12519"},{"taxonomy":"post_tag","embeddable":true,"href":"https:\/\/www.france.fi\/fr\/wp-json\/wp\/v2\/tags?post=12519"}],"curies":[{"name":"wp","href":"https:\/\/api.w.org\/{rel}","templated":true}]}}