{"id":13019,"date":"2023-05-29T15:24:51","date_gmt":"2023-05-29T12:24:51","guid":{"rendered":"https:\/\/www.france.fi\/?p=13019"},"modified":"2023-06-19T10:09:26","modified_gmt":"2023-06-19T07:09:26","slug":"compagnie-mouvements-perpetuels-cie-salia-sanou-dun-reve","status":"publish","type":"post","link":"https:\/\/www.france.fi\/fr\/culture\/compagnie-mouvements-perpetuels-cie-salia-sanou-dun-reve\/","title":{"rendered":"Compagnie Mouvements perp\u00e9tuels \/ cie Salia Sanou \u2013 D\u2019un r\u00eave"},"content":{"rendered":"<p>\u00ab\u00a0<em>I have a dream !<\/em>\u00a0\u00bb Aujourd\u2019hui encore, l\u2019exclamation historique de Martin Luther King r\u00e9sonne dans toutes les t\u00eates. Pour Salia Sanou, le fameux discours de 1963 du grand activiste pour l\u2019\u00e9galit\u00e9 citoyenne fut aussi un acte de po\u00e9sie. Ce qui am\u00e8ne le chor\u00e9graphe \u00e0 s\u2019interroger: savons-nous encore r\u00eaver collectivement ? En avons-nous encore la force, le droit, la volont\u00e9 ? Le r\u00eave, intimement comme collectivement, est pourtant indispensable. En revenant, apr\u00e8s une s\u00e9rie de duos, \u00e0 une grande forme, ici pour quatre chanteuses et huit danseurs, Salia Sanou entend r\u00e9enchanter nos vies confin\u00e9es en entrela\u00e7ant la danse avec les m\u00e9lodies compos\u00e9es par Lokua Kanza et des chansons \u00e9crites par Capitaine Alexandre et Ga\u00ebl Faye. Conjuguant gravit\u00e9 et l\u00e9g\u00e8ret\u00e9,\u00a0<em>D\u2019un r\u00eave<\/em>\u00a0chante et danse un hymne \u00e0 la vie, pour dire le refus de toute domination des corps. Car aborder les in\u00e9galit\u00e9s, les fronti\u00e8res ou encore l\u2019exil n\u2019emp\u00eache en rien de s\u2019\u00e9lever joyeusement !<\/p>\n<p>Avec le soutien de l\u2019Institut fran\u00e7ais de Finlande<\/p>\n<p><strong>Chor\u00e9graphie :<\/strong>\u00a0Salia Sanou<br \/>\n<strong>Textes et paroles <\/strong>\u00a0Ga\u00ebl Faye &amp; Capitaine Alexandre<br \/>\n<strong>Sc\u00e9nographie<\/strong>\u00a0Mathieu Lorry Dupuy<strong><br \/>\nLumi\u00e8res<\/strong>\u00a0Marie-Christine Soma<br \/>\n<strong>Musique<\/strong>\u00a0Lokua Kanza<br \/>\n<strong>Vid\u00e9o<\/strong>\u00a0creation Ga\u00ebl Bonnefon<br \/>\n<strong>Costumes<\/strong>\u00a0Mathilde Possoz<br \/>\n<strong>Danse<\/strong> Lydie Alberto, Milane Cathala-Difabrizio, Ouss\u00e9ni Dabar\u00e9, Ida Faho, Siham Falhoune, Ange Fandoh, Virginie Hombel, Kevin Charlemagne Kabore, Dominique Magloire, Elithia Rabenjamina, Marius Sawadogo &amp; Akeem Washko Singers Lydie Alberto, Ange Fandoh, Virginie Hombel &amp; Dominique Magloire<\/p>\n<p><strong><a href=\"https:\/\/www.kuopiodancefestival.fi\/cie-salia-sanou\" target=\"_blank\" rel=\"noopener\">https:\/\/www.kuopiodancefestival.fi\/cie-salia-sanou<\/a><\/strong><\/p>\n","protected":false},"excerpt":{"rendered":"<p>Festival de Danse de Kuopio<\/p>\n","protected":false},"author":2,"featured_media":13020,"comment_status":"closed","ping_status":"open","sticky":false,"template":"","format":"standard","meta":{"footnotes":""},"categories":[1],"tags":[],"class_list":["post-13019","post","type-post","status-publish","format-standard","has-post-thumbnail","hentry","category-culture"],"yoast_head":"<!-- This site is optimized with the Yoast SEO plugin v27.4 - https:\/\/yoast.com\/product\/yoast-seo-wordpress\/ -->\n<title>Compagnie Mouvements perp\u00e9tuels \/ cie Salia Sanou \u2013 D\u2019un r\u00eave - Institut fran\u00e7ais<\/title>\n<meta name=\"robots\" content=\"index, follow, max-snippet:-1, max-image-preview:large, max-video-preview:-1\" \/>\n<link rel=\"canonical\" href=\"https:\/\/www.france.fi\/fr\/culture\/compagnie-mouvements-perpetuels-cie-salia-sanou-dun-reve\/\" \/>\n<meta property=\"og:locale\" content=\"fr_FR\" \/>\n<meta property=\"og:type\" content=\"article\" \/>\n<meta property=\"og:title\" content=\"Compagnie Mouvements perp\u00e9tuels \/ cie Salia Sanou \u2013 D\u2019un r\u00eave - Institut fran\u00e7ais\" \/>\n<meta property=\"og:description\" content=\"Festival de Danse de Kuopio\" \/>\n<meta property=\"og:url\" content=\"https:\/\/www.france.fi\/fr\/culture\/compagnie-mouvements-perpetuels-cie-salia-sanou-dun-reve\/\" \/>\n<meta property=\"og:site_name\" content=\"Institut fran\u00e7ais\" \/>\n<meta property=\"article:publisher\" content=\"https:\/\/www.facebook.com\/institutfrancaisfi\" \/>\n<meta property=\"article:published_time\" content=\"2023-05-29T12:24:51+00:00\" \/>\n<meta property=\"article:modified_time\" content=\"2023-06-19T07:09:26+00:00\" \/>\n<meta property=\"og:image\" content=\"https:\/\/www.france.fi\/wp-content\/uploads\/2023\/05\/Dunreve_LaurentPhilippe-1098x617.jpg\" \/>\n\t<meta property=\"og:image:width\" content=\"1280\" \/>\n\t<meta property=\"og:image:height\" content=\"721\" \/>\n\t<meta property=\"og:image:type\" content=\"image\/jpeg\" \/>\n<meta name=\"author\" content=\"Equipe IFF\" \/>\n<meta name=\"twitter:card\" content=\"summary_large_image\" \/>\n<meta name=\"twitter:creator\" content=\"@IFFinlande\" \/>\n<meta name=\"twitter:site\" content=\"@IFFinlande\" \/>\n<meta name=\"twitter:label1\" content=\"\u00c9crit par\" \/>\n\t<meta name=\"twitter:data1\" content=\"Equipe IFF\" \/>\n\t<meta name=\"twitter:label2\" content=\"Dur\u00e9e de lecture estim\u00e9e\" \/>\n\t<meta name=\"twitter:data2\" content=\"2 minutes\" \/>\n<script type=\"application\/ld+json\" class=\"yoast-schema-graph\">{\"@context\":\"https:\\\/\\\/schema.org\",\"@graph\":[{\"@type\":\"Article\",\"@id\":\"https:\\\/\\\/www.france.fi\\\/fr\\\/culture\\\/compagnie-mouvements-perpetuels-cie-salia-sanou-dun-reve\\\/#article\",\"isPartOf\":{\"@id\":\"https:\\\/\\\/www.france.fi\\\/fr\\\/culture\\\/compagnie-mouvements-perpetuels-cie-salia-sanou-dun-reve\\\/\"},\"author\":{\"name\":\"Equipe IFF\",\"@id\":\"https:\\\/\\\/www.france.fi\\\/#\\\/schema\\\/person\\\/ed873f29db1d0af6a3600d15d3b65bfd\"},\"headline\":\"Compagnie Mouvements perp\u00e9tuels \\\/ cie Salia Sanou \u2013 D\u2019un r\u00eave\",\"datePublished\":\"2023-05-29T12:24:51+00:00\",\"dateModified\":\"2023-06-19T07:09:26+00:00\",\"mainEntityOfPage\":{\"@id\":\"https:\\\/\\\/www.france.fi\\\/fr\\\/culture\\\/compagnie-mouvements-perpetuels-cie-salia-sanou-dun-reve\\\/\"},\"wordCount\":273,\"publisher\":{\"@id\":\"https:\\\/\\\/www.france.fi\\\/#organization\"},\"image\":{\"@id\":\"https:\\\/\\\/www.france.fi\\\/fr\\\/culture\\\/compagnie-mouvements-perpetuels-cie-salia-sanou-dun-reve\\\/#primaryimage\"},\"thumbnailUrl\":\"https:\\\/\\\/www.france.fi\\\/wp-content\\\/uploads\\\/2023\\\/05\\\/Dunreve_LaurentPhilippe-1098x617.jpg\",\"articleSection\":[\"Culture\"],\"inLanguage\":\"fr-FR\"},{\"@type\":\"WebPage\",\"@id\":\"https:\\\/\\\/www.france.fi\\\/fr\\\/culture\\\/compagnie-mouvements-perpetuels-cie-salia-sanou-dun-reve\\\/\",\"url\":\"https:\\\/\\\/www.france.fi\\\/fr\\\/culture\\\/compagnie-mouvements-perpetuels-cie-salia-sanou-dun-reve\\\/\",\"name\":\"Compagnie Mouvements perp\u00e9tuels \\\/ cie Salia Sanou \u2013 D\u2019un r\u00eave - Institut fran\u00e7ais\",\"isPartOf\":{\"@id\":\"https:\\\/\\\/www.france.fi\\\/#website\"},\"primaryImageOfPage\":{\"@id\":\"https:\\\/\\\/www.france.fi\\\/fr\\\/culture\\\/compagnie-mouvements-perpetuels-cie-salia-sanou-dun-reve\\\/#primaryimage\"},\"image\":{\"@id\":\"https:\\\/\\\/www.france.fi\\\/fr\\\/culture\\\/compagnie-mouvements-perpetuels-cie-salia-sanou-dun-reve\\\/#primaryimage\"},\"thumbnailUrl\":\"https:\\\/\\\/www.france.fi\\\/wp-content\\\/uploads\\\/2023\\\/05\\\/Dunreve_LaurentPhilippe-1098x617.jpg\",\"datePublished\":\"2023-05-29T12:24:51+00:00\",\"dateModified\":\"2023-06-19T07:09:26+00:00\",\"breadcrumb\":{\"@id\":\"https:\\\/\\\/www.france.fi\\\/fr\\\/culture\\\/compagnie-mouvements-perpetuels-cie-salia-sanou-dun-reve\\\/#breadcrumb\"},\"inLanguage\":\"fr-FR\",\"potentialAction\":[{\"@type\":\"ReadAction\",\"target\":[\"https:\\\/\\\/www.france.fi\\\/fr\\\/culture\\\/compagnie-mouvements-perpetuels-cie-salia-sanou-dun-reve\\\/\"]}]},{\"@type\":\"ImageObject\",\"inLanguage\":\"fr-FR\",\"@id\":\"https:\\\/\\\/www.france.fi\\\/fr\\\/culture\\\/compagnie-mouvements-perpetuels-cie-salia-sanou-dun-reve\\\/#primaryimage\",\"url\":\"https:\\\/\\\/www.france.fi\\\/wp-content\\\/uploads\\\/2023\\\/05\\\/Dunreve_LaurentPhilippe-1098x617.jpg\",\"contentUrl\":\"https:\\\/\\\/www.france.fi\\\/wp-content\\\/uploads\\\/2023\\\/05\\\/Dunreve_LaurentPhilippe-1098x617.jpg\",\"width\":1280,\"height\":721},{\"@type\":\"BreadcrumbList\",\"@id\":\"https:\\\/\\\/www.france.fi\\\/fr\\\/culture\\\/compagnie-mouvements-perpetuels-cie-salia-sanou-dun-reve\\\/#breadcrumb\",\"itemListElement\":[{\"@type\":\"ListItem\",\"position\":1,\"name\":\"Home\",\"item\":\"https:\\\/\\\/www.france.fi\\\/fr\\\/\"},{\"@type\":\"ListItem\",\"position\":2,\"name\":\"Culture\",\"item\":\"https:\\\/\\\/www.france.fi\\\/fr\\\/category\\\/culture\\\/\"},{\"@type\":\"ListItem\",\"position\":3,\"name\":\"Compagnie Mouvements perp\u00e9tuels \\\/ cie Salia Sanou \u2013 D\u2019un r\u00eave\"}]},{\"@type\":\"WebSite\",\"@id\":\"https:\\\/\\\/www.france.fi\\\/#website\",\"url\":\"https:\\\/\\\/www.france.fi\\\/\",\"name\":\"Institut fran\u00e7ais de Finlande\",\"description\":\"\",\"publisher\":{\"@id\":\"https:\\\/\\\/www.france.fi\\\/#organization\"},\"potentialAction\":[{\"@type\":\"SearchAction\",\"target\":{\"@type\":\"EntryPoint\",\"urlTemplate\":\"https:\\\/\\\/www.france.fi\\\/?s={search_term_string}\"},\"query-input\":{\"@type\":\"PropertyValueSpecification\",\"valueRequired\":true,\"valueName\":\"search_term_string\"}}],\"inLanguage\":\"fr-FR\"},{\"@type\":\"Organization\",\"@id\":\"https:\\\/\\\/www.france.fi\\\/#organization\",\"name\":\"Institut fran\u00e7ais de Finlande\",\"url\":\"https:\\\/\\\/www.france.fi\\\/\",\"logo\":{\"@type\":\"ImageObject\",\"inLanguage\":\"fr-FR\",\"@id\":\"https:\\\/\\\/www.france.fi\\\/#\\\/schema\\\/logo\\\/image\\\/\",\"url\":\"https:\\\/\\\/www.france.fi\\\/wp-content\\\/uploads\\\/2024\\\/02\\\/if-logo-1.png\",\"contentUrl\":\"https:\\\/\\\/www.france.fi\\\/wp-content\\\/uploads\\\/2024\\\/02\\\/if-logo-1.png\",\"width\":687,\"height\":459,\"caption\":\"Institut fran\u00e7ais de Finlande\"},\"image\":{\"@id\":\"https:\\\/\\\/www.france.fi\\\/#\\\/schema\\\/logo\\\/image\\\/\"},\"sameAs\":[\"https:\\\/\\\/www.facebook.com\\\/institutfrancaisfi\",\"https:\\\/\\\/x.com\\\/IFFinlande\",\"https:\\\/\\\/www.instagram.com\\\/iffinlande\\\/\",\"https:\\\/\\\/fr.linkedin.com\\\/organization-guest\\\/company\\\/institut-fran-ais-de-finlande\",\"https:\\\/\\\/www.youtube.com\\\/channel\\\/UCHAitdpmSbeP78eL49XMotA\"]},{\"@type\":\"Person\",\"@id\":\"https:\\\/\\\/www.france.fi\\\/#\\\/schema\\\/person\\\/ed873f29db1d0af6a3600d15d3b65bfd\",\"name\":\"Equipe IFF\",\"image\":{\"@type\":\"ImageObject\",\"inLanguage\":\"fr-FR\",\"@id\":\"https:\\\/\\\/secure.gravatar.com\\\/avatar\\\/3c4ba80228d01014b25e45e90abb28ce315a02c6572751a7fb2298e4274989fc?s=96&d=mm&r=g\",\"url\":\"https:\\\/\\\/secure.gravatar.com\\\/avatar\\\/3c4ba80228d01014b25e45e90abb28ce315a02c6572751a7fb2298e4274989fc?s=96&d=mm&r=g\",\"contentUrl\":\"https:\\\/\\\/secure.gravatar.com\\\/avatar\\\/3c4ba80228d01014b25e45e90abb28ce315a02c6572751a7fb2298e4274989fc?s=96&d=mm&r=g\",\"caption\":\"Equipe IFF\"},\"url\":\"https:\\\/\\\/www.france.fi\\\/fr\\\/author\\\/iffadmin\\\/\"}]}<\/script>\n<!-- \/ Yoast SEO plugin. -->","yoast_head_json":{"title":"Compagnie Mouvements perp\u00e9tuels \/ cie Salia Sanou \u2013 D\u2019un r\u00eave - Institut fran\u00e7ais","robots":{"index":"index","follow":"follow","max-snippet":"max-snippet:-1","max-image-preview":"max-image-preview:large","max-video-preview":"max-video-preview:-1"},"canonical":"https:\/\/www.france.fi\/fr\/culture\/compagnie-mouvements-perpetuels-cie-salia-sanou-dun-reve\/","og_locale":"fr_FR","og_type":"article","og_title":"Compagnie Mouvements perp\u00e9tuels \/ cie Salia Sanou \u2013 D\u2019un r\u00eave - Institut fran\u00e7ais","og_description":"Festival de Danse de Kuopio","og_url":"https:\/\/www.france.fi\/fr\/culture\/compagnie-mouvements-perpetuels-cie-salia-sanou-dun-reve\/","og_site_name":"Institut fran\u00e7ais","article_publisher":"https:\/\/www.facebook.com\/institutfrancaisfi","article_published_time":"2023-05-29T12:24:51+00:00","article_modified_time":"2023-06-19T07:09:26+00:00","og_image":[{"width":1280,"height":721,"url":"https:\/\/www.france.fi\/wp-content\/uploads\/2023\/05\/Dunreve_LaurentPhilippe-1098x617.jpg","type":"image\/jpeg"}],"author":"Equipe IFF","twitter_card":"summary_large_image","twitter_creator":"@IFFinlande","twitter_site":"@IFFinlande","twitter_misc":{"\u00c9crit par":"Equipe IFF","Dur\u00e9e de lecture estim\u00e9e":"2 minutes"},"schema":{"@context":"https:\/\/schema.org","@graph":[{"@type":"Article","@id":"https:\/\/www.france.fi\/fr\/culture\/compagnie-mouvements-perpetuels-cie-salia-sanou-dun-reve\/#article","isPartOf":{"@id":"https:\/\/www.france.fi\/fr\/culture\/compagnie-mouvements-perpetuels-cie-salia-sanou-dun-reve\/"},"author":{"name":"Equipe IFF","@id":"https:\/\/www.france.fi\/#\/schema\/person\/ed873f29db1d0af6a3600d15d3b65bfd"},"headline":"Compagnie Mouvements perp\u00e9tuels \/ cie Salia Sanou \u2013 D\u2019un r\u00eave","datePublished":"2023-05-29T12:24:51+00:00","dateModified":"2023-06-19T07:09:26+00:00","mainEntityOfPage":{"@id":"https:\/\/www.france.fi\/fr\/culture\/compagnie-mouvements-perpetuels-cie-salia-sanou-dun-reve\/"},"wordCount":273,"publisher":{"@id":"https:\/\/www.france.fi\/#organization"},"image":{"@id":"https:\/\/www.france.fi\/fr\/culture\/compagnie-mouvements-perpetuels-cie-salia-sanou-dun-reve\/#primaryimage"},"thumbnailUrl":"https:\/\/www.france.fi\/wp-content\/uploads\/2023\/05\/Dunreve_LaurentPhilippe-1098x617.jpg","articleSection":["Culture"],"inLanguage":"fr-FR"},{"@type":"WebPage","@id":"https:\/\/www.france.fi\/fr\/culture\/compagnie-mouvements-perpetuels-cie-salia-sanou-dun-reve\/","url":"https:\/\/www.france.fi\/fr\/culture\/compagnie-mouvements-perpetuels-cie-salia-sanou-dun-reve\/","name":"Compagnie Mouvements perp\u00e9tuels \/ cie Salia Sanou \u2013 D\u2019un r\u00eave - Institut fran\u00e7ais","isPartOf":{"@id":"https:\/\/www.france.fi\/#website"},"primaryImageOfPage":{"@id":"https:\/\/www.france.fi\/fr\/culture\/compagnie-mouvements-perpetuels-cie-salia-sanou-dun-reve\/#primaryimage"},"image":{"@id":"https:\/\/www.france.fi\/fr\/culture\/compagnie-mouvements-perpetuels-cie-salia-sanou-dun-reve\/#primaryimage"},"thumbnailUrl":"https:\/\/www.france.fi\/wp-content\/uploads\/2023\/05\/Dunreve_LaurentPhilippe-1098x617.jpg","datePublished":"2023-05-29T12:24:51+00:00","dateModified":"2023-06-19T07:09:26+00:00","breadcrumb":{"@id":"https:\/\/www.france.fi\/fr\/culture\/compagnie-mouvements-perpetuels-cie-salia-sanou-dun-reve\/#breadcrumb"},"inLanguage":"fr-FR","potentialAction":[{"@type":"ReadAction","target":["https:\/\/www.france.fi\/fr\/culture\/compagnie-mouvements-perpetuels-cie-salia-sanou-dun-reve\/"]}]},{"@type":"ImageObject","inLanguage":"fr-FR","@id":"https:\/\/www.france.fi\/fr\/culture\/compagnie-mouvements-perpetuels-cie-salia-sanou-dun-reve\/#primaryimage","url":"https:\/\/www.france.fi\/wp-content\/uploads\/2023\/05\/Dunreve_LaurentPhilippe-1098x617.jpg","contentUrl":"https:\/\/www.france.fi\/wp-content\/uploads\/2023\/05\/Dunreve_LaurentPhilippe-1098x617.jpg","width":1280,"height":721},{"@type":"BreadcrumbList","@id":"https:\/\/www.france.fi\/fr\/culture\/compagnie-mouvements-perpetuels-cie-salia-sanou-dun-reve\/#breadcrumb","itemListElement":[{"@type":"ListItem","position":1,"name":"Home","item":"https:\/\/www.france.fi\/fr\/"},{"@type":"ListItem","position":2,"name":"Culture","item":"https:\/\/www.france.fi\/fr\/category\/culture\/"},{"@type":"ListItem","position":3,"name":"Compagnie Mouvements perp\u00e9tuels \/ cie Salia Sanou \u2013 D\u2019un r\u00eave"}]},{"@type":"WebSite","@id":"https:\/\/www.france.fi\/#website","url":"https:\/\/www.france.fi\/","name":"Institut fran\u00e7ais de Finlande","description":"","publisher":{"@id":"https:\/\/www.france.fi\/#organization"},"potentialAction":[{"@type":"SearchAction","target":{"@type":"EntryPoint","urlTemplate":"https:\/\/www.france.fi\/?s={search_term_string}"},"query-input":{"@type":"PropertyValueSpecification","valueRequired":true,"valueName":"search_term_string"}}],"inLanguage":"fr-FR"},{"@type":"Organization","@id":"https:\/\/www.france.fi\/#organization","name":"Institut fran\u00e7ais de Finlande","url":"https:\/\/www.france.fi\/","logo":{"@type":"ImageObject","inLanguage":"fr-FR","@id":"https:\/\/www.france.fi\/#\/schema\/logo\/image\/","url":"https:\/\/www.france.fi\/wp-content\/uploads\/2024\/02\/if-logo-1.png","contentUrl":"https:\/\/www.france.fi\/wp-content\/uploads\/2024\/02\/if-logo-1.png","width":687,"height":459,"caption":"Institut fran\u00e7ais de Finlande"},"image":{"@id":"https:\/\/www.france.fi\/#\/schema\/logo\/image\/"},"sameAs":["https:\/\/www.facebook.com\/institutfrancaisfi","https:\/\/x.com\/IFFinlande","https:\/\/www.instagram.com\/iffinlande\/","https:\/\/fr.linkedin.com\/organization-guest\/company\/institut-fran-ais-de-finlande","https:\/\/www.youtube.com\/channel\/UCHAitdpmSbeP78eL49XMotA"]},{"@type":"Person","@id":"https:\/\/www.france.fi\/#\/schema\/person\/ed873f29db1d0af6a3600d15d3b65bfd","name":"Equipe IFF","image":{"@type":"ImageObject","inLanguage":"fr-FR","@id":"https:\/\/secure.gravatar.com\/avatar\/3c4ba80228d01014b25e45e90abb28ce315a02c6572751a7fb2298e4274989fc?s=96&d=mm&r=g","url":"https:\/\/secure.gravatar.com\/avatar\/3c4ba80228d01014b25e45e90abb28ce315a02c6572751a7fb2298e4274989fc?s=96&d=mm&r=g","contentUrl":"https:\/\/secure.gravatar.com\/avatar\/3c4ba80228d01014b25e45e90abb28ce315a02c6572751a7fb2298e4274989fc?s=96&d=mm&r=g","caption":"Equipe IFF"},"url":"https:\/\/www.france.fi\/fr\/author\/iffadmin\/"}]}},"_links":{"self":[{"href":"https:\/\/www.france.fi\/fr\/wp-json\/wp\/v2\/posts\/13019","targetHints":{"allow":["GET"]}}],"collection":[{"href":"https:\/\/www.france.fi\/fr\/wp-json\/wp\/v2\/posts"}],"about":[{"href":"https:\/\/www.france.fi\/fr\/wp-json\/wp\/v2\/types\/post"}],"author":[{"embeddable":true,"href":"https:\/\/www.france.fi\/fr\/wp-json\/wp\/v2\/users\/2"}],"replies":[{"embeddable":true,"href":"https:\/\/www.france.fi\/fr\/wp-json\/wp\/v2\/comments?post=13019"}],"version-history":[{"count":0,"href":"https:\/\/www.france.fi\/fr\/wp-json\/wp\/v2\/posts\/13019\/revisions"}],"wp:featuredmedia":[{"embeddable":true,"href":"https:\/\/www.france.fi\/fr\/wp-json\/wp\/v2\/media\/13020"}],"wp:attachment":[{"href":"https:\/\/www.france.fi\/fr\/wp-json\/wp\/v2\/media?parent=13019"}],"wp:term":[{"taxonomy":"category","embeddable":true,"href":"https:\/\/www.france.fi\/fr\/wp-json\/wp\/v2\/categories?post=13019"},{"taxonomy":"post_tag","embeddable":true,"href":"https:\/\/www.france.fi\/fr\/wp-json\/wp\/v2\/tags?post=13019"}],"curies":[{"name":"wp","href":"https:\/\/api.w.org\/{rel}","templated":true}]}}