{"id":13046,"date":"2023-05-29T16:03:20","date_gmt":"2023-05-29T13:03:20","guid":{"rendered":"https:\/\/www.france.fi\/?p=13046"},"modified":"2023-06-19T10:07:27","modified_gmt":"2023-06-19T07:07:27","slug":"emmanuel-mouret-invite-dhonneur-au-festival-du-film-du-soleil-de-minuit","status":"publish","type":"post","link":"https:\/\/www.france.fi\/fr\/culture\/emmanuel-mouret-invite-dhonneur-au-festival-du-film-du-soleil-de-minuit\/","title":{"rendered":"Emmanuel Mouret, invit\u00e9 d\u2019honneur au Festival du Film du Soleil de Minuit !"},"content":{"rendered":"<p>Depuis les ann\u00e9es 1990, il r\u00e9alise des drames relationnels subtils dans lesquels la parole devient musique visuelle et po\u00e9sie spatiale. Les films classiques de Mouret ne s&rsquo;inscrivent dans aucun courant de pens\u00e9e. Longtemps rest\u00e9 dans l&rsquo;ombre, le r\u00e9alisateur a connu ces derni\u00e8res ann\u00e9es une plus grande notori\u00e9t\u00e9 avec plusieurs nominations aux C\u00e9sars.<\/p>\n<p>Le deuxi\u00e8me long m\u00e9trage de Mouret, <em>V\u00e9nus et Fleur <\/em>(2004), est une com\u00e9die estivale et nostalgique, qui rappelle l&rsquo;\u0153uvre d&rsquo;\u00c9ric Rohmer<em>. L&rsquo;Art de l&rsquo;amour<\/em> (2011), l\u00e9ger mais profond, est une surprenante histoire d&rsquo;amour divis\u00e9e en dix chapitres. Avec <em>Mademoiselle de Joncqui\u00e8res<\/em> (2018), com\u00e9die de m\u0153urs interpr\u00e9t\u00e9e par C\u00e9cile de France, Mouret a cr\u00e9\u00e9 sa propre version du conte d&rsquo;amour de Denis Diderot. Situ\u00e9 dans la campagne fran\u00e7aise, <em>Les Choses qu&rsquo;on dit, les Choses qu&rsquo;on fait<\/em> (2020) entra\u00eene le spectateur dans tout un cosmos de relations. Dans son dernier film, <em>Chronique d&rsquo;une liaison passag\u00e8re<\/em> (2022), deux personnes, interpr\u00e9t\u00e9es par les incroyables Sandrine Kiberlain et Vincent Macaigne, se rencontrent dans un bar et d\u00e9cident d&rsquo;entamer une relation avec un postulat plut\u00f4t inhabituel concernant le sexe, la cour et l&rsquo;avenir ensemble.<\/p>\n<p><strong><a href=\"https:\/\/msfilmfestival.fi\/en\/\" target=\"_blank\" rel=\"noopener\">https:\/\/msfilmfestival.fi\/en\/<\/a><\/strong><\/p>\n","protected":false},"excerpt":{"rendered":"<p>Emmanuel Mouret est un des r\u00e9alisateurs fran\u00e7ais les plus inspirants ! Ses films lui ont valu plusieurs nominations aux C\u00e9sars.<\/p>\n","protected":false},"author":2,"featured_media":13047,"comment_status":"closed","ping_status":"open","sticky":false,"template":"","format":"standard","meta":{"footnotes":""},"categories":[1],"tags":[101],"class_list":["post-13046","post","type-post","status-publish","format-standard","has-post-thumbnail","hentry","category-culture","tag-midnight-sun-film-festival"],"yoast_head":"<!-- This site is optimized with the Yoast SEO plugin v27.4 - https:\/\/yoast.com\/product\/yoast-seo-wordpress\/ -->\n<title>Emmanuel Mouret, invit\u00e9 d\u2019honneur au Festival du Film du Soleil de Minuit ! - Institut fran\u00e7ais<\/title>\n<meta name=\"description\" content=\"Emmanuel Mouret, invit\u00e9 d\u2019honneur au Festival du Film du Soleil de Minuit !\" \/>\n<meta name=\"robots\" content=\"index, follow, max-snippet:-1, max-image-preview:large, max-video-preview:-1\" \/>\n<link rel=\"canonical\" href=\"https:\/\/www.france.fi\/fr\/culture\/emmanuel-mouret-invite-dhonneur-au-festival-du-film-du-soleil-de-minuit\/\" \/>\n<meta property=\"og:locale\" content=\"fr_FR\" \/>\n<meta property=\"og:type\" content=\"article\" \/>\n<meta property=\"og:title\" content=\"Emmanuel Mouret, invit\u00e9 d\u2019honneur au Festival du Film du Soleil de Minuit ! - Institut fran\u00e7ais\" \/>\n<meta property=\"og:description\" content=\"Emmanuel Mouret, invit\u00e9 d\u2019honneur au Festival du Film du Soleil de Minuit !\" \/>\n<meta property=\"og:url\" content=\"https:\/\/www.france.fi\/fr\/culture\/emmanuel-mouret-invite-dhonneur-au-festival-du-film-du-soleil-de-minuit\/\" \/>\n<meta property=\"og:site_name\" content=\"Institut fran\u00e7ais\" \/>\n<meta property=\"article:publisher\" content=\"https:\/\/www.facebook.com\/institutfrancaisfi\" \/>\n<meta property=\"article:published_time\" content=\"2023-05-29T13:03:20+00:00\" \/>\n<meta property=\"article:modified_time\" content=\"2023-06-19T07:07:27+00:00\" \/>\n<meta property=\"og:image\" content=\"https:\/\/www.france.fi\/wp-content\/uploads\/2023\/05\/edouard-baer-1098x617.jpg\" \/>\n\t<meta property=\"og:image:width\" content=\"1280\" \/>\n\t<meta property=\"og:image:height\" content=\"720\" \/>\n\t<meta property=\"og:image:type\" content=\"image\/jpeg\" \/>\n<meta name=\"author\" content=\"Equipe IFF\" \/>\n<meta name=\"twitter:card\" content=\"summary_large_image\" \/>\n<meta name=\"twitter:creator\" content=\"@IFFinlande\" \/>\n<meta name=\"twitter:site\" content=\"@IFFinlande\" \/>\n<meta name=\"twitter:label1\" content=\"\u00c9crit par\" \/>\n\t<meta name=\"twitter:data1\" content=\"Equipe IFF\" \/>\n\t<meta name=\"twitter:label2\" content=\"Dur\u00e9e de lecture estim\u00e9e\" \/>\n\t<meta name=\"twitter:data2\" content=\"1 minute\" \/>\n<script type=\"application\/ld+json\" class=\"yoast-schema-graph\">{\"@context\":\"https:\\\/\\\/schema.org\",\"@graph\":[{\"@type\":\"Article\",\"@id\":\"https:\\\/\\\/www.france.fi\\\/fr\\\/culture\\\/emmanuel-mouret-invite-dhonneur-au-festival-du-film-du-soleil-de-minuit\\\/#article\",\"isPartOf\":{\"@id\":\"https:\\\/\\\/www.france.fi\\\/fr\\\/culture\\\/emmanuel-mouret-invite-dhonneur-au-festival-du-film-du-soleil-de-minuit\\\/\"},\"author\":{\"name\":\"Equipe IFF\",\"@id\":\"https:\\\/\\\/www.france.fi\\\/#\\\/schema\\\/person\\\/ed873f29db1d0af6a3600d15d3b65bfd\"},\"headline\":\"Emmanuel Mouret, invit\u00e9 d\u2019honneur au Festival du Film du Soleil de Minuit !\",\"datePublished\":\"2023-05-29T13:03:20+00:00\",\"dateModified\":\"2023-06-19T07:07:27+00:00\",\"mainEntityOfPage\":{\"@id\":\"https:\\\/\\\/www.france.fi\\\/fr\\\/culture\\\/emmanuel-mouret-invite-dhonneur-au-festival-du-film-du-soleil-de-minuit\\\/\"},\"wordCount\":232,\"publisher\":{\"@id\":\"https:\\\/\\\/www.france.fi\\\/#organization\"},\"image\":{\"@id\":\"https:\\\/\\\/www.france.fi\\\/fr\\\/culture\\\/emmanuel-mouret-invite-dhonneur-au-festival-du-film-du-soleil-de-minuit\\\/#primaryimage\"},\"thumbnailUrl\":\"https:\\\/\\\/www.france.fi\\\/wp-content\\\/uploads\\\/2023\\\/05\\\/edouard-baer-1098x617.jpg\",\"keywords\":[\"Midnight Sun Film Festival\"],\"articleSection\":[\"Culture\"],\"inLanguage\":\"fr-FR\"},{\"@type\":\"WebPage\",\"@id\":\"https:\\\/\\\/www.france.fi\\\/fr\\\/culture\\\/emmanuel-mouret-invite-dhonneur-au-festival-du-film-du-soleil-de-minuit\\\/\",\"url\":\"https:\\\/\\\/www.france.fi\\\/fr\\\/culture\\\/emmanuel-mouret-invite-dhonneur-au-festival-du-film-du-soleil-de-minuit\\\/\",\"name\":\"Emmanuel Mouret, invit\u00e9 d\u2019honneur au Festival du Film du Soleil de Minuit ! - Institut fran\u00e7ais\",\"isPartOf\":{\"@id\":\"https:\\\/\\\/www.france.fi\\\/#website\"},\"primaryImageOfPage\":{\"@id\":\"https:\\\/\\\/www.france.fi\\\/fr\\\/culture\\\/emmanuel-mouret-invite-dhonneur-au-festival-du-film-du-soleil-de-minuit\\\/#primaryimage\"},\"image\":{\"@id\":\"https:\\\/\\\/www.france.fi\\\/fr\\\/culture\\\/emmanuel-mouret-invite-dhonneur-au-festival-du-film-du-soleil-de-minuit\\\/#primaryimage\"},\"thumbnailUrl\":\"https:\\\/\\\/www.france.fi\\\/wp-content\\\/uploads\\\/2023\\\/05\\\/edouard-baer-1098x617.jpg\",\"datePublished\":\"2023-05-29T13:03:20+00:00\",\"dateModified\":\"2023-06-19T07:07:27+00:00\",\"description\":\"Emmanuel Mouret, invit\u00e9 d\u2019honneur au Festival du Film du Soleil de Minuit !\",\"breadcrumb\":{\"@id\":\"https:\\\/\\\/www.france.fi\\\/fr\\\/culture\\\/emmanuel-mouret-invite-dhonneur-au-festival-du-film-du-soleil-de-minuit\\\/#breadcrumb\"},\"inLanguage\":\"fr-FR\",\"potentialAction\":[{\"@type\":\"ReadAction\",\"target\":[\"https:\\\/\\\/www.france.fi\\\/fr\\\/culture\\\/emmanuel-mouret-invite-dhonneur-au-festival-du-film-du-soleil-de-minuit\\\/\"]}]},{\"@type\":\"ImageObject\",\"inLanguage\":\"fr-FR\",\"@id\":\"https:\\\/\\\/www.france.fi\\\/fr\\\/culture\\\/emmanuel-mouret-invite-dhonneur-au-festival-du-film-du-soleil-de-minuit\\\/#primaryimage\",\"url\":\"https:\\\/\\\/www.france.fi\\\/wp-content\\\/uploads\\\/2023\\\/05\\\/edouard-baer-1098x617.jpg\",\"contentUrl\":\"https:\\\/\\\/www.france.fi\\\/wp-content\\\/uploads\\\/2023\\\/05\\\/edouard-baer-1098x617.jpg\",\"width\":1280,\"height\":720},{\"@type\":\"BreadcrumbList\",\"@id\":\"https:\\\/\\\/www.france.fi\\\/fr\\\/culture\\\/emmanuel-mouret-invite-dhonneur-au-festival-du-film-du-soleil-de-minuit\\\/#breadcrumb\",\"itemListElement\":[{\"@type\":\"ListItem\",\"position\":1,\"name\":\"Home\",\"item\":\"https:\\\/\\\/www.france.fi\\\/fr\\\/\"},{\"@type\":\"ListItem\",\"position\":2,\"name\":\"Culture\",\"item\":\"https:\\\/\\\/www.france.fi\\\/fr\\\/category\\\/culture\\\/\"},{\"@type\":\"ListItem\",\"position\":3,\"name\":\"Emmanuel Mouret, invit\u00e9 d\u2019honneur au Festival du Film du Soleil de Minuit !\"}]},{\"@type\":\"WebSite\",\"@id\":\"https:\\\/\\\/www.france.fi\\\/#website\",\"url\":\"https:\\\/\\\/www.france.fi\\\/\",\"name\":\"Institut fran\u00e7ais de Finlande\",\"description\":\"\",\"publisher\":{\"@id\":\"https:\\\/\\\/www.france.fi\\\/#organization\"},\"potentialAction\":[{\"@type\":\"SearchAction\",\"target\":{\"@type\":\"EntryPoint\",\"urlTemplate\":\"https:\\\/\\\/www.france.fi\\\/?s={search_term_string}\"},\"query-input\":{\"@type\":\"PropertyValueSpecification\",\"valueRequired\":true,\"valueName\":\"search_term_string\"}}],\"inLanguage\":\"fr-FR\"},{\"@type\":\"Organization\",\"@id\":\"https:\\\/\\\/www.france.fi\\\/#organization\",\"name\":\"Institut fran\u00e7ais de Finlande\",\"url\":\"https:\\\/\\\/www.france.fi\\\/\",\"logo\":{\"@type\":\"ImageObject\",\"inLanguage\":\"fr-FR\",\"@id\":\"https:\\\/\\\/www.france.fi\\\/#\\\/schema\\\/logo\\\/image\\\/\",\"url\":\"https:\\\/\\\/www.france.fi\\\/wp-content\\\/uploads\\\/2024\\\/02\\\/if-logo-1.png\",\"contentUrl\":\"https:\\\/\\\/www.france.fi\\\/wp-content\\\/uploads\\\/2024\\\/02\\\/if-logo-1.png\",\"width\":687,\"height\":459,\"caption\":\"Institut fran\u00e7ais de Finlande\"},\"image\":{\"@id\":\"https:\\\/\\\/www.france.fi\\\/#\\\/schema\\\/logo\\\/image\\\/\"},\"sameAs\":[\"https:\\\/\\\/www.facebook.com\\\/institutfrancaisfi\",\"https:\\\/\\\/x.com\\\/IFFinlande\",\"https:\\\/\\\/www.instagram.com\\\/iffinlande\\\/\",\"https:\\\/\\\/fr.linkedin.com\\\/organization-guest\\\/company\\\/institut-fran-ais-de-finlande\",\"https:\\\/\\\/www.youtube.com\\\/channel\\\/UCHAitdpmSbeP78eL49XMotA\"]},{\"@type\":\"Person\",\"@id\":\"https:\\\/\\\/www.france.fi\\\/#\\\/schema\\\/person\\\/ed873f29db1d0af6a3600d15d3b65bfd\",\"name\":\"Equipe IFF\",\"image\":{\"@type\":\"ImageObject\",\"inLanguage\":\"fr-FR\",\"@id\":\"https:\\\/\\\/secure.gravatar.com\\\/avatar\\\/3c4ba80228d01014b25e45e90abb28ce315a02c6572751a7fb2298e4274989fc?s=96&d=mm&r=g\",\"url\":\"https:\\\/\\\/secure.gravatar.com\\\/avatar\\\/3c4ba80228d01014b25e45e90abb28ce315a02c6572751a7fb2298e4274989fc?s=96&d=mm&r=g\",\"contentUrl\":\"https:\\\/\\\/secure.gravatar.com\\\/avatar\\\/3c4ba80228d01014b25e45e90abb28ce315a02c6572751a7fb2298e4274989fc?s=96&d=mm&r=g\",\"caption\":\"Equipe IFF\"},\"url\":\"https:\\\/\\\/www.france.fi\\\/fr\\\/author\\\/iffadmin\\\/\"}]}<\/script>\n<!-- \/ Yoast SEO plugin. -->","yoast_head_json":{"title":"Emmanuel Mouret, invit\u00e9 d\u2019honneur au Festival du Film du Soleil de Minuit ! - Institut fran\u00e7ais","description":"Emmanuel Mouret, invit\u00e9 d\u2019honneur au Festival du Film du Soleil de Minuit !","robots":{"index":"index","follow":"follow","max-snippet":"max-snippet:-1","max-image-preview":"max-image-preview:large","max-video-preview":"max-video-preview:-1"},"canonical":"https:\/\/www.france.fi\/fr\/culture\/emmanuel-mouret-invite-dhonneur-au-festival-du-film-du-soleil-de-minuit\/","og_locale":"fr_FR","og_type":"article","og_title":"Emmanuel Mouret, invit\u00e9 d\u2019honneur au Festival du Film du Soleil de Minuit ! - Institut fran\u00e7ais","og_description":"Emmanuel Mouret, invit\u00e9 d\u2019honneur au Festival du Film du Soleil de Minuit !","og_url":"https:\/\/www.france.fi\/fr\/culture\/emmanuel-mouret-invite-dhonneur-au-festival-du-film-du-soleil-de-minuit\/","og_site_name":"Institut fran\u00e7ais","article_publisher":"https:\/\/www.facebook.com\/institutfrancaisfi","article_published_time":"2023-05-29T13:03:20+00:00","article_modified_time":"2023-06-19T07:07:27+00:00","og_image":[{"width":1280,"height":720,"url":"https:\/\/www.france.fi\/wp-content\/uploads\/2023\/05\/edouard-baer-1098x617.jpg","type":"image\/jpeg"}],"author":"Equipe IFF","twitter_card":"summary_large_image","twitter_creator":"@IFFinlande","twitter_site":"@IFFinlande","twitter_misc":{"\u00c9crit par":"Equipe IFF","Dur\u00e9e de lecture estim\u00e9e":"1 minute"},"schema":{"@context":"https:\/\/schema.org","@graph":[{"@type":"Article","@id":"https:\/\/www.france.fi\/fr\/culture\/emmanuel-mouret-invite-dhonneur-au-festival-du-film-du-soleil-de-minuit\/#article","isPartOf":{"@id":"https:\/\/www.france.fi\/fr\/culture\/emmanuel-mouret-invite-dhonneur-au-festival-du-film-du-soleil-de-minuit\/"},"author":{"name":"Equipe IFF","@id":"https:\/\/www.france.fi\/#\/schema\/person\/ed873f29db1d0af6a3600d15d3b65bfd"},"headline":"Emmanuel Mouret, invit\u00e9 d\u2019honneur au Festival du Film du Soleil de Minuit !","datePublished":"2023-05-29T13:03:20+00:00","dateModified":"2023-06-19T07:07:27+00:00","mainEntityOfPage":{"@id":"https:\/\/www.france.fi\/fr\/culture\/emmanuel-mouret-invite-dhonneur-au-festival-du-film-du-soleil-de-minuit\/"},"wordCount":232,"publisher":{"@id":"https:\/\/www.france.fi\/#organization"},"image":{"@id":"https:\/\/www.france.fi\/fr\/culture\/emmanuel-mouret-invite-dhonneur-au-festival-du-film-du-soleil-de-minuit\/#primaryimage"},"thumbnailUrl":"https:\/\/www.france.fi\/wp-content\/uploads\/2023\/05\/edouard-baer-1098x617.jpg","keywords":["Midnight Sun Film Festival"],"articleSection":["Culture"],"inLanguage":"fr-FR"},{"@type":"WebPage","@id":"https:\/\/www.france.fi\/fr\/culture\/emmanuel-mouret-invite-dhonneur-au-festival-du-film-du-soleil-de-minuit\/","url":"https:\/\/www.france.fi\/fr\/culture\/emmanuel-mouret-invite-dhonneur-au-festival-du-film-du-soleil-de-minuit\/","name":"Emmanuel Mouret, invit\u00e9 d\u2019honneur au Festival du Film du Soleil de Minuit ! - Institut fran\u00e7ais","isPartOf":{"@id":"https:\/\/www.france.fi\/#website"},"primaryImageOfPage":{"@id":"https:\/\/www.france.fi\/fr\/culture\/emmanuel-mouret-invite-dhonneur-au-festival-du-film-du-soleil-de-minuit\/#primaryimage"},"image":{"@id":"https:\/\/www.france.fi\/fr\/culture\/emmanuel-mouret-invite-dhonneur-au-festival-du-film-du-soleil-de-minuit\/#primaryimage"},"thumbnailUrl":"https:\/\/www.france.fi\/wp-content\/uploads\/2023\/05\/edouard-baer-1098x617.jpg","datePublished":"2023-05-29T13:03:20+00:00","dateModified":"2023-06-19T07:07:27+00:00","description":"Emmanuel Mouret, invit\u00e9 d\u2019honneur au Festival du Film du Soleil de Minuit !","breadcrumb":{"@id":"https:\/\/www.france.fi\/fr\/culture\/emmanuel-mouret-invite-dhonneur-au-festival-du-film-du-soleil-de-minuit\/#breadcrumb"},"inLanguage":"fr-FR","potentialAction":[{"@type":"ReadAction","target":["https:\/\/www.france.fi\/fr\/culture\/emmanuel-mouret-invite-dhonneur-au-festival-du-film-du-soleil-de-minuit\/"]}]},{"@type":"ImageObject","inLanguage":"fr-FR","@id":"https:\/\/www.france.fi\/fr\/culture\/emmanuel-mouret-invite-dhonneur-au-festival-du-film-du-soleil-de-minuit\/#primaryimage","url":"https:\/\/www.france.fi\/wp-content\/uploads\/2023\/05\/edouard-baer-1098x617.jpg","contentUrl":"https:\/\/www.france.fi\/wp-content\/uploads\/2023\/05\/edouard-baer-1098x617.jpg","width":1280,"height":720},{"@type":"BreadcrumbList","@id":"https:\/\/www.france.fi\/fr\/culture\/emmanuel-mouret-invite-dhonneur-au-festival-du-film-du-soleil-de-minuit\/#breadcrumb","itemListElement":[{"@type":"ListItem","position":1,"name":"Home","item":"https:\/\/www.france.fi\/fr\/"},{"@type":"ListItem","position":2,"name":"Culture","item":"https:\/\/www.france.fi\/fr\/category\/culture\/"},{"@type":"ListItem","position":3,"name":"Emmanuel Mouret, invit\u00e9 d\u2019honneur au Festival du Film du Soleil de Minuit !"}]},{"@type":"WebSite","@id":"https:\/\/www.france.fi\/#website","url":"https:\/\/www.france.fi\/","name":"Institut fran\u00e7ais de Finlande","description":"","publisher":{"@id":"https:\/\/www.france.fi\/#organization"},"potentialAction":[{"@type":"SearchAction","target":{"@type":"EntryPoint","urlTemplate":"https:\/\/www.france.fi\/?s={search_term_string}"},"query-input":{"@type":"PropertyValueSpecification","valueRequired":true,"valueName":"search_term_string"}}],"inLanguage":"fr-FR"},{"@type":"Organization","@id":"https:\/\/www.france.fi\/#organization","name":"Institut fran\u00e7ais de Finlande","url":"https:\/\/www.france.fi\/","logo":{"@type":"ImageObject","inLanguage":"fr-FR","@id":"https:\/\/www.france.fi\/#\/schema\/logo\/image\/","url":"https:\/\/www.france.fi\/wp-content\/uploads\/2024\/02\/if-logo-1.png","contentUrl":"https:\/\/www.france.fi\/wp-content\/uploads\/2024\/02\/if-logo-1.png","width":687,"height":459,"caption":"Institut fran\u00e7ais de Finlande"},"image":{"@id":"https:\/\/www.france.fi\/#\/schema\/logo\/image\/"},"sameAs":["https:\/\/www.facebook.com\/institutfrancaisfi","https:\/\/x.com\/IFFinlande","https:\/\/www.instagram.com\/iffinlande\/","https:\/\/fr.linkedin.com\/organization-guest\/company\/institut-fran-ais-de-finlande","https:\/\/www.youtube.com\/channel\/UCHAitdpmSbeP78eL49XMotA"]},{"@type":"Person","@id":"https:\/\/www.france.fi\/#\/schema\/person\/ed873f29db1d0af6a3600d15d3b65bfd","name":"Equipe IFF","image":{"@type":"ImageObject","inLanguage":"fr-FR","@id":"https:\/\/secure.gravatar.com\/avatar\/3c4ba80228d01014b25e45e90abb28ce315a02c6572751a7fb2298e4274989fc?s=96&d=mm&r=g","url":"https:\/\/secure.gravatar.com\/avatar\/3c4ba80228d01014b25e45e90abb28ce315a02c6572751a7fb2298e4274989fc?s=96&d=mm&r=g","contentUrl":"https:\/\/secure.gravatar.com\/avatar\/3c4ba80228d01014b25e45e90abb28ce315a02c6572751a7fb2298e4274989fc?s=96&d=mm&r=g","caption":"Equipe IFF"},"url":"https:\/\/www.france.fi\/fr\/author\/iffadmin\/"}]}},"_links":{"self":[{"href":"https:\/\/www.france.fi\/fr\/wp-json\/wp\/v2\/posts\/13046","targetHints":{"allow":["GET"]}}],"collection":[{"href":"https:\/\/www.france.fi\/fr\/wp-json\/wp\/v2\/posts"}],"about":[{"href":"https:\/\/www.france.fi\/fr\/wp-json\/wp\/v2\/types\/post"}],"author":[{"embeddable":true,"href":"https:\/\/www.france.fi\/fr\/wp-json\/wp\/v2\/users\/2"}],"replies":[{"embeddable":true,"href":"https:\/\/www.france.fi\/fr\/wp-json\/wp\/v2\/comments?post=13046"}],"version-history":[{"count":0,"href":"https:\/\/www.france.fi\/fr\/wp-json\/wp\/v2\/posts\/13046\/revisions"}],"wp:featuredmedia":[{"embeddable":true,"href":"https:\/\/www.france.fi\/fr\/wp-json\/wp\/v2\/media\/13047"}],"wp:attachment":[{"href":"https:\/\/www.france.fi\/fr\/wp-json\/wp\/v2\/media?parent=13046"}],"wp:term":[{"taxonomy":"category","embeddable":true,"href":"https:\/\/www.france.fi\/fr\/wp-json\/wp\/v2\/categories?post=13046"},{"taxonomy":"post_tag","embeddable":true,"href":"https:\/\/www.france.fi\/fr\/wp-json\/wp\/v2\/tags?post=13046"}],"curies":[{"name":"wp","href":"https:\/\/api.w.org\/{rel}","templated":true}]}}