{"id":13177,"date":"2023-06-01T15:57:52","date_gmt":"2023-06-01T12:57:52","guid":{"rendered":"https:\/\/www.france.fi\/?p=13177"},"modified":"2023-11-21T10:42:14","modified_gmt":"2023-11-21T08:42:14","slug":"laureate-de-la-bourse-france-excellence-europa-2023-ronja-virtanen","status":"publish","type":"post","link":"https:\/\/www.france.fi\/fr\/sciences-et-universites\/laureate-de-la-bourse-france-excellence-europa-2023-ronja-virtanen\/","title":{"rendered":"Laur\u00e9ate de la bourse France Excellence Europa 2023 : Ronja Virtanen"},"content":{"rendered":"<p>Actuellement inscrite \u00e0 l\u2019Universit\u00e9 de Leiden aux Pays-Bas, la bourse FEE permettra \u00e0 cette passionn\u00e9e de relations internationales de poursuivre ses \u00e9tudes de master \u00e0 Science Po Paris.<\/p>\n<p>\u00ab Les cinq derni\u00e8res ann\u00e9es que j\u2019ai pass\u00e9es \u00e0 l\u2019\u00e9tranger dans le cadre de mes \u00e9tudes ont fait naitre ma passion pour les relations internationales et les sciences politiques. J&rsquo;ai donc d\u00e9cid\u00e9 de poursuivre un Master en politique \u00e9conomique internationale \u00e0 Science Po Paris. Je finirai ma licence en relations internationales aux Pays-Bas cet \u00e9t\u00e9, et j&rsquo;ai h\u00e2te de pouvoir approfondir mes connaissances en politique \u00e9conomique ainsi qu\u2019en langue fran\u00e7aise \u00e0 Paris. J\u2019esp\u00e8re que mon temps \u00e0 Science Po me pr\u00e9parera au mieux pour une future carri\u00e8re dans la collaboration \u00e9conomique internationale ! \u00bb<\/p>\n<p>F\u00e9licitations Ronja pour l\u2019accomplissement et bonne chance pour les \u00e9tudes \u00e0 Paris !<\/p>\n","protected":false},"excerpt":{"rendered":"<p>La bourse France Excellence Europa (FEE) du 2023 a \u00e9t\u00e9 attribu\u00e9e \u00e0 Mme Ronja Virtanen. <\/p>\n","protected":false},"author":2,"featured_media":13178,"comment_status":"closed","ping_status":"open","sticky":false,"template":"","format":"standard","meta":{"footnotes":""},"categories":[4],"tags":[123,124,125],"class_list":["post-13177","post","type-post","status-publish","format-standard","has-post-thumbnail","hentry","category-sciences-et-universites","tag-france","tag-excellence","tag-europa"],"yoast_head":"<!-- This site is optimized with the Yoast SEO plugin v27.4 - https:\/\/yoast.com\/product\/yoast-seo-wordpress\/ -->\n<title>Laur\u00e9ate de la bourse France Excellence Europa 2023 : Ronja Virtanen - Institut fran\u00e7ais<\/title>\n<meta name=\"description\" content=\"La bourse France Excellence Europa (FEE) du 2023 a \u00e9t\u00e9 attribu\u00e9e \u00e0 Mme Ronja Virtanen.\" \/>\n<meta name=\"robots\" content=\"index, follow, max-snippet:-1, max-image-preview:large, max-video-preview:-1\" \/>\n<link rel=\"canonical\" href=\"https:\/\/www.france.fi\/fr\/sciences-et-universites\/laureate-de-la-bourse-france-excellence-europa-2023-ronja-virtanen\/\" \/>\n<meta property=\"og:locale\" content=\"fr_FR\" \/>\n<meta property=\"og:type\" content=\"article\" \/>\n<meta property=\"og:title\" content=\"Laur\u00e9ate de la bourse France Excellence Europa 2023 : Ronja Virtanen - Institut fran\u00e7ais\" \/>\n<meta property=\"og:description\" content=\"La bourse France Excellence Europa (FEE) du 2023 a \u00e9t\u00e9 attribu\u00e9e \u00e0 Mme Ronja Virtanen.\" \/>\n<meta property=\"og:url\" content=\"https:\/\/www.france.fi\/fr\/sciences-et-universites\/laureate-de-la-bourse-france-excellence-europa-2023-ronja-virtanen\/\" \/>\n<meta property=\"og:site_name\" content=\"Institut fran\u00e7ais\" \/>\n<meta property=\"article:publisher\" content=\"https:\/\/www.facebook.com\/institutfrancaisfi\" \/>\n<meta property=\"article:published_time\" content=\"2023-06-01T12:57:52+00:00\" \/>\n<meta property=\"article:modified_time\" content=\"2023-11-21T08:42:14+00:00\" \/>\n<meta property=\"og:image\" content=\"https:\/\/www.france.fi\/wp-content\/uploads\/2023\/06\/Ronja-Virtanen-site-internet-1098x617.jpg\" \/>\n\t<meta property=\"og:image:width\" content=\"1280\" \/>\n\t<meta property=\"og:image:height\" content=\"720\" \/>\n\t<meta property=\"og:image:type\" content=\"image\/jpeg\" \/>\n<meta name=\"author\" content=\"Equipe IFF\" \/>\n<meta name=\"twitter:card\" content=\"summary_large_image\" \/>\n<meta name=\"twitter:creator\" content=\"@IFFinlande\" \/>\n<meta name=\"twitter:site\" content=\"@IFFinlande\" \/>\n<meta name=\"twitter:label1\" content=\"\u00c9crit par\" \/>\n\t<meta name=\"twitter:data1\" content=\"Equipe IFF\" \/>\n\t<meta name=\"twitter:label2\" content=\"Dur\u00e9e de lecture estim\u00e9e\" \/>\n\t<meta name=\"twitter:data2\" content=\"1 minute\" \/>\n<script type=\"application\/ld+json\" class=\"yoast-schema-graph\">{\"@context\":\"https:\\\/\\\/schema.org\",\"@graph\":[{\"@type\":\"Article\",\"@id\":\"https:\\\/\\\/www.france.fi\\\/fr\\\/sciences-et-universites\\\/laureate-de-la-bourse-france-excellence-europa-2023-ronja-virtanen\\\/#article\",\"isPartOf\":{\"@id\":\"https:\\\/\\\/www.france.fi\\\/fr\\\/sciences-et-universites\\\/laureate-de-la-bourse-france-excellence-europa-2023-ronja-virtanen\\\/\"},\"author\":{\"name\":\"Equipe IFF\",\"@id\":\"https:\\\/\\\/www.france.fi\\\/#\\\/schema\\\/person\\\/ed873f29db1d0af6a3600d15d3b65bfd\"},\"headline\":\"Laur\u00e9ate de la bourse France Excellence Europa 2023 : Ronja Virtanen\",\"datePublished\":\"2023-06-01T12:57:52+00:00\",\"dateModified\":\"2023-11-21T08:42:14+00:00\",\"mainEntityOfPage\":{\"@id\":\"https:\\\/\\\/www.france.fi\\\/fr\\\/sciences-et-universites\\\/laureate-de-la-bourse-france-excellence-europa-2023-ronja-virtanen\\\/\"},\"wordCount\":152,\"publisher\":{\"@id\":\"https:\\\/\\\/www.france.fi\\\/#organization\"},\"image\":{\"@id\":\"https:\\\/\\\/www.france.fi\\\/fr\\\/sciences-et-universites\\\/laureate-de-la-bourse-france-excellence-europa-2023-ronja-virtanen\\\/#primaryimage\"},\"thumbnailUrl\":\"https:\\\/\\\/www.france.fi\\\/wp-content\\\/uploads\\\/2023\\\/06\\\/Ronja-Virtanen-site-internet-1098x617.jpg\",\"keywords\":[\"France\",\"Excellence\",\"europa\"],\"articleSection\":[\"Sciences et universit\u00e9s\"],\"inLanguage\":\"fr-FR\"},{\"@type\":\"WebPage\",\"@id\":\"https:\\\/\\\/www.france.fi\\\/fr\\\/sciences-et-universites\\\/laureate-de-la-bourse-france-excellence-europa-2023-ronja-virtanen\\\/\",\"url\":\"https:\\\/\\\/www.france.fi\\\/fr\\\/sciences-et-universites\\\/laureate-de-la-bourse-france-excellence-europa-2023-ronja-virtanen\\\/\",\"name\":\"Laur\u00e9ate de la bourse France Excellence Europa 2023 : Ronja Virtanen - Institut fran\u00e7ais\",\"isPartOf\":{\"@id\":\"https:\\\/\\\/www.france.fi\\\/#website\"},\"primaryImageOfPage\":{\"@id\":\"https:\\\/\\\/www.france.fi\\\/fr\\\/sciences-et-universites\\\/laureate-de-la-bourse-france-excellence-europa-2023-ronja-virtanen\\\/#primaryimage\"},\"image\":{\"@id\":\"https:\\\/\\\/www.france.fi\\\/fr\\\/sciences-et-universites\\\/laureate-de-la-bourse-france-excellence-europa-2023-ronja-virtanen\\\/#primaryimage\"},\"thumbnailUrl\":\"https:\\\/\\\/www.france.fi\\\/wp-content\\\/uploads\\\/2023\\\/06\\\/Ronja-Virtanen-site-internet-1098x617.jpg\",\"datePublished\":\"2023-06-01T12:57:52+00:00\",\"dateModified\":\"2023-11-21T08:42:14+00:00\",\"description\":\"La bourse France Excellence Europa (FEE) du 2023 a \u00e9t\u00e9 attribu\u00e9e \u00e0 Mme Ronja Virtanen.\",\"breadcrumb\":{\"@id\":\"https:\\\/\\\/www.france.fi\\\/fr\\\/sciences-et-universites\\\/laureate-de-la-bourse-france-excellence-europa-2023-ronja-virtanen\\\/#breadcrumb\"},\"inLanguage\":\"fr-FR\",\"potentialAction\":[{\"@type\":\"ReadAction\",\"target\":[\"https:\\\/\\\/www.france.fi\\\/fr\\\/sciences-et-universites\\\/laureate-de-la-bourse-france-excellence-europa-2023-ronja-virtanen\\\/\"]}]},{\"@type\":\"ImageObject\",\"inLanguage\":\"fr-FR\",\"@id\":\"https:\\\/\\\/www.france.fi\\\/fr\\\/sciences-et-universites\\\/laureate-de-la-bourse-france-excellence-europa-2023-ronja-virtanen\\\/#primaryimage\",\"url\":\"https:\\\/\\\/www.france.fi\\\/wp-content\\\/uploads\\\/2023\\\/06\\\/Ronja-Virtanen-site-internet-1098x617.jpg\",\"contentUrl\":\"https:\\\/\\\/www.france.fi\\\/wp-content\\\/uploads\\\/2023\\\/06\\\/Ronja-Virtanen-site-internet-1098x617.jpg\",\"width\":1280,\"height\":720},{\"@type\":\"BreadcrumbList\",\"@id\":\"https:\\\/\\\/www.france.fi\\\/fr\\\/sciences-et-universites\\\/laureate-de-la-bourse-france-excellence-europa-2023-ronja-virtanen\\\/#breadcrumb\",\"itemListElement\":[{\"@type\":\"ListItem\",\"position\":1,\"name\":\"Home\",\"item\":\"https:\\\/\\\/www.france.fi\\\/fr\\\/\"},{\"@type\":\"ListItem\",\"position\":2,\"name\":\"Sciences et universit\u00e9s\",\"item\":\"https:\\\/\\\/www.france.fi\\\/fr\\\/category\\\/sciences-et-universites\\\/\"},{\"@type\":\"ListItem\",\"position\":3,\"name\":\"Laur\u00e9ate de la bourse France Excellence Europa 2023 : Ronja Virtanen\"}]},{\"@type\":\"WebSite\",\"@id\":\"https:\\\/\\\/www.france.fi\\\/#website\",\"url\":\"https:\\\/\\\/www.france.fi\\\/\",\"name\":\"Institut fran\u00e7ais de Finlande\",\"description\":\"\",\"publisher\":{\"@id\":\"https:\\\/\\\/www.france.fi\\\/#organization\"},\"potentialAction\":[{\"@type\":\"SearchAction\",\"target\":{\"@type\":\"EntryPoint\",\"urlTemplate\":\"https:\\\/\\\/www.france.fi\\\/?s={search_term_string}\"},\"query-input\":{\"@type\":\"PropertyValueSpecification\",\"valueRequired\":true,\"valueName\":\"search_term_string\"}}],\"inLanguage\":\"fr-FR\"},{\"@type\":\"Organization\",\"@id\":\"https:\\\/\\\/www.france.fi\\\/#organization\",\"name\":\"Institut fran\u00e7ais de Finlande\",\"url\":\"https:\\\/\\\/www.france.fi\\\/\",\"logo\":{\"@type\":\"ImageObject\",\"inLanguage\":\"fr-FR\",\"@id\":\"https:\\\/\\\/www.france.fi\\\/#\\\/schema\\\/logo\\\/image\\\/\",\"url\":\"https:\\\/\\\/www.france.fi\\\/wp-content\\\/uploads\\\/2024\\\/02\\\/if-logo-1.png\",\"contentUrl\":\"https:\\\/\\\/www.france.fi\\\/wp-content\\\/uploads\\\/2024\\\/02\\\/if-logo-1.png\",\"width\":687,\"height\":459,\"caption\":\"Institut fran\u00e7ais de Finlande\"},\"image\":{\"@id\":\"https:\\\/\\\/www.france.fi\\\/#\\\/schema\\\/logo\\\/image\\\/\"},\"sameAs\":[\"https:\\\/\\\/www.facebook.com\\\/institutfrancaisfi\",\"https:\\\/\\\/x.com\\\/IFFinlande\",\"https:\\\/\\\/www.instagram.com\\\/iffinlande\\\/\",\"https:\\\/\\\/fr.linkedin.com\\\/organization-guest\\\/company\\\/institut-fran-ais-de-finlande\",\"https:\\\/\\\/www.youtube.com\\\/channel\\\/UCHAitdpmSbeP78eL49XMotA\"]},{\"@type\":\"Person\",\"@id\":\"https:\\\/\\\/www.france.fi\\\/#\\\/schema\\\/person\\\/ed873f29db1d0af6a3600d15d3b65bfd\",\"name\":\"Equipe IFF\",\"image\":{\"@type\":\"ImageObject\",\"inLanguage\":\"fr-FR\",\"@id\":\"https:\\\/\\\/secure.gravatar.com\\\/avatar\\\/3c4ba80228d01014b25e45e90abb28ce315a02c6572751a7fb2298e4274989fc?s=96&d=mm&r=g\",\"url\":\"https:\\\/\\\/secure.gravatar.com\\\/avatar\\\/3c4ba80228d01014b25e45e90abb28ce315a02c6572751a7fb2298e4274989fc?s=96&d=mm&r=g\",\"contentUrl\":\"https:\\\/\\\/secure.gravatar.com\\\/avatar\\\/3c4ba80228d01014b25e45e90abb28ce315a02c6572751a7fb2298e4274989fc?s=96&d=mm&r=g\",\"caption\":\"Equipe IFF\"},\"url\":\"https:\\\/\\\/www.france.fi\\\/fr\\\/author\\\/iffadmin\\\/\"}]}<\/script>\n<!-- \/ Yoast SEO plugin. -->","yoast_head_json":{"title":"Laur\u00e9ate de la bourse France Excellence Europa 2023 : Ronja Virtanen - Institut fran\u00e7ais","description":"La bourse France Excellence Europa (FEE) du 2023 a \u00e9t\u00e9 attribu\u00e9e \u00e0 Mme Ronja Virtanen.","robots":{"index":"index","follow":"follow","max-snippet":"max-snippet:-1","max-image-preview":"max-image-preview:large","max-video-preview":"max-video-preview:-1"},"canonical":"https:\/\/www.france.fi\/fr\/sciences-et-universites\/laureate-de-la-bourse-france-excellence-europa-2023-ronja-virtanen\/","og_locale":"fr_FR","og_type":"article","og_title":"Laur\u00e9ate de la bourse France Excellence Europa 2023 : Ronja Virtanen - Institut fran\u00e7ais","og_description":"La bourse France Excellence Europa (FEE) du 2023 a \u00e9t\u00e9 attribu\u00e9e \u00e0 Mme Ronja Virtanen.","og_url":"https:\/\/www.france.fi\/fr\/sciences-et-universites\/laureate-de-la-bourse-france-excellence-europa-2023-ronja-virtanen\/","og_site_name":"Institut fran\u00e7ais","article_publisher":"https:\/\/www.facebook.com\/institutfrancaisfi","article_published_time":"2023-06-01T12:57:52+00:00","article_modified_time":"2023-11-21T08:42:14+00:00","og_image":[{"width":1280,"height":720,"url":"https:\/\/www.france.fi\/wp-content\/uploads\/2023\/06\/Ronja-Virtanen-site-internet-1098x617.jpg","type":"image\/jpeg"}],"author":"Equipe IFF","twitter_card":"summary_large_image","twitter_creator":"@IFFinlande","twitter_site":"@IFFinlande","twitter_misc":{"\u00c9crit par":"Equipe IFF","Dur\u00e9e de lecture estim\u00e9e":"1 minute"},"schema":{"@context":"https:\/\/schema.org","@graph":[{"@type":"Article","@id":"https:\/\/www.france.fi\/fr\/sciences-et-universites\/laureate-de-la-bourse-france-excellence-europa-2023-ronja-virtanen\/#article","isPartOf":{"@id":"https:\/\/www.france.fi\/fr\/sciences-et-universites\/laureate-de-la-bourse-france-excellence-europa-2023-ronja-virtanen\/"},"author":{"name":"Equipe IFF","@id":"https:\/\/www.france.fi\/#\/schema\/person\/ed873f29db1d0af6a3600d15d3b65bfd"},"headline":"Laur\u00e9ate de la bourse France Excellence Europa 2023 : Ronja Virtanen","datePublished":"2023-06-01T12:57:52+00:00","dateModified":"2023-11-21T08:42:14+00:00","mainEntityOfPage":{"@id":"https:\/\/www.france.fi\/fr\/sciences-et-universites\/laureate-de-la-bourse-france-excellence-europa-2023-ronja-virtanen\/"},"wordCount":152,"publisher":{"@id":"https:\/\/www.france.fi\/#organization"},"image":{"@id":"https:\/\/www.france.fi\/fr\/sciences-et-universites\/laureate-de-la-bourse-france-excellence-europa-2023-ronja-virtanen\/#primaryimage"},"thumbnailUrl":"https:\/\/www.france.fi\/wp-content\/uploads\/2023\/06\/Ronja-Virtanen-site-internet-1098x617.jpg","keywords":["France","Excellence","europa"],"articleSection":["Sciences et universit\u00e9s"],"inLanguage":"fr-FR"},{"@type":"WebPage","@id":"https:\/\/www.france.fi\/fr\/sciences-et-universites\/laureate-de-la-bourse-france-excellence-europa-2023-ronja-virtanen\/","url":"https:\/\/www.france.fi\/fr\/sciences-et-universites\/laureate-de-la-bourse-france-excellence-europa-2023-ronja-virtanen\/","name":"Laur\u00e9ate de la bourse France Excellence Europa 2023 : Ronja Virtanen - Institut fran\u00e7ais","isPartOf":{"@id":"https:\/\/www.france.fi\/#website"},"primaryImageOfPage":{"@id":"https:\/\/www.france.fi\/fr\/sciences-et-universites\/laureate-de-la-bourse-france-excellence-europa-2023-ronja-virtanen\/#primaryimage"},"image":{"@id":"https:\/\/www.france.fi\/fr\/sciences-et-universites\/laureate-de-la-bourse-france-excellence-europa-2023-ronja-virtanen\/#primaryimage"},"thumbnailUrl":"https:\/\/www.france.fi\/wp-content\/uploads\/2023\/06\/Ronja-Virtanen-site-internet-1098x617.jpg","datePublished":"2023-06-01T12:57:52+00:00","dateModified":"2023-11-21T08:42:14+00:00","description":"La bourse France Excellence Europa (FEE) du 2023 a \u00e9t\u00e9 attribu\u00e9e \u00e0 Mme Ronja Virtanen.","breadcrumb":{"@id":"https:\/\/www.france.fi\/fr\/sciences-et-universites\/laureate-de-la-bourse-france-excellence-europa-2023-ronja-virtanen\/#breadcrumb"},"inLanguage":"fr-FR","potentialAction":[{"@type":"ReadAction","target":["https:\/\/www.france.fi\/fr\/sciences-et-universites\/laureate-de-la-bourse-france-excellence-europa-2023-ronja-virtanen\/"]}]},{"@type":"ImageObject","inLanguage":"fr-FR","@id":"https:\/\/www.france.fi\/fr\/sciences-et-universites\/laureate-de-la-bourse-france-excellence-europa-2023-ronja-virtanen\/#primaryimage","url":"https:\/\/www.france.fi\/wp-content\/uploads\/2023\/06\/Ronja-Virtanen-site-internet-1098x617.jpg","contentUrl":"https:\/\/www.france.fi\/wp-content\/uploads\/2023\/06\/Ronja-Virtanen-site-internet-1098x617.jpg","width":1280,"height":720},{"@type":"BreadcrumbList","@id":"https:\/\/www.france.fi\/fr\/sciences-et-universites\/laureate-de-la-bourse-france-excellence-europa-2023-ronja-virtanen\/#breadcrumb","itemListElement":[{"@type":"ListItem","position":1,"name":"Home","item":"https:\/\/www.france.fi\/fr\/"},{"@type":"ListItem","position":2,"name":"Sciences et universit\u00e9s","item":"https:\/\/www.france.fi\/fr\/category\/sciences-et-universites\/"},{"@type":"ListItem","position":3,"name":"Laur\u00e9ate de la bourse France Excellence Europa 2023 : Ronja Virtanen"}]},{"@type":"WebSite","@id":"https:\/\/www.france.fi\/#website","url":"https:\/\/www.france.fi\/","name":"Institut fran\u00e7ais de Finlande","description":"","publisher":{"@id":"https:\/\/www.france.fi\/#organization"},"potentialAction":[{"@type":"SearchAction","target":{"@type":"EntryPoint","urlTemplate":"https:\/\/www.france.fi\/?s={search_term_string}"},"query-input":{"@type":"PropertyValueSpecification","valueRequired":true,"valueName":"search_term_string"}}],"inLanguage":"fr-FR"},{"@type":"Organization","@id":"https:\/\/www.france.fi\/#organization","name":"Institut fran\u00e7ais de Finlande","url":"https:\/\/www.france.fi\/","logo":{"@type":"ImageObject","inLanguage":"fr-FR","@id":"https:\/\/www.france.fi\/#\/schema\/logo\/image\/","url":"https:\/\/www.france.fi\/wp-content\/uploads\/2024\/02\/if-logo-1.png","contentUrl":"https:\/\/www.france.fi\/wp-content\/uploads\/2024\/02\/if-logo-1.png","width":687,"height":459,"caption":"Institut fran\u00e7ais de Finlande"},"image":{"@id":"https:\/\/www.france.fi\/#\/schema\/logo\/image\/"},"sameAs":["https:\/\/www.facebook.com\/institutfrancaisfi","https:\/\/x.com\/IFFinlande","https:\/\/www.instagram.com\/iffinlande\/","https:\/\/fr.linkedin.com\/organization-guest\/company\/institut-fran-ais-de-finlande","https:\/\/www.youtube.com\/channel\/UCHAitdpmSbeP78eL49XMotA"]},{"@type":"Person","@id":"https:\/\/www.france.fi\/#\/schema\/person\/ed873f29db1d0af6a3600d15d3b65bfd","name":"Equipe IFF","image":{"@type":"ImageObject","inLanguage":"fr-FR","@id":"https:\/\/secure.gravatar.com\/avatar\/3c4ba80228d01014b25e45e90abb28ce315a02c6572751a7fb2298e4274989fc?s=96&d=mm&r=g","url":"https:\/\/secure.gravatar.com\/avatar\/3c4ba80228d01014b25e45e90abb28ce315a02c6572751a7fb2298e4274989fc?s=96&d=mm&r=g","contentUrl":"https:\/\/secure.gravatar.com\/avatar\/3c4ba80228d01014b25e45e90abb28ce315a02c6572751a7fb2298e4274989fc?s=96&d=mm&r=g","caption":"Equipe IFF"},"url":"https:\/\/www.france.fi\/fr\/author\/iffadmin\/"}]}},"_links":{"self":[{"href":"https:\/\/www.france.fi\/fr\/wp-json\/wp\/v2\/posts\/13177","targetHints":{"allow":["GET"]}}],"collection":[{"href":"https:\/\/www.france.fi\/fr\/wp-json\/wp\/v2\/posts"}],"about":[{"href":"https:\/\/www.france.fi\/fr\/wp-json\/wp\/v2\/types\/post"}],"author":[{"embeddable":true,"href":"https:\/\/www.france.fi\/fr\/wp-json\/wp\/v2\/users\/2"}],"replies":[{"embeddable":true,"href":"https:\/\/www.france.fi\/fr\/wp-json\/wp\/v2\/comments?post=13177"}],"version-history":[{"count":0,"href":"https:\/\/www.france.fi\/fr\/wp-json\/wp\/v2\/posts\/13177\/revisions"}],"wp:featuredmedia":[{"embeddable":true,"href":"https:\/\/www.france.fi\/fr\/wp-json\/wp\/v2\/media\/13178"}],"wp:attachment":[{"href":"https:\/\/www.france.fi\/fr\/wp-json\/wp\/v2\/media?parent=13177"}],"wp:term":[{"taxonomy":"category","embeddable":true,"href":"https:\/\/www.france.fi\/fr\/wp-json\/wp\/v2\/categories?post=13177"},{"taxonomy":"post_tag","embeddable":true,"href":"https:\/\/www.france.fi\/fr\/wp-json\/wp\/v2\/tags?post=13177"}],"curies":[{"name":"wp","href":"https:\/\/api.w.org\/{rel}","templated":true}]}}