{"id":13560,"date":"2023-07-10T10:46:50","date_gmt":"2023-07-10T07:46:50","guid":{"rendered":"https:\/\/www.france.fi\/?p=13560"},"modified":"2023-08-21T09:16:59","modified_gmt":"2023-08-21T06:16:59","slug":"alice-guy-13-courts","status":"publish","type":"post","link":"https:\/\/www.france.fi\/fr\/culture\/alice-guy-13-courts\/","title":{"rendered":"Alice Guy \u2013 13 courts"},"content":{"rendered":"<p>L\u2019Institut fran\u00e7ais d\u00e9dit sa <a href=\"https:\/\/helsinkifestival.fi\/taiteidenyo\/\">Nuit des arts<\/a> \u00e0 la grande pionni\u00e8re du cin\u00e9ma : Alice Guy !<\/p>\n<p>Premi\u00e8re r\u00e9alisatrice de films de fiction de l\u2019histoire du cin\u00e9ma, c\u2019est elle qui sugg\u00e8re \u00e0 L\u00e9on Gaumont d\u2019abandonner les simples vues anim\u00e9es pour tourner de petites histoires sc\u00e9naris\u00e9es.<br \/>\nJusqu\u2019en 1907, elle r\u00e9gnera sur la production Gaumont comme r\u00e9alisatrice, directrice artistique, sc\u00e9nariste, exp\u00e9rimente trucages et effets sp\u00e9ciaux\u2026<\/p>\n<p>Entr\u00e9e libre. Vous pouvez rester le temps que vous souhaitez pour regarder les films qui vous int\u00e9ressent.<\/p>\n<p><strong>Films (1898-1907 \u2013 50\u2019 \u2013 vf sous-titre anglais) :<\/strong><\/p>\n<p>Chez le magn\u00e9tiseur<br \/>\nChirurgie fin de si\u00e8cle<br \/>\nAvenue de l\u2019op\u00e9ra<br \/>\nChapellerie et charcuterie m\u00e9caniques<br \/>\nChez le photographe<br \/>\nQuestions indiscr\u00e8tes<br \/>\nMadame a des envies<br \/>\nLes R\u00e9sultats du f\u00e9minisme<br \/>\nLe Lit \u00e0 roulette<br \/>\nLa Course \u00e0 la saucisse<br \/>\nAlice Guy tourne une phonosc\u00e8ne<br \/>\nSur la barricade<br \/>\nLe Billet de banque<\/p>\n<p><strong>Soyez les bienvenus !\u00a0<\/strong><\/p>\n","protected":false},"excerpt":{"rendered":"<p>\u00c0 l&rsquo;occasion de la Nuit des arts, l&rsquo;Institut fran\u00e7ais de Finlande  projettera 13 courts-m\u00e9trages de cette pionni\u00e8re du cin\u00e9ma.<\/p>\n","protected":false},"author":8,"featured_media":13569,"comment_status":"closed","ping_status":"closed","sticky":false,"template":"","format":"standard","meta":{"footnotes":""},"categories":[1],"tags":[205,206,207,208,209],"class_list":["post-13560","post","type-post","status-publish","format-standard","has-post-thumbnail","hentry","category-culture","tag-taiteiden-yo-fr","tag-alice-guy-fr","tag-lyhytelokuva-fr","tag-nuit-des-arts","tag-court-metrage"],"yoast_head":"<!-- This site is optimized with the Yoast SEO plugin v27.4 - https:\/\/yoast.com\/product\/yoast-seo-wordpress\/ -->\n<title>Alice Guy \u2013 13 courts - Institut fran\u00e7ais<\/title>\n<meta name=\"description\" content=\"Lors de la Nuit des arts le 17\/08\/2023, l&#039;Institut fran\u00e7ais de Finlande projettera 13 courts-m\u00e9trages de la pionni\u00e8re du cin\u00e9ma, Alice Guy.\" \/>\n<meta name=\"robots\" content=\"index, follow, max-snippet:-1, max-image-preview:large, max-video-preview:-1\" \/>\n<link rel=\"canonical\" href=\"https:\/\/www.france.fi\/fr\/culture\/alice-guy-13-courts\/\" \/>\n<meta property=\"og:locale\" content=\"fr_FR\" \/>\n<meta property=\"og:type\" content=\"article\" \/>\n<meta property=\"og:title\" content=\"Alice Guy \u2013 13 courts - Institut fran\u00e7ais\" \/>\n<meta property=\"og:description\" content=\"Lors de la Nuit des arts le 17\/08\/2023, l&#039;Institut fran\u00e7ais de Finlande projettera 13 courts-m\u00e9trages de la pionni\u00e8re du cin\u00e9ma, Alice Guy.\" \/>\n<meta property=\"og:url\" content=\"https:\/\/www.france.fi\/fr\/culture\/alice-guy-13-courts\/\" \/>\n<meta property=\"og:site_name\" content=\"Institut fran\u00e7ais\" \/>\n<meta property=\"article:publisher\" content=\"https:\/\/www.facebook.com\/institutfrancaisfi\" \/>\n<meta property=\"article:published_time\" content=\"2023-07-10T07:46:50+00:00\" \/>\n<meta property=\"article:modified_time\" content=\"2023-08-21T06:16:59+00:00\" \/>\n<meta property=\"og:image\" content=\"https:\/\/www.france.fi\/wp-content\/uploads\/2023\/07\/Alice-guy-Nuit-des-Arts-1098x617.jpg\" \/>\n\t<meta property=\"og:image:width\" content=\"1280\" \/>\n\t<meta property=\"og:image:height\" content=\"720\" \/>\n\t<meta property=\"og:image:type\" content=\"image\/jpeg\" \/>\n<meta name=\"author\" content=\"Katri Jokela\" \/>\n<meta name=\"twitter:card\" content=\"summary_large_image\" \/>\n<meta name=\"twitter:creator\" content=\"@IFFinlande\" \/>\n<meta name=\"twitter:site\" content=\"@IFFinlande\" \/>\n<meta name=\"twitter:label1\" content=\"\u00c9crit par\" \/>\n\t<meta name=\"twitter:data1\" content=\"Katri Jokela\" \/>\n\t<meta name=\"twitter:label2\" content=\"Dur\u00e9e de lecture estim\u00e9e\" \/>\n\t<meta name=\"twitter:data2\" content=\"1 minute\" \/>\n<script type=\"application\/ld+json\" class=\"yoast-schema-graph\">{\"@context\":\"https:\\\/\\\/schema.org\",\"@graph\":[{\"@type\":\"Article\",\"@id\":\"https:\\\/\\\/www.france.fi\\\/fr\\\/culture\\\/alice-guy-13-courts\\\/#article\",\"isPartOf\":{\"@id\":\"https:\\\/\\\/www.france.fi\\\/fr\\\/culture\\\/alice-guy-13-courts\\\/\"},\"author\":{\"name\":\"Katri Jokela\",\"@id\":\"https:\\\/\\\/www.france.fi\\\/#\\\/schema\\\/person\\\/db81697c695313881e27d7a0098b4cfe\"},\"headline\":\"Alice Guy \u2013 13 courts\",\"datePublished\":\"2023-07-10T07:46:50+00:00\",\"dateModified\":\"2023-08-21T06:16:59+00:00\",\"mainEntityOfPage\":{\"@id\":\"https:\\\/\\\/www.france.fi\\\/fr\\\/culture\\\/alice-guy-13-courts\\\/\"},\"wordCount\":165,\"publisher\":{\"@id\":\"https:\\\/\\\/www.france.fi\\\/#organization\"},\"image\":{\"@id\":\"https:\\\/\\\/www.france.fi\\\/fr\\\/culture\\\/alice-guy-13-courts\\\/#primaryimage\"},\"thumbnailUrl\":\"https:\\\/\\\/www.france.fi\\\/wp-content\\\/uploads\\\/2023\\\/07\\\/Alice-guy-Nuit-des-Arts-1098x617.jpg\",\"keywords\":[\"Taiteiden y\u00f6\",\"Alice Guy\",\"Lyhytelokuva\",\"Nuit des arts\",\"Court-m\u00e9trage\"],\"articleSection\":[\"Culture\"],\"inLanguage\":\"fr-FR\"},{\"@type\":\"WebPage\",\"@id\":\"https:\\\/\\\/www.france.fi\\\/fr\\\/culture\\\/alice-guy-13-courts\\\/\",\"url\":\"https:\\\/\\\/www.france.fi\\\/fr\\\/culture\\\/alice-guy-13-courts\\\/\",\"name\":\"Alice Guy \u2013 13 courts - Institut fran\u00e7ais\",\"isPartOf\":{\"@id\":\"https:\\\/\\\/www.france.fi\\\/#website\"},\"primaryImageOfPage\":{\"@id\":\"https:\\\/\\\/www.france.fi\\\/fr\\\/culture\\\/alice-guy-13-courts\\\/#primaryimage\"},\"image\":{\"@id\":\"https:\\\/\\\/www.france.fi\\\/fr\\\/culture\\\/alice-guy-13-courts\\\/#primaryimage\"},\"thumbnailUrl\":\"https:\\\/\\\/www.france.fi\\\/wp-content\\\/uploads\\\/2023\\\/07\\\/Alice-guy-Nuit-des-Arts-1098x617.jpg\",\"datePublished\":\"2023-07-10T07:46:50+00:00\",\"dateModified\":\"2023-08-21T06:16:59+00:00\",\"description\":\"Lors de la Nuit des arts le 17\\\/08\\\/2023, l'Institut fran\u00e7ais de Finlande projettera 13 courts-m\u00e9trages de la pionni\u00e8re du cin\u00e9ma, Alice Guy.\",\"breadcrumb\":{\"@id\":\"https:\\\/\\\/www.france.fi\\\/fr\\\/culture\\\/alice-guy-13-courts\\\/#breadcrumb\"},\"inLanguage\":\"fr-FR\",\"potentialAction\":[{\"@type\":\"ReadAction\",\"target\":[\"https:\\\/\\\/www.france.fi\\\/fr\\\/culture\\\/alice-guy-13-courts\\\/\"]}]},{\"@type\":\"ImageObject\",\"inLanguage\":\"fr-FR\",\"@id\":\"https:\\\/\\\/www.france.fi\\\/fr\\\/culture\\\/alice-guy-13-courts\\\/#primaryimage\",\"url\":\"https:\\\/\\\/www.france.fi\\\/wp-content\\\/uploads\\\/2023\\\/07\\\/Alice-guy-Nuit-des-Arts-1098x617.jpg\",\"contentUrl\":\"https:\\\/\\\/www.france.fi\\\/wp-content\\\/uploads\\\/2023\\\/07\\\/Alice-guy-Nuit-des-Arts-1098x617.jpg\",\"width\":1280,\"height\":720},{\"@type\":\"BreadcrumbList\",\"@id\":\"https:\\\/\\\/www.france.fi\\\/fr\\\/culture\\\/alice-guy-13-courts\\\/#breadcrumb\",\"itemListElement\":[{\"@type\":\"ListItem\",\"position\":1,\"name\":\"Home\",\"item\":\"https:\\\/\\\/www.france.fi\\\/fr\\\/\"},{\"@type\":\"ListItem\",\"position\":2,\"name\":\"Kulttuuri\",\"item\":\"https:\\\/\\\/www.france.fi\\\/category\\\/kulttuuri\\\/\"},{\"@type\":\"ListItem\",\"position\":3,\"name\":\"Alice Guy \u2013 13 courts\"}]},{\"@type\":\"WebSite\",\"@id\":\"https:\\\/\\\/www.france.fi\\\/#website\",\"url\":\"https:\\\/\\\/www.france.fi\\\/\",\"name\":\"Institut fran\u00e7ais de Finlande\",\"description\":\"\",\"publisher\":{\"@id\":\"https:\\\/\\\/www.france.fi\\\/#organization\"},\"potentialAction\":[{\"@type\":\"SearchAction\",\"target\":{\"@type\":\"EntryPoint\",\"urlTemplate\":\"https:\\\/\\\/www.france.fi\\\/?s={search_term_string}\"},\"query-input\":{\"@type\":\"PropertyValueSpecification\",\"valueRequired\":true,\"valueName\":\"search_term_string\"}}],\"inLanguage\":\"fr-FR\"},{\"@type\":\"Organization\",\"@id\":\"https:\\\/\\\/www.france.fi\\\/#organization\",\"name\":\"Institut fran\u00e7ais de Finlande\",\"url\":\"https:\\\/\\\/www.france.fi\\\/\",\"logo\":{\"@type\":\"ImageObject\",\"inLanguage\":\"fr-FR\",\"@id\":\"https:\\\/\\\/www.france.fi\\\/#\\\/schema\\\/logo\\\/image\\\/\",\"url\":\"https:\\\/\\\/www.france.fi\\\/wp-content\\\/uploads\\\/2024\\\/02\\\/if-logo-1.png\",\"contentUrl\":\"https:\\\/\\\/www.france.fi\\\/wp-content\\\/uploads\\\/2024\\\/02\\\/if-logo-1.png\",\"width\":687,\"height\":459,\"caption\":\"Institut fran\u00e7ais de Finlande\"},\"image\":{\"@id\":\"https:\\\/\\\/www.france.fi\\\/#\\\/schema\\\/logo\\\/image\\\/\"},\"sameAs\":[\"https:\\\/\\\/www.facebook.com\\\/institutfrancaisfi\",\"https:\\\/\\\/x.com\\\/IFFinlande\",\"https:\\\/\\\/www.instagram.com\\\/iffinlande\\\/\",\"https:\\\/\\\/fr.linkedin.com\\\/organization-guest\\\/company\\\/institut-fran-ais-de-finlande\",\"https:\\\/\\\/www.youtube.com\\\/channel\\\/UCHAitdpmSbeP78eL49XMotA\"]},{\"@type\":\"Person\",\"@id\":\"https:\\\/\\\/www.france.fi\\\/#\\\/schema\\\/person\\\/db81697c695313881e27d7a0098b4cfe\",\"name\":\"Katri Jokela\",\"image\":{\"@type\":\"ImageObject\",\"inLanguage\":\"fr-FR\",\"@id\":\"https:\\\/\\\/secure.gravatar.com\\\/avatar\\\/396aab495906d349883b262e8f147388dc2e3243e726e288a7b8da2294580805?s=96&d=mm&r=g\",\"url\":\"https:\\\/\\\/secure.gravatar.com\\\/avatar\\\/396aab495906d349883b262e8f147388dc2e3243e726e288a7b8da2294580805?s=96&d=mm&r=g\",\"contentUrl\":\"https:\\\/\\\/secure.gravatar.com\\\/avatar\\\/396aab495906d349883b262e8f147388dc2e3243e726e288a7b8da2294580805?s=96&d=mm&r=g\",\"caption\":\"Katri Jokela\"},\"url\":\"https:\\\/\\\/www.france.fi\\\/fr\\\/author\\\/katri-jokelafrance-fi\\\/\"}]}<\/script>\n<!-- \/ Yoast SEO plugin. -->","yoast_head_json":{"title":"Alice Guy \u2013 13 courts - Institut fran\u00e7ais","description":"Lors de la Nuit des arts le 17\/08\/2023, l'Institut fran\u00e7ais de Finlande projettera 13 courts-m\u00e9trages de la pionni\u00e8re du cin\u00e9ma, Alice Guy.","robots":{"index":"index","follow":"follow","max-snippet":"max-snippet:-1","max-image-preview":"max-image-preview:large","max-video-preview":"max-video-preview:-1"},"canonical":"https:\/\/www.france.fi\/fr\/culture\/alice-guy-13-courts\/","og_locale":"fr_FR","og_type":"article","og_title":"Alice Guy \u2013 13 courts - Institut fran\u00e7ais","og_description":"Lors de la Nuit des arts le 17\/08\/2023, l'Institut fran\u00e7ais de Finlande projettera 13 courts-m\u00e9trages de la pionni\u00e8re du cin\u00e9ma, Alice Guy.","og_url":"https:\/\/www.france.fi\/fr\/culture\/alice-guy-13-courts\/","og_site_name":"Institut fran\u00e7ais","article_publisher":"https:\/\/www.facebook.com\/institutfrancaisfi","article_published_time":"2023-07-10T07:46:50+00:00","article_modified_time":"2023-08-21T06:16:59+00:00","og_image":[{"width":1280,"height":720,"url":"https:\/\/www.france.fi\/wp-content\/uploads\/2023\/07\/Alice-guy-Nuit-des-Arts-1098x617.jpg","type":"image\/jpeg"}],"author":"Katri Jokela","twitter_card":"summary_large_image","twitter_creator":"@IFFinlande","twitter_site":"@IFFinlande","twitter_misc":{"\u00c9crit par":"Katri Jokela","Dur\u00e9e de lecture estim\u00e9e":"1 minute"},"schema":{"@context":"https:\/\/schema.org","@graph":[{"@type":"Article","@id":"https:\/\/www.france.fi\/fr\/culture\/alice-guy-13-courts\/#article","isPartOf":{"@id":"https:\/\/www.france.fi\/fr\/culture\/alice-guy-13-courts\/"},"author":{"name":"Katri Jokela","@id":"https:\/\/www.france.fi\/#\/schema\/person\/db81697c695313881e27d7a0098b4cfe"},"headline":"Alice Guy \u2013 13 courts","datePublished":"2023-07-10T07:46:50+00:00","dateModified":"2023-08-21T06:16:59+00:00","mainEntityOfPage":{"@id":"https:\/\/www.france.fi\/fr\/culture\/alice-guy-13-courts\/"},"wordCount":165,"publisher":{"@id":"https:\/\/www.france.fi\/#organization"},"image":{"@id":"https:\/\/www.france.fi\/fr\/culture\/alice-guy-13-courts\/#primaryimage"},"thumbnailUrl":"https:\/\/www.france.fi\/wp-content\/uploads\/2023\/07\/Alice-guy-Nuit-des-Arts-1098x617.jpg","keywords":["Taiteiden y\u00f6","Alice Guy","Lyhytelokuva","Nuit des arts","Court-m\u00e9trage"],"articleSection":["Culture"],"inLanguage":"fr-FR"},{"@type":"WebPage","@id":"https:\/\/www.france.fi\/fr\/culture\/alice-guy-13-courts\/","url":"https:\/\/www.france.fi\/fr\/culture\/alice-guy-13-courts\/","name":"Alice Guy \u2013 13 courts - Institut fran\u00e7ais","isPartOf":{"@id":"https:\/\/www.france.fi\/#website"},"primaryImageOfPage":{"@id":"https:\/\/www.france.fi\/fr\/culture\/alice-guy-13-courts\/#primaryimage"},"image":{"@id":"https:\/\/www.france.fi\/fr\/culture\/alice-guy-13-courts\/#primaryimage"},"thumbnailUrl":"https:\/\/www.france.fi\/wp-content\/uploads\/2023\/07\/Alice-guy-Nuit-des-Arts-1098x617.jpg","datePublished":"2023-07-10T07:46:50+00:00","dateModified":"2023-08-21T06:16:59+00:00","description":"Lors de la Nuit des arts le 17\/08\/2023, l'Institut fran\u00e7ais de Finlande projettera 13 courts-m\u00e9trages de la pionni\u00e8re du cin\u00e9ma, Alice Guy.","breadcrumb":{"@id":"https:\/\/www.france.fi\/fr\/culture\/alice-guy-13-courts\/#breadcrumb"},"inLanguage":"fr-FR","potentialAction":[{"@type":"ReadAction","target":["https:\/\/www.france.fi\/fr\/culture\/alice-guy-13-courts\/"]}]},{"@type":"ImageObject","inLanguage":"fr-FR","@id":"https:\/\/www.france.fi\/fr\/culture\/alice-guy-13-courts\/#primaryimage","url":"https:\/\/www.france.fi\/wp-content\/uploads\/2023\/07\/Alice-guy-Nuit-des-Arts-1098x617.jpg","contentUrl":"https:\/\/www.france.fi\/wp-content\/uploads\/2023\/07\/Alice-guy-Nuit-des-Arts-1098x617.jpg","width":1280,"height":720},{"@type":"BreadcrumbList","@id":"https:\/\/www.france.fi\/fr\/culture\/alice-guy-13-courts\/#breadcrumb","itemListElement":[{"@type":"ListItem","position":1,"name":"Home","item":"https:\/\/www.france.fi\/fr\/"},{"@type":"ListItem","position":2,"name":"Kulttuuri","item":"https:\/\/www.france.fi\/category\/kulttuuri\/"},{"@type":"ListItem","position":3,"name":"Alice Guy \u2013 13 courts"}]},{"@type":"WebSite","@id":"https:\/\/www.france.fi\/#website","url":"https:\/\/www.france.fi\/","name":"Institut fran\u00e7ais de Finlande","description":"","publisher":{"@id":"https:\/\/www.france.fi\/#organization"},"potentialAction":[{"@type":"SearchAction","target":{"@type":"EntryPoint","urlTemplate":"https:\/\/www.france.fi\/?s={search_term_string}"},"query-input":{"@type":"PropertyValueSpecification","valueRequired":true,"valueName":"search_term_string"}}],"inLanguage":"fr-FR"},{"@type":"Organization","@id":"https:\/\/www.france.fi\/#organization","name":"Institut fran\u00e7ais de Finlande","url":"https:\/\/www.france.fi\/","logo":{"@type":"ImageObject","inLanguage":"fr-FR","@id":"https:\/\/www.france.fi\/#\/schema\/logo\/image\/","url":"https:\/\/www.france.fi\/wp-content\/uploads\/2024\/02\/if-logo-1.png","contentUrl":"https:\/\/www.france.fi\/wp-content\/uploads\/2024\/02\/if-logo-1.png","width":687,"height":459,"caption":"Institut fran\u00e7ais de Finlande"},"image":{"@id":"https:\/\/www.france.fi\/#\/schema\/logo\/image\/"},"sameAs":["https:\/\/www.facebook.com\/institutfrancaisfi","https:\/\/x.com\/IFFinlande","https:\/\/www.instagram.com\/iffinlande\/","https:\/\/fr.linkedin.com\/organization-guest\/company\/institut-fran-ais-de-finlande","https:\/\/www.youtube.com\/channel\/UCHAitdpmSbeP78eL49XMotA"]},{"@type":"Person","@id":"https:\/\/www.france.fi\/#\/schema\/person\/db81697c695313881e27d7a0098b4cfe","name":"Katri Jokela","image":{"@type":"ImageObject","inLanguage":"fr-FR","@id":"https:\/\/secure.gravatar.com\/avatar\/396aab495906d349883b262e8f147388dc2e3243e726e288a7b8da2294580805?s=96&d=mm&r=g","url":"https:\/\/secure.gravatar.com\/avatar\/396aab495906d349883b262e8f147388dc2e3243e726e288a7b8da2294580805?s=96&d=mm&r=g","contentUrl":"https:\/\/secure.gravatar.com\/avatar\/396aab495906d349883b262e8f147388dc2e3243e726e288a7b8da2294580805?s=96&d=mm&r=g","caption":"Katri Jokela"},"url":"https:\/\/www.france.fi\/fr\/author\/katri-jokelafrance-fi\/"}]}},"_links":{"self":[{"href":"https:\/\/www.france.fi\/fr\/wp-json\/wp\/v2\/posts\/13560","targetHints":{"allow":["GET"]}}],"collection":[{"href":"https:\/\/www.france.fi\/fr\/wp-json\/wp\/v2\/posts"}],"about":[{"href":"https:\/\/www.france.fi\/fr\/wp-json\/wp\/v2\/types\/post"}],"author":[{"embeddable":true,"href":"https:\/\/www.france.fi\/fr\/wp-json\/wp\/v2\/users\/8"}],"replies":[{"embeddable":true,"href":"https:\/\/www.france.fi\/fr\/wp-json\/wp\/v2\/comments?post=13560"}],"version-history":[{"count":0,"href":"https:\/\/www.france.fi\/fr\/wp-json\/wp\/v2\/posts\/13560\/revisions"}],"wp:featuredmedia":[{"embeddable":true,"href":"https:\/\/www.france.fi\/fr\/wp-json\/wp\/v2\/media\/13569"}],"wp:attachment":[{"href":"https:\/\/www.france.fi\/fr\/wp-json\/wp\/v2\/media?parent=13560"}],"wp:term":[{"taxonomy":"category","embeddable":true,"href":"https:\/\/www.france.fi\/fr\/wp-json\/wp\/v2\/categories?post=13560"},{"taxonomy":"post_tag","embeddable":true,"href":"https:\/\/www.france.fi\/fr\/wp-json\/wp\/v2\/tags?post=13560"}],"curies":[{"name":"wp","href":"https:\/\/api.w.org\/{rel}","templated":true}]}}