{"id":13646,"date":"2023-07-19T11:00:31","date_gmt":"2023-07-19T08:00:31","guid":{"rendered":"https:\/\/www.france.fi\/culture\/lunik\/"},"modified":"2023-07-24T15:14:50","modified_gmt":"2023-07-24T12:14:50","slug":"lunik","status":"publish","type":"post","link":"https:\/\/www.france.fi\/fr\/culture\/lunik\/","title":{"rendered":"Lunik"},"content":{"rendered":"<p>La vie prend parfois des d\u00e9tours \u00e9tonnants ! Lorsqu\u2019il s\u2019inscrit en 1999 en BTS Commerce International dans sa r\u00e9gion de Picardie qu\u2019il affectionne particuli\u00e8rement, <strong>Alexandre Chireux<\/strong> ne se doutait pas un seul instant qu\u2019il serait 24 ans plus tard install\u00e9 en Finlande \u00e0 travailler le bois avec talent et passion !<\/p>\n<p>La Finlande, il la d\u00e9couvre en 2000 \u00e0 l\u2019occasion d\u2019un stage de fin d\u2019\u00e9tude de deux mois qu\u2019il doit effectuer \u00e0 l\u2019\u00e9tranger. Son aventure finlandaise aurait pu s\u2019arr\u00eater l\u00e0 si Cupidon n\u2019en avait d\u00e9cid\u00e9 autrement ! Quelques jours avant la fin de son stage, il rencontre Elina, une Finlandaise qui deviendra sa femme et avec laquelle il vit \u00e0 Helsinki depuis maintenant 22 ans. Il \u00e9tudie alors les langues romanes et s\u2019occupera, pour le plus grand bonheur des enfants, d\u2019abord des \u00e9l\u00e8ves de l\u2019Ecole fran\u00e7aise Jules Verne, puis pendant 10 ans des petits du Lyc\u00e9e franco-finlandais de Helsinki.<\/p>\n<p>En parall\u00e8le, il s\u2019adonne \u00e0 sa passion du snowboard et un soir, il se lance un d\u00e9fi avec un ami : construire sa propre planche de snowboard en bois ! C\u2019est le d\u00e9clic ! Il suivra en cours du soir une formation d\u2019artisan du bois et c\u2019est en 2019 qui d\u00e9cidera de lancer sa propre entreprise ! Reste \u00e0 lui trouver un nom ! Passionn\u00e9 d\u2019histoire, il se souvient que l\u2019un des premiers engins envoy\u00e9s par les Russes en orbite s\u2019appelait <strong><a href=\"https:\/\/www.lunikski.com\/\" target=\"_blank\" rel=\"noopener\">Lunik<\/a><\/strong>. Et l\u2019immeuble dans lequel il s\u00e9journait avec ses parents dans la station de ski de Le Corbier, en Maurienne, s\u2019appelait aussi <strong><a href=\"https:\/\/www.lunikski.com\/\" target=\"_blank\" rel=\"noopener\">Lunik<\/a><\/strong>. C\u2019est d\u00e9cid\u00e9 : sa soci\u00e9t\u00e9 s\u2019appellera <strong><a href=\"https:\/\/www.lunikski.com\/\" target=\"_blank\" rel=\"noopener\">Lunik<\/a><\/strong> !<\/p>\n<p>Petit artisan par la taille de son entreprise mais grand artisan par le talent, <strong>Alexandre Chireux<\/strong> s\u2019est d\u2019abord lanc\u00e9 dans la fabrication de skis, de planches de surf en bois et de skates longboards, tous faits main ! Puis il a \u00e9tendu son activit\u00e9 \u00e0 la fabrication de meubles, la plupart \u00e9labor\u00e9s sur mesure \u00e0 partir de bois de bouleau, de ch\u00eane ou de fr\u00eane, et \u00e0 la restauration de meubles. S\u2019il travaille seul, il esp\u00e8re pouvoir d\u00e9velopper son entreprise en trouvant des distributeurs pr\u00eats \u00e0 lui faire confiance. Et il souhaiterait \u00e9galement augmenter sa client\u00e8le en proposant ses services \u00e0 ceux qui souhaitent donner une deuxi\u00e8me jeunesse \u00e0 des meubles de qualit\u00e9. N&rsquo;h\u00e9sitez donc pas \u00e0 le contacter :<strong>\u00a0<a href=\"https:\/\/www.lunikski.com\/?utm_source=newsletter&amp;utm_medium=email&amp;utm_campaign=actualites_de_linstitut_francais_de_finlande_mai_2023&amp;utm_term=2023-05-02\">www.lunikski.com<\/a><\/strong>\u00a0et\u00a0<strong><a href=\"mailto:alex@lunikski.com\">alex@lunikski.com<\/a><\/strong><\/p>\n<p>\u00ab <strong><a href=\"https:\/\/www.lunikski.com\/\" target=\"_blank\" rel=\"noopener\">Lunik<\/a><\/strong> \u00bb est une soci\u00e9t\u00e9 partenaire de l\u2019Institut fran\u00e7ais de Finlande. Elle nous fait confiance, faites-lui confiance !<\/p>\n","protected":false},"excerpt":{"rendered":"<p>L\u2019artisanat du bois \u00e0 l\u2019ancienne !<\/p>\n","protected":false},"author":2,"featured_media":13764,"comment_status":"closed","ping_status":"closed","sticky":false,"template":"","format":"standard","meta":{"footnotes":""},"categories":[1],"tags":[],"class_list":["post-13646","post","type-post","status-publish","format-standard","has-post-thumbnail","hentry","category-culture"],"yoast_head":"<!-- This site is optimized with the Yoast SEO plugin v27.4 - https:\/\/yoast.com\/product\/yoast-seo-wordpress\/ -->\n<title>Lunik - Institut fran\u00e7ais<\/title>\n<meta name=\"robots\" content=\"index, follow, max-snippet:-1, max-image-preview:large, max-video-preview:-1\" \/>\n<link rel=\"canonical\" href=\"https:\/\/www.france.fi\/fr\/culture\/lunik\/\" \/>\n<meta property=\"og:locale\" content=\"fr_FR\" \/>\n<meta property=\"og:type\" content=\"article\" \/>\n<meta property=\"og:title\" content=\"Lunik - Institut fran\u00e7ais\" \/>\n<meta property=\"og:description\" content=\"L\u2019artisanat du bois \u00e0 l\u2019ancienne !\" \/>\n<meta property=\"og:url\" content=\"https:\/\/www.france.fi\/fr\/culture\/lunik\/\" \/>\n<meta property=\"og:site_name\" content=\"Institut fran\u00e7ais\" \/>\n<meta property=\"article:publisher\" content=\"https:\/\/www.facebook.com\/institutfrancaisfi\" \/>\n<meta property=\"article:published_time\" content=\"2023-07-19T08:00:31+00:00\" \/>\n<meta property=\"article:modified_time\" content=\"2023-07-24T12:14:50+00:00\" \/>\n<meta property=\"og:image\" content=\"https:\/\/www.france.fi\/wp-content\/uploads\/2023\/07\/Lunik-1-1098x617.jpg\" \/>\n\t<meta property=\"og:image:width\" content=\"1280\" \/>\n\t<meta property=\"og:image:height\" content=\"720\" \/>\n\t<meta property=\"og:image:type\" content=\"image\/jpeg\" \/>\n<meta name=\"author\" content=\"Equipe IFF\" \/>\n<meta name=\"twitter:card\" content=\"summary_large_image\" \/>\n<meta name=\"twitter:creator\" content=\"@IFFinlande\" \/>\n<meta name=\"twitter:site\" content=\"@IFFinlande\" \/>\n<meta name=\"twitter:label1\" content=\"\u00c9crit par\" \/>\n\t<meta name=\"twitter:data1\" content=\"Equipe IFF\" \/>\n\t<meta name=\"twitter:label2\" content=\"Dur\u00e9e de lecture estim\u00e9e\" \/>\n\t<meta name=\"twitter:data2\" content=\"2 minutes\" \/>\n<script type=\"application\/ld+json\" class=\"yoast-schema-graph\">{\"@context\":\"https:\\\/\\\/schema.org\",\"@graph\":[{\"@type\":\"Article\",\"@id\":\"https:\\\/\\\/www.france.fi\\\/fr\\\/culture\\\/lunik\\\/#article\",\"isPartOf\":{\"@id\":\"https:\\\/\\\/www.france.fi\\\/fr\\\/culture\\\/lunik\\\/\"},\"author\":{\"name\":\"Equipe IFF\",\"@id\":\"https:\\\/\\\/www.france.fi\\\/#\\\/schema\\\/person\\\/ed873f29db1d0af6a3600d15d3b65bfd\"},\"headline\":\"Lunik\",\"datePublished\":\"2023-07-19T08:00:31+00:00\",\"dateModified\":\"2023-07-24T12:14:50+00:00\",\"mainEntityOfPage\":{\"@id\":\"https:\\\/\\\/www.france.fi\\\/fr\\\/culture\\\/lunik\\\/\"},\"wordCount\":432,\"publisher\":{\"@id\":\"https:\\\/\\\/www.france.fi\\\/#organization\"},\"image\":{\"@id\":\"https:\\\/\\\/www.france.fi\\\/fr\\\/culture\\\/lunik\\\/#primaryimage\"},\"thumbnailUrl\":\"https:\\\/\\\/www.france.fi\\\/wp-content\\\/uploads\\\/2023\\\/07\\\/Lunik-1-1098x617.jpg\",\"articleSection\":[\"Culture\"],\"inLanguage\":\"fr-FR\"},{\"@type\":\"WebPage\",\"@id\":\"https:\\\/\\\/www.france.fi\\\/fr\\\/culture\\\/lunik\\\/\",\"url\":\"https:\\\/\\\/www.france.fi\\\/fr\\\/culture\\\/lunik\\\/\",\"name\":\"Lunik - Institut fran\u00e7ais\",\"isPartOf\":{\"@id\":\"https:\\\/\\\/www.france.fi\\\/#website\"},\"primaryImageOfPage\":{\"@id\":\"https:\\\/\\\/www.france.fi\\\/fr\\\/culture\\\/lunik\\\/#primaryimage\"},\"image\":{\"@id\":\"https:\\\/\\\/www.france.fi\\\/fr\\\/culture\\\/lunik\\\/#primaryimage\"},\"thumbnailUrl\":\"https:\\\/\\\/www.france.fi\\\/wp-content\\\/uploads\\\/2023\\\/07\\\/Lunik-1-1098x617.jpg\",\"datePublished\":\"2023-07-19T08:00:31+00:00\",\"dateModified\":\"2023-07-24T12:14:50+00:00\",\"breadcrumb\":{\"@id\":\"https:\\\/\\\/www.france.fi\\\/fr\\\/culture\\\/lunik\\\/#breadcrumb\"},\"inLanguage\":\"fr-FR\",\"potentialAction\":[{\"@type\":\"ReadAction\",\"target\":[\"https:\\\/\\\/www.france.fi\\\/fr\\\/culture\\\/lunik\\\/\"]}]},{\"@type\":\"ImageObject\",\"inLanguage\":\"fr-FR\",\"@id\":\"https:\\\/\\\/www.france.fi\\\/fr\\\/culture\\\/lunik\\\/#primaryimage\",\"url\":\"https:\\\/\\\/www.france.fi\\\/wp-content\\\/uploads\\\/2023\\\/07\\\/Lunik-1-1098x617.jpg\",\"contentUrl\":\"https:\\\/\\\/www.france.fi\\\/wp-content\\\/uploads\\\/2023\\\/07\\\/Lunik-1-1098x617.jpg\",\"width\":1280,\"height\":720,\"caption\":\"Photo de gauche : Mika N\u00e4rhi; Photos de droite : Johanna Vanamo\"},{\"@type\":\"BreadcrumbList\",\"@id\":\"https:\\\/\\\/www.france.fi\\\/fr\\\/culture\\\/lunik\\\/#breadcrumb\",\"itemListElement\":[{\"@type\":\"ListItem\",\"position\":1,\"name\":\"Home\",\"item\":\"https:\\\/\\\/www.france.fi\\\/fr\\\/\"},{\"@type\":\"ListItem\",\"position\":2,\"name\":\"Culture\",\"item\":\"https:\\\/\\\/www.france.fi\\\/fr\\\/category\\\/culture\\\/\"},{\"@type\":\"ListItem\",\"position\":3,\"name\":\"Lunik\"}]},{\"@type\":\"WebSite\",\"@id\":\"https:\\\/\\\/www.france.fi\\\/#website\",\"url\":\"https:\\\/\\\/www.france.fi\\\/\",\"name\":\"Institut fran\u00e7ais de Finlande\",\"description\":\"\",\"publisher\":{\"@id\":\"https:\\\/\\\/www.france.fi\\\/#organization\"},\"potentialAction\":[{\"@type\":\"SearchAction\",\"target\":{\"@type\":\"EntryPoint\",\"urlTemplate\":\"https:\\\/\\\/www.france.fi\\\/?s={search_term_string}\"},\"query-input\":{\"@type\":\"PropertyValueSpecification\",\"valueRequired\":true,\"valueName\":\"search_term_string\"}}],\"inLanguage\":\"fr-FR\"},{\"@type\":\"Organization\",\"@id\":\"https:\\\/\\\/www.france.fi\\\/#organization\",\"name\":\"Institut fran\u00e7ais de Finlande\",\"url\":\"https:\\\/\\\/www.france.fi\\\/\",\"logo\":{\"@type\":\"ImageObject\",\"inLanguage\":\"fr-FR\",\"@id\":\"https:\\\/\\\/www.france.fi\\\/#\\\/schema\\\/logo\\\/image\\\/\",\"url\":\"https:\\\/\\\/www.france.fi\\\/wp-content\\\/uploads\\\/2024\\\/02\\\/if-logo-1.png\",\"contentUrl\":\"https:\\\/\\\/www.france.fi\\\/wp-content\\\/uploads\\\/2024\\\/02\\\/if-logo-1.png\",\"width\":687,\"height\":459,\"caption\":\"Institut fran\u00e7ais de Finlande\"},\"image\":{\"@id\":\"https:\\\/\\\/www.france.fi\\\/#\\\/schema\\\/logo\\\/image\\\/\"},\"sameAs\":[\"https:\\\/\\\/www.facebook.com\\\/institutfrancaisfi\",\"https:\\\/\\\/x.com\\\/IFFinlande\",\"https:\\\/\\\/www.instagram.com\\\/iffinlande\\\/\",\"https:\\\/\\\/fr.linkedin.com\\\/organization-guest\\\/company\\\/institut-fran-ais-de-finlande\",\"https:\\\/\\\/www.youtube.com\\\/channel\\\/UCHAitdpmSbeP78eL49XMotA\"]},{\"@type\":\"Person\",\"@id\":\"https:\\\/\\\/www.france.fi\\\/#\\\/schema\\\/person\\\/ed873f29db1d0af6a3600d15d3b65bfd\",\"name\":\"Equipe IFF\",\"image\":{\"@type\":\"ImageObject\",\"inLanguage\":\"fr-FR\",\"@id\":\"https:\\\/\\\/secure.gravatar.com\\\/avatar\\\/3c4ba80228d01014b25e45e90abb28ce315a02c6572751a7fb2298e4274989fc?s=96&d=mm&r=g\",\"url\":\"https:\\\/\\\/secure.gravatar.com\\\/avatar\\\/3c4ba80228d01014b25e45e90abb28ce315a02c6572751a7fb2298e4274989fc?s=96&d=mm&r=g\",\"contentUrl\":\"https:\\\/\\\/secure.gravatar.com\\\/avatar\\\/3c4ba80228d01014b25e45e90abb28ce315a02c6572751a7fb2298e4274989fc?s=96&d=mm&r=g\",\"caption\":\"Equipe IFF\"},\"url\":\"https:\\\/\\\/www.france.fi\\\/fr\\\/author\\\/iffadmin\\\/\"}]}<\/script>\n<!-- \/ Yoast SEO plugin. -->","yoast_head_json":{"title":"Lunik - Institut fran\u00e7ais","robots":{"index":"index","follow":"follow","max-snippet":"max-snippet:-1","max-image-preview":"max-image-preview:large","max-video-preview":"max-video-preview:-1"},"canonical":"https:\/\/www.france.fi\/fr\/culture\/lunik\/","og_locale":"fr_FR","og_type":"article","og_title":"Lunik - Institut fran\u00e7ais","og_description":"L\u2019artisanat du bois \u00e0 l\u2019ancienne !","og_url":"https:\/\/www.france.fi\/fr\/culture\/lunik\/","og_site_name":"Institut fran\u00e7ais","article_publisher":"https:\/\/www.facebook.com\/institutfrancaisfi","article_published_time":"2023-07-19T08:00:31+00:00","article_modified_time":"2023-07-24T12:14:50+00:00","og_image":[{"width":1280,"height":720,"url":"https:\/\/www.france.fi\/wp-content\/uploads\/2023\/07\/Lunik-1-1098x617.jpg","type":"image\/jpeg"}],"author":"Equipe IFF","twitter_card":"summary_large_image","twitter_creator":"@IFFinlande","twitter_site":"@IFFinlande","twitter_misc":{"\u00c9crit par":"Equipe IFF","Dur\u00e9e de lecture estim\u00e9e":"2 minutes"},"schema":{"@context":"https:\/\/schema.org","@graph":[{"@type":"Article","@id":"https:\/\/www.france.fi\/fr\/culture\/lunik\/#article","isPartOf":{"@id":"https:\/\/www.france.fi\/fr\/culture\/lunik\/"},"author":{"name":"Equipe IFF","@id":"https:\/\/www.france.fi\/#\/schema\/person\/ed873f29db1d0af6a3600d15d3b65bfd"},"headline":"Lunik","datePublished":"2023-07-19T08:00:31+00:00","dateModified":"2023-07-24T12:14:50+00:00","mainEntityOfPage":{"@id":"https:\/\/www.france.fi\/fr\/culture\/lunik\/"},"wordCount":432,"publisher":{"@id":"https:\/\/www.france.fi\/#organization"},"image":{"@id":"https:\/\/www.france.fi\/fr\/culture\/lunik\/#primaryimage"},"thumbnailUrl":"https:\/\/www.france.fi\/wp-content\/uploads\/2023\/07\/Lunik-1-1098x617.jpg","articleSection":["Culture"],"inLanguage":"fr-FR"},{"@type":"WebPage","@id":"https:\/\/www.france.fi\/fr\/culture\/lunik\/","url":"https:\/\/www.france.fi\/fr\/culture\/lunik\/","name":"Lunik - Institut fran\u00e7ais","isPartOf":{"@id":"https:\/\/www.france.fi\/#website"},"primaryImageOfPage":{"@id":"https:\/\/www.france.fi\/fr\/culture\/lunik\/#primaryimage"},"image":{"@id":"https:\/\/www.france.fi\/fr\/culture\/lunik\/#primaryimage"},"thumbnailUrl":"https:\/\/www.france.fi\/wp-content\/uploads\/2023\/07\/Lunik-1-1098x617.jpg","datePublished":"2023-07-19T08:00:31+00:00","dateModified":"2023-07-24T12:14:50+00:00","breadcrumb":{"@id":"https:\/\/www.france.fi\/fr\/culture\/lunik\/#breadcrumb"},"inLanguage":"fr-FR","potentialAction":[{"@type":"ReadAction","target":["https:\/\/www.france.fi\/fr\/culture\/lunik\/"]}]},{"@type":"ImageObject","inLanguage":"fr-FR","@id":"https:\/\/www.france.fi\/fr\/culture\/lunik\/#primaryimage","url":"https:\/\/www.france.fi\/wp-content\/uploads\/2023\/07\/Lunik-1-1098x617.jpg","contentUrl":"https:\/\/www.france.fi\/wp-content\/uploads\/2023\/07\/Lunik-1-1098x617.jpg","width":1280,"height":720,"caption":"Photo de gauche : Mika N\u00e4rhi; Photos de droite : Johanna Vanamo"},{"@type":"BreadcrumbList","@id":"https:\/\/www.france.fi\/fr\/culture\/lunik\/#breadcrumb","itemListElement":[{"@type":"ListItem","position":1,"name":"Home","item":"https:\/\/www.france.fi\/fr\/"},{"@type":"ListItem","position":2,"name":"Culture","item":"https:\/\/www.france.fi\/fr\/category\/culture\/"},{"@type":"ListItem","position":3,"name":"Lunik"}]},{"@type":"WebSite","@id":"https:\/\/www.france.fi\/#website","url":"https:\/\/www.france.fi\/","name":"Institut fran\u00e7ais de Finlande","description":"","publisher":{"@id":"https:\/\/www.france.fi\/#organization"},"potentialAction":[{"@type":"SearchAction","target":{"@type":"EntryPoint","urlTemplate":"https:\/\/www.france.fi\/?s={search_term_string}"},"query-input":{"@type":"PropertyValueSpecification","valueRequired":true,"valueName":"search_term_string"}}],"inLanguage":"fr-FR"},{"@type":"Organization","@id":"https:\/\/www.france.fi\/#organization","name":"Institut fran\u00e7ais de Finlande","url":"https:\/\/www.france.fi\/","logo":{"@type":"ImageObject","inLanguage":"fr-FR","@id":"https:\/\/www.france.fi\/#\/schema\/logo\/image\/","url":"https:\/\/www.france.fi\/wp-content\/uploads\/2024\/02\/if-logo-1.png","contentUrl":"https:\/\/www.france.fi\/wp-content\/uploads\/2024\/02\/if-logo-1.png","width":687,"height":459,"caption":"Institut fran\u00e7ais de Finlande"},"image":{"@id":"https:\/\/www.france.fi\/#\/schema\/logo\/image\/"},"sameAs":["https:\/\/www.facebook.com\/institutfrancaisfi","https:\/\/x.com\/IFFinlande","https:\/\/www.instagram.com\/iffinlande\/","https:\/\/fr.linkedin.com\/organization-guest\/company\/institut-fran-ais-de-finlande","https:\/\/www.youtube.com\/channel\/UCHAitdpmSbeP78eL49XMotA"]},{"@type":"Person","@id":"https:\/\/www.france.fi\/#\/schema\/person\/ed873f29db1d0af6a3600d15d3b65bfd","name":"Equipe IFF","image":{"@type":"ImageObject","inLanguage":"fr-FR","@id":"https:\/\/secure.gravatar.com\/avatar\/3c4ba80228d01014b25e45e90abb28ce315a02c6572751a7fb2298e4274989fc?s=96&d=mm&r=g","url":"https:\/\/secure.gravatar.com\/avatar\/3c4ba80228d01014b25e45e90abb28ce315a02c6572751a7fb2298e4274989fc?s=96&d=mm&r=g","contentUrl":"https:\/\/secure.gravatar.com\/avatar\/3c4ba80228d01014b25e45e90abb28ce315a02c6572751a7fb2298e4274989fc?s=96&d=mm&r=g","caption":"Equipe IFF"},"url":"https:\/\/www.france.fi\/fr\/author\/iffadmin\/"}]}},"_links":{"self":[{"href":"https:\/\/www.france.fi\/fr\/wp-json\/wp\/v2\/posts\/13646","targetHints":{"allow":["GET"]}}],"collection":[{"href":"https:\/\/www.france.fi\/fr\/wp-json\/wp\/v2\/posts"}],"about":[{"href":"https:\/\/www.france.fi\/fr\/wp-json\/wp\/v2\/types\/post"}],"author":[{"embeddable":true,"href":"https:\/\/www.france.fi\/fr\/wp-json\/wp\/v2\/users\/2"}],"replies":[{"embeddable":true,"href":"https:\/\/www.france.fi\/fr\/wp-json\/wp\/v2\/comments?post=13646"}],"version-history":[{"count":0,"href":"https:\/\/www.france.fi\/fr\/wp-json\/wp\/v2\/posts\/13646\/revisions"}],"wp:featuredmedia":[{"embeddable":true,"href":"https:\/\/www.france.fi\/fr\/wp-json\/wp\/v2\/media\/13764"}],"wp:attachment":[{"href":"https:\/\/www.france.fi\/fr\/wp-json\/wp\/v2\/media?parent=13646"}],"wp:term":[{"taxonomy":"category","embeddable":true,"href":"https:\/\/www.france.fi\/fr\/wp-json\/wp\/v2\/categories?post=13646"},{"taxonomy":"post_tag","embeddable":true,"href":"https:\/\/www.france.fi\/fr\/wp-json\/wp\/v2\/tags?post=13646"}],"curies":[{"name":"wp","href":"https:\/\/api.w.org\/{rel}","templated":true}]}}