{"id":13687,"date":"2023-07-20T12:08:20","date_gmt":"2023-07-20T09:08:20","guid":{"rendered":"https:\/\/www.france.fi\/?p=13687"},"modified":"2023-08-31T11:25:38","modified_gmt":"2023-08-31T08:25:38","slug":"imany-au-helsinki-festival","status":"publish","type":"post","link":"https:\/\/www.france.fi\/fr\/culture\/imany-au-helsinki-festival\/","title":{"rendered":"Imany au Helsinki Festival !"},"content":{"rendered":"<p>La chor\u00e9graphie magique entre l&rsquo;artiste \u00e0 la voix profonde et huit violoncelles fait revivre les grands succ\u00e8s pop et rock des derni\u00e8res d\u00e9cennies dans des versions d\u00e9pouill\u00e9es et atmosph\u00e9riques.<\/p>\n<p><strong>Imany<\/strong>, ou <strong>Nadia Mladjao<\/strong>, a grandi pr\u00e8s de Marseille dans une famille nombreuse originaire des Comores avant de s&rsquo;installer \u00e0 New York pour faire carri\u00e8re dans le mannequinat. Apr\u00e8s plusieurs ann\u00e9es pass\u00e9es aux \u00c9tats-Unis, Nadia Mladjao revient en France et commence \u00e0 se produire sous le nom d&rsquo;Imany, m\u00ealant folk, pop, blues et soul. Son premier album, The Shape of a Broken Heart (2011), a fait d&rsquo;Imany une star internationale, disque de platine en France, en Gr\u00e8ce et en Pologne. Un remix de sa chanson Don&rsquo;t Be So Shy par le duo de DJ Filatov &amp; Karas s&rsquo;est hiss\u00e9 en t\u00eate des classements mondiaux de singles, y compris en Finlande. Son deuxi\u00e8me album, The Wrong Kind of War (2016), a consolid\u00e9 la position d&rsquo;Imany comme l&rsquo;une des artistes anglophones les plus populaires en France. Cet immense succ\u00e8s l&rsquo;a \u00e9puis\u00e9e, et Imany a d\u00fb s&rsquo;arr\u00eater et se red\u00e9couvrir. Ralentir et la maternit\u00e9 sont les cl\u00e9s de son nouvel album.<\/p>\n<p><strong>Imany<\/strong> voulait produire et arranger des classiques de diff\u00e9rentes d\u00e9cennies pour huit violoncelles et en faire des versions envoutantes et uniques. Le r\u00e9sultat est <strong>Voodoo Cello<\/strong>. S&rsquo;inspirant du Voodoo Child de Jimi Hendrix, l&rsquo;album comprend des versions de classiques d&rsquo;Elton John, Bob Marley, Imagine Dragons, Madonna, Bonnie Tyler et bien d&rsquo;autres.<\/p>\n<p>Nomm\u00e9e pour le prix de la Meilleure Nouvelle Artiste Indie, Sophia Mitiku ouvre la soir\u00e9e. L&rsquo;artiste \u00e9volue entre le R&amp;B exp\u00e9rimental et l&rsquo;avant-pop, cr\u00e9ant des univers fascinants et oniriques.<\/p>\n<p><strong>Voodoo Cello<\/strong><br \/>\nUn concert-spectacle con\u00e7u par Imany<br \/>\nArrangements: Imany<br \/>\nChor\u00e9graphies : Gladys Gambie \/ Thierry Thie\u00fb Niang<br \/>\nCr\u00e9ation lumi\u00e8re : J\u00e9r\u00e9my Bargues<br \/>\nCr\u00e9ation des tenues : Olivier Rousteing &#8211; Maison Balmain<br \/>\nR\u00e9sidence de cr\u00e9ation au Th\u00e9\u00e2tre des Sablons \u00e0 Neuilly-sur-Seine, France<\/p>\n<p><strong>Imany, chant<\/strong><\/p>\n<p><strong>Violoncelles :<\/strong><br \/>\nRodolphe Liskowitch, Julien Grattard, Octavio Angarita, Lucie Cravero, Bohdana Horecka, Laure Magnien, Polina Streltsova, Leonore Vedie<\/p>\n<p>\u21d2 <strong><a href=\"https:\/\/helsinkifestival.fi\/en\/event\/imany-voodoo-cello-2\/\" target=\"_blank\" rel=\"noopener\">En savoir plus<\/a><\/strong><\/p>\n","protected":false},"excerpt":{"rendered":"<p>La chanteuse et compositrice fran\u00e7aise Imany pr\u00e9sente pour la premi\u00e8re fois en Finlande avec sa tourn\u00e9e Voodoo Cello ! <\/p>\n","protected":false},"author":2,"featured_media":13689,"comment_status":"closed","ping_status":"open","sticky":false,"template":"","format":"standard","meta":{"footnotes":""},"categories":[1],"tags":[224,225],"class_list":["post-13687","post","type-post","status-publish","format-standard","has-post-thumbnail","hentry","category-culture","tag-imany","tag-helsinki-festival"],"yoast_head":"<!-- This site is optimized with the Yoast SEO plugin v27.4 - https:\/\/yoast.com\/product\/yoast-seo-wordpress\/ -->\n<title>Imany au Helsinki Festival ! - Institut fran\u00e7ais<\/title>\n<meta name=\"description\" content=\"La chanteuse et compositrice fran\u00e7aise Imany pr\u00e9sente pour la premi\u00e8re fois en Finlande avec sa tourn\u00e9e Voodoo Cello !\" \/>\n<meta name=\"robots\" content=\"index, follow, max-snippet:-1, max-image-preview:large, max-video-preview:-1\" \/>\n<link rel=\"canonical\" href=\"https:\/\/www.france.fi\/fr\/culture\/imany-au-helsinki-festival\/\" \/>\n<meta property=\"og:locale\" content=\"fr_FR\" \/>\n<meta property=\"og:type\" content=\"article\" \/>\n<meta property=\"og:title\" content=\"Imany au Helsinki Festival ! - Institut fran\u00e7ais\" \/>\n<meta property=\"og:description\" content=\"La chanteuse et compositrice fran\u00e7aise Imany pr\u00e9sente pour la premi\u00e8re fois en Finlande avec sa tourn\u00e9e Voodoo Cello !\" \/>\n<meta property=\"og:url\" content=\"https:\/\/www.france.fi\/fr\/culture\/imany-au-helsinki-festival\/\" \/>\n<meta property=\"og:site_name\" content=\"Institut fran\u00e7ais\" \/>\n<meta property=\"article:publisher\" content=\"https:\/\/www.facebook.com\/institutfrancaisfi\" \/>\n<meta property=\"article:published_time\" content=\"2023-07-20T09:08:20+00:00\" \/>\n<meta property=\"article:modified_time\" content=\"2023-08-31T08:25:38+00:00\" \/>\n<meta property=\"og:image\" content=\"https:\/\/www.france.fi\/wp-content\/uploads\/2023\/07\/IMANY-1172_4-\u00a9-Eugenio-Recuenco-1098x617.jpg\" \/>\n\t<meta property=\"og:image:width\" content=\"1280\" \/>\n\t<meta property=\"og:image:height\" content=\"720\" \/>\n\t<meta property=\"og:image:type\" content=\"image\/jpeg\" \/>\n<meta name=\"author\" content=\"Equipe IFF\" \/>\n<meta name=\"twitter:card\" content=\"summary_large_image\" \/>\n<meta name=\"twitter:creator\" content=\"@IFFinlande\" \/>\n<meta name=\"twitter:site\" content=\"@IFFinlande\" \/>\n<meta name=\"twitter:label1\" content=\"\u00c9crit par\" \/>\n\t<meta name=\"twitter:data1\" content=\"Equipe IFF\" \/>\n\t<meta name=\"twitter:label2\" content=\"Dur\u00e9e de lecture estim\u00e9e\" \/>\n\t<meta name=\"twitter:data2\" content=\"2 minutes\" \/>\n<script type=\"application\/ld+json\" class=\"yoast-schema-graph\">{\"@context\":\"https:\\\/\\\/schema.org\",\"@graph\":[{\"@type\":\"Article\",\"@id\":\"https:\\\/\\\/www.france.fi\\\/fr\\\/culture\\\/imany-au-helsinki-festival\\\/#article\",\"isPartOf\":{\"@id\":\"https:\\\/\\\/www.france.fi\\\/fr\\\/culture\\\/imany-au-helsinki-festival\\\/\"},\"author\":{\"name\":\"Equipe IFF\",\"@id\":\"https:\\\/\\\/www.france.fi\\\/#\\\/schema\\\/person\\\/ed873f29db1d0af6a3600d15d3b65bfd\"},\"headline\":\"Imany au Helsinki Festival !\",\"datePublished\":\"2023-07-20T09:08:20+00:00\",\"dateModified\":\"2023-08-31T08:25:38+00:00\",\"mainEntityOfPage\":{\"@id\":\"https:\\\/\\\/www.france.fi\\\/fr\\\/culture\\\/imany-au-helsinki-festival\\\/\"},\"wordCount\":380,\"publisher\":{\"@id\":\"https:\\\/\\\/www.france.fi\\\/#organization\"},\"image\":{\"@id\":\"https:\\\/\\\/www.france.fi\\\/fr\\\/culture\\\/imany-au-helsinki-festival\\\/#primaryimage\"},\"thumbnailUrl\":\"https:\\\/\\\/www.france.fi\\\/wp-content\\\/uploads\\\/2023\\\/07\\\/IMANY-1172_4-\u00a9-Eugenio-Recuenco-1098x617.jpg\",\"keywords\":[\"Imany\",\"Helsinki Festival\"],\"articleSection\":[\"Culture\"],\"inLanguage\":\"fr-FR\"},{\"@type\":\"WebPage\",\"@id\":\"https:\\\/\\\/www.france.fi\\\/fr\\\/culture\\\/imany-au-helsinki-festival\\\/\",\"url\":\"https:\\\/\\\/www.france.fi\\\/fr\\\/culture\\\/imany-au-helsinki-festival\\\/\",\"name\":\"Imany au Helsinki Festival ! - Institut fran\u00e7ais\",\"isPartOf\":{\"@id\":\"https:\\\/\\\/www.france.fi\\\/#website\"},\"primaryImageOfPage\":{\"@id\":\"https:\\\/\\\/www.france.fi\\\/fr\\\/culture\\\/imany-au-helsinki-festival\\\/#primaryimage\"},\"image\":{\"@id\":\"https:\\\/\\\/www.france.fi\\\/fr\\\/culture\\\/imany-au-helsinki-festival\\\/#primaryimage\"},\"thumbnailUrl\":\"https:\\\/\\\/www.france.fi\\\/wp-content\\\/uploads\\\/2023\\\/07\\\/IMANY-1172_4-\u00a9-Eugenio-Recuenco-1098x617.jpg\",\"datePublished\":\"2023-07-20T09:08:20+00:00\",\"dateModified\":\"2023-08-31T08:25:38+00:00\",\"description\":\"La chanteuse et compositrice fran\u00e7aise Imany pr\u00e9sente pour la premi\u00e8re fois en Finlande avec sa tourn\u00e9e Voodoo Cello !\",\"breadcrumb\":{\"@id\":\"https:\\\/\\\/www.france.fi\\\/fr\\\/culture\\\/imany-au-helsinki-festival\\\/#breadcrumb\"},\"inLanguage\":\"fr-FR\",\"potentialAction\":[{\"@type\":\"ReadAction\",\"target\":[\"https:\\\/\\\/www.france.fi\\\/fr\\\/culture\\\/imany-au-helsinki-festival\\\/\"]}]},{\"@type\":\"ImageObject\",\"inLanguage\":\"fr-FR\",\"@id\":\"https:\\\/\\\/www.france.fi\\\/fr\\\/culture\\\/imany-au-helsinki-festival\\\/#primaryimage\",\"url\":\"https:\\\/\\\/www.france.fi\\\/wp-content\\\/uploads\\\/2023\\\/07\\\/IMANY-1172_4-\u00a9-Eugenio-Recuenco-1098x617.jpg\",\"contentUrl\":\"https:\\\/\\\/www.france.fi\\\/wp-content\\\/uploads\\\/2023\\\/07\\\/IMANY-1172_4-\u00a9-Eugenio-Recuenco-1098x617.jpg\",\"width\":1280,\"height\":720,\"caption\":\"IMANY \u00a9Eugenio Recuenco\"},{\"@type\":\"BreadcrumbList\",\"@id\":\"https:\\\/\\\/www.france.fi\\\/fr\\\/culture\\\/imany-au-helsinki-festival\\\/#breadcrumb\",\"itemListElement\":[{\"@type\":\"ListItem\",\"position\":1,\"name\":\"Home\",\"item\":\"https:\\\/\\\/www.france.fi\\\/fr\\\/\"},{\"@type\":\"ListItem\",\"position\":2,\"name\":\"Culture\",\"item\":\"https:\\\/\\\/www.france.fi\\\/fr\\\/category\\\/culture\\\/\"},{\"@type\":\"ListItem\",\"position\":3,\"name\":\"Imany au Helsinki Festival !\"}]},{\"@type\":\"WebSite\",\"@id\":\"https:\\\/\\\/www.france.fi\\\/#website\",\"url\":\"https:\\\/\\\/www.france.fi\\\/\",\"name\":\"Institut fran\u00e7ais de Finlande\",\"description\":\"\",\"publisher\":{\"@id\":\"https:\\\/\\\/www.france.fi\\\/#organization\"},\"potentialAction\":[{\"@type\":\"SearchAction\",\"target\":{\"@type\":\"EntryPoint\",\"urlTemplate\":\"https:\\\/\\\/www.france.fi\\\/?s={search_term_string}\"},\"query-input\":{\"@type\":\"PropertyValueSpecification\",\"valueRequired\":true,\"valueName\":\"search_term_string\"}}],\"inLanguage\":\"fr-FR\"},{\"@type\":\"Organization\",\"@id\":\"https:\\\/\\\/www.france.fi\\\/#organization\",\"name\":\"Institut fran\u00e7ais de Finlande\",\"url\":\"https:\\\/\\\/www.france.fi\\\/\",\"logo\":{\"@type\":\"ImageObject\",\"inLanguage\":\"fr-FR\",\"@id\":\"https:\\\/\\\/www.france.fi\\\/#\\\/schema\\\/logo\\\/image\\\/\",\"url\":\"https:\\\/\\\/www.france.fi\\\/wp-content\\\/uploads\\\/2024\\\/02\\\/if-logo-1.png\",\"contentUrl\":\"https:\\\/\\\/www.france.fi\\\/wp-content\\\/uploads\\\/2024\\\/02\\\/if-logo-1.png\",\"width\":687,\"height\":459,\"caption\":\"Institut fran\u00e7ais de Finlande\"},\"image\":{\"@id\":\"https:\\\/\\\/www.france.fi\\\/#\\\/schema\\\/logo\\\/image\\\/\"},\"sameAs\":[\"https:\\\/\\\/www.facebook.com\\\/institutfrancaisfi\",\"https:\\\/\\\/x.com\\\/IFFinlande\",\"https:\\\/\\\/www.instagram.com\\\/iffinlande\\\/\",\"https:\\\/\\\/fr.linkedin.com\\\/organization-guest\\\/company\\\/institut-fran-ais-de-finlande\",\"https:\\\/\\\/www.youtube.com\\\/channel\\\/UCHAitdpmSbeP78eL49XMotA\"]},{\"@type\":\"Person\",\"@id\":\"https:\\\/\\\/www.france.fi\\\/#\\\/schema\\\/person\\\/ed873f29db1d0af6a3600d15d3b65bfd\",\"name\":\"Equipe IFF\",\"image\":{\"@type\":\"ImageObject\",\"inLanguage\":\"fr-FR\",\"@id\":\"https:\\\/\\\/secure.gravatar.com\\\/avatar\\\/3c4ba80228d01014b25e45e90abb28ce315a02c6572751a7fb2298e4274989fc?s=96&d=mm&r=g\",\"url\":\"https:\\\/\\\/secure.gravatar.com\\\/avatar\\\/3c4ba80228d01014b25e45e90abb28ce315a02c6572751a7fb2298e4274989fc?s=96&d=mm&r=g\",\"contentUrl\":\"https:\\\/\\\/secure.gravatar.com\\\/avatar\\\/3c4ba80228d01014b25e45e90abb28ce315a02c6572751a7fb2298e4274989fc?s=96&d=mm&r=g\",\"caption\":\"Equipe IFF\"},\"url\":\"https:\\\/\\\/www.france.fi\\\/fr\\\/author\\\/iffadmin\\\/\"}]}<\/script>\n<!-- \/ Yoast SEO plugin. -->","yoast_head_json":{"title":"Imany au Helsinki Festival ! - Institut fran\u00e7ais","description":"La chanteuse et compositrice fran\u00e7aise Imany pr\u00e9sente pour la premi\u00e8re fois en Finlande avec sa tourn\u00e9e Voodoo Cello !","robots":{"index":"index","follow":"follow","max-snippet":"max-snippet:-1","max-image-preview":"max-image-preview:large","max-video-preview":"max-video-preview:-1"},"canonical":"https:\/\/www.france.fi\/fr\/culture\/imany-au-helsinki-festival\/","og_locale":"fr_FR","og_type":"article","og_title":"Imany au Helsinki Festival ! - Institut fran\u00e7ais","og_description":"La chanteuse et compositrice fran\u00e7aise Imany pr\u00e9sente pour la premi\u00e8re fois en Finlande avec sa tourn\u00e9e Voodoo Cello !","og_url":"https:\/\/www.france.fi\/fr\/culture\/imany-au-helsinki-festival\/","og_site_name":"Institut fran\u00e7ais","article_publisher":"https:\/\/www.facebook.com\/institutfrancaisfi","article_published_time":"2023-07-20T09:08:20+00:00","article_modified_time":"2023-08-31T08:25:38+00:00","og_image":[{"width":1280,"height":720,"url":"https:\/\/www.france.fi\/wp-content\/uploads\/2023\/07\/IMANY-1172_4-\u00a9-Eugenio-Recuenco-1098x617.jpg","type":"image\/jpeg"}],"author":"Equipe IFF","twitter_card":"summary_large_image","twitter_creator":"@IFFinlande","twitter_site":"@IFFinlande","twitter_misc":{"\u00c9crit par":"Equipe IFF","Dur\u00e9e de lecture estim\u00e9e":"2 minutes"},"schema":{"@context":"https:\/\/schema.org","@graph":[{"@type":"Article","@id":"https:\/\/www.france.fi\/fr\/culture\/imany-au-helsinki-festival\/#article","isPartOf":{"@id":"https:\/\/www.france.fi\/fr\/culture\/imany-au-helsinki-festival\/"},"author":{"name":"Equipe IFF","@id":"https:\/\/www.france.fi\/#\/schema\/person\/ed873f29db1d0af6a3600d15d3b65bfd"},"headline":"Imany au Helsinki Festival !","datePublished":"2023-07-20T09:08:20+00:00","dateModified":"2023-08-31T08:25:38+00:00","mainEntityOfPage":{"@id":"https:\/\/www.france.fi\/fr\/culture\/imany-au-helsinki-festival\/"},"wordCount":380,"publisher":{"@id":"https:\/\/www.france.fi\/#organization"},"image":{"@id":"https:\/\/www.france.fi\/fr\/culture\/imany-au-helsinki-festival\/#primaryimage"},"thumbnailUrl":"https:\/\/www.france.fi\/wp-content\/uploads\/2023\/07\/IMANY-1172_4-\u00a9-Eugenio-Recuenco-1098x617.jpg","keywords":["Imany","Helsinki Festival"],"articleSection":["Culture"],"inLanguage":"fr-FR"},{"@type":"WebPage","@id":"https:\/\/www.france.fi\/fr\/culture\/imany-au-helsinki-festival\/","url":"https:\/\/www.france.fi\/fr\/culture\/imany-au-helsinki-festival\/","name":"Imany au Helsinki Festival ! - Institut fran\u00e7ais","isPartOf":{"@id":"https:\/\/www.france.fi\/#website"},"primaryImageOfPage":{"@id":"https:\/\/www.france.fi\/fr\/culture\/imany-au-helsinki-festival\/#primaryimage"},"image":{"@id":"https:\/\/www.france.fi\/fr\/culture\/imany-au-helsinki-festival\/#primaryimage"},"thumbnailUrl":"https:\/\/www.france.fi\/wp-content\/uploads\/2023\/07\/IMANY-1172_4-\u00a9-Eugenio-Recuenco-1098x617.jpg","datePublished":"2023-07-20T09:08:20+00:00","dateModified":"2023-08-31T08:25:38+00:00","description":"La chanteuse et compositrice fran\u00e7aise Imany pr\u00e9sente pour la premi\u00e8re fois en Finlande avec sa tourn\u00e9e Voodoo Cello !","breadcrumb":{"@id":"https:\/\/www.france.fi\/fr\/culture\/imany-au-helsinki-festival\/#breadcrumb"},"inLanguage":"fr-FR","potentialAction":[{"@type":"ReadAction","target":["https:\/\/www.france.fi\/fr\/culture\/imany-au-helsinki-festival\/"]}]},{"@type":"ImageObject","inLanguage":"fr-FR","@id":"https:\/\/www.france.fi\/fr\/culture\/imany-au-helsinki-festival\/#primaryimage","url":"https:\/\/www.france.fi\/wp-content\/uploads\/2023\/07\/IMANY-1172_4-\u00a9-Eugenio-Recuenco-1098x617.jpg","contentUrl":"https:\/\/www.france.fi\/wp-content\/uploads\/2023\/07\/IMANY-1172_4-\u00a9-Eugenio-Recuenco-1098x617.jpg","width":1280,"height":720,"caption":"IMANY \u00a9Eugenio Recuenco"},{"@type":"BreadcrumbList","@id":"https:\/\/www.france.fi\/fr\/culture\/imany-au-helsinki-festival\/#breadcrumb","itemListElement":[{"@type":"ListItem","position":1,"name":"Home","item":"https:\/\/www.france.fi\/fr\/"},{"@type":"ListItem","position":2,"name":"Culture","item":"https:\/\/www.france.fi\/fr\/category\/culture\/"},{"@type":"ListItem","position":3,"name":"Imany au Helsinki Festival !"}]},{"@type":"WebSite","@id":"https:\/\/www.france.fi\/#website","url":"https:\/\/www.france.fi\/","name":"Institut fran\u00e7ais de Finlande","description":"","publisher":{"@id":"https:\/\/www.france.fi\/#organization"},"potentialAction":[{"@type":"SearchAction","target":{"@type":"EntryPoint","urlTemplate":"https:\/\/www.france.fi\/?s={search_term_string}"},"query-input":{"@type":"PropertyValueSpecification","valueRequired":true,"valueName":"search_term_string"}}],"inLanguage":"fr-FR"},{"@type":"Organization","@id":"https:\/\/www.france.fi\/#organization","name":"Institut fran\u00e7ais de Finlande","url":"https:\/\/www.france.fi\/","logo":{"@type":"ImageObject","inLanguage":"fr-FR","@id":"https:\/\/www.france.fi\/#\/schema\/logo\/image\/","url":"https:\/\/www.france.fi\/wp-content\/uploads\/2024\/02\/if-logo-1.png","contentUrl":"https:\/\/www.france.fi\/wp-content\/uploads\/2024\/02\/if-logo-1.png","width":687,"height":459,"caption":"Institut fran\u00e7ais de Finlande"},"image":{"@id":"https:\/\/www.france.fi\/#\/schema\/logo\/image\/"},"sameAs":["https:\/\/www.facebook.com\/institutfrancaisfi","https:\/\/x.com\/IFFinlande","https:\/\/www.instagram.com\/iffinlande\/","https:\/\/fr.linkedin.com\/organization-guest\/company\/institut-fran-ais-de-finlande","https:\/\/www.youtube.com\/channel\/UCHAitdpmSbeP78eL49XMotA"]},{"@type":"Person","@id":"https:\/\/www.france.fi\/#\/schema\/person\/ed873f29db1d0af6a3600d15d3b65bfd","name":"Equipe IFF","image":{"@type":"ImageObject","inLanguage":"fr-FR","@id":"https:\/\/secure.gravatar.com\/avatar\/3c4ba80228d01014b25e45e90abb28ce315a02c6572751a7fb2298e4274989fc?s=96&d=mm&r=g","url":"https:\/\/secure.gravatar.com\/avatar\/3c4ba80228d01014b25e45e90abb28ce315a02c6572751a7fb2298e4274989fc?s=96&d=mm&r=g","contentUrl":"https:\/\/secure.gravatar.com\/avatar\/3c4ba80228d01014b25e45e90abb28ce315a02c6572751a7fb2298e4274989fc?s=96&d=mm&r=g","caption":"Equipe IFF"},"url":"https:\/\/www.france.fi\/fr\/author\/iffadmin\/"}]}},"_links":{"self":[{"href":"https:\/\/www.france.fi\/fr\/wp-json\/wp\/v2\/posts\/13687","targetHints":{"allow":["GET"]}}],"collection":[{"href":"https:\/\/www.france.fi\/fr\/wp-json\/wp\/v2\/posts"}],"about":[{"href":"https:\/\/www.france.fi\/fr\/wp-json\/wp\/v2\/types\/post"}],"author":[{"embeddable":true,"href":"https:\/\/www.france.fi\/fr\/wp-json\/wp\/v2\/users\/2"}],"replies":[{"embeddable":true,"href":"https:\/\/www.france.fi\/fr\/wp-json\/wp\/v2\/comments?post=13687"}],"version-history":[{"count":0,"href":"https:\/\/www.france.fi\/fr\/wp-json\/wp\/v2\/posts\/13687\/revisions"}],"wp:featuredmedia":[{"embeddable":true,"href":"https:\/\/www.france.fi\/fr\/wp-json\/wp\/v2\/media\/13689"}],"wp:attachment":[{"href":"https:\/\/www.france.fi\/fr\/wp-json\/wp\/v2\/media?parent=13687"}],"wp:term":[{"taxonomy":"category","embeddable":true,"href":"https:\/\/www.france.fi\/fr\/wp-json\/wp\/v2\/categories?post=13687"},{"taxonomy":"post_tag","embeddable":true,"href":"https:\/\/www.france.fi\/fr\/wp-json\/wp\/v2\/tags?post=13687"}],"curies":[{"name":"wp","href":"https:\/\/api.w.org\/{rel}","templated":true}]}}