{"id":13709,"date":"2023-07-20T14:34:08","date_gmt":"2023-07-20T11:34:08","guid":{"rendered":"https:\/\/www.france.fi\/?p=13709"},"modified":"2023-08-07T09:26:01","modified_gmt":"2023-08-07T06:26:01","slug":"david-guetta-tete-daffiche-du-weekend-festival","status":"publish","type":"post","link":"https:\/\/www.france.fi\/fr\/culture\/david-guetta-tete-daffiche-du-weekend-festival\/","title":{"rendered":"David Guetta, t\u00eate d\u2019affiche du Weekend festival !"},"content":{"rendered":"<p>David Guetta est une l\u00e9gende de la musique \u00e9lectronique dont les chansons ont \u00e9t\u00e9 \u00e9cout\u00e9es des milliards de fois. \u00c9lu meilleur DJ du monde \u00e0 trois reprises, il compte plus de 66 millions d&rsquo;auditeurs par mois sur Spotify seul. Certaines de ses chansons les plus \u00e9cout\u00e9es dont Titanium (feat. Sia) et I&rsquo;m Good (Blue) (feat. Bebe Rexha), ont gagn\u00e9 en popularit\u00e9 en 2022 gr\u00e2ce \u00e0 Tiktok et ont accumul\u00e9 pr\u00e8s d&rsquo;un demi-milliard de lectures sur Spotify en moins d&rsquo;un semestre.<\/p>\n<p>\u21d2 <strong><a href=\"https:\/\/www.wknd.fi\/\" target=\"_blank\" rel=\"noopener\">En savoir plus<\/a><\/strong><\/p>\n","protected":false},"excerpt":{"rendered":"<p>V\u00e9ritable l\u00e9gende fran\u00e7aise de la musique \u00e9lectronique, David Guetta est la t\u00eate d\u2019affiche du Weekend Festival !<\/p>\n","protected":false},"author":2,"featured_media":13710,"comment_status":"closed","ping_status":"open","sticky":false,"template":"","format":"standard","meta":{"footnotes":""},"categories":[1],"tags":[236,237],"class_list":["post-13709","post","type-post","status-publish","format-standard","has-post-thumbnail","hentry","category-culture","tag-david-guetta","tag-weekend-festival"],"yoast_head":"<!-- This site is optimized with the Yoast SEO plugin v27.4 - https:\/\/yoast.com\/product\/yoast-seo-wordpress\/ -->\n<title>David Guetta, t\u00eate d\u2019affiche du Weekend festival ! - Institut fran\u00e7ais<\/title>\n<meta name=\"description\" content=\"V\u00e9ritable l\u00e9gende fran\u00e7aise de la musique \u00e9lectronique, David Guetta est la t\u00eate d\u2019affiche du Weekend Festival !\" \/>\n<meta name=\"robots\" content=\"index, follow, max-snippet:-1, max-image-preview:large, max-video-preview:-1\" \/>\n<link rel=\"canonical\" href=\"https:\/\/www.france.fi\/fr\/culture\/david-guetta-tete-daffiche-du-weekend-festival\/\" \/>\n<meta property=\"og:locale\" content=\"fr_FR\" \/>\n<meta property=\"og:type\" content=\"article\" \/>\n<meta property=\"og:title\" content=\"David Guetta, t\u00eate d\u2019affiche du Weekend festival ! - Institut fran\u00e7ais\" \/>\n<meta property=\"og:description\" content=\"V\u00e9ritable l\u00e9gende fran\u00e7aise de la musique \u00e9lectronique, David Guetta est la t\u00eate d\u2019affiche du Weekend Festival !\" \/>\n<meta property=\"og:url\" content=\"https:\/\/www.france.fi\/fr\/culture\/david-guetta-tete-daffiche-du-weekend-festival\/\" \/>\n<meta property=\"og:site_name\" content=\"Institut fran\u00e7ais\" \/>\n<meta property=\"article:publisher\" content=\"https:\/\/www.facebook.com\/institutfrancaisfi\" \/>\n<meta property=\"article:published_time\" content=\"2023-07-20T11:34:08+00:00\" \/>\n<meta property=\"article:modified_time\" content=\"2023-08-07T06:26:01+00:00\" \/>\n<meta property=\"og:image\" content=\"https:\/\/www.france.fi\/wp-content\/uploads\/2023\/07\/David-Guetta-1098x617.jpg\" \/>\n\t<meta property=\"og:image:width\" content=\"1280\" \/>\n\t<meta property=\"og:image:height\" content=\"720\" \/>\n\t<meta property=\"og:image:type\" content=\"image\/jpeg\" \/>\n<meta name=\"author\" content=\"Equipe IFF\" \/>\n<meta name=\"twitter:card\" content=\"summary_large_image\" \/>\n<meta name=\"twitter:creator\" content=\"@IFFinlande\" \/>\n<meta name=\"twitter:site\" content=\"@IFFinlande\" \/>\n<meta name=\"twitter:label1\" content=\"\u00c9crit par\" \/>\n\t<meta name=\"twitter:data1\" content=\"Equipe IFF\" \/>\n\t<meta name=\"twitter:label2\" content=\"Dur\u00e9e de lecture estim\u00e9e\" \/>\n\t<meta name=\"twitter:data2\" content=\"1 minute\" \/>\n<script type=\"application\/ld+json\" class=\"yoast-schema-graph\">{\"@context\":\"https:\\\/\\\/schema.org\",\"@graph\":[{\"@type\":\"Article\",\"@id\":\"https:\\\/\\\/www.france.fi\\\/fr\\\/culture\\\/david-guetta-tete-daffiche-du-weekend-festival\\\/#article\",\"isPartOf\":{\"@id\":\"https:\\\/\\\/www.france.fi\\\/fr\\\/culture\\\/david-guetta-tete-daffiche-du-weekend-festival\\\/\"},\"author\":{\"name\":\"Equipe IFF\",\"@id\":\"https:\\\/\\\/www.france.fi\\\/#\\\/schema\\\/person\\\/ed873f29db1d0af6a3600d15d3b65bfd\"},\"headline\":\"David Guetta, t\u00eate d\u2019affiche du Weekend festival !\",\"datePublished\":\"2023-07-20T11:34:08+00:00\",\"dateModified\":\"2023-08-07T06:26:01+00:00\",\"mainEntityOfPage\":{\"@id\":\"https:\\\/\\\/www.france.fi\\\/fr\\\/culture\\\/david-guetta-tete-daffiche-du-weekend-festival\\\/\"},\"wordCount\":97,\"publisher\":{\"@id\":\"https:\\\/\\\/www.france.fi\\\/#organization\"},\"image\":{\"@id\":\"https:\\\/\\\/www.france.fi\\\/fr\\\/culture\\\/david-guetta-tete-daffiche-du-weekend-festival\\\/#primaryimage\"},\"thumbnailUrl\":\"https:\\\/\\\/www.france.fi\\\/wp-content\\\/uploads\\\/2023\\\/07\\\/David-Guetta-1098x617.jpg\",\"keywords\":[\"David Guetta\",\"Weekend festival\"],\"articleSection\":[\"Culture\"],\"inLanguage\":\"fr-FR\"},{\"@type\":\"WebPage\",\"@id\":\"https:\\\/\\\/www.france.fi\\\/fr\\\/culture\\\/david-guetta-tete-daffiche-du-weekend-festival\\\/\",\"url\":\"https:\\\/\\\/www.france.fi\\\/fr\\\/culture\\\/david-guetta-tete-daffiche-du-weekend-festival\\\/\",\"name\":\"David Guetta, t\u00eate d\u2019affiche du Weekend festival ! - Institut fran\u00e7ais\",\"isPartOf\":{\"@id\":\"https:\\\/\\\/www.france.fi\\\/#website\"},\"primaryImageOfPage\":{\"@id\":\"https:\\\/\\\/www.france.fi\\\/fr\\\/culture\\\/david-guetta-tete-daffiche-du-weekend-festival\\\/#primaryimage\"},\"image\":{\"@id\":\"https:\\\/\\\/www.france.fi\\\/fr\\\/culture\\\/david-guetta-tete-daffiche-du-weekend-festival\\\/#primaryimage\"},\"thumbnailUrl\":\"https:\\\/\\\/www.france.fi\\\/wp-content\\\/uploads\\\/2023\\\/07\\\/David-Guetta-1098x617.jpg\",\"datePublished\":\"2023-07-20T11:34:08+00:00\",\"dateModified\":\"2023-08-07T06:26:01+00:00\",\"description\":\"V\u00e9ritable l\u00e9gende fran\u00e7aise de la musique \u00e9lectronique, David Guetta est la t\u00eate d\u2019affiche du Weekend Festival !\",\"breadcrumb\":{\"@id\":\"https:\\\/\\\/www.france.fi\\\/fr\\\/culture\\\/david-guetta-tete-daffiche-du-weekend-festival\\\/#breadcrumb\"},\"inLanguage\":\"fr-FR\",\"potentialAction\":[{\"@type\":\"ReadAction\",\"target\":[\"https:\\\/\\\/www.france.fi\\\/fr\\\/culture\\\/david-guetta-tete-daffiche-du-weekend-festival\\\/\"]}]},{\"@type\":\"ImageObject\",\"inLanguage\":\"fr-FR\",\"@id\":\"https:\\\/\\\/www.france.fi\\\/fr\\\/culture\\\/david-guetta-tete-daffiche-du-weekend-festival\\\/#primaryimage\",\"url\":\"https:\\\/\\\/www.france.fi\\\/wp-content\\\/uploads\\\/2023\\\/07\\\/David-Guetta-1098x617.jpg\",\"contentUrl\":\"https:\\\/\\\/www.france.fi\\\/wp-content\\\/uploads\\\/2023\\\/07\\\/David-Guetta-1098x617.jpg\",\"width\":1280,\"height\":720},{\"@type\":\"BreadcrumbList\",\"@id\":\"https:\\\/\\\/www.france.fi\\\/fr\\\/culture\\\/david-guetta-tete-daffiche-du-weekend-festival\\\/#breadcrumb\",\"itemListElement\":[{\"@type\":\"ListItem\",\"position\":1,\"name\":\"Home\",\"item\":\"https:\\\/\\\/www.france.fi\\\/fr\\\/\"},{\"@type\":\"ListItem\",\"position\":2,\"name\":\"Culture\",\"item\":\"https:\\\/\\\/www.france.fi\\\/fr\\\/category\\\/culture\\\/\"},{\"@type\":\"ListItem\",\"position\":3,\"name\":\"David Guetta, t\u00eate d\u2019affiche du Weekend festival !\"}]},{\"@type\":\"WebSite\",\"@id\":\"https:\\\/\\\/www.france.fi\\\/#website\",\"url\":\"https:\\\/\\\/www.france.fi\\\/\",\"name\":\"Institut fran\u00e7ais de Finlande\",\"description\":\"\",\"publisher\":{\"@id\":\"https:\\\/\\\/www.france.fi\\\/#organization\"},\"potentialAction\":[{\"@type\":\"SearchAction\",\"target\":{\"@type\":\"EntryPoint\",\"urlTemplate\":\"https:\\\/\\\/www.france.fi\\\/?s={search_term_string}\"},\"query-input\":{\"@type\":\"PropertyValueSpecification\",\"valueRequired\":true,\"valueName\":\"search_term_string\"}}],\"inLanguage\":\"fr-FR\"},{\"@type\":\"Organization\",\"@id\":\"https:\\\/\\\/www.france.fi\\\/#organization\",\"name\":\"Institut fran\u00e7ais de Finlande\",\"url\":\"https:\\\/\\\/www.france.fi\\\/\",\"logo\":{\"@type\":\"ImageObject\",\"inLanguage\":\"fr-FR\",\"@id\":\"https:\\\/\\\/www.france.fi\\\/#\\\/schema\\\/logo\\\/image\\\/\",\"url\":\"https:\\\/\\\/www.france.fi\\\/wp-content\\\/uploads\\\/2024\\\/02\\\/if-logo-1.png\",\"contentUrl\":\"https:\\\/\\\/www.france.fi\\\/wp-content\\\/uploads\\\/2024\\\/02\\\/if-logo-1.png\",\"width\":687,\"height\":459,\"caption\":\"Institut fran\u00e7ais de Finlande\"},\"image\":{\"@id\":\"https:\\\/\\\/www.france.fi\\\/#\\\/schema\\\/logo\\\/image\\\/\"},\"sameAs\":[\"https:\\\/\\\/www.facebook.com\\\/institutfrancaisfi\",\"https:\\\/\\\/x.com\\\/IFFinlande\",\"https:\\\/\\\/www.instagram.com\\\/iffinlande\\\/\",\"https:\\\/\\\/fr.linkedin.com\\\/organization-guest\\\/company\\\/institut-fran-ais-de-finlande\",\"https:\\\/\\\/www.youtube.com\\\/channel\\\/UCHAitdpmSbeP78eL49XMotA\"]},{\"@type\":\"Person\",\"@id\":\"https:\\\/\\\/www.france.fi\\\/#\\\/schema\\\/person\\\/ed873f29db1d0af6a3600d15d3b65bfd\",\"name\":\"Equipe IFF\",\"image\":{\"@type\":\"ImageObject\",\"inLanguage\":\"fr-FR\",\"@id\":\"https:\\\/\\\/secure.gravatar.com\\\/avatar\\\/3c4ba80228d01014b25e45e90abb28ce315a02c6572751a7fb2298e4274989fc?s=96&d=mm&r=g\",\"url\":\"https:\\\/\\\/secure.gravatar.com\\\/avatar\\\/3c4ba80228d01014b25e45e90abb28ce315a02c6572751a7fb2298e4274989fc?s=96&d=mm&r=g\",\"contentUrl\":\"https:\\\/\\\/secure.gravatar.com\\\/avatar\\\/3c4ba80228d01014b25e45e90abb28ce315a02c6572751a7fb2298e4274989fc?s=96&d=mm&r=g\",\"caption\":\"Equipe IFF\"},\"url\":\"https:\\\/\\\/www.france.fi\\\/fr\\\/author\\\/iffadmin\\\/\"}]}<\/script>\n<!-- \/ Yoast SEO plugin. -->","yoast_head_json":{"title":"David Guetta, t\u00eate d\u2019affiche du Weekend festival ! - Institut fran\u00e7ais","description":"V\u00e9ritable l\u00e9gende fran\u00e7aise de la musique \u00e9lectronique, David Guetta est la t\u00eate d\u2019affiche du Weekend Festival !","robots":{"index":"index","follow":"follow","max-snippet":"max-snippet:-1","max-image-preview":"max-image-preview:large","max-video-preview":"max-video-preview:-1"},"canonical":"https:\/\/www.france.fi\/fr\/culture\/david-guetta-tete-daffiche-du-weekend-festival\/","og_locale":"fr_FR","og_type":"article","og_title":"David Guetta, t\u00eate d\u2019affiche du Weekend festival ! - Institut fran\u00e7ais","og_description":"V\u00e9ritable l\u00e9gende fran\u00e7aise de la musique \u00e9lectronique, David Guetta est la t\u00eate d\u2019affiche du Weekend Festival !","og_url":"https:\/\/www.france.fi\/fr\/culture\/david-guetta-tete-daffiche-du-weekend-festival\/","og_site_name":"Institut fran\u00e7ais","article_publisher":"https:\/\/www.facebook.com\/institutfrancaisfi","article_published_time":"2023-07-20T11:34:08+00:00","article_modified_time":"2023-08-07T06:26:01+00:00","og_image":[{"width":1280,"height":720,"url":"https:\/\/www.france.fi\/wp-content\/uploads\/2023\/07\/David-Guetta-1098x617.jpg","type":"image\/jpeg"}],"author":"Equipe IFF","twitter_card":"summary_large_image","twitter_creator":"@IFFinlande","twitter_site":"@IFFinlande","twitter_misc":{"\u00c9crit par":"Equipe IFF","Dur\u00e9e de lecture estim\u00e9e":"1 minute"},"schema":{"@context":"https:\/\/schema.org","@graph":[{"@type":"Article","@id":"https:\/\/www.france.fi\/fr\/culture\/david-guetta-tete-daffiche-du-weekend-festival\/#article","isPartOf":{"@id":"https:\/\/www.france.fi\/fr\/culture\/david-guetta-tete-daffiche-du-weekend-festival\/"},"author":{"name":"Equipe IFF","@id":"https:\/\/www.france.fi\/#\/schema\/person\/ed873f29db1d0af6a3600d15d3b65bfd"},"headline":"David Guetta, t\u00eate d\u2019affiche du Weekend festival !","datePublished":"2023-07-20T11:34:08+00:00","dateModified":"2023-08-07T06:26:01+00:00","mainEntityOfPage":{"@id":"https:\/\/www.france.fi\/fr\/culture\/david-guetta-tete-daffiche-du-weekend-festival\/"},"wordCount":97,"publisher":{"@id":"https:\/\/www.france.fi\/#organization"},"image":{"@id":"https:\/\/www.france.fi\/fr\/culture\/david-guetta-tete-daffiche-du-weekend-festival\/#primaryimage"},"thumbnailUrl":"https:\/\/www.france.fi\/wp-content\/uploads\/2023\/07\/David-Guetta-1098x617.jpg","keywords":["David Guetta","Weekend festival"],"articleSection":["Culture"],"inLanguage":"fr-FR"},{"@type":"WebPage","@id":"https:\/\/www.france.fi\/fr\/culture\/david-guetta-tete-daffiche-du-weekend-festival\/","url":"https:\/\/www.france.fi\/fr\/culture\/david-guetta-tete-daffiche-du-weekend-festival\/","name":"David Guetta, t\u00eate d\u2019affiche du Weekend festival ! - Institut fran\u00e7ais","isPartOf":{"@id":"https:\/\/www.france.fi\/#website"},"primaryImageOfPage":{"@id":"https:\/\/www.france.fi\/fr\/culture\/david-guetta-tete-daffiche-du-weekend-festival\/#primaryimage"},"image":{"@id":"https:\/\/www.france.fi\/fr\/culture\/david-guetta-tete-daffiche-du-weekend-festival\/#primaryimage"},"thumbnailUrl":"https:\/\/www.france.fi\/wp-content\/uploads\/2023\/07\/David-Guetta-1098x617.jpg","datePublished":"2023-07-20T11:34:08+00:00","dateModified":"2023-08-07T06:26:01+00:00","description":"V\u00e9ritable l\u00e9gende fran\u00e7aise de la musique \u00e9lectronique, David Guetta est la t\u00eate d\u2019affiche du Weekend Festival !","breadcrumb":{"@id":"https:\/\/www.france.fi\/fr\/culture\/david-guetta-tete-daffiche-du-weekend-festival\/#breadcrumb"},"inLanguage":"fr-FR","potentialAction":[{"@type":"ReadAction","target":["https:\/\/www.france.fi\/fr\/culture\/david-guetta-tete-daffiche-du-weekend-festival\/"]}]},{"@type":"ImageObject","inLanguage":"fr-FR","@id":"https:\/\/www.france.fi\/fr\/culture\/david-guetta-tete-daffiche-du-weekend-festival\/#primaryimage","url":"https:\/\/www.france.fi\/wp-content\/uploads\/2023\/07\/David-Guetta-1098x617.jpg","contentUrl":"https:\/\/www.france.fi\/wp-content\/uploads\/2023\/07\/David-Guetta-1098x617.jpg","width":1280,"height":720},{"@type":"BreadcrumbList","@id":"https:\/\/www.france.fi\/fr\/culture\/david-guetta-tete-daffiche-du-weekend-festival\/#breadcrumb","itemListElement":[{"@type":"ListItem","position":1,"name":"Home","item":"https:\/\/www.france.fi\/fr\/"},{"@type":"ListItem","position":2,"name":"Culture","item":"https:\/\/www.france.fi\/fr\/category\/culture\/"},{"@type":"ListItem","position":3,"name":"David Guetta, t\u00eate d\u2019affiche du Weekend festival !"}]},{"@type":"WebSite","@id":"https:\/\/www.france.fi\/#website","url":"https:\/\/www.france.fi\/","name":"Institut fran\u00e7ais de Finlande","description":"","publisher":{"@id":"https:\/\/www.france.fi\/#organization"},"potentialAction":[{"@type":"SearchAction","target":{"@type":"EntryPoint","urlTemplate":"https:\/\/www.france.fi\/?s={search_term_string}"},"query-input":{"@type":"PropertyValueSpecification","valueRequired":true,"valueName":"search_term_string"}}],"inLanguage":"fr-FR"},{"@type":"Organization","@id":"https:\/\/www.france.fi\/#organization","name":"Institut fran\u00e7ais de Finlande","url":"https:\/\/www.france.fi\/","logo":{"@type":"ImageObject","inLanguage":"fr-FR","@id":"https:\/\/www.france.fi\/#\/schema\/logo\/image\/","url":"https:\/\/www.france.fi\/wp-content\/uploads\/2024\/02\/if-logo-1.png","contentUrl":"https:\/\/www.france.fi\/wp-content\/uploads\/2024\/02\/if-logo-1.png","width":687,"height":459,"caption":"Institut fran\u00e7ais de Finlande"},"image":{"@id":"https:\/\/www.france.fi\/#\/schema\/logo\/image\/"},"sameAs":["https:\/\/www.facebook.com\/institutfrancaisfi","https:\/\/x.com\/IFFinlande","https:\/\/www.instagram.com\/iffinlande\/","https:\/\/fr.linkedin.com\/organization-guest\/company\/institut-fran-ais-de-finlande","https:\/\/www.youtube.com\/channel\/UCHAitdpmSbeP78eL49XMotA"]},{"@type":"Person","@id":"https:\/\/www.france.fi\/#\/schema\/person\/ed873f29db1d0af6a3600d15d3b65bfd","name":"Equipe IFF","image":{"@type":"ImageObject","inLanguage":"fr-FR","@id":"https:\/\/secure.gravatar.com\/avatar\/3c4ba80228d01014b25e45e90abb28ce315a02c6572751a7fb2298e4274989fc?s=96&d=mm&r=g","url":"https:\/\/secure.gravatar.com\/avatar\/3c4ba80228d01014b25e45e90abb28ce315a02c6572751a7fb2298e4274989fc?s=96&d=mm&r=g","contentUrl":"https:\/\/secure.gravatar.com\/avatar\/3c4ba80228d01014b25e45e90abb28ce315a02c6572751a7fb2298e4274989fc?s=96&d=mm&r=g","caption":"Equipe IFF"},"url":"https:\/\/www.france.fi\/fr\/author\/iffadmin\/"}]}},"_links":{"self":[{"href":"https:\/\/www.france.fi\/fr\/wp-json\/wp\/v2\/posts\/13709","targetHints":{"allow":["GET"]}}],"collection":[{"href":"https:\/\/www.france.fi\/fr\/wp-json\/wp\/v2\/posts"}],"about":[{"href":"https:\/\/www.france.fi\/fr\/wp-json\/wp\/v2\/types\/post"}],"author":[{"embeddable":true,"href":"https:\/\/www.france.fi\/fr\/wp-json\/wp\/v2\/users\/2"}],"replies":[{"embeddable":true,"href":"https:\/\/www.france.fi\/fr\/wp-json\/wp\/v2\/comments?post=13709"}],"version-history":[{"count":0,"href":"https:\/\/www.france.fi\/fr\/wp-json\/wp\/v2\/posts\/13709\/revisions"}],"wp:featuredmedia":[{"embeddable":true,"href":"https:\/\/www.france.fi\/fr\/wp-json\/wp\/v2\/media\/13710"}],"wp:attachment":[{"href":"https:\/\/www.france.fi\/fr\/wp-json\/wp\/v2\/media?parent=13709"}],"wp:term":[{"taxonomy":"category","embeddable":true,"href":"https:\/\/www.france.fi\/fr\/wp-json\/wp\/v2\/categories?post=13709"},{"taxonomy":"post_tag","embeddable":true,"href":"https:\/\/www.france.fi\/fr\/wp-json\/wp\/v2\/tags?post=13709"}],"curies":[{"name":"wp","href":"https:\/\/api.w.org\/{rel}","templated":true}]}}