{"id":14170,"date":"2023-09-05T16:00:23","date_gmt":"2023-09-05T13:00:23","guid":{"rendered":"https:\/\/www.france.fi\/?p=14170"},"modified":"2023-09-15T09:31:42","modified_gmt":"2023-09-15T06:31:42","slug":"celebration-des-60-ans-de-lordre-nationale-du-merite","status":"publish","type":"post","link":"https:\/\/www.france.fi\/fr\/culture\/celebration-des-60-ans-de-lordre-nationale-du-merite\/","title":{"rendered":"C\u00c9L\u00c9BRATION DES 60 ANS DE L&rsquo;ORDRE NATIONALE DU M\u00c9RITE"},"content":{"rendered":"<p>L&rsquo;<strong>Ordre National du M\u00e9rite fran\u00e7ais<\/strong> a \u00e9t\u00e9 <strong>cr\u00e9\u00e9 le 3 d\u00e9cembre 1963<\/strong> par le <strong>Pr\u00e9sident de Gaulle<\/strong>. Pour les c\u00e9l\u00e9brer les 60 ans de l\u2019ONM, l\u2019association finlandaise de l\u2019Ordre National du M\u00e9rite, cr\u00e9\u00e9e il y a 13 ans, organise une conf\u00e9rence publique le 14 septembre \u00e0 l&rsquo;auditorium K-13 de la Fondation du film finlandais \u00e0 Katajanokanlaituri 11.<\/p>\n<p>La conf\u00e9rence sera donn\u00e9e par <strong>Louis Clerc<\/strong>, professeur d&rsquo;histoire politique \u00e0 l&rsquo;universit\u00e9 de Turku. Sa pr\u00e9sentation mettra en lumi\u00e8re la politique du pr\u00e9sident de Gaulle et les relations entre la Finlande et la France apr\u00e8s la Seconde Guerre mondiale. La conf\u00e9rence sera donn\u00e9e <strong>en finnois<\/strong>.<\/p>\n<p>La pr\u00e9sentation sera suivie d&rsquo;une <strong>projection vid\u00e9o<\/strong> mettant en lumi\u00e8re <strong>60 ans de relations franco-finlandaises<\/strong>, r\u00e9alis\u00e9e par l&rsquo;Institut finlandais de l&rsquo;audiovisuel.<\/p>\n<p>L&rsquo;\u00e9v\u00e9nement d\u00e9butera \u00e0 13h00 et devrait durer deux heures. Le nombre de places est limit\u00e9.<\/p>\n<p>L\u2019\u00e9v\u00e8nement est ouvert \u00e0 tous ceux qui s&rsquo;int\u00e9ressent \u00e0 la culture et \u00e0 l&rsquo;histoire fran\u00e7aises. <strong>L&rsquo;\u00e9v\u00e9nement est gratuit<\/strong>. Les personnes souhaitant y assister sont invit\u00e9es \u00e0 r\u00e9server leurs billets en ligne \u00e0 l&rsquo;adresse suivante :<br \/>\n<strong><a href=\"https:\/\/kinok13.tapahtumiin.fi\/fi\/events\/e\/suomi-ranska-uutisfilmeissa-vuosikymmenten-takaa\/64915c7fc0291888248b4568\" target=\"_blank\" rel=\"noopener\">https:\/\/kinok13.tapahtumiin.fi\/fi\/events\/e\/suomi-ranska-uutisfilmeissa-vuosikymmenten-takaa\/64915c7fc0291888248b4568<\/a><\/strong><\/p>\n<p>Bienvenue \u00e0 la c\u00e9l\u00e9bration des relations franco-finlandaises !<\/p>\n<p>Association finlandaise de l&rsquo;Ordre du M\u00e9rite fran\u00e7ais r.y.<\/p>\n","protected":false},"excerpt":{"rendered":"<p>Conf\u00e9rence publique le 14 septembre 2023<\/p>\n","protected":false},"author":2,"featured_media":14171,"comment_status":"closed","ping_status":"open","sticky":false,"template":"","format":"standard","meta":{"footnotes":""},"categories":[1],"tags":[],"class_list":["post-14170","post","type-post","status-publish","format-standard","has-post-thumbnail","hentry","category-culture"],"yoast_head":"<!-- This site is optimized with the Yoast SEO plugin v27.4 - https:\/\/yoast.com\/product\/yoast-seo-wordpress\/ -->\n<title>C\u00c9L\u00c9BRATION DES 60 ANS DE L&#039;ORDRE NATIONALE DU M\u00c9RITE - Institut fran\u00e7ais<\/title>\n<meta name=\"robots\" content=\"index, follow, max-snippet:-1, max-image-preview:large, max-video-preview:-1\" \/>\n<link rel=\"canonical\" href=\"https:\/\/www.france.fi\/fr\/culture\/celebration-des-60-ans-de-lordre-nationale-du-merite\/\" \/>\n<meta property=\"og:locale\" content=\"fr_FR\" \/>\n<meta property=\"og:type\" content=\"article\" \/>\n<meta property=\"og:title\" content=\"C\u00c9L\u00c9BRATION DES 60 ANS DE L&#039;ORDRE NATIONALE DU M\u00c9RITE - Institut fran\u00e7ais\" \/>\n<meta property=\"og:description\" content=\"Conf\u00e9rence publique le 14 septembre 2023\" \/>\n<meta property=\"og:url\" content=\"https:\/\/www.france.fi\/fr\/culture\/celebration-des-60-ans-de-lordre-nationale-du-merite\/\" \/>\n<meta property=\"og:site_name\" content=\"Institut fran\u00e7ais\" \/>\n<meta property=\"article:publisher\" content=\"https:\/\/www.facebook.com\/institutfrancaisfi\" \/>\n<meta property=\"article:published_time\" content=\"2023-09-05T13:00:23+00:00\" \/>\n<meta property=\"article:modified_time\" content=\"2023-09-15T06:31:42+00:00\" \/>\n<meta property=\"og:image\" content=\"https:\/\/www.france.fi\/wp-content\/uploads\/2023\/09\/Suomi-Ranska-suhteiden-1098x617.jpg\" \/>\n\t<meta property=\"og:image:width\" content=\"1280\" \/>\n\t<meta property=\"og:image:height\" content=\"720\" \/>\n\t<meta property=\"og:image:type\" content=\"image\/jpeg\" \/>\n<meta name=\"author\" content=\"Equipe IFF\" \/>\n<meta name=\"twitter:card\" content=\"summary_large_image\" \/>\n<meta name=\"twitter:creator\" content=\"@IFFinlande\" \/>\n<meta name=\"twitter:site\" content=\"@IFFinlande\" \/>\n<meta name=\"twitter:label1\" content=\"\u00c9crit par\" \/>\n\t<meta name=\"twitter:data1\" content=\"Equipe IFF\" \/>\n\t<meta name=\"twitter:label2\" content=\"Dur\u00e9e de lecture estim\u00e9e\" \/>\n\t<meta name=\"twitter:data2\" content=\"1 minute\" \/>\n<script type=\"application\/ld+json\" class=\"yoast-schema-graph\">{\"@context\":\"https:\\\/\\\/schema.org\",\"@graph\":[{\"@type\":\"Article\",\"@id\":\"https:\\\/\\\/www.france.fi\\\/fr\\\/culture\\\/celebration-des-60-ans-de-lordre-nationale-du-merite\\\/#article\",\"isPartOf\":{\"@id\":\"https:\\\/\\\/www.france.fi\\\/fr\\\/culture\\\/celebration-des-60-ans-de-lordre-nationale-du-merite\\\/\"},\"author\":{\"name\":\"Equipe IFF\",\"@id\":\"https:\\\/\\\/www.france.fi\\\/#\\\/schema\\\/person\\\/ed873f29db1d0af6a3600d15d3b65bfd\"},\"headline\":\"C\u00c9L\u00c9BRATION DES 60 ANS DE L&rsquo;ORDRE NATIONALE DU M\u00c9RITE\",\"datePublished\":\"2023-09-05T13:00:23+00:00\",\"dateModified\":\"2023-09-15T06:31:42+00:00\",\"mainEntityOfPage\":{\"@id\":\"https:\\\/\\\/www.france.fi\\\/fr\\\/culture\\\/celebration-des-60-ans-de-lordre-nationale-du-merite\\\/\"},\"wordCount\":245,\"publisher\":{\"@id\":\"https:\\\/\\\/www.france.fi\\\/#organization\"},\"image\":{\"@id\":\"https:\\\/\\\/www.france.fi\\\/fr\\\/culture\\\/celebration-des-60-ans-de-lordre-nationale-du-merite\\\/#primaryimage\"},\"thumbnailUrl\":\"https:\\\/\\\/www.france.fi\\\/wp-content\\\/uploads\\\/2023\\\/09\\\/Suomi-Ranska-suhteiden-1098x617.jpg\",\"articleSection\":[\"Culture\"],\"inLanguage\":\"fr-FR\"},{\"@type\":\"WebPage\",\"@id\":\"https:\\\/\\\/www.france.fi\\\/fr\\\/culture\\\/celebration-des-60-ans-de-lordre-nationale-du-merite\\\/\",\"url\":\"https:\\\/\\\/www.france.fi\\\/fr\\\/culture\\\/celebration-des-60-ans-de-lordre-nationale-du-merite\\\/\",\"name\":\"C\u00c9L\u00c9BRATION DES 60 ANS DE L'ORDRE NATIONALE DU M\u00c9RITE - Institut fran\u00e7ais\",\"isPartOf\":{\"@id\":\"https:\\\/\\\/www.france.fi\\\/#website\"},\"primaryImageOfPage\":{\"@id\":\"https:\\\/\\\/www.france.fi\\\/fr\\\/culture\\\/celebration-des-60-ans-de-lordre-nationale-du-merite\\\/#primaryimage\"},\"image\":{\"@id\":\"https:\\\/\\\/www.france.fi\\\/fr\\\/culture\\\/celebration-des-60-ans-de-lordre-nationale-du-merite\\\/#primaryimage\"},\"thumbnailUrl\":\"https:\\\/\\\/www.france.fi\\\/wp-content\\\/uploads\\\/2023\\\/09\\\/Suomi-Ranska-suhteiden-1098x617.jpg\",\"datePublished\":\"2023-09-05T13:00:23+00:00\",\"dateModified\":\"2023-09-15T06:31:42+00:00\",\"breadcrumb\":{\"@id\":\"https:\\\/\\\/www.france.fi\\\/fr\\\/culture\\\/celebration-des-60-ans-de-lordre-nationale-du-merite\\\/#breadcrumb\"},\"inLanguage\":\"fr-FR\",\"potentialAction\":[{\"@type\":\"ReadAction\",\"target\":[\"https:\\\/\\\/www.france.fi\\\/fr\\\/culture\\\/celebration-des-60-ans-de-lordre-nationale-du-merite\\\/\"]}]},{\"@type\":\"ImageObject\",\"inLanguage\":\"fr-FR\",\"@id\":\"https:\\\/\\\/www.france.fi\\\/fr\\\/culture\\\/celebration-des-60-ans-de-lordre-nationale-du-merite\\\/#primaryimage\",\"url\":\"https:\\\/\\\/www.france.fi\\\/wp-content\\\/uploads\\\/2023\\\/09\\\/Suomi-Ranska-suhteiden-1098x617.jpg\",\"contentUrl\":\"https:\\\/\\\/www.france.fi\\\/wp-content\\\/uploads\\\/2023\\\/09\\\/Suomi-Ranska-suhteiden-1098x617.jpg\",\"width\":1280,\"height\":720,\"caption\":\"Image Finlandia-katsaus 301(Ambassade de France en Finlande 1956)\"},{\"@type\":\"BreadcrumbList\",\"@id\":\"https:\\\/\\\/www.france.fi\\\/fr\\\/culture\\\/celebration-des-60-ans-de-lordre-nationale-du-merite\\\/#breadcrumb\",\"itemListElement\":[{\"@type\":\"ListItem\",\"position\":1,\"name\":\"Home\",\"item\":\"https:\\\/\\\/www.france.fi\\\/fr\\\/\"},{\"@type\":\"ListItem\",\"position\":2,\"name\":\"Culture\",\"item\":\"https:\\\/\\\/www.france.fi\\\/fr\\\/category\\\/culture\\\/\"},{\"@type\":\"ListItem\",\"position\":3,\"name\":\"C\u00c9L\u00c9BRATION DES 60 ANS DE L&rsquo;ORDRE NATIONALE DU M\u00c9RITE\"}]},{\"@type\":\"WebSite\",\"@id\":\"https:\\\/\\\/www.france.fi\\\/#website\",\"url\":\"https:\\\/\\\/www.france.fi\\\/\",\"name\":\"Institut fran\u00e7ais de Finlande\",\"description\":\"\",\"publisher\":{\"@id\":\"https:\\\/\\\/www.france.fi\\\/#organization\"},\"potentialAction\":[{\"@type\":\"SearchAction\",\"target\":{\"@type\":\"EntryPoint\",\"urlTemplate\":\"https:\\\/\\\/www.france.fi\\\/?s={search_term_string}\"},\"query-input\":{\"@type\":\"PropertyValueSpecification\",\"valueRequired\":true,\"valueName\":\"search_term_string\"}}],\"inLanguage\":\"fr-FR\"},{\"@type\":\"Organization\",\"@id\":\"https:\\\/\\\/www.france.fi\\\/#organization\",\"name\":\"Institut fran\u00e7ais de Finlande\",\"url\":\"https:\\\/\\\/www.france.fi\\\/\",\"logo\":{\"@type\":\"ImageObject\",\"inLanguage\":\"fr-FR\",\"@id\":\"https:\\\/\\\/www.france.fi\\\/#\\\/schema\\\/logo\\\/image\\\/\",\"url\":\"https:\\\/\\\/www.france.fi\\\/wp-content\\\/uploads\\\/2024\\\/02\\\/if-logo-1.png\",\"contentUrl\":\"https:\\\/\\\/www.france.fi\\\/wp-content\\\/uploads\\\/2024\\\/02\\\/if-logo-1.png\",\"width\":687,\"height\":459,\"caption\":\"Institut fran\u00e7ais de Finlande\"},\"image\":{\"@id\":\"https:\\\/\\\/www.france.fi\\\/#\\\/schema\\\/logo\\\/image\\\/\"},\"sameAs\":[\"https:\\\/\\\/www.facebook.com\\\/institutfrancaisfi\",\"https:\\\/\\\/x.com\\\/IFFinlande\",\"https:\\\/\\\/www.instagram.com\\\/iffinlande\\\/\",\"https:\\\/\\\/fr.linkedin.com\\\/organization-guest\\\/company\\\/institut-fran-ais-de-finlande\",\"https:\\\/\\\/www.youtube.com\\\/channel\\\/UCHAitdpmSbeP78eL49XMotA\"]},{\"@type\":\"Person\",\"@id\":\"https:\\\/\\\/www.france.fi\\\/#\\\/schema\\\/person\\\/ed873f29db1d0af6a3600d15d3b65bfd\",\"name\":\"Equipe IFF\",\"image\":{\"@type\":\"ImageObject\",\"inLanguage\":\"fr-FR\",\"@id\":\"https:\\\/\\\/secure.gravatar.com\\\/avatar\\\/3c4ba80228d01014b25e45e90abb28ce315a02c6572751a7fb2298e4274989fc?s=96&d=mm&r=g\",\"url\":\"https:\\\/\\\/secure.gravatar.com\\\/avatar\\\/3c4ba80228d01014b25e45e90abb28ce315a02c6572751a7fb2298e4274989fc?s=96&d=mm&r=g\",\"contentUrl\":\"https:\\\/\\\/secure.gravatar.com\\\/avatar\\\/3c4ba80228d01014b25e45e90abb28ce315a02c6572751a7fb2298e4274989fc?s=96&d=mm&r=g\",\"caption\":\"Equipe IFF\"},\"url\":\"https:\\\/\\\/www.france.fi\\\/fr\\\/author\\\/iffadmin\\\/\"}]}<\/script>\n<!-- \/ Yoast SEO plugin. -->","yoast_head_json":{"title":"C\u00c9L\u00c9BRATION DES 60 ANS DE L'ORDRE NATIONALE DU M\u00c9RITE - Institut fran\u00e7ais","robots":{"index":"index","follow":"follow","max-snippet":"max-snippet:-1","max-image-preview":"max-image-preview:large","max-video-preview":"max-video-preview:-1"},"canonical":"https:\/\/www.france.fi\/fr\/culture\/celebration-des-60-ans-de-lordre-nationale-du-merite\/","og_locale":"fr_FR","og_type":"article","og_title":"C\u00c9L\u00c9BRATION DES 60 ANS DE L'ORDRE NATIONALE DU M\u00c9RITE - Institut fran\u00e7ais","og_description":"Conf\u00e9rence publique le 14 septembre 2023","og_url":"https:\/\/www.france.fi\/fr\/culture\/celebration-des-60-ans-de-lordre-nationale-du-merite\/","og_site_name":"Institut fran\u00e7ais","article_publisher":"https:\/\/www.facebook.com\/institutfrancaisfi","article_published_time":"2023-09-05T13:00:23+00:00","article_modified_time":"2023-09-15T06:31:42+00:00","og_image":[{"width":1280,"height":720,"url":"https:\/\/www.france.fi\/wp-content\/uploads\/2023\/09\/Suomi-Ranska-suhteiden-1098x617.jpg","type":"image\/jpeg"}],"author":"Equipe IFF","twitter_card":"summary_large_image","twitter_creator":"@IFFinlande","twitter_site":"@IFFinlande","twitter_misc":{"\u00c9crit par":"Equipe IFF","Dur\u00e9e de lecture estim\u00e9e":"1 minute"},"schema":{"@context":"https:\/\/schema.org","@graph":[{"@type":"Article","@id":"https:\/\/www.france.fi\/fr\/culture\/celebration-des-60-ans-de-lordre-nationale-du-merite\/#article","isPartOf":{"@id":"https:\/\/www.france.fi\/fr\/culture\/celebration-des-60-ans-de-lordre-nationale-du-merite\/"},"author":{"name":"Equipe IFF","@id":"https:\/\/www.france.fi\/#\/schema\/person\/ed873f29db1d0af6a3600d15d3b65bfd"},"headline":"C\u00c9L\u00c9BRATION DES 60 ANS DE L&rsquo;ORDRE NATIONALE DU M\u00c9RITE","datePublished":"2023-09-05T13:00:23+00:00","dateModified":"2023-09-15T06:31:42+00:00","mainEntityOfPage":{"@id":"https:\/\/www.france.fi\/fr\/culture\/celebration-des-60-ans-de-lordre-nationale-du-merite\/"},"wordCount":245,"publisher":{"@id":"https:\/\/www.france.fi\/#organization"},"image":{"@id":"https:\/\/www.france.fi\/fr\/culture\/celebration-des-60-ans-de-lordre-nationale-du-merite\/#primaryimage"},"thumbnailUrl":"https:\/\/www.france.fi\/wp-content\/uploads\/2023\/09\/Suomi-Ranska-suhteiden-1098x617.jpg","articleSection":["Culture"],"inLanguage":"fr-FR"},{"@type":"WebPage","@id":"https:\/\/www.france.fi\/fr\/culture\/celebration-des-60-ans-de-lordre-nationale-du-merite\/","url":"https:\/\/www.france.fi\/fr\/culture\/celebration-des-60-ans-de-lordre-nationale-du-merite\/","name":"C\u00c9L\u00c9BRATION DES 60 ANS DE L'ORDRE NATIONALE DU M\u00c9RITE - Institut fran\u00e7ais","isPartOf":{"@id":"https:\/\/www.france.fi\/#website"},"primaryImageOfPage":{"@id":"https:\/\/www.france.fi\/fr\/culture\/celebration-des-60-ans-de-lordre-nationale-du-merite\/#primaryimage"},"image":{"@id":"https:\/\/www.france.fi\/fr\/culture\/celebration-des-60-ans-de-lordre-nationale-du-merite\/#primaryimage"},"thumbnailUrl":"https:\/\/www.france.fi\/wp-content\/uploads\/2023\/09\/Suomi-Ranska-suhteiden-1098x617.jpg","datePublished":"2023-09-05T13:00:23+00:00","dateModified":"2023-09-15T06:31:42+00:00","breadcrumb":{"@id":"https:\/\/www.france.fi\/fr\/culture\/celebration-des-60-ans-de-lordre-nationale-du-merite\/#breadcrumb"},"inLanguage":"fr-FR","potentialAction":[{"@type":"ReadAction","target":["https:\/\/www.france.fi\/fr\/culture\/celebration-des-60-ans-de-lordre-nationale-du-merite\/"]}]},{"@type":"ImageObject","inLanguage":"fr-FR","@id":"https:\/\/www.france.fi\/fr\/culture\/celebration-des-60-ans-de-lordre-nationale-du-merite\/#primaryimage","url":"https:\/\/www.france.fi\/wp-content\/uploads\/2023\/09\/Suomi-Ranska-suhteiden-1098x617.jpg","contentUrl":"https:\/\/www.france.fi\/wp-content\/uploads\/2023\/09\/Suomi-Ranska-suhteiden-1098x617.jpg","width":1280,"height":720,"caption":"Image Finlandia-katsaus 301(Ambassade de France en Finlande 1956)"},{"@type":"BreadcrumbList","@id":"https:\/\/www.france.fi\/fr\/culture\/celebration-des-60-ans-de-lordre-nationale-du-merite\/#breadcrumb","itemListElement":[{"@type":"ListItem","position":1,"name":"Home","item":"https:\/\/www.france.fi\/fr\/"},{"@type":"ListItem","position":2,"name":"Culture","item":"https:\/\/www.france.fi\/fr\/category\/culture\/"},{"@type":"ListItem","position":3,"name":"C\u00c9L\u00c9BRATION DES 60 ANS DE L&rsquo;ORDRE NATIONALE DU M\u00c9RITE"}]},{"@type":"WebSite","@id":"https:\/\/www.france.fi\/#website","url":"https:\/\/www.france.fi\/","name":"Institut fran\u00e7ais de Finlande","description":"","publisher":{"@id":"https:\/\/www.france.fi\/#organization"},"potentialAction":[{"@type":"SearchAction","target":{"@type":"EntryPoint","urlTemplate":"https:\/\/www.france.fi\/?s={search_term_string}"},"query-input":{"@type":"PropertyValueSpecification","valueRequired":true,"valueName":"search_term_string"}}],"inLanguage":"fr-FR"},{"@type":"Organization","@id":"https:\/\/www.france.fi\/#organization","name":"Institut fran\u00e7ais de Finlande","url":"https:\/\/www.france.fi\/","logo":{"@type":"ImageObject","inLanguage":"fr-FR","@id":"https:\/\/www.france.fi\/#\/schema\/logo\/image\/","url":"https:\/\/www.france.fi\/wp-content\/uploads\/2024\/02\/if-logo-1.png","contentUrl":"https:\/\/www.france.fi\/wp-content\/uploads\/2024\/02\/if-logo-1.png","width":687,"height":459,"caption":"Institut fran\u00e7ais de Finlande"},"image":{"@id":"https:\/\/www.france.fi\/#\/schema\/logo\/image\/"},"sameAs":["https:\/\/www.facebook.com\/institutfrancaisfi","https:\/\/x.com\/IFFinlande","https:\/\/www.instagram.com\/iffinlande\/","https:\/\/fr.linkedin.com\/organization-guest\/company\/institut-fran-ais-de-finlande","https:\/\/www.youtube.com\/channel\/UCHAitdpmSbeP78eL49XMotA"]},{"@type":"Person","@id":"https:\/\/www.france.fi\/#\/schema\/person\/ed873f29db1d0af6a3600d15d3b65bfd","name":"Equipe IFF","image":{"@type":"ImageObject","inLanguage":"fr-FR","@id":"https:\/\/secure.gravatar.com\/avatar\/3c4ba80228d01014b25e45e90abb28ce315a02c6572751a7fb2298e4274989fc?s=96&d=mm&r=g","url":"https:\/\/secure.gravatar.com\/avatar\/3c4ba80228d01014b25e45e90abb28ce315a02c6572751a7fb2298e4274989fc?s=96&d=mm&r=g","contentUrl":"https:\/\/secure.gravatar.com\/avatar\/3c4ba80228d01014b25e45e90abb28ce315a02c6572751a7fb2298e4274989fc?s=96&d=mm&r=g","caption":"Equipe IFF"},"url":"https:\/\/www.france.fi\/fr\/author\/iffadmin\/"}]}},"_links":{"self":[{"href":"https:\/\/www.france.fi\/fr\/wp-json\/wp\/v2\/posts\/14170","targetHints":{"allow":["GET"]}}],"collection":[{"href":"https:\/\/www.france.fi\/fr\/wp-json\/wp\/v2\/posts"}],"about":[{"href":"https:\/\/www.france.fi\/fr\/wp-json\/wp\/v2\/types\/post"}],"author":[{"embeddable":true,"href":"https:\/\/www.france.fi\/fr\/wp-json\/wp\/v2\/users\/2"}],"replies":[{"embeddable":true,"href":"https:\/\/www.france.fi\/fr\/wp-json\/wp\/v2\/comments?post=14170"}],"version-history":[{"count":0,"href":"https:\/\/www.france.fi\/fr\/wp-json\/wp\/v2\/posts\/14170\/revisions"}],"wp:featuredmedia":[{"embeddable":true,"href":"https:\/\/www.france.fi\/fr\/wp-json\/wp\/v2\/media\/14171"}],"wp:attachment":[{"href":"https:\/\/www.france.fi\/fr\/wp-json\/wp\/v2\/media?parent=14170"}],"wp:term":[{"taxonomy":"category","embeddable":true,"href":"https:\/\/www.france.fi\/fr\/wp-json\/wp\/v2\/categories?post=14170"},{"taxonomy":"post_tag","embeddable":true,"href":"https:\/\/www.france.fi\/fr\/wp-json\/wp\/v2\/tags?post=14170"}],"curies":[{"name":"wp","href":"https:\/\/api.w.org\/{rel}","templated":true}]}}