{"id":14335,"date":"2023-09-20T13:08:58","date_gmt":"2023-09-20T10:08:58","guid":{"rendered":"https:\/\/www.france.fi\/?p=14335"},"modified":"2024-03-12T10:28:04","modified_gmt":"2024-03-12T08:28:04","slug":"antoine-doucet-laureat-chaire-dexcellence-france-nokia","status":"publish","type":"post","link":"https:\/\/www.france.fi\/fr\/sciences-et-universites\/antoine-doucet-laureat-chaire-dexcellence-france-nokia\/","title":{"rendered":"Antoine Doucet, laur\u00e9at Chaire d\u2019Excellence France-Nokia !"},"content":{"rendered":"<p>Chaque ann\u00e9e, l\u2019<strong>Institut fran\u00e7ais de Finlande et Nokia Foundation<\/strong> attribuent le prix scientifique <strong>Chaire d\u2019Excellence France-Nokia<\/strong> \u00e0 un.e ou \u00e0 plusieurs chercheur.se.s. fran\u00e7ais\u00b7es afin de renforcer la collaboration scientifique entre la France et la Finlande. Le programme est ouvert aux universitaires et sp\u00e9cialistes des technologies de l\u2019information et de la communication (TIC), et il permet d\u2019effectuer un s\u00e9jour acad\u00e9mique en Finlande. L\u2019objectif de ce s\u00e9jour est de faire progresser la recherche sur les TIC et encourager les publications conjointes entre chercheurs fran\u00e7ais et finlandais dans ce domaine.<\/p>\n<p>L\u2019un des candidats retenus cette ann\u00e9e est <strong>Antoine Doucet<\/strong>, professeur des universit\u00e9s \u00e0 La Rochelle Universit\u00e9 depuis 2014. Ses recherches sont \u00e0 l\u2019intersection entre la recherche d\u2019informations, le traitement automatique des langues, la fouille de donn\u00e9es textuelles et l\u2019intelligence artificielle. Dans ce contexte, ses travaux visent au d\u00e9veloppement de m\u00e9thodes passant \u00e0 l&rsquo;\u00e9chelle et utilisant aussi peu de de ressources externes que possible, afin d&rsquo;\u00eatre notamment applicables \u00e0 toute langue de r\u00e9daction et \u00e0 tout type de document, de la presse en ligne aux r\u00e9seaux sociaux, du document num\u00e9rique natif aux manuscrits anciens num\u00e9ris\u00e9s.<\/p>\n<p>Quant \u00e0 son projet dans le cadre du programme <strong>Chaire d\u2019Excellence France-Nokia<\/strong>, il vise \u00e0 rendre possible l&rsquo;analyse robuste de grandes collections de contenus textuels, y compris ceux de faible qualit\u00e9, adapt\u00e9s \u00e0 des contenus dans n&rsquo;importe quelle langue, en particulier les langues pour lesquelles moins de ressources sont disponibles, telles que le finnois. Ses objectifs sont des <strong>applications de l&rsquo;IA<\/strong>, dans la lign\u00e9e de l&rsquo;IA explicable, visant \u00e0 la conception de nouveaux mod\u00e8les et architectures. Des exp\u00e9riences r\u00e9centes au <strong>laboratoire L3i<\/strong>, sous sa responsabilit\u00e9, montrent que les grands mod\u00e8les de langue (LLM, tels que ChatGPT) sont inefficaces pour traiter les textes bruit\u00e9s, mais qu&rsquo;ils peuvent \u00eatre affin\u00e9s afin de d\u00e9velopper des solutions adapt\u00e9es.<\/p>\n<p>Retrouvez plus d\u2019informations sur le programme en cliquant <strong><a href=\"https:\/\/www.france.fi\/fr\/sciences-et-universites\/france-nokia-chaire-dexcellence-ict\/#\/\" rel=\"noopener\">ici<\/a><\/strong>\u00a0!<\/p>\n<div class=\"epyt-video-wrapper\"><iframe loading=\"lazy\"  id=\"_ytid_66329\"  width=\"580\" height=\"326\"  data-origwidth=\"580\" data-origheight=\"326\" src=\"https:\/\/www.youtube.com\/embed\/gxynPIUDZN8?enablejsapi=1&#038;autoplay=0&#038;cc_load_policy=0&#038;cc_lang_pref=&#038;iv_load_policy=1&#038;loop=0&#038;rel=1&#038;fs=1&#038;playsinline=0&#038;autohide=2&#038;theme=dark&#038;color=red&#038;controls=1&#038;disablekb=0&#038;\" class=\"__youtube_prefs__  epyt-is-override  no-lazyload\" title=\"YouTube player\"  allow=\"fullscreen; accelerometer; autoplay; clipboard-write; encrypted-media; gyroscope; picture-in-picture; web-share\" referrerpolicy=\"strict-origin-when-cross-origin\" allowfullscreen data-no-lazy=\"1\" data-skipgform_ajax_framebjll=\"\"><\/iframe><\/div>\n","protected":false},"excerpt":{"rendered":"<p>L\u2019Institut fran\u00e7ais de Finlande vous pr\u00e9sente : Antoine Doucet, laur\u00e9at Chaire d\u2019Excellence France-Nokia !<\/p>\n","protected":false},"author":2,"featured_media":14336,"comment_status":"closed","ping_status":"open","sticky":false,"template":"","format":"standard","meta":{"footnotes":""},"categories":[4],"tags":[],"class_list":["post-14335","post","type-post","status-publish","format-standard","has-post-thumbnail","hentry","category-sciences-et-universites"],"yoast_head":"<!-- This site is optimized with the Yoast SEO plugin v27.4 - https:\/\/yoast.com\/product\/yoast-seo-wordpress\/ -->\n<title>Antoine Doucet, laur\u00e9at Chaire d\u2019Excellence France-Nokia ! - Institut fran\u00e7ais<\/title>\n<meta name=\"description\" content=\"L\u2019Institut fran\u00e7ais de Finlande vous pr\u00e9sente : Antoine Doucet, laur\u00e9at Chaire d\u2019Excellence France-Nokia !\" \/>\n<meta name=\"robots\" content=\"index, follow, max-snippet:-1, max-image-preview:large, max-video-preview:-1\" \/>\n<link rel=\"canonical\" href=\"https:\/\/www.france.fi\/fr\/sciences-et-universites\/antoine-doucet-laureat-chaire-dexcellence-france-nokia\/\" \/>\n<meta property=\"og:locale\" content=\"fr_FR\" \/>\n<meta property=\"og:type\" content=\"article\" \/>\n<meta property=\"og:title\" content=\"Antoine Doucet, laur\u00e9at Chaire d\u2019Excellence France-Nokia ! - Institut fran\u00e7ais\" \/>\n<meta property=\"og:description\" content=\"L\u2019Institut fran\u00e7ais de Finlande vous pr\u00e9sente : Antoine Doucet, laur\u00e9at Chaire d\u2019Excellence France-Nokia !\" \/>\n<meta property=\"og:url\" content=\"https:\/\/www.france.fi\/fr\/sciences-et-universites\/antoine-doucet-laureat-chaire-dexcellence-france-nokia\/\" \/>\n<meta property=\"og:site_name\" content=\"Institut fran\u00e7ais\" \/>\n<meta property=\"article:publisher\" content=\"https:\/\/www.facebook.com\/institutfrancaisfi\" \/>\n<meta property=\"article:published_time\" content=\"2023-09-20T10:08:58+00:00\" \/>\n<meta property=\"article:modified_time\" content=\"2024-03-12T08:28:04+00:00\" \/>\n<meta property=\"og:image\" content=\"https:\/\/www.france.fi\/wp-content\/uploads\/2023\/09\/NOKIA-laureates-1098x617.jpg\" \/>\n\t<meta property=\"og:image:width\" content=\"1280\" \/>\n\t<meta property=\"og:image:height\" content=\"720\" \/>\n\t<meta property=\"og:image:type\" content=\"image\/jpeg\" \/>\n<meta name=\"author\" content=\"Equipe IFF\" \/>\n<meta name=\"twitter:card\" content=\"summary_large_image\" \/>\n<meta name=\"twitter:creator\" content=\"@IFFinlande\" \/>\n<meta name=\"twitter:site\" content=\"@IFFinlande\" \/>\n<meta name=\"twitter:label1\" content=\"\u00c9crit par\" \/>\n\t<meta name=\"twitter:data1\" content=\"Equipe IFF\" \/>\n\t<meta name=\"twitter:label2\" content=\"Dur\u00e9e de lecture estim\u00e9e\" \/>\n\t<meta name=\"twitter:data2\" content=\"2 minutes\" \/>\n<script type=\"application\/ld+json\" class=\"yoast-schema-graph\">{\"@context\":\"https:\\\/\\\/schema.org\",\"@graph\":[{\"@type\":\"Article\",\"@id\":\"https:\\\/\\\/www.france.fi\\\/fr\\\/sciences-et-universites\\\/antoine-doucet-laureat-chaire-dexcellence-france-nokia\\\/#article\",\"isPartOf\":{\"@id\":\"https:\\\/\\\/www.france.fi\\\/fr\\\/sciences-et-universites\\\/antoine-doucet-laureat-chaire-dexcellence-france-nokia\\\/\"},\"author\":{\"name\":\"Equipe IFF\",\"@id\":\"https:\\\/\\\/www.france.fi\\\/#\\\/schema\\\/person\\\/ed873f29db1d0af6a3600d15d3b65bfd\"},\"headline\":\"Antoine Doucet, laur\u00e9at Chaire d\u2019Excellence France-Nokia !\",\"datePublished\":\"2023-09-20T10:08:58+00:00\",\"dateModified\":\"2024-03-12T08:28:04+00:00\",\"mainEntityOfPage\":{\"@id\":\"https:\\\/\\\/www.france.fi\\\/fr\\\/sciences-et-universites\\\/antoine-doucet-laureat-chaire-dexcellence-france-nokia\\\/\"},\"wordCount\":358,\"publisher\":{\"@id\":\"https:\\\/\\\/www.france.fi\\\/#organization\"},\"image\":{\"@id\":\"https:\\\/\\\/www.france.fi\\\/fr\\\/sciences-et-universites\\\/antoine-doucet-laureat-chaire-dexcellence-france-nokia\\\/#primaryimage\"},\"thumbnailUrl\":\"https:\\\/\\\/www.france.fi\\\/wp-content\\\/uploads\\\/2023\\\/09\\\/NOKIA-laureates-1098x617.jpg\",\"articleSection\":[\"Sciences et universit\u00e9s\"],\"inLanguage\":\"fr-FR\"},{\"@type\":\"WebPage\",\"@id\":\"https:\\\/\\\/www.france.fi\\\/fr\\\/sciences-et-universites\\\/antoine-doucet-laureat-chaire-dexcellence-france-nokia\\\/\",\"url\":\"https:\\\/\\\/www.france.fi\\\/fr\\\/sciences-et-universites\\\/antoine-doucet-laureat-chaire-dexcellence-france-nokia\\\/\",\"name\":\"Antoine Doucet, laur\u00e9at Chaire d\u2019Excellence France-Nokia ! - Institut fran\u00e7ais\",\"isPartOf\":{\"@id\":\"https:\\\/\\\/www.france.fi\\\/#website\"},\"primaryImageOfPage\":{\"@id\":\"https:\\\/\\\/www.france.fi\\\/fr\\\/sciences-et-universites\\\/antoine-doucet-laureat-chaire-dexcellence-france-nokia\\\/#primaryimage\"},\"image\":{\"@id\":\"https:\\\/\\\/www.france.fi\\\/fr\\\/sciences-et-universites\\\/antoine-doucet-laureat-chaire-dexcellence-france-nokia\\\/#primaryimage\"},\"thumbnailUrl\":\"https:\\\/\\\/www.france.fi\\\/wp-content\\\/uploads\\\/2023\\\/09\\\/NOKIA-laureates-1098x617.jpg\",\"datePublished\":\"2023-09-20T10:08:58+00:00\",\"dateModified\":\"2024-03-12T08:28:04+00:00\",\"description\":\"L\u2019Institut fran\u00e7ais de Finlande vous pr\u00e9sente : Antoine Doucet, laur\u00e9at Chaire d\u2019Excellence France-Nokia !\",\"breadcrumb\":{\"@id\":\"https:\\\/\\\/www.france.fi\\\/fr\\\/sciences-et-universites\\\/antoine-doucet-laureat-chaire-dexcellence-france-nokia\\\/#breadcrumb\"},\"inLanguage\":\"fr-FR\",\"potentialAction\":[{\"@type\":\"ReadAction\",\"target\":[\"https:\\\/\\\/www.france.fi\\\/fr\\\/sciences-et-universites\\\/antoine-doucet-laureat-chaire-dexcellence-france-nokia\\\/\"]}]},{\"@type\":\"ImageObject\",\"inLanguage\":\"fr-FR\",\"@id\":\"https:\\\/\\\/www.france.fi\\\/fr\\\/sciences-et-universites\\\/antoine-doucet-laureat-chaire-dexcellence-france-nokia\\\/#primaryimage\",\"url\":\"https:\\\/\\\/www.france.fi\\\/wp-content\\\/uploads\\\/2023\\\/09\\\/NOKIA-laureates-1098x617.jpg\",\"contentUrl\":\"https:\\\/\\\/www.france.fi\\\/wp-content\\\/uploads\\\/2023\\\/09\\\/NOKIA-laureates-1098x617.jpg\",\"width\":1280,\"height\":720},{\"@type\":\"BreadcrumbList\",\"@id\":\"https:\\\/\\\/www.france.fi\\\/fr\\\/sciences-et-universites\\\/antoine-doucet-laureat-chaire-dexcellence-france-nokia\\\/#breadcrumb\",\"itemListElement\":[{\"@type\":\"ListItem\",\"position\":1,\"name\":\"Home\",\"item\":\"https:\\\/\\\/www.france.fi\\\/fr\\\/\"},{\"@type\":\"ListItem\",\"position\":2,\"name\":\"Sciences et universit\u00e9s\",\"item\":\"https:\\\/\\\/www.france.fi\\\/fr\\\/category\\\/sciences-et-universites\\\/\"},{\"@type\":\"ListItem\",\"position\":3,\"name\":\"Antoine Doucet, laur\u00e9at Chaire d\u2019Excellence France-Nokia !\"}]},{\"@type\":\"WebSite\",\"@id\":\"https:\\\/\\\/www.france.fi\\\/#website\",\"url\":\"https:\\\/\\\/www.france.fi\\\/\",\"name\":\"Institut fran\u00e7ais de Finlande\",\"description\":\"\",\"publisher\":{\"@id\":\"https:\\\/\\\/www.france.fi\\\/#organization\"},\"potentialAction\":[{\"@type\":\"SearchAction\",\"target\":{\"@type\":\"EntryPoint\",\"urlTemplate\":\"https:\\\/\\\/www.france.fi\\\/?s={search_term_string}\"},\"query-input\":{\"@type\":\"PropertyValueSpecification\",\"valueRequired\":true,\"valueName\":\"search_term_string\"}}],\"inLanguage\":\"fr-FR\"},{\"@type\":\"Organization\",\"@id\":\"https:\\\/\\\/www.france.fi\\\/#organization\",\"name\":\"Institut fran\u00e7ais de Finlande\",\"url\":\"https:\\\/\\\/www.france.fi\\\/\",\"logo\":{\"@type\":\"ImageObject\",\"inLanguage\":\"fr-FR\",\"@id\":\"https:\\\/\\\/www.france.fi\\\/#\\\/schema\\\/logo\\\/image\\\/\",\"url\":\"https:\\\/\\\/www.france.fi\\\/wp-content\\\/uploads\\\/2024\\\/02\\\/if-logo-1.png\",\"contentUrl\":\"https:\\\/\\\/www.france.fi\\\/wp-content\\\/uploads\\\/2024\\\/02\\\/if-logo-1.png\",\"width\":687,\"height\":459,\"caption\":\"Institut fran\u00e7ais de Finlande\"},\"image\":{\"@id\":\"https:\\\/\\\/www.france.fi\\\/#\\\/schema\\\/logo\\\/image\\\/\"},\"sameAs\":[\"https:\\\/\\\/www.facebook.com\\\/institutfrancaisfi\",\"https:\\\/\\\/x.com\\\/IFFinlande\",\"https:\\\/\\\/www.instagram.com\\\/iffinlande\\\/\",\"https:\\\/\\\/fr.linkedin.com\\\/organization-guest\\\/company\\\/institut-fran-ais-de-finlande\",\"https:\\\/\\\/www.youtube.com\\\/channel\\\/UCHAitdpmSbeP78eL49XMotA\"]},{\"@type\":\"Person\",\"@id\":\"https:\\\/\\\/www.france.fi\\\/#\\\/schema\\\/person\\\/ed873f29db1d0af6a3600d15d3b65bfd\",\"name\":\"Equipe IFF\",\"image\":{\"@type\":\"ImageObject\",\"inLanguage\":\"fr-FR\",\"@id\":\"https:\\\/\\\/secure.gravatar.com\\\/avatar\\\/3c4ba80228d01014b25e45e90abb28ce315a02c6572751a7fb2298e4274989fc?s=96&d=mm&r=g\",\"url\":\"https:\\\/\\\/secure.gravatar.com\\\/avatar\\\/3c4ba80228d01014b25e45e90abb28ce315a02c6572751a7fb2298e4274989fc?s=96&d=mm&r=g\",\"contentUrl\":\"https:\\\/\\\/secure.gravatar.com\\\/avatar\\\/3c4ba80228d01014b25e45e90abb28ce315a02c6572751a7fb2298e4274989fc?s=96&d=mm&r=g\",\"caption\":\"Equipe IFF\"},\"url\":\"https:\\\/\\\/www.france.fi\\\/fr\\\/author\\\/iffadmin\\\/\"}]}<\/script>\n<!-- \/ Yoast SEO plugin. -->","yoast_head_json":{"title":"Antoine Doucet, laur\u00e9at Chaire d\u2019Excellence France-Nokia ! - Institut fran\u00e7ais","description":"L\u2019Institut fran\u00e7ais de Finlande vous pr\u00e9sente : Antoine Doucet, laur\u00e9at Chaire d\u2019Excellence France-Nokia !","robots":{"index":"index","follow":"follow","max-snippet":"max-snippet:-1","max-image-preview":"max-image-preview:large","max-video-preview":"max-video-preview:-1"},"canonical":"https:\/\/www.france.fi\/fr\/sciences-et-universites\/antoine-doucet-laureat-chaire-dexcellence-france-nokia\/","og_locale":"fr_FR","og_type":"article","og_title":"Antoine Doucet, laur\u00e9at Chaire d\u2019Excellence France-Nokia ! - Institut fran\u00e7ais","og_description":"L\u2019Institut fran\u00e7ais de Finlande vous pr\u00e9sente : Antoine Doucet, laur\u00e9at Chaire d\u2019Excellence France-Nokia !","og_url":"https:\/\/www.france.fi\/fr\/sciences-et-universites\/antoine-doucet-laureat-chaire-dexcellence-france-nokia\/","og_site_name":"Institut fran\u00e7ais","article_publisher":"https:\/\/www.facebook.com\/institutfrancaisfi","article_published_time":"2023-09-20T10:08:58+00:00","article_modified_time":"2024-03-12T08:28:04+00:00","og_image":[{"width":1280,"height":720,"url":"https:\/\/www.france.fi\/wp-content\/uploads\/2023\/09\/NOKIA-laureates-1098x617.jpg","type":"image\/jpeg"}],"author":"Equipe IFF","twitter_card":"summary_large_image","twitter_creator":"@IFFinlande","twitter_site":"@IFFinlande","twitter_misc":{"\u00c9crit par":"Equipe IFF","Dur\u00e9e de lecture estim\u00e9e":"2 minutes"},"schema":{"@context":"https:\/\/schema.org","@graph":[{"@type":"Article","@id":"https:\/\/www.france.fi\/fr\/sciences-et-universites\/antoine-doucet-laureat-chaire-dexcellence-france-nokia\/#article","isPartOf":{"@id":"https:\/\/www.france.fi\/fr\/sciences-et-universites\/antoine-doucet-laureat-chaire-dexcellence-france-nokia\/"},"author":{"name":"Equipe IFF","@id":"https:\/\/www.france.fi\/#\/schema\/person\/ed873f29db1d0af6a3600d15d3b65bfd"},"headline":"Antoine Doucet, laur\u00e9at Chaire d\u2019Excellence France-Nokia !","datePublished":"2023-09-20T10:08:58+00:00","dateModified":"2024-03-12T08:28:04+00:00","mainEntityOfPage":{"@id":"https:\/\/www.france.fi\/fr\/sciences-et-universites\/antoine-doucet-laureat-chaire-dexcellence-france-nokia\/"},"wordCount":358,"publisher":{"@id":"https:\/\/www.france.fi\/#organization"},"image":{"@id":"https:\/\/www.france.fi\/fr\/sciences-et-universites\/antoine-doucet-laureat-chaire-dexcellence-france-nokia\/#primaryimage"},"thumbnailUrl":"https:\/\/www.france.fi\/wp-content\/uploads\/2023\/09\/NOKIA-laureates-1098x617.jpg","articleSection":["Sciences et universit\u00e9s"],"inLanguage":"fr-FR"},{"@type":"WebPage","@id":"https:\/\/www.france.fi\/fr\/sciences-et-universites\/antoine-doucet-laureat-chaire-dexcellence-france-nokia\/","url":"https:\/\/www.france.fi\/fr\/sciences-et-universites\/antoine-doucet-laureat-chaire-dexcellence-france-nokia\/","name":"Antoine Doucet, laur\u00e9at Chaire d\u2019Excellence France-Nokia ! - Institut fran\u00e7ais","isPartOf":{"@id":"https:\/\/www.france.fi\/#website"},"primaryImageOfPage":{"@id":"https:\/\/www.france.fi\/fr\/sciences-et-universites\/antoine-doucet-laureat-chaire-dexcellence-france-nokia\/#primaryimage"},"image":{"@id":"https:\/\/www.france.fi\/fr\/sciences-et-universites\/antoine-doucet-laureat-chaire-dexcellence-france-nokia\/#primaryimage"},"thumbnailUrl":"https:\/\/www.france.fi\/wp-content\/uploads\/2023\/09\/NOKIA-laureates-1098x617.jpg","datePublished":"2023-09-20T10:08:58+00:00","dateModified":"2024-03-12T08:28:04+00:00","description":"L\u2019Institut fran\u00e7ais de Finlande vous pr\u00e9sente : Antoine Doucet, laur\u00e9at Chaire d\u2019Excellence France-Nokia !","breadcrumb":{"@id":"https:\/\/www.france.fi\/fr\/sciences-et-universites\/antoine-doucet-laureat-chaire-dexcellence-france-nokia\/#breadcrumb"},"inLanguage":"fr-FR","potentialAction":[{"@type":"ReadAction","target":["https:\/\/www.france.fi\/fr\/sciences-et-universites\/antoine-doucet-laureat-chaire-dexcellence-france-nokia\/"]}]},{"@type":"ImageObject","inLanguage":"fr-FR","@id":"https:\/\/www.france.fi\/fr\/sciences-et-universites\/antoine-doucet-laureat-chaire-dexcellence-france-nokia\/#primaryimage","url":"https:\/\/www.france.fi\/wp-content\/uploads\/2023\/09\/NOKIA-laureates-1098x617.jpg","contentUrl":"https:\/\/www.france.fi\/wp-content\/uploads\/2023\/09\/NOKIA-laureates-1098x617.jpg","width":1280,"height":720},{"@type":"BreadcrumbList","@id":"https:\/\/www.france.fi\/fr\/sciences-et-universites\/antoine-doucet-laureat-chaire-dexcellence-france-nokia\/#breadcrumb","itemListElement":[{"@type":"ListItem","position":1,"name":"Home","item":"https:\/\/www.france.fi\/fr\/"},{"@type":"ListItem","position":2,"name":"Sciences et universit\u00e9s","item":"https:\/\/www.france.fi\/fr\/category\/sciences-et-universites\/"},{"@type":"ListItem","position":3,"name":"Antoine Doucet, laur\u00e9at Chaire d\u2019Excellence France-Nokia !"}]},{"@type":"WebSite","@id":"https:\/\/www.france.fi\/#website","url":"https:\/\/www.france.fi\/","name":"Institut fran\u00e7ais de Finlande","description":"","publisher":{"@id":"https:\/\/www.france.fi\/#organization"},"potentialAction":[{"@type":"SearchAction","target":{"@type":"EntryPoint","urlTemplate":"https:\/\/www.france.fi\/?s={search_term_string}"},"query-input":{"@type":"PropertyValueSpecification","valueRequired":true,"valueName":"search_term_string"}}],"inLanguage":"fr-FR"},{"@type":"Organization","@id":"https:\/\/www.france.fi\/#organization","name":"Institut fran\u00e7ais de Finlande","url":"https:\/\/www.france.fi\/","logo":{"@type":"ImageObject","inLanguage":"fr-FR","@id":"https:\/\/www.france.fi\/#\/schema\/logo\/image\/","url":"https:\/\/www.france.fi\/wp-content\/uploads\/2024\/02\/if-logo-1.png","contentUrl":"https:\/\/www.france.fi\/wp-content\/uploads\/2024\/02\/if-logo-1.png","width":687,"height":459,"caption":"Institut fran\u00e7ais de Finlande"},"image":{"@id":"https:\/\/www.france.fi\/#\/schema\/logo\/image\/"},"sameAs":["https:\/\/www.facebook.com\/institutfrancaisfi","https:\/\/x.com\/IFFinlande","https:\/\/www.instagram.com\/iffinlande\/","https:\/\/fr.linkedin.com\/organization-guest\/company\/institut-fran-ais-de-finlande","https:\/\/www.youtube.com\/channel\/UCHAitdpmSbeP78eL49XMotA"]},{"@type":"Person","@id":"https:\/\/www.france.fi\/#\/schema\/person\/ed873f29db1d0af6a3600d15d3b65bfd","name":"Equipe IFF","image":{"@type":"ImageObject","inLanguage":"fr-FR","@id":"https:\/\/secure.gravatar.com\/avatar\/3c4ba80228d01014b25e45e90abb28ce315a02c6572751a7fb2298e4274989fc?s=96&d=mm&r=g","url":"https:\/\/secure.gravatar.com\/avatar\/3c4ba80228d01014b25e45e90abb28ce315a02c6572751a7fb2298e4274989fc?s=96&d=mm&r=g","contentUrl":"https:\/\/secure.gravatar.com\/avatar\/3c4ba80228d01014b25e45e90abb28ce315a02c6572751a7fb2298e4274989fc?s=96&d=mm&r=g","caption":"Equipe IFF"},"url":"https:\/\/www.france.fi\/fr\/author\/iffadmin\/"}]}},"_links":{"self":[{"href":"https:\/\/www.france.fi\/fr\/wp-json\/wp\/v2\/posts\/14335","targetHints":{"allow":["GET"]}}],"collection":[{"href":"https:\/\/www.france.fi\/fr\/wp-json\/wp\/v2\/posts"}],"about":[{"href":"https:\/\/www.france.fi\/fr\/wp-json\/wp\/v2\/types\/post"}],"author":[{"embeddable":true,"href":"https:\/\/www.france.fi\/fr\/wp-json\/wp\/v2\/users\/2"}],"replies":[{"embeddable":true,"href":"https:\/\/www.france.fi\/fr\/wp-json\/wp\/v2\/comments?post=14335"}],"version-history":[{"count":0,"href":"https:\/\/www.france.fi\/fr\/wp-json\/wp\/v2\/posts\/14335\/revisions"}],"wp:featuredmedia":[{"embeddable":true,"href":"https:\/\/www.france.fi\/fr\/wp-json\/wp\/v2\/media\/14336"}],"wp:attachment":[{"href":"https:\/\/www.france.fi\/fr\/wp-json\/wp\/v2\/media?parent=14335"}],"wp:term":[{"taxonomy":"category","embeddable":true,"href":"https:\/\/www.france.fi\/fr\/wp-json\/wp\/v2\/categories?post=14335"},{"taxonomy":"post_tag","embeddable":true,"href":"https:\/\/www.france.fi\/fr\/wp-json\/wp\/v2\/tags?post=14335"}],"curies":[{"name":"wp","href":"https:\/\/api.w.org\/{rel}","templated":true}]}}